{"id":63047,"date":"2023-01-10T08:26:44","date_gmt":"2023-01-10T11:26:44","guid":{"rendered":"https:\/\/dana.com.br\/canaldana\/?p=63047"},"modified":"2023-01-10T08:26:44","modified_gmt":"2023-01-10T11:26:44","slug":"carro-eletrico-feito-por-estudantes-usa-energia-solar-e-supera-montadoras-tradicionais","status":"publish","type":"post","link":"https:\/\/dana.com.br\/canaldana\/2023\/01\/10\/carro-eletrico-feito-por-estudantes-usa-energia-solar-e-supera-montadoras-tradicionais\/","title":{"rendered":"Carro el\u00e9trico feito por estudantes usa energia solar e supera montadoras tradicionais"},"content":{"rendered":"<p><em>Jornal do Carro <\/em><\/p>\n<p>&nbsp;<\/p>\n<p>Embora sejam realidade, s\u00e3o raros os carros alimentados por energia solar dispon\u00edveis no mercado. Por exemplo, um deles \u00e9 o holand\u00eas Lightyear 0, que permite o carregamento das baterias via pain\u00e9is solares e \u00e9 capaz de ficar at\u00e9 seis meses sem recargar em fonte externa. Pois uma equipe de estudantes da Universidade de Nova Gales do Sul, na Austr\u00e1lia, projetou um ve\u00edculo tamb\u00e9m equipado com placas solares, o Sunswift 7.<\/p>\n<p>&nbsp;<\/p>\n<p>O &#8220;carro solar&#8221; desenvolvido e feito pelos universit\u00e1rios, e conseguiu percorrer 1.000 km em menos de 12 horas com uma \u00fanica carga. Dessa forma, o grupo reivindica o recorde mundial do Guiness Book &#8211; O Livro dos Recordes. O ve\u00edculo passou por teste na pista Australian Automotive Research Center (AARC), onde registrou tempo de 11 horas, 53 minutos e 32 segundos. A velocidade m\u00e9dia foi de 84,17 km\/h. Entretanto, o modelo pode alcan\u00e7ar 140 km\/h.<\/p>\n<p>&nbsp;<\/p>\n<p>O registro dessa marca aconteceu gra\u00e7as aos 4,6 m\u00b2 de pain\u00e9is de capta\u00e7\u00e3o de energia solar instalados na carroceria, bem como \u00e0 aerodin\u00e2mica, por conta do formato da carroceria que tem baixa resist\u00eancia ao ar. Al\u00e9m disso, o carro \u00e9 feito de fibra de carbono, o que faz com que pese s\u00f3 500 kg. Sob o cap\u00f4, ele conta com uma bateria de \u00edons de l\u00edtio de 38 kWh.<\/p>\n<p>&nbsp;<\/p>\n<p>Durante o teste no circuito australiano, o Sunswift 7 completou 240 voltas, o que equivale \u00e0 dist\u00e2ncia de Sydney at\u00e9 Melbourne. Segundo o registro, o ve\u00edculo parou apenas cinco vezes para realizar a troca de motoristas. Al\u00e9m disso, precisou trocar um pneu furado e fazer um reparo no gerenciamento da bateria.<\/p>\n<p>&nbsp;<\/p>\n<p>De acordo com o professor que orientou o grupo, Richard Hopkins, o Sunswift 7 teve um consumo de apenas 3,8 kWh\/100 km. Parra se ter uma ideia, os modelos el\u00e9tricos atuais s\u00e3o os mais eficientes do mercado automotivo, com m\u00e9dias de 15 kWh\/100 km. Evidentemente, por se tratar de um prot\u00f3tipo, boa parte desse desempenho se deve \u00e0 aus\u00eancia de recursos tradicionais, como sistemas de ar-condicionado e airbags, por exemplo.<\/p>\n<p>&nbsp;<\/p>\n<p>&#8220;O Sunswift 7 n\u00e3o \u00e9 um carro de produ\u00e7\u00e3o do futuro, uma vez que abrimos m\u00e3o do conforto e o custo \u00e9 proibitivo. Mas mostramos que, se voc\u00ea quiser tornar os carros mais eficientes, sustent\u00e1veis e ecol\u00f3gicos, isso \u00e9 poss\u00edvel&#8221;, resumiu Hopkins. (Jornal do Carro\/Jady Peroni)<\/p>\n","protected":false},"excerpt":{"rendered":"<p>Jornal do Carro &nbsp; Embora sejam realidade, s\u00e3o raros os carros alimentados por energia solar dispon\u00edveis no mercado. Por exemplo, um deles \u00e9 o holand\u00eas Lightyear 0, que permite o carregamento das baterias via pain\u00e9is solares e \u00e9 capaz de ficar at\u00e9 seis meses sem recargar em fonte externa. Pois uma equipe de estudantes da\u2026 <a class=\"readmore\" href=\"https:\/\/dana.com.br\/canaldana\/2023\/01\/10\/carro-eletrico-feito-por-estudantes-usa-energia-solar-e-supera-montadoras-tradicionais\/\">Leia mais \u00bb<\/a><\/p>\n","protected":false},"author":3,"featured_media":0,"comment_status":"closed","ping_status":"closed","sticky":false,"template":"","format":"standard","meta":{"_acf_changed":false,"footnotes":""},"categories":[110],"tags":[],"class_list":["post-63047","post","type-post","status-publish","format-standard","hentry","category-eletricos"],"acf":[],"yoast_head":"<!-- This site is optimized with the Yoast SEO plugin v27.3 - https:\/\/yoast.com\/product\/yoast-seo-wordpress\/ -->\n<title>Carro el\u00e9trico feito por estudantes usa energia solar e supera montadoras tradicionais - Canal Dana<\/title>\n<meta name=\"robots\" content=\"index, follow, max-snippet:-1, max-image-preview:large, max-video-preview:-1\" \/>\n<link rel=\"canonical\" href=\"https:\/\/dana.com.br\/canaldana\/2023\/01\/10\/carro-eletrico-feito-por-estudantes-usa-energia-solar-e-supera-montadoras-tradicionais\/\" \/>\n<meta property=\"og:locale\" content=\"pt_BR\" \/>\n<meta property=\"og:type\" content=\"article\" \/>\n<meta property=\"og:title\" content=\"Carro el\u00e9trico feito por estudantes usa energia solar e supera montadoras tradicionais - Canal Dana\" \/>\n<meta property=\"og:description\" content=\"Jornal do Carro &nbsp; Embora sejam realidade, s\u00e3o raros os carros alimentados por energia solar dispon\u00edveis no mercado. Por exemplo, um deles \u00e9 o holand\u00eas Lightyear 0, que permite o carregamento das baterias via pain\u00e9is solares e \u00e9 capaz de ficar at\u00e9 seis meses sem recargar em fonte externa. Pois uma equipe de estudantes da\u2026 Leia mais \u00bb\" \/>\n<meta property=\"og:url\" content=\"https:\/\/dana.com.br\/canaldana\/2023\/01\/10\/carro-eletrico-feito-por-estudantes-usa-energia-solar-e-supera-montadoras-tradicionais\/\" \/>\n<meta property=\"og:site_name\" content=\"Canal Dana\" \/>\n<meta property=\"article:published_time\" content=\"2023-01-10T11:26:44+00:00\" \/>\n<meta name=\"author\" content=\"Canal Dana\" \/>\n<meta name=\"twitter:card\" content=\"summary_large_image\" \/>\n<meta name=\"twitter:label1\" content=\"Escrito por\" \/>\n\t<meta name=\"twitter:data1\" content=\"Canal Dana\" \/>\n\t<meta name=\"twitter:label2\" content=\"Est. tempo de leitura\" \/>\n\t<meta name=\"twitter:data2\" content=\"3 minutos\" \/>\n<script type=\"application\/ld+json\" class=\"yoast-schema-graph\">{\"@context\":\"https:\\\/\\\/schema.org\",\"@graph\":[{\"@type\":\"Article\",\"@id\":\"https:\\\/\\\/dana.com.br\\\/canaldana\\\/2023\\\/01\\\/10\\\/carro-eletrico-feito-por-estudantes-usa-energia-solar-e-supera-montadoras-tradicionais\\\/#article\",\"isPartOf\":{\"@id\":\"https:\\\/\\\/dana.com.br\\\/canaldana\\\/2023\\\/01\\\/10\\\/carro-eletrico-feito-por-estudantes-usa-energia-solar-e-supera-montadoras-tradicionais\\\/\"},\"author\":{\"name\":\"Canal Dana\",\"@id\":\"https:\\\/\\\/dana.com.br\\\/canaldana\\\/#\\\/schema\\\/person\\\/3c21f22f56fcf3bc46b94bc60ea4fef6\"},\"headline\":\"Carro el\u00e9trico feito por estudantes usa energia solar e supera montadoras tradicionais\",\"datePublished\":\"2023-01-10T11:26:44+00:00\",\"mainEntityOfPage\":{\"@id\":\"https:\\\/\\\/dana.com.br\\\/canaldana\\\/2023\\\/01\\\/10\\\/carro-eletrico-feito-por-estudantes-usa-energia-solar-e-supera-montadoras-tradicionais\\\/\"},\"wordCount\":411,\"articleSection\":[\"El\u00e9tricos\"],\"inLanguage\":\"pt-BR\"},{\"@type\":\"WebPage\",\"@id\":\"https:\\\/\\\/dana.com.br\\\/canaldana\\\/2023\\\/01\\\/10\\\/carro-eletrico-feito-por-estudantes-usa-energia-solar-e-supera-montadoras-tradicionais\\\/\",\"url\":\"https:\\\/\\\/dana.com.br\\\/canaldana\\\/2023\\\/01\\\/10\\\/carro-eletrico-feito-por-estudantes-usa-energia-solar-e-supera-montadoras-tradicionais\\\/\",\"name\":\"Carro el\u00e9trico feito por estudantes usa energia solar e supera montadoras tradicionais - Canal Dana\",\"isPartOf\":{\"@id\":\"https:\\\/\\\/dana.com.br\\\/canaldana\\\/#website\"},\"datePublished\":\"2023-01-10T11:26:44+00:00\",\"author\":{\"@id\":\"https:\\\/\\\/dana.com.br\\\/canaldana\\\/#\\\/schema\\\/person\\\/3c21f22f56fcf3bc46b94bc60ea4fef6\"},\"breadcrumb\":{\"@id\":\"https:\\\/\\\/dana.com.br\\\/canaldana\\\/2023\\\/01\\\/10\\\/carro-eletrico-feito-por-estudantes-usa-energia-solar-e-supera-montadoras-tradicionais\\\/#breadcrumb\"},\"inLanguage\":\"pt-BR\",\"potentialAction\":[{\"@type\":\"ReadAction\",\"target\":[\"https:\\\/\\\/dana.com.br\\\/canaldana\\\/2023\\\/01\\\/10\\\/carro-eletrico-feito-por-estudantes-usa-energia-solar-e-supera-montadoras-tradicionais\\\/\"]}]},{\"@type\":\"BreadcrumbList\",\"@id\":\"https:\\\/\\\/dana.com.br\\\/canaldana\\\/2023\\\/01\\\/10\\\/carro-eletrico-feito-por-estudantes-usa-energia-solar-e-supera-montadoras-tradicionais\\\/#breadcrumb\",\"itemListElement\":[{\"@type\":\"ListItem\",\"position\":1,\"name\":\"Home\",\"item\":\"https:\\\/\\\/dana.com.br\\\/canaldana\\\/\"},{\"@type\":\"ListItem\",\"position\":2,\"name\":\"El\u00e9tricos\",\"item\":\"https:\\\/\\\/dana.com.br\\\/canaldana\\\/eletricos\\\/\"},{\"@type\":\"ListItem\",\"position\":3,\"name\":\"Carro el\u00e9trico feito por estudantes usa energia solar e supera montadoras tradicionais\"}]},{\"@type\":\"WebSite\",\"@id\":\"https:\\\/\\\/dana.com.br\\\/canaldana\\\/#website\",\"url\":\"https:\\\/\\\/dana.com.br\\\/canaldana\\\/\",\"name\":\"Canal Dana\",\"description\":\"Informativo com as principais not\u00edcias da ind\u00fastria automotiva\",\"potentialAction\":[{\"@type\":\"SearchAction\",\"target\":{\"@type\":\"EntryPoint\",\"urlTemplate\":\"https:\\\/\\\/dana.com.br\\\/canaldana\\\/?s={search_term_string}\"},\"query-input\":{\"@type\":\"PropertyValueSpecification\",\"valueRequired\":true,\"valueName\":\"search_term_string\"}}],\"inLanguage\":\"pt-BR\"},{\"@type\":\"Person\",\"@id\":\"https:\\\/\\\/dana.com.br\\\/canaldana\\\/#\\\/schema\\\/person\\\/3c21f22f56fcf3bc46b94bc60ea4fef6\",\"name\":\"Canal Dana\",\"image\":{\"@type\":\"ImageObject\",\"inLanguage\":\"pt-BR\",\"@id\":\"https:\\\/\\\/secure.gravatar.com\\\/avatar\\\/420aaf9278582877d9018637c6817617705899d2858d7572ef0fe59a6b6454b4?s=96&d=mm&r=g\",\"url\":\"https:\\\/\\\/secure.gravatar.com\\\/avatar\\\/420aaf9278582877d9018637c6817617705899d2858d7572ef0fe59a6b6454b4?s=96&d=mm&r=g\",\"contentUrl\":\"https:\\\/\\\/secure.gravatar.com\\\/avatar\\\/420aaf9278582877d9018637c6817617705899d2858d7572ef0fe59a6b6454b4?s=96&d=mm&r=g\",\"caption\":\"Canal Dana\"},\"url\":\"https:\\\/\\\/dana.com.br\\\/canaldana\\\/author\\\/cdeditor\\\/\"}]}<\/script>\n<!-- \/ Yoast SEO plugin. -->","yoast_head_json":{"title":"Carro el\u00e9trico feito por estudantes usa energia solar e supera montadoras tradicionais - Canal Dana","robots":{"index":"index","follow":"follow","max-snippet":"max-snippet:-1","max-image-preview":"max-image-preview:large","max-video-preview":"max-video-preview:-1"},"canonical":"https:\/\/dana.com.br\/canaldana\/2023\/01\/10\/carro-eletrico-feito-por-estudantes-usa-energia-solar-e-supera-montadoras-tradicionais\/","og_locale":"pt_BR","og_type":"article","og_title":"Carro el\u00e9trico feito por estudantes usa energia solar e supera montadoras tradicionais - Canal Dana","og_description":"Jornal do Carro &nbsp; Embora sejam realidade, s\u00e3o raros os carros alimentados por energia solar dispon\u00edveis no mercado. Por exemplo, um deles \u00e9 o holand\u00eas Lightyear 0, que permite o carregamento das baterias via pain\u00e9is solares e \u00e9 capaz de ficar at\u00e9 seis meses sem recargar em fonte externa. Pois uma equipe de estudantes da\u2026 Leia mais \u00bb","og_url":"https:\/\/dana.com.br\/canaldana\/2023\/01\/10\/carro-eletrico-feito-por-estudantes-usa-energia-solar-e-supera-montadoras-tradicionais\/","og_site_name":"Canal Dana","article_published_time":"2023-01-10T11:26:44+00:00","author":"Canal Dana","twitter_card":"summary_large_image","twitter_misc":{"Escrito por":"Canal Dana","Est. tempo de leitura":"3 minutos"},"schema":{"@context":"https:\/\/schema.org","@graph":[{"@type":"Article","@id":"https:\/\/dana.com.br\/canaldana\/2023\/01\/10\/carro-eletrico-feito-por-estudantes-usa-energia-solar-e-supera-montadoras-tradicionais\/#article","isPartOf":{"@id":"https:\/\/dana.com.br\/canaldana\/2023\/01\/10\/carro-eletrico-feito-por-estudantes-usa-energia-solar-e-supera-montadoras-tradicionais\/"},"author":{"name":"Canal Dana","@id":"https:\/\/dana.com.br\/canaldana\/#\/schema\/person\/3c21f22f56fcf3bc46b94bc60ea4fef6"},"headline":"Carro el\u00e9trico feito por estudantes usa energia solar e supera montadoras tradicionais","datePublished":"2023-01-10T11:26:44+00:00","mainEntityOfPage":{"@id":"https:\/\/dana.com.br\/canaldana\/2023\/01\/10\/carro-eletrico-feito-por-estudantes-usa-energia-solar-e-supera-montadoras-tradicionais\/"},"wordCount":411,"articleSection":["El\u00e9tricos"],"inLanguage":"pt-BR"},{"@type":"WebPage","@id":"https:\/\/dana.com.br\/canaldana\/2023\/01\/10\/carro-eletrico-feito-por-estudantes-usa-energia-solar-e-supera-montadoras-tradicionais\/","url":"https:\/\/dana.com.br\/canaldana\/2023\/01\/10\/carro-eletrico-feito-por-estudantes-usa-energia-solar-e-supera-montadoras-tradicionais\/","name":"Carro el\u00e9trico feito por estudantes usa energia solar e supera montadoras tradicionais - Canal Dana","isPartOf":{"@id":"https:\/\/dana.com.br\/canaldana\/#website"},"datePublished":"2023-01-10T11:26:44+00:00","author":{"@id":"https:\/\/dana.com.br\/canaldana\/#\/schema\/person\/3c21f22f56fcf3bc46b94bc60ea4fef6"},"breadcrumb":{"@id":"https:\/\/dana.com.br\/canaldana\/2023\/01\/10\/carro-eletrico-feito-por-estudantes-usa-energia-solar-e-supera-montadoras-tradicionais\/#breadcrumb"},"inLanguage":"pt-BR","potentialAction":[{"@type":"ReadAction","target":["https:\/\/dana.com.br\/canaldana\/2023\/01\/10\/carro-eletrico-feito-por-estudantes-usa-energia-solar-e-supera-montadoras-tradicionais\/"]}]},{"@type":"BreadcrumbList","@id":"https:\/\/dana.com.br\/canaldana\/2023\/01\/10\/carro-eletrico-feito-por-estudantes-usa-energia-solar-e-supera-montadoras-tradicionais\/#breadcrumb","itemListElement":[{"@type":"ListItem","position":1,"name":"Home","item":"https:\/\/dana.com.br\/canaldana\/"},{"@type":"ListItem","position":2,"name":"El\u00e9tricos","item":"https:\/\/dana.com.br\/canaldana\/eletricos\/"},{"@type":"ListItem","position":3,"name":"Carro el\u00e9trico feito por estudantes usa energia solar e supera montadoras tradicionais"}]},{"@type":"WebSite","@id":"https:\/\/dana.com.br\/canaldana\/#website","url":"https:\/\/dana.com.br\/canaldana\/","name":"Canal Dana","description":"Informativo com as principais not\u00edcias da ind\u00fastria automotiva","potentialAction":[{"@type":"SearchAction","target":{"@type":"EntryPoint","urlTemplate":"https:\/\/dana.com.br\/canaldana\/?s={search_term_string}"},"query-input":{"@type":"PropertyValueSpecification","valueRequired":true,"valueName":"search_term_string"}}],"inLanguage":"pt-BR"},{"@type":"Person","@id":"https:\/\/dana.com.br\/canaldana\/#\/schema\/person\/3c21f22f56fcf3bc46b94bc60ea4fef6","name":"Canal Dana","image":{"@type":"ImageObject","inLanguage":"pt-BR","@id":"https:\/\/secure.gravatar.com\/avatar\/420aaf9278582877d9018637c6817617705899d2858d7572ef0fe59a6b6454b4?s=96&d=mm&r=g","url":"https:\/\/secure.gravatar.com\/avatar\/420aaf9278582877d9018637c6817617705899d2858d7572ef0fe59a6b6454b4?s=96&d=mm&r=g","contentUrl":"https:\/\/secure.gravatar.com\/avatar\/420aaf9278582877d9018637c6817617705899d2858d7572ef0fe59a6b6454b4?s=96&d=mm&r=g","caption":"Canal Dana"},"url":"https:\/\/dana.com.br\/canaldana\/author\/cdeditor\/"}]}},"_links":{"self":[{"href":"https:\/\/dana.com.br\/canaldana\/wp-json\/wp\/v2\/posts\/63047","targetHints":{"allow":["GET"]}}],"collection":[{"href":"https:\/\/dana.com.br\/canaldana\/wp-json\/wp\/v2\/posts"}],"about":[{"href":"https:\/\/dana.com.br\/canaldana\/wp-json\/wp\/v2\/types\/post"}],"author":[{"embeddable":true,"href":"https:\/\/dana.com.br\/canaldana\/wp-json\/wp\/v2\/users\/3"}],"replies":[{"embeddable":true,"href":"https:\/\/dana.com.br\/canaldana\/wp-json\/wp\/v2\/comments?post=63047"}],"version-history":[{"count":0,"href":"https:\/\/dana.com.br\/canaldana\/wp-json\/wp\/v2\/posts\/63047\/revisions"}],"wp:attachment":[{"href":"https:\/\/dana.com.br\/canaldana\/wp-json\/wp\/v2\/media?parent=63047"}],"wp:term":[{"taxonomy":"category","embeddable":true,"href":"https:\/\/dana.com.br\/canaldana\/wp-json\/wp\/v2\/categories?post=63047"},{"taxonomy":"post_tag","embeddable":true,"href":"https:\/\/dana.com.br\/canaldana\/wp-json\/wp\/v2\/tags?post=63047"}],"curies":[{"name":"wp","href":"https:\/\/api.w.org\/{rel}","templated":true}]}}