{"id":63037,"date":"2023-01-09T08:53:10","date_gmt":"2023-01-09T11:53:10","guid":{"rendered":"https:\/\/dana.com.br\/canaldana\/?p=63037"},"modified":"2023-01-09T08:53:10","modified_gmt":"2023-01-09T11:53:10","slug":"producao-de-pesados-supera-os-volumes-de-2021","status":"publish","type":"post","link":"https:\/\/dana.com.br\/canaldana\/2023\/01\/09\/producao-de-pesados-supera-os-volumes-de-2021\/","title":{"rendered":"Produ\u00e7\u00e3o de pesados supera os volumes de 2021"},"content":{"rendered":"<p><em>AutoInd\u00fastria <\/em><\/p>\n<p>&nbsp;<\/p>\n<p>N\u00fameros da produ\u00e7\u00e3o de pesados no ano passado consolidados pela Anfavea revelam que, apesar da escassez de semicondutores, a ind\u00fastria soube administrar o gargalo para encerrar o per\u00edodo com resultados positivos.<\/p>\n<p>&nbsp;<\/p>\n<p>De acordo com os dados da associa\u00e7\u00e3o da fabricantes apresentados na sexta-feira, 6, sa\u00edram das linhas de montagem no ano passado, 161,8 mil caminh\u00f5es, volume 1,9% superior ao acumulado de 2021, de 158,8 mil unidades. Somente em dezembro, foram 14,1 mil, 16% acima do anotado um ano antes, de 12,4 mil caminh\u00f5es.<\/p>\n<p>&nbsp;<\/p>\n<p>O segmento de \u00f4nibus, o mais prejudicado pela pandemia da Covid-19, ap\u00f3s dois anos de lenta recupera\u00e7\u00e3o, finalmente encerrou o ano com volume acima do obtido antes da crise sanit\u00e1ria.<\/p>\n<p>&nbsp;<\/p>\n<p>Nos doze meses de 2022, a produ\u00e7\u00e3o de chassi acumulou 31,6 mil unidades, alta de 67,7% em rela\u00e7\u00e3o ao apurado em 2021, de 18,8 mil. Cabe registrar que o acumulado de 2019 foi de 27,7 mil chassis.<\/p>\n<p>&nbsp;<\/p>\n<p>\u201cFoi um ano muito desafiador para a produ\u00e7\u00e3o e log\u00edstica. Nunca tinha presenciado nada igual, especialmente no primeiro semestre, quando diversas marcas suspenderam produ\u00e7\u00e3o pela falta de semicondutores\u201d, contou Gustava Bonini, vice-presidente da Anfavea, durante apresenta\u00e7\u00e3o do balan\u00e7o do setor automotivo. \u201cHoje, ainda n\u00e3o \u00e9 um passeio no parque, mas as condi\u00e7\u00f5es melhoraram.\u201d<\/p>\n<p>&nbsp;<\/p>\n<p><strong>Anfavea projeta produ\u00e7\u00e3o de pesados menor em 2023<\/strong><\/p>\n<p>&nbsp;<\/p>\n<p>Apesar de tons mais suaves no cen\u00e1rio do desabastecimento de componentes, a Anfavea trabalha com expectativa de queda na produ\u00e7\u00e3o de pesados em 2023. A primeira proje\u00e7\u00e3o do ano feita pela associa\u00e7\u00e3o \u00e9 de um recuo em torno de 20%, para 154 mil caminh\u00f5es e \u00f4nibus.<\/p>\n<p>&nbsp;<\/p>\n<p>Segundo Bonini, a perspectiva menor \u00e9 baseada no hist\u00f3rico das mudan\u00e7as de fase da legisla\u00e7\u00e3o do Proconve. Em ocasi\u00f5es anteriores, para se proteger de inevit\u00e1veis aumentos de pre\u00e7o, o transportador antecipava eventual renova\u00e7\u00e3o de frota nos meses anteriores \u00e0 entrada em vigor da nova regulamenta\u00e7\u00e3o, o que reduzia a demanda para o per\u00edodo seguinte.<\/p>\n<p>&nbsp;<\/p>\n<p>\u201cDesta vez n\u00e3o conseguimos identificar nos n\u00fameros, mas \u00e9 bem capaz de ter ocorrido antecipa\u00e7\u00e3o de compras. Depois h\u00e1 um horizonte de juros altos e dificuldade de cr\u00e9dito\u201d, justificou. (AutoInd\u00fastria\/D\u00e9cio Costa)<\/p>\n","protected":false},"excerpt":{"rendered":"<p>AutoInd\u00fastria &nbsp; N\u00fameros da produ\u00e7\u00e3o de pesados no ano passado consolidados pela Anfavea revelam que, apesar da escassez de semicondutores, a ind\u00fastria soube administrar o gargalo para encerrar o per\u00edodo com resultados positivos. &nbsp; De acordo com os dados da associa\u00e7\u00e3o da fabricantes apresentados na sexta-feira, 6, sa\u00edram das linhas de montagem no ano passado,\u2026 <a class=\"readmore\" href=\"https:\/\/dana.com.br\/canaldana\/2023\/01\/09\/producao-de-pesados-supera-os-volumes-de-2021\/\">Leia mais \u00bb<\/a><\/p>\n","protected":false},"author":3,"featured_media":0,"comment_status":"closed","ping_status":"closed","sticky":false,"template":"","format":"standard","meta":{"_acf_changed":false,"footnotes":""},"categories":[61],"tags":[],"class_list":["post-63037","post","type-post","status-publish","format-standard","hentry","category-destaques"],"acf":[],"yoast_head":"<!-- This site is optimized with the Yoast SEO plugin v27.3 - https:\/\/yoast.com\/product\/yoast-seo-wordpress\/ -->\n<title>Produ\u00e7\u00e3o de pesados supera os volumes de 2021 - Canal Dana<\/title>\n<meta name=\"robots\" content=\"index, follow, max-snippet:-1, max-image-preview:large, max-video-preview:-1\" \/>\n<link rel=\"canonical\" href=\"https:\/\/dana.com.br\/canaldana\/2023\/01\/09\/producao-de-pesados-supera-os-volumes-de-2021\/\" \/>\n<meta property=\"og:locale\" content=\"pt_BR\" \/>\n<meta property=\"og:type\" content=\"article\" \/>\n<meta property=\"og:title\" content=\"Produ\u00e7\u00e3o de pesados supera os volumes de 2021 - Canal Dana\" \/>\n<meta property=\"og:description\" content=\"AutoInd\u00fastria &nbsp; N\u00fameros da produ\u00e7\u00e3o de pesados no ano passado consolidados pela Anfavea revelam que, apesar da escassez de semicondutores, a ind\u00fastria soube administrar o gargalo para encerrar o per\u00edodo com resultados positivos. &nbsp; De acordo com os dados da associa\u00e7\u00e3o da fabricantes apresentados na sexta-feira, 6, sa\u00edram das linhas de montagem no ano passado,\u2026 Leia mais \u00bb\" \/>\n<meta property=\"og:url\" content=\"https:\/\/dana.com.br\/canaldana\/2023\/01\/09\/producao-de-pesados-supera-os-volumes-de-2021\/\" \/>\n<meta property=\"og:site_name\" content=\"Canal Dana\" \/>\n<meta property=\"article:published_time\" content=\"2023-01-09T11:53:10+00:00\" \/>\n<meta name=\"author\" content=\"Canal Dana\" \/>\n<meta name=\"twitter:card\" content=\"summary_large_image\" \/>\n<meta name=\"twitter:label1\" content=\"Escrito por\" \/>\n\t<meta name=\"twitter:data1\" content=\"Canal Dana\" \/>\n\t<meta name=\"twitter:label2\" content=\"Est. tempo de leitura\" \/>\n\t<meta name=\"twitter:data2\" content=\"2 minutos\" \/>\n<script type=\"application\/ld+json\" class=\"yoast-schema-graph\">{\"@context\":\"https:\\\/\\\/schema.org\",\"@graph\":[{\"@type\":\"Article\",\"@id\":\"https:\\\/\\\/dana.com.br\\\/canaldana\\\/2023\\\/01\\\/09\\\/producao-de-pesados-supera-os-volumes-de-2021\\\/#article\",\"isPartOf\":{\"@id\":\"https:\\\/\\\/dana.com.br\\\/canaldana\\\/2023\\\/01\\\/09\\\/producao-de-pesados-supera-os-volumes-de-2021\\\/\"},\"author\":{\"name\":\"Canal Dana\",\"@id\":\"https:\\\/\\\/dana.com.br\\\/canaldana\\\/#\\\/schema\\\/person\\\/3c21f22f56fcf3bc46b94bc60ea4fef6\"},\"headline\":\"Produ\u00e7\u00e3o de pesados supera os volumes de 2021\",\"datePublished\":\"2023-01-09T11:53:10+00:00\",\"mainEntityOfPage\":{\"@id\":\"https:\\\/\\\/dana.com.br\\\/canaldana\\\/2023\\\/01\\\/09\\\/producao-de-pesados-supera-os-volumes-de-2021\\\/\"},\"wordCount\":379,\"articleSection\":[\"Destaques\"],\"inLanguage\":\"pt-BR\"},{\"@type\":\"WebPage\",\"@id\":\"https:\\\/\\\/dana.com.br\\\/canaldana\\\/2023\\\/01\\\/09\\\/producao-de-pesados-supera-os-volumes-de-2021\\\/\",\"url\":\"https:\\\/\\\/dana.com.br\\\/canaldana\\\/2023\\\/01\\\/09\\\/producao-de-pesados-supera-os-volumes-de-2021\\\/\",\"name\":\"Produ\u00e7\u00e3o de pesados supera os volumes de 2021 - Canal Dana\",\"isPartOf\":{\"@id\":\"https:\\\/\\\/dana.com.br\\\/canaldana\\\/#website\"},\"datePublished\":\"2023-01-09T11:53:10+00:00\",\"author\":{\"@id\":\"https:\\\/\\\/dana.com.br\\\/canaldana\\\/#\\\/schema\\\/person\\\/3c21f22f56fcf3bc46b94bc60ea4fef6\"},\"breadcrumb\":{\"@id\":\"https:\\\/\\\/dana.com.br\\\/canaldana\\\/2023\\\/01\\\/09\\\/producao-de-pesados-supera-os-volumes-de-2021\\\/#breadcrumb\"},\"inLanguage\":\"pt-BR\",\"potentialAction\":[{\"@type\":\"ReadAction\",\"target\":[\"https:\\\/\\\/dana.com.br\\\/canaldana\\\/2023\\\/01\\\/09\\\/producao-de-pesados-supera-os-volumes-de-2021\\\/\"]}]},{\"@type\":\"BreadcrumbList\",\"@id\":\"https:\\\/\\\/dana.com.br\\\/canaldana\\\/2023\\\/01\\\/09\\\/producao-de-pesados-supera-os-volumes-de-2021\\\/#breadcrumb\",\"itemListElement\":[{\"@type\":\"ListItem\",\"position\":1,\"name\":\"Home\",\"item\":\"https:\\\/\\\/dana.com.br\\\/canaldana\\\/\"},{\"@type\":\"ListItem\",\"position\":2,\"name\":\"Destaques\",\"item\":\"https:\\\/\\\/dana.com.br\\\/canaldana\\\/destaques\\\/\"},{\"@type\":\"ListItem\",\"position\":3,\"name\":\"Produ\u00e7\u00e3o de pesados supera os volumes de 2021\"}]},{\"@type\":\"WebSite\",\"@id\":\"https:\\\/\\\/dana.com.br\\\/canaldana\\\/#website\",\"url\":\"https:\\\/\\\/dana.com.br\\\/canaldana\\\/\",\"name\":\"Canal Dana\",\"description\":\"Informativo com as principais not\u00edcias da ind\u00fastria automotiva\",\"potentialAction\":[{\"@type\":\"SearchAction\",\"target\":{\"@type\":\"EntryPoint\",\"urlTemplate\":\"https:\\\/\\\/dana.com.br\\\/canaldana\\\/?s={search_term_string}\"},\"query-input\":{\"@type\":\"PropertyValueSpecification\",\"valueRequired\":true,\"valueName\":\"search_term_string\"}}],\"inLanguage\":\"pt-BR\"},{\"@type\":\"Person\",\"@id\":\"https:\\\/\\\/dana.com.br\\\/canaldana\\\/#\\\/schema\\\/person\\\/3c21f22f56fcf3bc46b94bc60ea4fef6\",\"name\":\"Canal Dana\",\"image\":{\"@type\":\"ImageObject\",\"inLanguage\":\"pt-BR\",\"@id\":\"https:\\\/\\\/secure.gravatar.com\\\/avatar\\\/420aaf9278582877d9018637c6817617705899d2858d7572ef0fe59a6b6454b4?s=96&d=mm&r=g\",\"url\":\"https:\\\/\\\/secure.gravatar.com\\\/avatar\\\/420aaf9278582877d9018637c6817617705899d2858d7572ef0fe59a6b6454b4?s=96&d=mm&r=g\",\"contentUrl\":\"https:\\\/\\\/secure.gravatar.com\\\/avatar\\\/420aaf9278582877d9018637c6817617705899d2858d7572ef0fe59a6b6454b4?s=96&d=mm&r=g\",\"caption\":\"Canal Dana\"},\"url\":\"https:\\\/\\\/dana.com.br\\\/canaldana\\\/author\\\/cdeditor\\\/\"}]}<\/script>\n<!-- \/ Yoast SEO plugin. -->","yoast_head_json":{"title":"Produ\u00e7\u00e3o de pesados supera os volumes de 2021 - Canal Dana","robots":{"index":"index","follow":"follow","max-snippet":"max-snippet:-1","max-image-preview":"max-image-preview:large","max-video-preview":"max-video-preview:-1"},"canonical":"https:\/\/dana.com.br\/canaldana\/2023\/01\/09\/producao-de-pesados-supera-os-volumes-de-2021\/","og_locale":"pt_BR","og_type":"article","og_title":"Produ\u00e7\u00e3o de pesados supera os volumes de 2021 - Canal Dana","og_description":"AutoInd\u00fastria &nbsp; N\u00fameros da produ\u00e7\u00e3o de pesados no ano passado consolidados pela Anfavea revelam que, apesar da escassez de semicondutores, a ind\u00fastria soube administrar o gargalo para encerrar o per\u00edodo com resultados positivos. &nbsp; De acordo com os dados da associa\u00e7\u00e3o da fabricantes apresentados na sexta-feira, 6, sa\u00edram das linhas de montagem no ano passado,\u2026 Leia mais \u00bb","og_url":"https:\/\/dana.com.br\/canaldana\/2023\/01\/09\/producao-de-pesados-supera-os-volumes-de-2021\/","og_site_name":"Canal Dana","article_published_time":"2023-01-09T11:53:10+00:00","author":"Canal Dana","twitter_card":"summary_large_image","twitter_misc":{"Escrito por":"Canal Dana","Est. tempo de leitura":"2 minutos"},"schema":{"@context":"https:\/\/schema.org","@graph":[{"@type":"Article","@id":"https:\/\/dana.com.br\/canaldana\/2023\/01\/09\/producao-de-pesados-supera-os-volumes-de-2021\/#article","isPartOf":{"@id":"https:\/\/dana.com.br\/canaldana\/2023\/01\/09\/producao-de-pesados-supera-os-volumes-de-2021\/"},"author":{"name":"Canal Dana","@id":"https:\/\/dana.com.br\/canaldana\/#\/schema\/person\/3c21f22f56fcf3bc46b94bc60ea4fef6"},"headline":"Produ\u00e7\u00e3o de pesados supera os volumes de 2021","datePublished":"2023-01-09T11:53:10+00:00","mainEntityOfPage":{"@id":"https:\/\/dana.com.br\/canaldana\/2023\/01\/09\/producao-de-pesados-supera-os-volumes-de-2021\/"},"wordCount":379,"articleSection":["Destaques"],"inLanguage":"pt-BR"},{"@type":"WebPage","@id":"https:\/\/dana.com.br\/canaldana\/2023\/01\/09\/producao-de-pesados-supera-os-volumes-de-2021\/","url":"https:\/\/dana.com.br\/canaldana\/2023\/01\/09\/producao-de-pesados-supera-os-volumes-de-2021\/","name":"Produ\u00e7\u00e3o de pesados supera os volumes de 2021 - Canal Dana","isPartOf":{"@id":"https:\/\/dana.com.br\/canaldana\/#website"},"datePublished":"2023-01-09T11:53:10+00:00","author":{"@id":"https:\/\/dana.com.br\/canaldana\/#\/schema\/person\/3c21f22f56fcf3bc46b94bc60ea4fef6"},"breadcrumb":{"@id":"https:\/\/dana.com.br\/canaldana\/2023\/01\/09\/producao-de-pesados-supera-os-volumes-de-2021\/#breadcrumb"},"inLanguage":"pt-BR","potentialAction":[{"@type":"ReadAction","target":["https:\/\/dana.com.br\/canaldana\/2023\/01\/09\/producao-de-pesados-supera-os-volumes-de-2021\/"]}]},{"@type":"BreadcrumbList","@id":"https:\/\/dana.com.br\/canaldana\/2023\/01\/09\/producao-de-pesados-supera-os-volumes-de-2021\/#breadcrumb","itemListElement":[{"@type":"ListItem","position":1,"name":"Home","item":"https:\/\/dana.com.br\/canaldana\/"},{"@type":"ListItem","position":2,"name":"Destaques","item":"https:\/\/dana.com.br\/canaldana\/destaques\/"},{"@type":"ListItem","position":3,"name":"Produ\u00e7\u00e3o de pesados supera os volumes de 2021"}]},{"@type":"WebSite","@id":"https:\/\/dana.com.br\/canaldana\/#website","url":"https:\/\/dana.com.br\/canaldana\/","name":"Canal Dana","description":"Informativo com as principais not\u00edcias da ind\u00fastria automotiva","potentialAction":[{"@type":"SearchAction","target":{"@type":"EntryPoint","urlTemplate":"https:\/\/dana.com.br\/canaldana\/?s={search_term_string}"},"query-input":{"@type":"PropertyValueSpecification","valueRequired":true,"valueName":"search_term_string"}}],"inLanguage":"pt-BR"},{"@type":"Person","@id":"https:\/\/dana.com.br\/canaldana\/#\/schema\/person\/3c21f22f56fcf3bc46b94bc60ea4fef6","name":"Canal Dana","image":{"@type":"ImageObject","inLanguage":"pt-BR","@id":"https:\/\/secure.gravatar.com\/avatar\/420aaf9278582877d9018637c6817617705899d2858d7572ef0fe59a6b6454b4?s=96&d=mm&r=g","url":"https:\/\/secure.gravatar.com\/avatar\/420aaf9278582877d9018637c6817617705899d2858d7572ef0fe59a6b6454b4?s=96&d=mm&r=g","contentUrl":"https:\/\/secure.gravatar.com\/avatar\/420aaf9278582877d9018637c6817617705899d2858d7572ef0fe59a6b6454b4?s=96&d=mm&r=g","caption":"Canal Dana"},"url":"https:\/\/dana.com.br\/canaldana\/author\/cdeditor\/"}]}},"_links":{"self":[{"href":"https:\/\/dana.com.br\/canaldana\/wp-json\/wp\/v2\/posts\/63037","targetHints":{"allow":["GET"]}}],"collection":[{"href":"https:\/\/dana.com.br\/canaldana\/wp-json\/wp\/v2\/posts"}],"about":[{"href":"https:\/\/dana.com.br\/canaldana\/wp-json\/wp\/v2\/types\/post"}],"author":[{"embeddable":true,"href":"https:\/\/dana.com.br\/canaldana\/wp-json\/wp\/v2\/users\/3"}],"replies":[{"embeddable":true,"href":"https:\/\/dana.com.br\/canaldana\/wp-json\/wp\/v2\/comments?post=63037"}],"version-history":[{"count":0,"href":"https:\/\/dana.com.br\/canaldana\/wp-json\/wp\/v2\/posts\/63037\/revisions"}],"wp:attachment":[{"href":"https:\/\/dana.com.br\/canaldana\/wp-json\/wp\/v2\/media?parent=63037"}],"wp:term":[{"taxonomy":"category","embeddable":true,"href":"https:\/\/dana.com.br\/canaldana\/wp-json\/wp\/v2\/categories?post=63037"},{"taxonomy":"post_tag","embeddable":true,"href":"https:\/\/dana.com.br\/canaldana\/wp-json\/wp\/v2\/tags?post=63037"}],"curies":[{"name":"wp","href":"https:\/\/api.w.org\/{rel}","templated":true}]}}