{"id":63013,"date":"2023-01-09T08:37:55","date_gmt":"2023-01-09T11:37:55","guid":{"rendered":"https:\/\/dana.com.br\/canaldana\/?p=63013"},"modified":"2023-01-09T08:37:55","modified_gmt":"2023-01-09T11:37:55","slug":"1500-concept-antecipa-primeira-picape-eletrica-ram","status":"publish","type":"post","link":"https:\/\/dana.com.br\/canaldana\/2023\/01\/09\/1500-concept-antecipa-primeira-picape-eletrica-ram\/","title":{"rendered":"1500 Concept antecipa primeira picape el\u00e9trica RAM"},"content":{"rendered":"<p><em>AutoInd\u00fastria<\/em><\/p>\n<p>&nbsp;<\/p>\n<p>A RAM apresentou esta semana na CES 2023, em Las Vegas, Estados Unidos, a picape-conceito el\u00e9trica 1500 Revolution Concept. Movida a bateria (BEV), o ve\u00edculo antecipa recursos in\u00e9ditos e estilo que em boa medida estar\u00e3o presentes no modelo comercial, j\u00e1 conhecido como 1500 BEV e que ser\u00e1 lan\u00e7ado em 2024.<\/p>\n<p>&nbsp;<\/p>\n<p>A marca planeja ter toda sua linha de picapes eletrificada nos pr\u00f3ximos anos para atender o plano estrat\u00e9gico Dare Forward 2030 da Stellantis, grupo propriet\u00e1rio. A Concept, portanto, \u00e9 o ponto de partida dessa transforma\u00e7\u00e3o da gama de produtos historicamente movidos por potentes motores a gasolina ou diesel.<\/p>\n<p>&nbsp;<\/p>\n<p>\u201c\u00c9 o sinal mais claro at\u00e9 agora de que estamos no in\u00edcio de algo extraordin\u00e1rio na Ram e aponta diretamente para onde estamos indo em nossa jornada eletrificada\u201d, disse Mike Koval Jr., CEO da marca.<\/p>\n<p>&nbsp;<\/p>\n<p>O modelo-conceito exibido na CES se destaca pelo futur\u00edstico desenho da carroceria. Na dianteira, relev\u00e2ncia para os far\u00f3is em LED em forma de diapas\u00e3o e o emblema da marca animado e modernizado. A picape foi concebida sem a coluna B e as portas t\u00eam abertura tipo \u201csaloon\u201d.<\/p>\n<p>&nbsp;<\/p>\n<p>O conjunto motriz compacto permite abrigar um in\u00e9dito porta-malas dianteiro com abertura el\u00e9trica, conforto tamb\u00e9m dispon\u00edvel para a tampa do bocal de carregamento das baterias, tampa traseira da ca\u00e7amba, ma\u00e7anetas de porta embutidas, estribos laterais e um estribo traseiro com difusor ativo.<\/p>\n<p>&nbsp;<\/p>\n<p>A tra\u00e7\u00e3o \u00e9 transmitida para as quatro rodas, que t\u00eam ester\u00e7amento com at\u00e9 15\u00b0 de articula\u00e7\u00e3o e foram projetadas para oferecer maior manobrabilidade em baixa velocidade e em trilhas off-road apertadas, al\u00e9m de aprimorar a resposta de dire\u00e7\u00e3o em altas velocidades.<\/p>\n<p>&nbsp;<\/p>\n<p>A Concept tem espelhos retrovisores laterais menores, mais leves e confeccionados em materiais impressos em 3D e que utilizam c\u00e2meras digitais para capturar imagens nos arredores da picape, permitindo a redu\u00e7\u00e3o no tamanho. As rodas s\u00e3o de 24 polegadas.<\/p>\n<p>&nbsp;<\/p>\n<p>Concebida sobre a plataforma STLA Frame EV, a picape disp\u00f5e de motores el\u00e9tricos menores. Com isso, a fabricante conseguiu \u201cdeslocar\u201d a cabine para a frente e aumentar seu comprimento. A 1500 Revolution BEV tem habit\u00e1culo 10 cm mais longo do que a picape atual equivalente, mesmo mantendo o comprimento da ca\u00e7amba.<\/p>\n<p>&nbsp;<\/p>\n<p>No interior, com um painel mais minimalista e que destaca dois monitores centrais m\u00f3veis que somam 28 polegadas, vale destacar tamb\u00e9m os assentos rebat\u00edveis na terceira fila. Entre a cabine e a ca\u00e7amba, a divis\u00f3ria central el\u00e9trica inclui assentos rebat\u00edveis montados com uma se\u00e7\u00e3o inferior remov\u00edvel para coloca\u00e7\u00e3o na ca\u00e7amba.<\/p>\n<p>&nbsp;<\/p>\n<p><strong>Alguns recursos tecnol\u00f3gicos apresentados:<\/strong><\/p>\n<p>&nbsp;<\/p>\n<ul>\n<li>Assistente virtual alimentada por Intelig\u00eancia Artificial (IA) que melhora a intera\u00e7\u00e3o no ve\u00edculo e no exterior com os usu\u00e1rios. Um avatar da Ram 3D atua como o rosto do ve\u00edculo, respondendo a v\u00e1rios comandos de voz dos usu\u00e1rios. Al\u00e9m disso, o controle de voz permite que a Ram 1500 Revolution BEV Concept siga os comandos do propriet\u00e1rio enquanto eles est\u00e3o fora do ve\u00edculo, como fechar as janelas, tocar m\u00fasica e tirar uma foto<\/li>\n<\/ul>\n<p>&nbsp;<\/p>\n<ul>\n<li>Modo Sombra \u2013 O ve\u00edculo siga automaticamente o motorista andando \u00e0 frente do ve\u00edculo. Esse recurso ativado por voz pode ser \u00fatil em situa\u00e7\u00f5es em que o motorista precisa se mover a uma curta dist\u00e2ncia e n\u00e3o quer voltar para a picape.<\/li>\n<\/ul>\n<p>&nbsp;<\/p>\n<ul>\n<li>Modo de cabine \u2013 Os modos de cabine s\u00e3o configura\u00e7\u00f5es de \u201cum bot\u00e3o\u201d que ajustam v\u00e1rios aspectos da experi\u00eancia da cabine de uma s\u00f3 vez, como ilumina\u00e7\u00e3o interior, posi\u00e7\u00e3o e orienta\u00e7\u00e3o do assento, opacidade da janela e claraboia, suspens\u00e3o do ve\u00edculo, zonas de som e conte\u00fado da tela;<\/li>\n<\/ul>\n<p>&nbsp;<\/p>\n<ul>\n<li>Tela inferior ajust\u00e1vel e remov\u00edvel \u2013 pode ser usada como um tablet, tela de passageiros, esta\u00e7\u00e3o de trabalho na ca\u00e7amba, controle de ve\u00edculo ou controlador de videogame. Os dois monitores de 14,2\u201d podem ser combinados para fornecer uma \u00e1rea de visualiza\u00e7\u00e3o maior<\/li>\n<\/ul>\n<p>&nbsp;<\/p>\n<ul>\n<li>Capacidades aut\u00f4nomas \u2013 No modo aut\u00f4nomo de n\u00edvel 3+, o ve\u00edculo retrai o volante para fornecer espa\u00e7o adicional para o motorista. (AutoInd\u00fastria)<\/li>\n<\/ul>\n","protected":false},"excerpt":{"rendered":"<p>AutoInd\u00fastria &nbsp; A RAM apresentou esta semana na CES 2023, em Las Vegas, Estados Unidos, a picape-conceito el\u00e9trica 1500 Revolution Concept. Movida a bateria (BEV), o ve\u00edculo antecipa recursos in\u00e9ditos e estilo que em boa medida estar\u00e3o presentes no modelo comercial, j\u00e1 conhecido como 1500 BEV e que ser\u00e1 lan\u00e7ado em 2024. &nbsp; A marca\u2026 <a class=\"readmore\" href=\"https:\/\/dana.com.br\/canaldana\/2023\/01\/09\/1500-concept-antecipa-primeira-picape-eletrica-ram\/\">Leia mais \u00bb<\/a><\/p>\n","protected":false},"author":3,"featured_media":0,"comment_status":"closed","ping_status":"closed","sticky":false,"template":"","format":"standard","meta":{"_acf_changed":false,"footnotes":""},"categories":[110],"tags":[],"class_list":["post-63013","post","type-post","status-publish","format-standard","hentry","category-eletricos"],"acf":[],"yoast_head":"<!-- This site is optimized with the Yoast SEO plugin v27.3 - https:\/\/yoast.com\/product\/yoast-seo-wordpress\/ -->\n<title>1500 Concept antecipa primeira picape el\u00e9trica RAM - Canal Dana<\/title>\n<meta name=\"robots\" content=\"index, follow, max-snippet:-1, max-image-preview:large, max-video-preview:-1\" \/>\n<link rel=\"canonical\" href=\"https:\/\/dana.com.br\/canaldana\/2023\/01\/09\/1500-concept-antecipa-primeira-picape-eletrica-ram\/\" \/>\n<meta property=\"og:locale\" content=\"pt_BR\" \/>\n<meta property=\"og:type\" content=\"article\" \/>\n<meta property=\"og:title\" content=\"1500 Concept antecipa primeira picape el\u00e9trica RAM - Canal Dana\" \/>\n<meta property=\"og:description\" content=\"AutoInd\u00fastria &nbsp; A RAM apresentou esta semana na CES 2023, em Las Vegas, Estados Unidos, a picape-conceito el\u00e9trica 1500 Revolution Concept. Movida a bateria (BEV), o ve\u00edculo antecipa recursos in\u00e9ditos e estilo que em boa medida estar\u00e3o presentes no modelo comercial, j\u00e1 conhecido como 1500 BEV e que ser\u00e1 lan\u00e7ado em 2024. &nbsp; A marca\u2026 Leia mais \u00bb\" \/>\n<meta property=\"og:url\" content=\"https:\/\/dana.com.br\/canaldana\/2023\/01\/09\/1500-concept-antecipa-primeira-picape-eletrica-ram\/\" \/>\n<meta property=\"og:site_name\" content=\"Canal Dana\" \/>\n<meta property=\"article:published_time\" content=\"2023-01-09T11:37:55+00:00\" \/>\n<meta name=\"author\" content=\"Canal Dana\" \/>\n<meta name=\"twitter:card\" content=\"summary_large_image\" \/>\n<meta name=\"twitter:label1\" content=\"Escrito por\" \/>\n\t<meta name=\"twitter:data1\" content=\"Canal Dana\" \/>\n\t<meta name=\"twitter:label2\" content=\"Est. tempo de leitura\" \/>\n\t<meta name=\"twitter:data2\" content=\"4 minutos\" \/>\n<script type=\"application\/ld+json\" class=\"yoast-schema-graph\">{\"@context\":\"https:\\\/\\\/schema.org\",\"@graph\":[{\"@type\":\"Article\",\"@id\":\"https:\\\/\\\/dana.com.br\\\/canaldana\\\/2023\\\/01\\\/09\\\/1500-concept-antecipa-primeira-picape-eletrica-ram\\\/#article\",\"isPartOf\":{\"@id\":\"https:\\\/\\\/dana.com.br\\\/canaldana\\\/2023\\\/01\\\/09\\\/1500-concept-antecipa-primeira-picape-eletrica-ram\\\/\"},\"author\":{\"name\":\"Canal Dana\",\"@id\":\"https:\\\/\\\/dana.com.br\\\/canaldana\\\/#\\\/schema\\\/person\\\/3c21f22f56fcf3bc46b94bc60ea4fef6\"},\"headline\":\"1500 Concept antecipa primeira picape el\u00e9trica RAM\",\"datePublished\":\"2023-01-09T11:37:55+00:00\",\"mainEntityOfPage\":{\"@id\":\"https:\\\/\\\/dana.com.br\\\/canaldana\\\/2023\\\/01\\\/09\\\/1500-concept-antecipa-primeira-picape-eletrica-ram\\\/\"},\"wordCount\":724,\"articleSection\":[\"El\u00e9tricos\"],\"inLanguage\":\"pt-BR\"},{\"@type\":\"WebPage\",\"@id\":\"https:\\\/\\\/dana.com.br\\\/canaldana\\\/2023\\\/01\\\/09\\\/1500-concept-antecipa-primeira-picape-eletrica-ram\\\/\",\"url\":\"https:\\\/\\\/dana.com.br\\\/canaldana\\\/2023\\\/01\\\/09\\\/1500-concept-antecipa-primeira-picape-eletrica-ram\\\/\",\"name\":\"1500 Concept antecipa primeira picape el\u00e9trica RAM - Canal Dana\",\"isPartOf\":{\"@id\":\"https:\\\/\\\/dana.com.br\\\/canaldana\\\/#website\"},\"datePublished\":\"2023-01-09T11:37:55+00:00\",\"author\":{\"@id\":\"https:\\\/\\\/dana.com.br\\\/canaldana\\\/#\\\/schema\\\/person\\\/3c21f22f56fcf3bc46b94bc60ea4fef6\"},\"breadcrumb\":{\"@id\":\"https:\\\/\\\/dana.com.br\\\/canaldana\\\/2023\\\/01\\\/09\\\/1500-concept-antecipa-primeira-picape-eletrica-ram\\\/#breadcrumb\"},\"inLanguage\":\"pt-BR\",\"potentialAction\":[{\"@type\":\"ReadAction\",\"target\":[\"https:\\\/\\\/dana.com.br\\\/canaldana\\\/2023\\\/01\\\/09\\\/1500-concept-antecipa-primeira-picape-eletrica-ram\\\/\"]}]},{\"@type\":\"BreadcrumbList\",\"@id\":\"https:\\\/\\\/dana.com.br\\\/canaldana\\\/2023\\\/01\\\/09\\\/1500-concept-antecipa-primeira-picape-eletrica-ram\\\/#breadcrumb\",\"itemListElement\":[{\"@type\":\"ListItem\",\"position\":1,\"name\":\"Home\",\"item\":\"https:\\\/\\\/dana.com.br\\\/canaldana\\\/\"},{\"@type\":\"ListItem\",\"position\":2,\"name\":\"El\u00e9tricos\",\"item\":\"https:\\\/\\\/dana.com.br\\\/canaldana\\\/eletricos\\\/\"},{\"@type\":\"ListItem\",\"position\":3,\"name\":\"1500 Concept antecipa primeira picape el\u00e9trica RAM\"}]},{\"@type\":\"WebSite\",\"@id\":\"https:\\\/\\\/dana.com.br\\\/canaldana\\\/#website\",\"url\":\"https:\\\/\\\/dana.com.br\\\/canaldana\\\/\",\"name\":\"Canal Dana\",\"description\":\"Informativo com as principais not\u00edcias da ind\u00fastria automotiva\",\"potentialAction\":[{\"@type\":\"SearchAction\",\"target\":{\"@type\":\"EntryPoint\",\"urlTemplate\":\"https:\\\/\\\/dana.com.br\\\/canaldana\\\/?s={search_term_string}\"},\"query-input\":{\"@type\":\"PropertyValueSpecification\",\"valueRequired\":true,\"valueName\":\"search_term_string\"}}],\"inLanguage\":\"pt-BR\"},{\"@type\":\"Person\",\"@id\":\"https:\\\/\\\/dana.com.br\\\/canaldana\\\/#\\\/schema\\\/person\\\/3c21f22f56fcf3bc46b94bc60ea4fef6\",\"name\":\"Canal Dana\",\"image\":{\"@type\":\"ImageObject\",\"inLanguage\":\"pt-BR\",\"@id\":\"https:\\\/\\\/secure.gravatar.com\\\/avatar\\\/420aaf9278582877d9018637c6817617705899d2858d7572ef0fe59a6b6454b4?s=96&d=mm&r=g\",\"url\":\"https:\\\/\\\/secure.gravatar.com\\\/avatar\\\/420aaf9278582877d9018637c6817617705899d2858d7572ef0fe59a6b6454b4?s=96&d=mm&r=g\",\"contentUrl\":\"https:\\\/\\\/secure.gravatar.com\\\/avatar\\\/420aaf9278582877d9018637c6817617705899d2858d7572ef0fe59a6b6454b4?s=96&d=mm&r=g\",\"caption\":\"Canal Dana\"},\"url\":\"https:\\\/\\\/dana.com.br\\\/canaldana\\\/author\\\/cdeditor\\\/\"}]}<\/script>\n<!-- \/ Yoast SEO plugin. -->","yoast_head_json":{"title":"1500 Concept antecipa primeira picape el\u00e9trica RAM - Canal Dana","robots":{"index":"index","follow":"follow","max-snippet":"max-snippet:-1","max-image-preview":"max-image-preview:large","max-video-preview":"max-video-preview:-1"},"canonical":"https:\/\/dana.com.br\/canaldana\/2023\/01\/09\/1500-concept-antecipa-primeira-picape-eletrica-ram\/","og_locale":"pt_BR","og_type":"article","og_title":"1500 Concept antecipa primeira picape el\u00e9trica RAM - Canal Dana","og_description":"AutoInd\u00fastria &nbsp; A RAM apresentou esta semana na CES 2023, em Las Vegas, Estados Unidos, a picape-conceito el\u00e9trica 1500 Revolution Concept. Movida a bateria (BEV), o ve\u00edculo antecipa recursos in\u00e9ditos e estilo que em boa medida estar\u00e3o presentes no modelo comercial, j\u00e1 conhecido como 1500 BEV e que ser\u00e1 lan\u00e7ado em 2024. &nbsp; A marca\u2026 Leia mais \u00bb","og_url":"https:\/\/dana.com.br\/canaldana\/2023\/01\/09\/1500-concept-antecipa-primeira-picape-eletrica-ram\/","og_site_name":"Canal Dana","article_published_time":"2023-01-09T11:37:55+00:00","author":"Canal Dana","twitter_card":"summary_large_image","twitter_misc":{"Escrito por":"Canal Dana","Est. tempo de leitura":"4 minutos"},"schema":{"@context":"https:\/\/schema.org","@graph":[{"@type":"Article","@id":"https:\/\/dana.com.br\/canaldana\/2023\/01\/09\/1500-concept-antecipa-primeira-picape-eletrica-ram\/#article","isPartOf":{"@id":"https:\/\/dana.com.br\/canaldana\/2023\/01\/09\/1500-concept-antecipa-primeira-picape-eletrica-ram\/"},"author":{"name":"Canal Dana","@id":"https:\/\/dana.com.br\/canaldana\/#\/schema\/person\/3c21f22f56fcf3bc46b94bc60ea4fef6"},"headline":"1500 Concept antecipa primeira picape el\u00e9trica RAM","datePublished":"2023-01-09T11:37:55+00:00","mainEntityOfPage":{"@id":"https:\/\/dana.com.br\/canaldana\/2023\/01\/09\/1500-concept-antecipa-primeira-picape-eletrica-ram\/"},"wordCount":724,"articleSection":["El\u00e9tricos"],"inLanguage":"pt-BR"},{"@type":"WebPage","@id":"https:\/\/dana.com.br\/canaldana\/2023\/01\/09\/1500-concept-antecipa-primeira-picape-eletrica-ram\/","url":"https:\/\/dana.com.br\/canaldana\/2023\/01\/09\/1500-concept-antecipa-primeira-picape-eletrica-ram\/","name":"1500 Concept antecipa primeira picape el\u00e9trica RAM - Canal Dana","isPartOf":{"@id":"https:\/\/dana.com.br\/canaldana\/#website"},"datePublished":"2023-01-09T11:37:55+00:00","author":{"@id":"https:\/\/dana.com.br\/canaldana\/#\/schema\/person\/3c21f22f56fcf3bc46b94bc60ea4fef6"},"breadcrumb":{"@id":"https:\/\/dana.com.br\/canaldana\/2023\/01\/09\/1500-concept-antecipa-primeira-picape-eletrica-ram\/#breadcrumb"},"inLanguage":"pt-BR","potentialAction":[{"@type":"ReadAction","target":["https:\/\/dana.com.br\/canaldana\/2023\/01\/09\/1500-concept-antecipa-primeira-picape-eletrica-ram\/"]}]},{"@type":"BreadcrumbList","@id":"https:\/\/dana.com.br\/canaldana\/2023\/01\/09\/1500-concept-antecipa-primeira-picape-eletrica-ram\/#breadcrumb","itemListElement":[{"@type":"ListItem","position":1,"name":"Home","item":"https:\/\/dana.com.br\/canaldana\/"},{"@type":"ListItem","position":2,"name":"El\u00e9tricos","item":"https:\/\/dana.com.br\/canaldana\/eletricos\/"},{"@type":"ListItem","position":3,"name":"1500 Concept antecipa primeira picape el\u00e9trica RAM"}]},{"@type":"WebSite","@id":"https:\/\/dana.com.br\/canaldana\/#website","url":"https:\/\/dana.com.br\/canaldana\/","name":"Canal Dana","description":"Informativo com as principais not\u00edcias da ind\u00fastria automotiva","potentialAction":[{"@type":"SearchAction","target":{"@type":"EntryPoint","urlTemplate":"https:\/\/dana.com.br\/canaldana\/?s={search_term_string}"},"query-input":{"@type":"PropertyValueSpecification","valueRequired":true,"valueName":"search_term_string"}}],"inLanguage":"pt-BR"},{"@type":"Person","@id":"https:\/\/dana.com.br\/canaldana\/#\/schema\/person\/3c21f22f56fcf3bc46b94bc60ea4fef6","name":"Canal Dana","image":{"@type":"ImageObject","inLanguage":"pt-BR","@id":"https:\/\/secure.gravatar.com\/avatar\/420aaf9278582877d9018637c6817617705899d2858d7572ef0fe59a6b6454b4?s=96&d=mm&r=g","url":"https:\/\/secure.gravatar.com\/avatar\/420aaf9278582877d9018637c6817617705899d2858d7572ef0fe59a6b6454b4?s=96&d=mm&r=g","contentUrl":"https:\/\/secure.gravatar.com\/avatar\/420aaf9278582877d9018637c6817617705899d2858d7572ef0fe59a6b6454b4?s=96&d=mm&r=g","caption":"Canal Dana"},"url":"https:\/\/dana.com.br\/canaldana\/author\/cdeditor\/"}]}},"_links":{"self":[{"href":"https:\/\/dana.com.br\/canaldana\/wp-json\/wp\/v2\/posts\/63013","targetHints":{"allow":["GET"]}}],"collection":[{"href":"https:\/\/dana.com.br\/canaldana\/wp-json\/wp\/v2\/posts"}],"about":[{"href":"https:\/\/dana.com.br\/canaldana\/wp-json\/wp\/v2\/types\/post"}],"author":[{"embeddable":true,"href":"https:\/\/dana.com.br\/canaldana\/wp-json\/wp\/v2\/users\/3"}],"replies":[{"embeddable":true,"href":"https:\/\/dana.com.br\/canaldana\/wp-json\/wp\/v2\/comments?post=63013"}],"version-history":[{"count":0,"href":"https:\/\/dana.com.br\/canaldana\/wp-json\/wp\/v2\/posts\/63013\/revisions"}],"wp:attachment":[{"href":"https:\/\/dana.com.br\/canaldana\/wp-json\/wp\/v2\/media?parent=63013"}],"wp:term":[{"taxonomy":"category","embeddable":true,"href":"https:\/\/dana.com.br\/canaldana\/wp-json\/wp\/v2\/categories?post=63013"},{"taxonomy":"post_tag","embeddable":true,"href":"https:\/\/dana.com.br\/canaldana\/wp-json\/wp\/v2\/tags?post=63013"}],"curies":[{"name":"wp","href":"https:\/\/api.w.org\/{rel}","templated":true}]}}