{"id":63005,"date":"2022-12-23T08:37:36","date_gmt":"2022-12-23T11:37:36","guid":{"rendered":"https:\/\/dana.com.br\/canaldana\/?p=63005"},"modified":"2022-12-23T08:37:36","modified_gmt":"2022-12-23T11:37:36","slug":"byd-nomeia-primeira-concessionaria-em-alagoas","status":"publish","type":"post","link":"https:\/\/dana.com.br\/canaldana\/2022\/12\/23\/byd-nomeia-primeira-concessionaria-em-alagoas\/","title":{"rendered":"BYD nomeia primeira concession\u00e1ria em Alagoas"},"content":{"rendered":"<p><em>Motores A\u00e7\u00e3o<\/em><\/p>\n<p>&nbsp;<\/p>\n<p>Fundado em 1990, o grupo JRCA iniciou sua hist\u00f3ria no setor de alimentos. A partir de 2010, come\u00e7ou trajet\u00f3ria setor automotivo. Hoje, tem forte atua\u00e7\u00e3o nas cidades de Macei\u00f3 e Arapiraca, as duas principais cidades do estado alagoano e conta com aproximadamente 300 colaboradores diretos e indiretos.<\/p>\n<p>&nbsp;<\/p>\n<p>\u201cEstamos muito orgulhosos de sermos embaixadores da BYD Brasil em Alagoas. Somos uma empresa preocupada com o desenvolvimento sustent\u00e1vel. Queremos um futuro melhor para a sociedade. E, nada melhor, do que estar ao lado de uma marca inserida da dire\u00e7\u00e3o da eletromobilidade\u201d, comenta Verinaldo Chicuta, diretor Comercial do Grupo JRCA.<\/p>\n<p>&nbsp;<\/p>\n<p>\u201c\u00c9 muita satisfa\u00e7\u00e3o estar ao lado de um grupo experiente no segmento automotivo premium. Por isso, escolhemos o grupo JRCA. Tenho certeza de que essa parceria trar\u00e1 importantes resultados para nossa marca na regi\u00e3o\u201d, destaca Henrique Antunes, diretor de Vendas e Marketing da BYD Brasil.<\/p>\n<p>&nbsp;<\/p>\n<p>At\u00e9 agora, a BYD Brasil inaugurou 18 concession\u00e1rias pelo pa\u00eds: S\u00e3o Paulo\/SP (Eurobike), Vila Velha\/ES (Vit\u00f3ria Motors), Curitiba\/PR (Servopa), Rio de Janeiro\/RJ (Itavema), Belo Horizonte\/MG (Gogreen), Bras\u00edlia\/DF (Saga), Porto Alegre\/RS (IESA), Ribeir\u00e3o Preto\/SP (Eurobike), Itaja\u00ed\/SC (DVA), Fortaleza\/CE (Carmais), Goi\u00e2nia\/GO (Eurobike), S\u00e3o Jos\u00e9 dos Campos\/SP (Simpar), Vit\u00f3ria\/ES (Vit\u00f3ria Motors), Recife\/PE (Parvi), Campinas\/SP (Dahruj), Manaus\/AM (Parvi), Cuiab\u00e1\/MT (Saga) e S\u00e3o Jos\u00e9\/SC (DVA).<\/p>\n<p>&nbsp;<\/p>\n<p>Outras unidades devem iniciar suas opera\u00e7\u00f5es em breve, como a Gogreen, em Juiz de Fora e Uberl\u00e2ndia, ambas em Minas Gerais, a Parvi, em Salvador (BA) e a Dahruj, em S\u00e3o Paulo (SP).<\/p>\n<p>&nbsp;<\/p>\n<p><strong>Sobre a BYD Brasil<\/strong><\/p>\n<p>&nbsp;<\/p>\n<p>A BYD chegou ao Brasil em 2015, quando inaugurou sua primeira f\u00e1brica de montagem de \u00f4nibus 100% el\u00e9tricos em Campinas (SP). Em 2017, abriu uma segunda f\u00e1brica, tamb\u00e9m em Campinas, para a produ\u00e7\u00e3o de m\u00f3dulos fotovoltaicos. Para abastecer a frota de \u00f4nibus el\u00e9tricos, a empresa iniciou, em 2020, a opera\u00e7\u00e3o de sua terceira f\u00e1brica no Brasil, no Polo Industrial de Manaus (PIM), dedicada \u00e0 produ\u00e7\u00e3o de baterias de fosfato de ferro-l\u00edtio (LiFePO4).<\/p>\n<p>&nbsp;<\/p>\n<p>A empresa tamb\u00e9m \u00e9 respons\u00e1vel por dois projetos de SkyRail (monotrilho) no pa\u00eds: em Salvador, com o VLT do Sub\u00farbio, e na cidade de S\u00e3o Paulo, com a Linha 17 \u2013 Ouro. Al\u00e9m disso, a BYD comercializa no Brasil empilhadeiras, vans, caminh\u00f5es, furg\u00f5es e autom\u00f3veis, todos totalmente el\u00e9tricos e n\u00e3o poluentes. Mais recentemente, devido \u00e0 pandemia da Covid-19, a empresa tamb\u00e9m est\u00e1 vendendo m\u00e1scaras descart\u00e1veis no pa\u00eds.<\/p>\n<p>&nbsp;<\/p>\n<p>Em abril de 2021, a BYD Brasil passou a integrar o Pacto Global, da Na\u00e7\u00f5es Unidas (ONU). Em novembro de 2021, deu o primeiro passo para o in\u00edcio da comercializa\u00e7\u00e3o de autom\u00f3veis de passeio no pa\u00eds e hoje j\u00e1 conta com cinco modelos lan\u00e7ados e uma rede consolidada de concession\u00e1rias em opera\u00e7\u00e3o. Em abril de 2022, a BYD Energy inaugurou novas instala\u00e7\u00f5es e uma completa linha de m\u00f3dulos fotovoltaicos no mercado brasileiro. (Motores A\u00e7\u00e3o)<\/p>\n","protected":false},"excerpt":{"rendered":"<p>Motores A\u00e7\u00e3o &nbsp; Fundado em 1990, o grupo JRCA iniciou sua hist\u00f3ria no setor de alimentos. A partir de 2010, come\u00e7ou trajet\u00f3ria setor automotivo. Hoje, tem forte atua\u00e7\u00e3o nas cidades de Macei\u00f3 e Arapiraca, as duas principais cidades do estado alagoano e conta com aproximadamente 300 colaboradores diretos e indiretos. &nbsp; \u201cEstamos muito orgulhosos de\u2026 <a class=\"readmore\" href=\"https:\/\/dana.com.br\/canaldana\/2022\/12\/23\/byd-nomeia-primeira-concessionaria-em-alagoas\/\">Leia mais \u00bb<\/a><\/p>\n","protected":false},"author":3,"featured_media":0,"comment_status":"closed","ping_status":"closed","sticky":false,"template":"","format":"standard","meta":{"_acf_changed":false,"footnotes":""},"categories":[61],"tags":[],"class_list":["post-63005","post","type-post","status-publish","format-standard","hentry","category-destaques"],"acf":[],"yoast_head":"<!-- This site is optimized with the Yoast SEO plugin v27.3 - https:\/\/yoast.com\/product\/yoast-seo-wordpress\/ -->\n<title>BYD nomeia primeira concession\u00e1ria em Alagoas - Canal Dana<\/title>\n<meta name=\"robots\" content=\"index, follow, max-snippet:-1, max-image-preview:large, max-video-preview:-1\" \/>\n<link rel=\"canonical\" href=\"https:\/\/dana.com.br\/canaldana\/2022\/12\/23\/byd-nomeia-primeira-concessionaria-em-alagoas\/\" \/>\n<meta property=\"og:locale\" content=\"pt_BR\" \/>\n<meta property=\"og:type\" content=\"article\" \/>\n<meta property=\"og:title\" content=\"BYD nomeia primeira concession\u00e1ria em Alagoas - Canal Dana\" \/>\n<meta property=\"og:description\" content=\"Motores A\u00e7\u00e3o &nbsp; Fundado em 1990, o grupo JRCA iniciou sua hist\u00f3ria no setor de alimentos. A partir de 2010, come\u00e7ou trajet\u00f3ria setor automotivo. Hoje, tem forte atua\u00e7\u00e3o nas cidades de Macei\u00f3 e Arapiraca, as duas principais cidades do estado alagoano e conta com aproximadamente 300 colaboradores diretos e indiretos. &nbsp; \u201cEstamos muito orgulhosos de\u2026 Leia mais \u00bb\" \/>\n<meta property=\"og:url\" content=\"https:\/\/dana.com.br\/canaldana\/2022\/12\/23\/byd-nomeia-primeira-concessionaria-em-alagoas\/\" \/>\n<meta property=\"og:site_name\" content=\"Canal Dana\" \/>\n<meta property=\"article:published_time\" content=\"2022-12-23T11:37:36+00:00\" \/>\n<meta name=\"author\" content=\"Canal Dana\" \/>\n<meta name=\"twitter:card\" content=\"summary_large_image\" \/>\n<meta name=\"twitter:label1\" content=\"Escrito por\" \/>\n\t<meta name=\"twitter:data1\" content=\"Canal Dana\" \/>\n\t<meta name=\"twitter:label2\" content=\"Est. tempo de leitura\" \/>\n\t<meta name=\"twitter:data2\" content=\"3 minutos\" \/>\n<script type=\"application\/ld+json\" class=\"yoast-schema-graph\">{\"@context\":\"https:\\\/\\\/schema.org\",\"@graph\":[{\"@type\":\"Article\",\"@id\":\"https:\\\/\\\/dana.com.br\\\/canaldana\\\/2022\\\/12\\\/23\\\/byd-nomeia-primeira-concessionaria-em-alagoas\\\/#article\",\"isPartOf\":{\"@id\":\"https:\\\/\\\/dana.com.br\\\/canaldana\\\/2022\\\/12\\\/23\\\/byd-nomeia-primeira-concessionaria-em-alagoas\\\/\"},\"author\":{\"name\":\"Canal Dana\",\"@id\":\"https:\\\/\\\/dana.com.br\\\/canaldana\\\/#\\\/schema\\\/person\\\/3c21f22f56fcf3bc46b94bc60ea4fef6\"},\"headline\":\"BYD nomeia primeira concession\u00e1ria em Alagoas\",\"datePublished\":\"2022-12-23T11:37:36+00:00\",\"mainEntityOfPage\":{\"@id\":\"https:\\\/\\\/dana.com.br\\\/canaldana\\\/2022\\\/12\\\/23\\\/byd-nomeia-primeira-concessionaria-em-alagoas\\\/\"},\"wordCount\":531,\"articleSection\":[\"Destaques\"],\"inLanguage\":\"pt-BR\"},{\"@type\":\"WebPage\",\"@id\":\"https:\\\/\\\/dana.com.br\\\/canaldana\\\/2022\\\/12\\\/23\\\/byd-nomeia-primeira-concessionaria-em-alagoas\\\/\",\"url\":\"https:\\\/\\\/dana.com.br\\\/canaldana\\\/2022\\\/12\\\/23\\\/byd-nomeia-primeira-concessionaria-em-alagoas\\\/\",\"name\":\"BYD nomeia primeira concession\u00e1ria em Alagoas - Canal Dana\",\"isPartOf\":{\"@id\":\"https:\\\/\\\/dana.com.br\\\/canaldana\\\/#website\"},\"datePublished\":\"2022-12-23T11:37:36+00:00\",\"author\":{\"@id\":\"https:\\\/\\\/dana.com.br\\\/canaldana\\\/#\\\/schema\\\/person\\\/3c21f22f56fcf3bc46b94bc60ea4fef6\"},\"breadcrumb\":{\"@id\":\"https:\\\/\\\/dana.com.br\\\/canaldana\\\/2022\\\/12\\\/23\\\/byd-nomeia-primeira-concessionaria-em-alagoas\\\/#breadcrumb\"},\"inLanguage\":\"pt-BR\",\"potentialAction\":[{\"@type\":\"ReadAction\",\"target\":[\"https:\\\/\\\/dana.com.br\\\/canaldana\\\/2022\\\/12\\\/23\\\/byd-nomeia-primeira-concessionaria-em-alagoas\\\/\"]}]},{\"@type\":\"BreadcrumbList\",\"@id\":\"https:\\\/\\\/dana.com.br\\\/canaldana\\\/2022\\\/12\\\/23\\\/byd-nomeia-primeira-concessionaria-em-alagoas\\\/#breadcrumb\",\"itemListElement\":[{\"@type\":\"ListItem\",\"position\":1,\"name\":\"Home\",\"item\":\"https:\\\/\\\/dana.com.br\\\/canaldana\\\/\"},{\"@type\":\"ListItem\",\"position\":2,\"name\":\"Destaques\",\"item\":\"https:\\\/\\\/dana.com.br\\\/canaldana\\\/destaques\\\/\"},{\"@type\":\"ListItem\",\"position\":3,\"name\":\"BYD nomeia primeira concession\u00e1ria em Alagoas\"}]},{\"@type\":\"WebSite\",\"@id\":\"https:\\\/\\\/dana.com.br\\\/canaldana\\\/#website\",\"url\":\"https:\\\/\\\/dana.com.br\\\/canaldana\\\/\",\"name\":\"Canal Dana\",\"description\":\"Informativo com as principais not\u00edcias da ind\u00fastria automotiva\",\"potentialAction\":[{\"@type\":\"SearchAction\",\"target\":{\"@type\":\"EntryPoint\",\"urlTemplate\":\"https:\\\/\\\/dana.com.br\\\/canaldana\\\/?s={search_term_string}\"},\"query-input\":{\"@type\":\"PropertyValueSpecification\",\"valueRequired\":true,\"valueName\":\"search_term_string\"}}],\"inLanguage\":\"pt-BR\"},{\"@type\":\"Person\",\"@id\":\"https:\\\/\\\/dana.com.br\\\/canaldana\\\/#\\\/schema\\\/person\\\/3c21f22f56fcf3bc46b94bc60ea4fef6\",\"name\":\"Canal Dana\",\"image\":{\"@type\":\"ImageObject\",\"inLanguage\":\"pt-BR\",\"@id\":\"https:\\\/\\\/secure.gravatar.com\\\/avatar\\\/420aaf9278582877d9018637c6817617705899d2858d7572ef0fe59a6b6454b4?s=96&d=mm&r=g\",\"url\":\"https:\\\/\\\/secure.gravatar.com\\\/avatar\\\/420aaf9278582877d9018637c6817617705899d2858d7572ef0fe59a6b6454b4?s=96&d=mm&r=g\",\"contentUrl\":\"https:\\\/\\\/secure.gravatar.com\\\/avatar\\\/420aaf9278582877d9018637c6817617705899d2858d7572ef0fe59a6b6454b4?s=96&d=mm&r=g\",\"caption\":\"Canal Dana\"},\"url\":\"https:\\\/\\\/dana.com.br\\\/canaldana\\\/author\\\/cdeditor\\\/\"}]}<\/script>\n<!-- \/ Yoast SEO plugin. -->","yoast_head_json":{"title":"BYD nomeia primeira concession\u00e1ria em Alagoas - Canal Dana","robots":{"index":"index","follow":"follow","max-snippet":"max-snippet:-1","max-image-preview":"max-image-preview:large","max-video-preview":"max-video-preview:-1"},"canonical":"https:\/\/dana.com.br\/canaldana\/2022\/12\/23\/byd-nomeia-primeira-concessionaria-em-alagoas\/","og_locale":"pt_BR","og_type":"article","og_title":"BYD nomeia primeira concession\u00e1ria em Alagoas - Canal Dana","og_description":"Motores A\u00e7\u00e3o &nbsp; Fundado em 1990, o grupo JRCA iniciou sua hist\u00f3ria no setor de alimentos. A partir de 2010, come\u00e7ou trajet\u00f3ria setor automotivo. Hoje, tem forte atua\u00e7\u00e3o nas cidades de Macei\u00f3 e Arapiraca, as duas principais cidades do estado alagoano e conta com aproximadamente 300 colaboradores diretos e indiretos. &nbsp; \u201cEstamos muito orgulhosos de\u2026 Leia mais \u00bb","og_url":"https:\/\/dana.com.br\/canaldana\/2022\/12\/23\/byd-nomeia-primeira-concessionaria-em-alagoas\/","og_site_name":"Canal Dana","article_published_time":"2022-12-23T11:37:36+00:00","author":"Canal Dana","twitter_card":"summary_large_image","twitter_misc":{"Escrito por":"Canal Dana","Est. tempo de leitura":"3 minutos"},"schema":{"@context":"https:\/\/schema.org","@graph":[{"@type":"Article","@id":"https:\/\/dana.com.br\/canaldana\/2022\/12\/23\/byd-nomeia-primeira-concessionaria-em-alagoas\/#article","isPartOf":{"@id":"https:\/\/dana.com.br\/canaldana\/2022\/12\/23\/byd-nomeia-primeira-concessionaria-em-alagoas\/"},"author":{"name":"Canal Dana","@id":"https:\/\/dana.com.br\/canaldana\/#\/schema\/person\/3c21f22f56fcf3bc46b94bc60ea4fef6"},"headline":"BYD nomeia primeira concession\u00e1ria em Alagoas","datePublished":"2022-12-23T11:37:36+00:00","mainEntityOfPage":{"@id":"https:\/\/dana.com.br\/canaldana\/2022\/12\/23\/byd-nomeia-primeira-concessionaria-em-alagoas\/"},"wordCount":531,"articleSection":["Destaques"],"inLanguage":"pt-BR"},{"@type":"WebPage","@id":"https:\/\/dana.com.br\/canaldana\/2022\/12\/23\/byd-nomeia-primeira-concessionaria-em-alagoas\/","url":"https:\/\/dana.com.br\/canaldana\/2022\/12\/23\/byd-nomeia-primeira-concessionaria-em-alagoas\/","name":"BYD nomeia primeira concession\u00e1ria em Alagoas - Canal Dana","isPartOf":{"@id":"https:\/\/dana.com.br\/canaldana\/#website"},"datePublished":"2022-12-23T11:37:36+00:00","author":{"@id":"https:\/\/dana.com.br\/canaldana\/#\/schema\/person\/3c21f22f56fcf3bc46b94bc60ea4fef6"},"breadcrumb":{"@id":"https:\/\/dana.com.br\/canaldana\/2022\/12\/23\/byd-nomeia-primeira-concessionaria-em-alagoas\/#breadcrumb"},"inLanguage":"pt-BR","potentialAction":[{"@type":"ReadAction","target":["https:\/\/dana.com.br\/canaldana\/2022\/12\/23\/byd-nomeia-primeira-concessionaria-em-alagoas\/"]}]},{"@type":"BreadcrumbList","@id":"https:\/\/dana.com.br\/canaldana\/2022\/12\/23\/byd-nomeia-primeira-concessionaria-em-alagoas\/#breadcrumb","itemListElement":[{"@type":"ListItem","position":1,"name":"Home","item":"https:\/\/dana.com.br\/canaldana\/"},{"@type":"ListItem","position":2,"name":"Destaques","item":"https:\/\/dana.com.br\/canaldana\/destaques\/"},{"@type":"ListItem","position":3,"name":"BYD nomeia primeira concession\u00e1ria em Alagoas"}]},{"@type":"WebSite","@id":"https:\/\/dana.com.br\/canaldana\/#website","url":"https:\/\/dana.com.br\/canaldana\/","name":"Canal Dana","description":"Informativo com as principais not\u00edcias da ind\u00fastria automotiva","potentialAction":[{"@type":"SearchAction","target":{"@type":"EntryPoint","urlTemplate":"https:\/\/dana.com.br\/canaldana\/?s={search_term_string}"},"query-input":{"@type":"PropertyValueSpecification","valueRequired":true,"valueName":"search_term_string"}}],"inLanguage":"pt-BR"},{"@type":"Person","@id":"https:\/\/dana.com.br\/canaldana\/#\/schema\/person\/3c21f22f56fcf3bc46b94bc60ea4fef6","name":"Canal Dana","image":{"@type":"ImageObject","inLanguage":"pt-BR","@id":"https:\/\/secure.gravatar.com\/avatar\/420aaf9278582877d9018637c6817617705899d2858d7572ef0fe59a6b6454b4?s=96&d=mm&r=g","url":"https:\/\/secure.gravatar.com\/avatar\/420aaf9278582877d9018637c6817617705899d2858d7572ef0fe59a6b6454b4?s=96&d=mm&r=g","contentUrl":"https:\/\/secure.gravatar.com\/avatar\/420aaf9278582877d9018637c6817617705899d2858d7572ef0fe59a6b6454b4?s=96&d=mm&r=g","caption":"Canal Dana"},"url":"https:\/\/dana.com.br\/canaldana\/author\/cdeditor\/"}]}},"_links":{"self":[{"href":"https:\/\/dana.com.br\/canaldana\/wp-json\/wp\/v2\/posts\/63005","targetHints":{"allow":["GET"]}}],"collection":[{"href":"https:\/\/dana.com.br\/canaldana\/wp-json\/wp\/v2\/posts"}],"about":[{"href":"https:\/\/dana.com.br\/canaldana\/wp-json\/wp\/v2\/types\/post"}],"author":[{"embeddable":true,"href":"https:\/\/dana.com.br\/canaldana\/wp-json\/wp\/v2\/users\/3"}],"replies":[{"embeddable":true,"href":"https:\/\/dana.com.br\/canaldana\/wp-json\/wp\/v2\/comments?post=63005"}],"version-history":[{"count":0,"href":"https:\/\/dana.com.br\/canaldana\/wp-json\/wp\/v2\/posts\/63005\/revisions"}],"wp:attachment":[{"href":"https:\/\/dana.com.br\/canaldana\/wp-json\/wp\/v2\/media?parent=63005"}],"wp:term":[{"taxonomy":"category","embeddable":true,"href":"https:\/\/dana.com.br\/canaldana\/wp-json\/wp\/v2\/categories?post=63005"},{"taxonomy":"post_tag","embeddable":true,"href":"https:\/\/dana.com.br\/canaldana\/wp-json\/wp\/v2\/tags?post=63005"}],"curies":[{"name":"wp","href":"https:\/\/api.w.org\/{rel}","templated":true}]}}