{"id":62910,"date":"2022-12-20T08:19:12","date_gmt":"2022-12-20T11:19:12","guid":{"rendered":"https:\/\/dana.com.br\/canaldana\/?p=62910"},"modified":"2022-12-20T08:19:12","modified_gmt":"2022-12-20T11:19:12","slug":"iveco-apresenta-onibus-eletrico-e-way-no-uruguai","status":"publish","type":"post","link":"https:\/\/dana.com.br\/canaldana\/2022\/12\/20\/iveco-apresenta-onibus-eletrico-e-way-no-uruguai\/","title":{"rendered":"IVECO apresenta \u00f4nibus el\u00e9trico E-Way no Uruguai"},"content":{"rendered":"<p><em>Truck &amp; Bus Builder Am\u00e9rica do Sul<\/em><\/p>\n<p>&nbsp;<\/p>\n<p>A IVECO BUS e a Santa Rosa, distribuidora autorizada da marca no Uruguai, apresentaram em dezembro o \u00f4nibus el\u00e9trico E-Way para o mercado local. O modelo estar\u00e1 dispon\u00edvel em quatro comprimentos diferentes (9,5m, 10,7m, 12m e 18m), com capacidade vari\u00e1vel em termos de n\u00famero de passageiros a bordo, de acordo com a finalidade de utiliza\u00e7\u00e3o.<\/p>\n<p>&nbsp;<\/p>\n<p>Com um produto inovador, confi\u00e1vel e de alto desempenho, a IVECO BUS contribui para a transi\u00e7\u00e3o energ\u00e9tica nos transportes com solu\u00e7\u00f5es de mobilidade de baixas e zero emiss\u00f5es de carbono, oferecendo aos clientes uma op\u00e7\u00e3o de eletromobilidade completa e flex\u00edvel. Segundo a montadora, a mobilidade el\u00e9trica representa uma solu\u00e7\u00e3o para responder aos desafios das cidades para melhorar a qualidade do ar e reduzir a polui\u00e7\u00e3o sonora.<\/p>\n<p>&nbsp;<\/p>\n<p>Marcio Querichelli, presidente da IVECO para a Am\u00e9rica Latina, afirma que o objetivo para os pr\u00f3ximos anos \u00e9 ampliar o portf\u00f3lio de produtos e servi\u00e7os com foco na rentabilidade do cliente e na redu\u00e7\u00e3o da emiss\u00e3o de poluentes, principalmente nos grandes centros urbanos, com ve\u00edculos movidos a g\u00e1s natural e eletricidade.<\/p>\n<p>&nbsp;<\/p>\n<p>\u201cA sustentabilidade \u00e9 uma prioridade para o Iveco Group. Nosso objetivo \u00e9 alcan\u00e7ar zero emiss\u00f5es de carbono at\u00e9 2040 e \u00e9 para onde estamos indo. \u00c9 uma escolha que fazemos no nosso dia a dia levando em considera\u00e7\u00e3o toda a cadeia de valor dos produtos e servi\u00e7os que oferecemos\u201d, comenta Marcio Querichelli.<\/p>\n<p>&nbsp;<\/p>\n<p>O \u00f4nibus el\u00e9trico E-Way se destaca por seu design moderno e layout interno funcional, projetado para proporcionar uma viagem agrad\u00e1vel e confort\u00e1vel aos passageiros e ao motorista, atendendo as condi\u00e7\u00f5es de opera\u00e7\u00e3o, com condu\u00e7\u00e3o suave, silenciosa e acelera\u00e7\u00e3o sem vibra\u00e7\u00f5es.<\/p>\n<p>&nbsp;<\/p>\n<p>Danilo Fetzner destacou que as expectativas dos clientes est\u00e3o evoluindo e novas tend\u00eancias est\u00e3o surgindo para a digitaliza\u00e7\u00e3o dos produtos e a baixa economia de combust\u00edveis f\u00f3sseis em todas as \u00e1reas, inclusive no transporte.<\/p>\n<p>&nbsp;<\/p>\n<p>J\u00e1 o engenheiro Pablo Ramos, diretor de Opera\u00e7\u00f5es da Santa Rosa, ratificou o compromisso com a mobilidade el\u00e9trica no Uruguai e com a transi\u00e7\u00e3o energ\u00e9tica.<\/p>\n<p>&nbsp;<\/p>\n<p>Nos modelos E-Way, as baterias est\u00e3o localizadas no teto e no compartimento traseiro para permitir o acesso ao piso baixo e maximizar a capacidade de passageiros, proporcionando o melhor equil\u00edbrio entre espa\u00e7o e desempenho.<\/p>\n<p>&nbsp;<\/p>\n<p><strong>Solu\u00e7\u00f5es sustent\u00e1veis para todas as miss\u00f5es de mobilidade<\/strong><\/p>\n<p>&nbsp;<\/p>\n<p>A IVECO BUS sempre respondeu \u00e0s crescentes necessidades dos seus clientes para obter ve\u00edculos mais limpos, com a preserva\u00e7\u00e3o do meio ambiente, oferecendo solu\u00e7\u00f5es de transporte sustent\u00e1veis.<\/p>\n<p>&nbsp;<\/p>\n<p>Adaptados a todo o tipo de miss\u00f5es: urbanas, interurbanas, tur\u00edsticas, locais e de m\u00e9dia dist\u00e2ncia, os modelos colocam a experi\u00eancia da marca a servi\u00e7o de uma mobilidade ambiental e financeiramente vi\u00e1vel.<\/p>\n<p>&nbsp;<\/p>\n<p>\u201cEstamos em um caminho sem volta para um futuro que tem como pilar principal a inova\u00e7\u00e3o. Trazendo para o nosso segmento, a discuss\u00e3o sobre mobilidade urbana j\u00e1 faz parte do presente, com a conectividade e o desenvolvimento de combust\u00edveis alternativos\u201d, diz Querichelli.<\/p>\n<p>&nbsp;<\/p>\n<p>Nesse sentido, em setembro deste ano e no marco da Semana da Mobilidade Sustent\u00e1vel, a montadora apresentou, em sua f\u00e1brica de C\u00f3rdoba, na Argentina, um novo integrante da linha Natural Power: o chassi 170G21 que far\u00e1 parte do primeiro \u00f4nibus a GNV fabricado na Argentina.<\/p>\n<p>&nbsp;<\/p>\n<p>O 170G21 tamb\u00e9m ser\u00e1 um produto de exporta\u00e7\u00e3o para a Am\u00e9rica Latina. \u201cAo incorporar este \u00f4nibus ao portf\u00f3lio de produtos IVECO BUS, n\u00e3o pensamos apenas no mercado local, mas tamb\u00e9m nos propusemos a export\u00e1-lo para pa\u00edses como Uruguai, Col\u00f4mbia, Chile, Peru, Rep\u00fablica Dominicana entre outros importadores da Am\u00e9rica Latina. Conhecemos as necessidades dos clientes e por isso as nossas expectativas com este ve\u00edculo s\u00e3o elevadas\u201d, disse Danilo Fetzner, diretor da IVECO BUS para a Am\u00e9rica Latina. (Truck &amp; Bus Builder Am\u00e9rica do Sul)<\/p>\n","protected":false},"excerpt":{"rendered":"<p>Truck &amp; Bus Builder Am\u00e9rica do Sul &nbsp; A IVECO BUS e a Santa Rosa, distribuidora autorizada da marca no Uruguai, apresentaram em dezembro o \u00f4nibus el\u00e9trico E-Way para o mercado local. O modelo estar\u00e1 dispon\u00edvel em quatro comprimentos diferentes (9,5m, 10,7m, 12m e 18m), com capacidade vari\u00e1vel em termos de n\u00famero de passageiros a\u2026 <a class=\"readmore\" href=\"https:\/\/dana.com.br\/canaldana\/2022\/12\/20\/iveco-apresenta-onibus-eletrico-e-way-no-uruguai\/\">Leia mais \u00bb<\/a><\/p>\n","protected":false},"author":3,"featured_media":0,"comment_status":"closed","ping_status":"closed","sticky":false,"template":"","format":"standard","meta":{"_acf_changed":false,"footnotes":""},"categories":[110],"tags":[],"class_list":["post-62910","post","type-post","status-publish","format-standard","hentry","category-eletricos"],"acf":[],"yoast_head":"<!-- This site is optimized with the Yoast SEO plugin v27.3 - https:\/\/yoast.com\/product\/yoast-seo-wordpress\/ -->\n<title>IVECO apresenta \u00f4nibus el\u00e9trico E-Way no Uruguai - Canal Dana<\/title>\n<meta name=\"robots\" content=\"index, follow, max-snippet:-1, max-image-preview:large, max-video-preview:-1\" \/>\n<link rel=\"canonical\" href=\"https:\/\/dana.com.br\/canaldana\/2022\/12\/20\/iveco-apresenta-onibus-eletrico-e-way-no-uruguai\/\" \/>\n<meta property=\"og:locale\" content=\"pt_BR\" \/>\n<meta property=\"og:type\" content=\"article\" \/>\n<meta property=\"og:title\" content=\"IVECO apresenta \u00f4nibus el\u00e9trico E-Way no Uruguai - Canal Dana\" \/>\n<meta property=\"og:description\" content=\"Truck &amp; Bus Builder Am\u00e9rica do Sul &nbsp; A IVECO BUS e a Santa Rosa, distribuidora autorizada da marca no Uruguai, apresentaram em dezembro o \u00f4nibus el\u00e9trico E-Way para o mercado local. O modelo estar\u00e1 dispon\u00edvel em quatro comprimentos diferentes (9,5m, 10,7m, 12m e 18m), com capacidade vari\u00e1vel em termos de n\u00famero de passageiros a\u2026 Leia mais \u00bb\" \/>\n<meta property=\"og:url\" content=\"https:\/\/dana.com.br\/canaldana\/2022\/12\/20\/iveco-apresenta-onibus-eletrico-e-way-no-uruguai\/\" \/>\n<meta property=\"og:site_name\" content=\"Canal Dana\" \/>\n<meta property=\"article:published_time\" content=\"2022-12-20T11:19:12+00:00\" \/>\n<meta name=\"author\" content=\"Canal Dana\" \/>\n<meta name=\"twitter:card\" content=\"summary_large_image\" \/>\n<meta name=\"twitter:label1\" content=\"Escrito por\" \/>\n\t<meta name=\"twitter:data1\" content=\"Canal Dana\" \/>\n\t<meta name=\"twitter:label2\" content=\"Est. tempo de leitura\" \/>\n\t<meta name=\"twitter:data2\" content=\"3 minutos\" \/>\n<script type=\"application\/ld+json\" class=\"yoast-schema-graph\">{\"@context\":\"https:\\\/\\\/schema.org\",\"@graph\":[{\"@type\":\"Article\",\"@id\":\"https:\\\/\\\/dana.com.br\\\/canaldana\\\/2022\\\/12\\\/20\\\/iveco-apresenta-onibus-eletrico-e-way-no-uruguai\\\/#article\",\"isPartOf\":{\"@id\":\"https:\\\/\\\/dana.com.br\\\/canaldana\\\/2022\\\/12\\\/20\\\/iveco-apresenta-onibus-eletrico-e-way-no-uruguai\\\/\"},\"author\":{\"name\":\"Canal Dana\",\"@id\":\"https:\\\/\\\/dana.com.br\\\/canaldana\\\/#\\\/schema\\\/person\\\/3c21f22f56fcf3bc46b94bc60ea4fef6\"},\"headline\":\"IVECO apresenta \u00f4nibus el\u00e9trico E-Way no Uruguai\",\"datePublished\":\"2022-12-20T11:19:12+00:00\",\"mainEntityOfPage\":{\"@id\":\"https:\\\/\\\/dana.com.br\\\/canaldana\\\/2022\\\/12\\\/20\\\/iveco-apresenta-onibus-eletrico-e-way-no-uruguai\\\/\"},\"wordCount\":700,\"articleSection\":[\"El\u00e9tricos\"],\"inLanguage\":\"pt-BR\"},{\"@type\":\"WebPage\",\"@id\":\"https:\\\/\\\/dana.com.br\\\/canaldana\\\/2022\\\/12\\\/20\\\/iveco-apresenta-onibus-eletrico-e-way-no-uruguai\\\/\",\"url\":\"https:\\\/\\\/dana.com.br\\\/canaldana\\\/2022\\\/12\\\/20\\\/iveco-apresenta-onibus-eletrico-e-way-no-uruguai\\\/\",\"name\":\"IVECO apresenta \u00f4nibus el\u00e9trico E-Way no Uruguai - Canal Dana\",\"isPartOf\":{\"@id\":\"https:\\\/\\\/dana.com.br\\\/canaldana\\\/#website\"},\"datePublished\":\"2022-12-20T11:19:12+00:00\",\"author\":{\"@id\":\"https:\\\/\\\/dana.com.br\\\/canaldana\\\/#\\\/schema\\\/person\\\/3c21f22f56fcf3bc46b94bc60ea4fef6\"},\"breadcrumb\":{\"@id\":\"https:\\\/\\\/dana.com.br\\\/canaldana\\\/2022\\\/12\\\/20\\\/iveco-apresenta-onibus-eletrico-e-way-no-uruguai\\\/#breadcrumb\"},\"inLanguage\":\"pt-BR\",\"potentialAction\":[{\"@type\":\"ReadAction\",\"target\":[\"https:\\\/\\\/dana.com.br\\\/canaldana\\\/2022\\\/12\\\/20\\\/iveco-apresenta-onibus-eletrico-e-way-no-uruguai\\\/\"]}]},{\"@type\":\"BreadcrumbList\",\"@id\":\"https:\\\/\\\/dana.com.br\\\/canaldana\\\/2022\\\/12\\\/20\\\/iveco-apresenta-onibus-eletrico-e-way-no-uruguai\\\/#breadcrumb\",\"itemListElement\":[{\"@type\":\"ListItem\",\"position\":1,\"name\":\"Home\",\"item\":\"https:\\\/\\\/dana.com.br\\\/canaldana\\\/\"},{\"@type\":\"ListItem\",\"position\":2,\"name\":\"El\u00e9tricos\",\"item\":\"https:\\\/\\\/dana.com.br\\\/canaldana\\\/eletricos\\\/\"},{\"@type\":\"ListItem\",\"position\":3,\"name\":\"IVECO apresenta \u00f4nibus el\u00e9trico E-Way no Uruguai\"}]},{\"@type\":\"WebSite\",\"@id\":\"https:\\\/\\\/dana.com.br\\\/canaldana\\\/#website\",\"url\":\"https:\\\/\\\/dana.com.br\\\/canaldana\\\/\",\"name\":\"Canal Dana\",\"description\":\"Informativo com as principais not\u00edcias da ind\u00fastria automotiva\",\"potentialAction\":[{\"@type\":\"SearchAction\",\"target\":{\"@type\":\"EntryPoint\",\"urlTemplate\":\"https:\\\/\\\/dana.com.br\\\/canaldana\\\/?s={search_term_string}\"},\"query-input\":{\"@type\":\"PropertyValueSpecification\",\"valueRequired\":true,\"valueName\":\"search_term_string\"}}],\"inLanguage\":\"pt-BR\"},{\"@type\":\"Person\",\"@id\":\"https:\\\/\\\/dana.com.br\\\/canaldana\\\/#\\\/schema\\\/person\\\/3c21f22f56fcf3bc46b94bc60ea4fef6\",\"name\":\"Canal Dana\",\"image\":{\"@type\":\"ImageObject\",\"inLanguage\":\"pt-BR\",\"@id\":\"https:\\\/\\\/secure.gravatar.com\\\/avatar\\\/420aaf9278582877d9018637c6817617705899d2858d7572ef0fe59a6b6454b4?s=96&d=mm&r=g\",\"url\":\"https:\\\/\\\/secure.gravatar.com\\\/avatar\\\/420aaf9278582877d9018637c6817617705899d2858d7572ef0fe59a6b6454b4?s=96&d=mm&r=g\",\"contentUrl\":\"https:\\\/\\\/secure.gravatar.com\\\/avatar\\\/420aaf9278582877d9018637c6817617705899d2858d7572ef0fe59a6b6454b4?s=96&d=mm&r=g\",\"caption\":\"Canal Dana\"},\"url\":\"https:\\\/\\\/dana.com.br\\\/canaldana\\\/author\\\/cdeditor\\\/\"}]}<\/script>\n<!-- \/ Yoast SEO plugin. -->","yoast_head_json":{"title":"IVECO apresenta \u00f4nibus el\u00e9trico E-Way no Uruguai - Canal Dana","robots":{"index":"index","follow":"follow","max-snippet":"max-snippet:-1","max-image-preview":"max-image-preview:large","max-video-preview":"max-video-preview:-1"},"canonical":"https:\/\/dana.com.br\/canaldana\/2022\/12\/20\/iveco-apresenta-onibus-eletrico-e-way-no-uruguai\/","og_locale":"pt_BR","og_type":"article","og_title":"IVECO apresenta \u00f4nibus el\u00e9trico E-Way no Uruguai - Canal Dana","og_description":"Truck &amp; Bus Builder Am\u00e9rica do Sul &nbsp; A IVECO BUS e a Santa Rosa, distribuidora autorizada da marca no Uruguai, apresentaram em dezembro o \u00f4nibus el\u00e9trico E-Way para o mercado local. O modelo estar\u00e1 dispon\u00edvel em quatro comprimentos diferentes (9,5m, 10,7m, 12m e 18m), com capacidade vari\u00e1vel em termos de n\u00famero de passageiros a\u2026 Leia mais \u00bb","og_url":"https:\/\/dana.com.br\/canaldana\/2022\/12\/20\/iveco-apresenta-onibus-eletrico-e-way-no-uruguai\/","og_site_name":"Canal Dana","article_published_time":"2022-12-20T11:19:12+00:00","author":"Canal Dana","twitter_card":"summary_large_image","twitter_misc":{"Escrito por":"Canal Dana","Est. tempo de leitura":"3 minutos"},"schema":{"@context":"https:\/\/schema.org","@graph":[{"@type":"Article","@id":"https:\/\/dana.com.br\/canaldana\/2022\/12\/20\/iveco-apresenta-onibus-eletrico-e-way-no-uruguai\/#article","isPartOf":{"@id":"https:\/\/dana.com.br\/canaldana\/2022\/12\/20\/iveco-apresenta-onibus-eletrico-e-way-no-uruguai\/"},"author":{"name":"Canal Dana","@id":"https:\/\/dana.com.br\/canaldana\/#\/schema\/person\/3c21f22f56fcf3bc46b94bc60ea4fef6"},"headline":"IVECO apresenta \u00f4nibus el\u00e9trico E-Way no Uruguai","datePublished":"2022-12-20T11:19:12+00:00","mainEntityOfPage":{"@id":"https:\/\/dana.com.br\/canaldana\/2022\/12\/20\/iveco-apresenta-onibus-eletrico-e-way-no-uruguai\/"},"wordCount":700,"articleSection":["El\u00e9tricos"],"inLanguage":"pt-BR"},{"@type":"WebPage","@id":"https:\/\/dana.com.br\/canaldana\/2022\/12\/20\/iveco-apresenta-onibus-eletrico-e-way-no-uruguai\/","url":"https:\/\/dana.com.br\/canaldana\/2022\/12\/20\/iveco-apresenta-onibus-eletrico-e-way-no-uruguai\/","name":"IVECO apresenta \u00f4nibus el\u00e9trico E-Way no Uruguai - Canal Dana","isPartOf":{"@id":"https:\/\/dana.com.br\/canaldana\/#website"},"datePublished":"2022-12-20T11:19:12+00:00","author":{"@id":"https:\/\/dana.com.br\/canaldana\/#\/schema\/person\/3c21f22f56fcf3bc46b94bc60ea4fef6"},"breadcrumb":{"@id":"https:\/\/dana.com.br\/canaldana\/2022\/12\/20\/iveco-apresenta-onibus-eletrico-e-way-no-uruguai\/#breadcrumb"},"inLanguage":"pt-BR","potentialAction":[{"@type":"ReadAction","target":["https:\/\/dana.com.br\/canaldana\/2022\/12\/20\/iveco-apresenta-onibus-eletrico-e-way-no-uruguai\/"]}]},{"@type":"BreadcrumbList","@id":"https:\/\/dana.com.br\/canaldana\/2022\/12\/20\/iveco-apresenta-onibus-eletrico-e-way-no-uruguai\/#breadcrumb","itemListElement":[{"@type":"ListItem","position":1,"name":"Home","item":"https:\/\/dana.com.br\/canaldana\/"},{"@type":"ListItem","position":2,"name":"El\u00e9tricos","item":"https:\/\/dana.com.br\/canaldana\/eletricos\/"},{"@type":"ListItem","position":3,"name":"IVECO apresenta \u00f4nibus el\u00e9trico E-Way no Uruguai"}]},{"@type":"WebSite","@id":"https:\/\/dana.com.br\/canaldana\/#website","url":"https:\/\/dana.com.br\/canaldana\/","name":"Canal Dana","description":"Informativo com as principais not\u00edcias da ind\u00fastria automotiva","potentialAction":[{"@type":"SearchAction","target":{"@type":"EntryPoint","urlTemplate":"https:\/\/dana.com.br\/canaldana\/?s={search_term_string}"},"query-input":{"@type":"PropertyValueSpecification","valueRequired":true,"valueName":"search_term_string"}}],"inLanguage":"pt-BR"},{"@type":"Person","@id":"https:\/\/dana.com.br\/canaldana\/#\/schema\/person\/3c21f22f56fcf3bc46b94bc60ea4fef6","name":"Canal Dana","image":{"@type":"ImageObject","inLanguage":"pt-BR","@id":"https:\/\/secure.gravatar.com\/avatar\/420aaf9278582877d9018637c6817617705899d2858d7572ef0fe59a6b6454b4?s=96&d=mm&r=g","url":"https:\/\/secure.gravatar.com\/avatar\/420aaf9278582877d9018637c6817617705899d2858d7572ef0fe59a6b6454b4?s=96&d=mm&r=g","contentUrl":"https:\/\/secure.gravatar.com\/avatar\/420aaf9278582877d9018637c6817617705899d2858d7572ef0fe59a6b6454b4?s=96&d=mm&r=g","caption":"Canal Dana"},"url":"https:\/\/dana.com.br\/canaldana\/author\/cdeditor\/"}]}},"_links":{"self":[{"href":"https:\/\/dana.com.br\/canaldana\/wp-json\/wp\/v2\/posts\/62910","targetHints":{"allow":["GET"]}}],"collection":[{"href":"https:\/\/dana.com.br\/canaldana\/wp-json\/wp\/v2\/posts"}],"about":[{"href":"https:\/\/dana.com.br\/canaldana\/wp-json\/wp\/v2\/types\/post"}],"author":[{"embeddable":true,"href":"https:\/\/dana.com.br\/canaldana\/wp-json\/wp\/v2\/users\/3"}],"replies":[{"embeddable":true,"href":"https:\/\/dana.com.br\/canaldana\/wp-json\/wp\/v2\/comments?post=62910"}],"version-history":[{"count":0,"href":"https:\/\/dana.com.br\/canaldana\/wp-json\/wp\/v2\/posts\/62910\/revisions"}],"wp:attachment":[{"href":"https:\/\/dana.com.br\/canaldana\/wp-json\/wp\/v2\/media?parent=62910"}],"wp:term":[{"taxonomy":"category","embeddable":true,"href":"https:\/\/dana.com.br\/canaldana\/wp-json\/wp\/v2\/categories?post=62910"},{"taxonomy":"post_tag","embeddable":true,"href":"https:\/\/dana.com.br\/canaldana\/wp-json\/wp\/v2\/tags?post=62910"}],"curies":[{"name":"wp","href":"https:\/\/api.w.org\/{rel}","templated":true}]}}