{"id":62906,"date":"2022-12-20T08:18:00","date_gmt":"2022-12-20T11:18:00","guid":{"rendered":"https:\/\/dana.com.br\/canaldana\/?p=62906"},"modified":"2022-12-20T08:18:00","modified_gmt":"2022-12-20T11:18:00","slug":"premiacao-realizada-pelo-iveco-group-reforca-a-importancia-da-educacao-para-o-desenvolvimento-social-e-a-geracao-de-oportunidades","status":"publish","type":"post","link":"https:\/\/dana.com.br\/canaldana\/2022\/12\/20\/premiacao-realizada-pelo-iveco-group-reforca-a-importancia-da-educacao-para-o-desenvolvimento-social-e-a-geracao-de-oportunidades\/","title":{"rendered":"Premia\u00e7\u00e3o realizada pelo Iveco Group refor\u00e7a a import\u00e2ncia da educa\u00e7\u00e3o para o desenvolvimento social e a gera\u00e7\u00e3o de oportunidades"},"content":{"rendered":"<p><em>Coisas de Agora<\/em><\/p>\n<p>&nbsp;<\/p>\n<p>Essencial para a forma\u00e7\u00e3o do cidad\u00e3o e a transforma\u00e7\u00e3o da sociedade, a educa\u00e7\u00e3o \u00e9 um dos pilares do Iveco Group, que compreende o desenvolvimento individual como chave para o fortalecimento do senso cr\u00edtico e da autonomia do ser humano. Exatamente por isso, empenha-se em incentiv\u00e1-la dentro e fora de suas depend\u00eancias. Na \u00faltima semana, filhos de colaboradores da empresa em idade escolar foram premiados com base em seus desempenhos nos ensinos m\u00e9dio e superior, durante o 25\u00ba Pr\u00eamio Sergio Marchionne de Educa\u00e7\u00e3o, realizado no Museu Inim\u00e1 de Paula, em Belo Horizonte (MG).<\/p>\n<p>&nbsp;<\/p>\n<p>A cerim\u00f4nia foi um importante momento para reconhecer e estimular os formandos de 2020 e 2021, filhos e filhas de colaboradores do Iveco Group. Mais de 130 jovens, com at\u00e9 20 anos na data de conclus\u00e3o dos estudos no ensino m\u00e9dio e at\u00e9 26 para cursos de n\u00edvel superior, se inscreveram para concorrer \u00e0 premia\u00e7\u00e3o. A escolha dos vencedores levou em conta o desempenho escolar de cada estudante, a partir de an\u00e1lise realizada por uma banca de jurados formada por professores convidados.<\/p>\n<p>&nbsp;<\/p>\n<p>Marco Rangel, presidente da FPT Industrial \u2013 marca do Iveco Group \u2013 para a Am\u00e9rica Latina, representou a empresa na cerim\u00f4nia e assegurou o compromisso do grupo com o tema, ressaltando a import\u00e2ncia da premia\u00e7\u00e3o \u2013 uma forma de incentivar sociedades mais justas por meio de oportunidades igualit\u00e1rias. \u201cAcreditamos, fortemente, que esse \u00e9 o caminho para fazer a diferen\u00e7a no mundo em que vivemos, tanto na vida pessoal, quando na profissional. E \u00e9 por isso que apoiamos e realizamos o Pr\u00eamio Sergio Marchionne, uma forma de levar adiante os valores nos quais acreditamos e de plantar, em todos, a semente da esperan\u00e7a por um mundo melhor a partir da educa\u00e7\u00e3o\u201d, afirma.<\/p>\n<p>&nbsp;<\/p>\n<p>Marcio Querichelli, presidente da IVECO para a Am\u00e9rica Latina, refor\u00e7ou o papel da premia\u00e7\u00e3o como incentivo \u00e0 educa\u00e7\u00e3o para potencializar o talento e valorizar a diversidade. \u201cAcreditamos na educa\u00e7\u00e3o como uma das principais respons\u00e1veis pela multiplica\u00e7\u00e3o do conhecimento e desenvolvimento de habilidades \u00fateis para a atua\u00e7\u00e3o dos indiv\u00edduos em suas comunidades. Por isso, temos consci\u00eancia de nossa responsabilidade enquanto empresa ao premiar jovens que se dedicam e se destacam nos estudos\u201d, acrescentou.<\/p>\n<p>&nbsp;<\/p>\n<p><strong>O pr\u00eamio<\/strong><\/p>\n<p>&nbsp;<\/p>\n<p>Ao todo, foram premiados 20 estudantes do ensino m\u00e9dio, sendo 14 mulheres e seis homens, cada um com R$ 4 mil; e oito estudantes formados no ensino superior \u2013 quatro mulheres e quatro homens, com R$ 8 mil, cada.<\/p>\n<p>&nbsp;<\/p>\n<p>O Pr\u00eamio Sergio Marchionne de Educa\u00e7\u00e3o \u00e9 realizado globalmente, todos os anos, desde 1995, e j\u00e1 distribuiu mais de R$ 9 milh\u00f5es entre mais de 2,5 mil estudantes.<\/p>\n<p>&nbsp;<\/p>\n<p>Iveco Group N.V. (MI: IVG) \u00e9 um l\u00edder automotivo global ativo em Ve\u00edculos Comerciais e Especiais, Powertrain e Servi\u00e7os Financeiros relacionados. Cada uma de suas oito marcas \u00e9 uma grande for\u00e7a em seu neg\u00f3cio espec\u00edfico: IVECO, pioneira em ve\u00edculos comerciais, projeta, fabrica e comercializa caminh\u00f5es pesados, m\u00e9dios e leves; FPT Industrial, l\u00edder global em uma vasta gama de tecnologias avan\u00e7adas de powertrain nos setores de agricultura, constru\u00e7\u00e3o, naval, gera\u00e7\u00e3o de energia e ve\u00edculos comerciais; IVECO BUS e HEULIEZ, marcas de \u00f4nibus para o transporte coletivo e premium de passageiros; IDV para ve\u00edculos de defesa e prote\u00e7\u00e3o civil altamente especializados; ASTRA, l\u00edder em ve\u00edculos pesados para minera\u00e7\u00e3o e constru\u00e7\u00e3o em grande escala; Magirus, fabricante de ve\u00edculos e equipamentos de combate a inc\u00eandios de renome internacional no segmento; e IVECO CAPITAL, bra\u00e7o financeiro que apoia as marcas do grupo. O Iveco Group emprega aproximadamente 34 mil pessoas em todo o mundo e possui 28 f\u00e1bricas e 29 centros de pesquisa e desenvolvimento. Na Am\u00e9rica do Sul, estamos presentes no Brasil (no Estado de Minas Gerais) e na Argentina (em C\u00f3rdoba), onde reunimos aproximadamente 4 mil colaboradores. Para mais informa\u00e7\u00f5es sobre o Iveco Group: <a href=\"http:\/\/www.ivecogroup.com\" target=\"_blank\" rel=\"noopener\">http:\/\/www.ivecogroup.com<\/a>. (Coisas de Agora)<\/p>\n","protected":false},"excerpt":{"rendered":"<p>Coisas de Agora &nbsp; Essencial para a forma\u00e7\u00e3o do cidad\u00e3o e a transforma\u00e7\u00e3o da sociedade, a educa\u00e7\u00e3o \u00e9 um dos pilares do Iveco Group, que compreende o desenvolvimento individual como chave para o fortalecimento do senso cr\u00edtico e da autonomia do ser humano. Exatamente por isso, empenha-se em incentiv\u00e1-la dentro e fora de suas depend\u00eancias.\u2026 <a class=\"readmore\" href=\"https:\/\/dana.com.br\/canaldana\/2022\/12\/20\/premiacao-realizada-pelo-iveco-group-reforca-a-importancia-da-educacao-para-o-desenvolvimento-social-e-a-geracao-de-oportunidades\/\">Leia mais \u00bb<\/a><\/p>\n","protected":false},"author":3,"featured_media":0,"comment_status":"closed","ping_status":"closed","sticky":false,"template":"","format":"standard","meta":{"_acf_changed":false,"footnotes":""},"categories":[74],"tags":[],"class_list":["post-62906","post","type-post","status-publish","format-standard","hentry","category-premios"],"acf":[],"yoast_head":"<!-- This site is optimized with the Yoast SEO plugin v27.3 - https:\/\/yoast.com\/product\/yoast-seo-wordpress\/ -->\n<title>Premia\u00e7\u00e3o realizada pelo Iveco Group refor\u00e7a a import\u00e2ncia da educa\u00e7\u00e3o para o desenvolvimento social e a gera\u00e7\u00e3o de oportunidades - Canal Dana<\/title>\n<meta name=\"robots\" content=\"index, follow, max-snippet:-1, max-image-preview:large, max-video-preview:-1\" \/>\n<link rel=\"canonical\" href=\"https:\/\/dana.com.br\/canaldana\/2022\/12\/20\/premiacao-realizada-pelo-iveco-group-reforca-a-importancia-da-educacao-para-o-desenvolvimento-social-e-a-geracao-de-oportunidades\/\" \/>\n<meta property=\"og:locale\" content=\"pt_BR\" \/>\n<meta property=\"og:type\" content=\"article\" \/>\n<meta property=\"og:title\" content=\"Premia\u00e7\u00e3o realizada pelo Iveco Group refor\u00e7a a import\u00e2ncia da educa\u00e7\u00e3o para o desenvolvimento social e a gera\u00e7\u00e3o de oportunidades - Canal Dana\" \/>\n<meta property=\"og:description\" content=\"Coisas de Agora &nbsp; Essencial para a forma\u00e7\u00e3o do cidad\u00e3o e a transforma\u00e7\u00e3o da sociedade, a educa\u00e7\u00e3o \u00e9 um dos pilares do Iveco Group, que compreende o desenvolvimento individual como chave para o fortalecimento do senso cr\u00edtico e da autonomia do ser humano. Exatamente por isso, empenha-se em incentiv\u00e1-la dentro e fora de suas depend\u00eancias.\u2026 Leia mais \u00bb\" \/>\n<meta property=\"og:url\" content=\"https:\/\/dana.com.br\/canaldana\/2022\/12\/20\/premiacao-realizada-pelo-iveco-group-reforca-a-importancia-da-educacao-para-o-desenvolvimento-social-e-a-geracao-de-oportunidades\/\" \/>\n<meta property=\"og:site_name\" content=\"Canal Dana\" \/>\n<meta property=\"article:published_time\" content=\"2022-12-20T11:18:00+00:00\" \/>\n<meta name=\"author\" content=\"Canal Dana\" \/>\n<meta name=\"twitter:card\" content=\"summary_large_image\" \/>\n<meta name=\"twitter:label1\" content=\"Escrito por\" \/>\n\t<meta name=\"twitter:data1\" content=\"Canal Dana\" \/>\n\t<meta name=\"twitter:label2\" content=\"Est. tempo de leitura\" \/>\n\t<meta name=\"twitter:data2\" content=\"3 minutos\" \/>\n<script type=\"application\/ld+json\" class=\"yoast-schema-graph\">{\"@context\":\"https:\\\/\\\/schema.org\",\"@graph\":[{\"@type\":\"Article\",\"@id\":\"https:\\\/\\\/dana.com.br\\\/canaldana\\\/2022\\\/12\\\/20\\\/premiacao-realizada-pelo-iveco-group-reforca-a-importancia-da-educacao-para-o-desenvolvimento-social-e-a-geracao-de-oportunidades\\\/#article\",\"isPartOf\":{\"@id\":\"https:\\\/\\\/dana.com.br\\\/canaldana\\\/2022\\\/12\\\/20\\\/premiacao-realizada-pelo-iveco-group-reforca-a-importancia-da-educacao-para-o-desenvolvimento-social-e-a-geracao-de-oportunidades\\\/\"},\"author\":{\"name\":\"Canal Dana\",\"@id\":\"https:\\\/\\\/dana.com.br\\\/canaldana\\\/#\\\/schema\\\/person\\\/3c21f22f56fcf3bc46b94bc60ea4fef6\"},\"headline\":\"Premia\u00e7\u00e3o realizada pelo Iveco Group refor\u00e7a a import\u00e2ncia da educa\u00e7\u00e3o para o desenvolvimento social e a gera\u00e7\u00e3o de oportunidades\",\"datePublished\":\"2022-12-20T11:18:00+00:00\",\"mainEntityOfPage\":{\"@id\":\"https:\\\/\\\/dana.com.br\\\/canaldana\\\/2022\\\/12\\\/20\\\/premiacao-realizada-pelo-iveco-group-reforca-a-importancia-da-educacao-para-o-desenvolvimento-social-e-a-geracao-de-oportunidades\\\/\"},\"wordCount\":698,\"articleSection\":[\"Pr\u00eamios\"],\"inLanguage\":\"pt-BR\"},{\"@type\":\"WebPage\",\"@id\":\"https:\\\/\\\/dana.com.br\\\/canaldana\\\/2022\\\/12\\\/20\\\/premiacao-realizada-pelo-iveco-group-reforca-a-importancia-da-educacao-para-o-desenvolvimento-social-e-a-geracao-de-oportunidades\\\/\",\"url\":\"https:\\\/\\\/dana.com.br\\\/canaldana\\\/2022\\\/12\\\/20\\\/premiacao-realizada-pelo-iveco-group-reforca-a-importancia-da-educacao-para-o-desenvolvimento-social-e-a-geracao-de-oportunidades\\\/\",\"name\":\"Premia\u00e7\u00e3o realizada pelo Iveco Group refor\u00e7a a import\u00e2ncia da educa\u00e7\u00e3o para o desenvolvimento social e a gera\u00e7\u00e3o de oportunidades - Canal Dana\",\"isPartOf\":{\"@id\":\"https:\\\/\\\/dana.com.br\\\/canaldana\\\/#website\"},\"datePublished\":\"2022-12-20T11:18:00+00:00\",\"author\":{\"@id\":\"https:\\\/\\\/dana.com.br\\\/canaldana\\\/#\\\/schema\\\/person\\\/3c21f22f56fcf3bc46b94bc60ea4fef6\"},\"breadcrumb\":{\"@id\":\"https:\\\/\\\/dana.com.br\\\/canaldana\\\/2022\\\/12\\\/20\\\/premiacao-realizada-pelo-iveco-group-reforca-a-importancia-da-educacao-para-o-desenvolvimento-social-e-a-geracao-de-oportunidades\\\/#breadcrumb\"},\"inLanguage\":\"pt-BR\",\"potentialAction\":[{\"@type\":\"ReadAction\",\"target\":[\"https:\\\/\\\/dana.com.br\\\/canaldana\\\/2022\\\/12\\\/20\\\/premiacao-realizada-pelo-iveco-group-reforca-a-importancia-da-educacao-para-o-desenvolvimento-social-e-a-geracao-de-oportunidades\\\/\"]}]},{\"@type\":\"BreadcrumbList\",\"@id\":\"https:\\\/\\\/dana.com.br\\\/canaldana\\\/2022\\\/12\\\/20\\\/premiacao-realizada-pelo-iveco-group-reforca-a-importancia-da-educacao-para-o-desenvolvimento-social-e-a-geracao-de-oportunidades\\\/#breadcrumb\",\"itemListElement\":[{\"@type\":\"ListItem\",\"position\":1,\"name\":\"Home\",\"item\":\"https:\\\/\\\/dana.com.br\\\/canaldana\\\/\"},{\"@type\":\"ListItem\",\"position\":2,\"name\":\"Pr\u00eamios\",\"item\":\"https:\\\/\\\/dana.com.br\\\/canaldana\\\/premios\\\/\"},{\"@type\":\"ListItem\",\"position\":3,\"name\":\"Premia\u00e7\u00e3o realizada pelo Iveco Group refor\u00e7a a import\u00e2ncia da educa\u00e7\u00e3o para o desenvolvimento social e a gera\u00e7\u00e3o de oportunidades\"}]},{\"@type\":\"WebSite\",\"@id\":\"https:\\\/\\\/dana.com.br\\\/canaldana\\\/#website\",\"url\":\"https:\\\/\\\/dana.com.br\\\/canaldana\\\/\",\"name\":\"Canal Dana\",\"description\":\"Informativo com as principais not\u00edcias da ind\u00fastria automotiva\",\"potentialAction\":[{\"@type\":\"SearchAction\",\"target\":{\"@type\":\"EntryPoint\",\"urlTemplate\":\"https:\\\/\\\/dana.com.br\\\/canaldana\\\/?s={search_term_string}\"},\"query-input\":{\"@type\":\"PropertyValueSpecification\",\"valueRequired\":true,\"valueName\":\"search_term_string\"}}],\"inLanguage\":\"pt-BR\"},{\"@type\":\"Person\",\"@id\":\"https:\\\/\\\/dana.com.br\\\/canaldana\\\/#\\\/schema\\\/person\\\/3c21f22f56fcf3bc46b94bc60ea4fef6\",\"name\":\"Canal Dana\",\"image\":{\"@type\":\"ImageObject\",\"inLanguage\":\"pt-BR\",\"@id\":\"https:\\\/\\\/secure.gravatar.com\\\/avatar\\\/420aaf9278582877d9018637c6817617705899d2858d7572ef0fe59a6b6454b4?s=96&d=mm&r=g\",\"url\":\"https:\\\/\\\/secure.gravatar.com\\\/avatar\\\/420aaf9278582877d9018637c6817617705899d2858d7572ef0fe59a6b6454b4?s=96&d=mm&r=g\",\"contentUrl\":\"https:\\\/\\\/secure.gravatar.com\\\/avatar\\\/420aaf9278582877d9018637c6817617705899d2858d7572ef0fe59a6b6454b4?s=96&d=mm&r=g\",\"caption\":\"Canal Dana\"},\"url\":\"https:\\\/\\\/dana.com.br\\\/canaldana\\\/author\\\/cdeditor\\\/\"}]}<\/script>\n<!-- \/ Yoast SEO plugin. -->","yoast_head_json":{"title":"Premia\u00e7\u00e3o realizada pelo Iveco Group refor\u00e7a a import\u00e2ncia da educa\u00e7\u00e3o para o desenvolvimento social e a gera\u00e7\u00e3o de oportunidades - Canal Dana","robots":{"index":"index","follow":"follow","max-snippet":"max-snippet:-1","max-image-preview":"max-image-preview:large","max-video-preview":"max-video-preview:-1"},"canonical":"https:\/\/dana.com.br\/canaldana\/2022\/12\/20\/premiacao-realizada-pelo-iveco-group-reforca-a-importancia-da-educacao-para-o-desenvolvimento-social-e-a-geracao-de-oportunidades\/","og_locale":"pt_BR","og_type":"article","og_title":"Premia\u00e7\u00e3o realizada pelo Iveco Group refor\u00e7a a import\u00e2ncia da educa\u00e7\u00e3o para o desenvolvimento social e a gera\u00e7\u00e3o de oportunidades - Canal Dana","og_description":"Coisas de Agora &nbsp; Essencial para a forma\u00e7\u00e3o do cidad\u00e3o e a transforma\u00e7\u00e3o da sociedade, a educa\u00e7\u00e3o \u00e9 um dos pilares do Iveco Group, que compreende o desenvolvimento individual como chave para o fortalecimento do senso cr\u00edtico e da autonomia do ser humano. Exatamente por isso, empenha-se em incentiv\u00e1-la dentro e fora de suas depend\u00eancias.\u2026 Leia mais \u00bb","og_url":"https:\/\/dana.com.br\/canaldana\/2022\/12\/20\/premiacao-realizada-pelo-iveco-group-reforca-a-importancia-da-educacao-para-o-desenvolvimento-social-e-a-geracao-de-oportunidades\/","og_site_name":"Canal Dana","article_published_time":"2022-12-20T11:18:00+00:00","author":"Canal Dana","twitter_card":"summary_large_image","twitter_misc":{"Escrito por":"Canal Dana","Est. tempo de leitura":"3 minutos"},"schema":{"@context":"https:\/\/schema.org","@graph":[{"@type":"Article","@id":"https:\/\/dana.com.br\/canaldana\/2022\/12\/20\/premiacao-realizada-pelo-iveco-group-reforca-a-importancia-da-educacao-para-o-desenvolvimento-social-e-a-geracao-de-oportunidades\/#article","isPartOf":{"@id":"https:\/\/dana.com.br\/canaldana\/2022\/12\/20\/premiacao-realizada-pelo-iveco-group-reforca-a-importancia-da-educacao-para-o-desenvolvimento-social-e-a-geracao-de-oportunidades\/"},"author":{"name":"Canal Dana","@id":"https:\/\/dana.com.br\/canaldana\/#\/schema\/person\/3c21f22f56fcf3bc46b94bc60ea4fef6"},"headline":"Premia\u00e7\u00e3o realizada pelo Iveco Group refor\u00e7a a import\u00e2ncia da educa\u00e7\u00e3o para o desenvolvimento social e a gera\u00e7\u00e3o de oportunidades","datePublished":"2022-12-20T11:18:00+00:00","mainEntityOfPage":{"@id":"https:\/\/dana.com.br\/canaldana\/2022\/12\/20\/premiacao-realizada-pelo-iveco-group-reforca-a-importancia-da-educacao-para-o-desenvolvimento-social-e-a-geracao-de-oportunidades\/"},"wordCount":698,"articleSection":["Pr\u00eamios"],"inLanguage":"pt-BR"},{"@type":"WebPage","@id":"https:\/\/dana.com.br\/canaldana\/2022\/12\/20\/premiacao-realizada-pelo-iveco-group-reforca-a-importancia-da-educacao-para-o-desenvolvimento-social-e-a-geracao-de-oportunidades\/","url":"https:\/\/dana.com.br\/canaldana\/2022\/12\/20\/premiacao-realizada-pelo-iveco-group-reforca-a-importancia-da-educacao-para-o-desenvolvimento-social-e-a-geracao-de-oportunidades\/","name":"Premia\u00e7\u00e3o realizada pelo Iveco Group refor\u00e7a a import\u00e2ncia da educa\u00e7\u00e3o para o desenvolvimento social e a gera\u00e7\u00e3o de oportunidades - Canal Dana","isPartOf":{"@id":"https:\/\/dana.com.br\/canaldana\/#website"},"datePublished":"2022-12-20T11:18:00+00:00","author":{"@id":"https:\/\/dana.com.br\/canaldana\/#\/schema\/person\/3c21f22f56fcf3bc46b94bc60ea4fef6"},"breadcrumb":{"@id":"https:\/\/dana.com.br\/canaldana\/2022\/12\/20\/premiacao-realizada-pelo-iveco-group-reforca-a-importancia-da-educacao-para-o-desenvolvimento-social-e-a-geracao-de-oportunidades\/#breadcrumb"},"inLanguage":"pt-BR","potentialAction":[{"@type":"ReadAction","target":["https:\/\/dana.com.br\/canaldana\/2022\/12\/20\/premiacao-realizada-pelo-iveco-group-reforca-a-importancia-da-educacao-para-o-desenvolvimento-social-e-a-geracao-de-oportunidades\/"]}]},{"@type":"BreadcrumbList","@id":"https:\/\/dana.com.br\/canaldana\/2022\/12\/20\/premiacao-realizada-pelo-iveco-group-reforca-a-importancia-da-educacao-para-o-desenvolvimento-social-e-a-geracao-de-oportunidades\/#breadcrumb","itemListElement":[{"@type":"ListItem","position":1,"name":"Home","item":"https:\/\/dana.com.br\/canaldana\/"},{"@type":"ListItem","position":2,"name":"Pr\u00eamios","item":"https:\/\/dana.com.br\/canaldana\/premios\/"},{"@type":"ListItem","position":3,"name":"Premia\u00e7\u00e3o realizada pelo Iveco Group refor\u00e7a a import\u00e2ncia da educa\u00e7\u00e3o para o desenvolvimento social e a gera\u00e7\u00e3o de oportunidades"}]},{"@type":"WebSite","@id":"https:\/\/dana.com.br\/canaldana\/#website","url":"https:\/\/dana.com.br\/canaldana\/","name":"Canal Dana","description":"Informativo com as principais not\u00edcias da ind\u00fastria automotiva","potentialAction":[{"@type":"SearchAction","target":{"@type":"EntryPoint","urlTemplate":"https:\/\/dana.com.br\/canaldana\/?s={search_term_string}"},"query-input":{"@type":"PropertyValueSpecification","valueRequired":true,"valueName":"search_term_string"}}],"inLanguage":"pt-BR"},{"@type":"Person","@id":"https:\/\/dana.com.br\/canaldana\/#\/schema\/person\/3c21f22f56fcf3bc46b94bc60ea4fef6","name":"Canal Dana","image":{"@type":"ImageObject","inLanguage":"pt-BR","@id":"https:\/\/secure.gravatar.com\/avatar\/420aaf9278582877d9018637c6817617705899d2858d7572ef0fe59a6b6454b4?s=96&d=mm&r=g","url":"https:\/\/secure.gravatar.com\/avatar\/420aaf9278582877d9018637c6817617705899d2858d7572ef0fe59a6b6454b4?s=96&d=mm&r=g","contentUrl":"https:\/\/secure.gravatar.com\/avatar\/420aaf9278582877d9018637c6817617705899d2858d7572ef0fe59a6b6454b4?s=96&d=mm&r=g","caption":"Canal Dana"},"url":"https:\/\/dana.com.br\/canaldana\/author\/cdeditor\/"}]}},"_links":{"self":[{"href":"https:\/\/dana.com.br\/canaldana\/wp-json\/wp\/v2\/posts\/62906","targetHints":{"allow":["GET"]}}],"collection":[{"href":"https:\/\/dana.com.br\/canaldana\/wp-json\/wp\/v2\/posts"}],"about":[{"href":"https:\/\/dana.com.br\/canaldana\/wp-json\/wp\/v2\/types\/post"}],"author":[{"embeddable":true,"href":"https:\/\/dana.com.br\/canaldana\/wp-json\/wp\/v2\/users\/3"}],"replies":[{"embeddable":true,"href":"https:\/\/dana.com.br\/canaldana\/wp-json\/wp\/v2\/comments?post=62906"}],"version-history":[{"count":0,"href":"https:\/\/dana.com.br\/canaldana\/wp-json\/wp\/v2\/posts\/62906\/revisions"}],"wp:attachment":[{"href":"https:\/\/dana.com.br\/canaldana\/wp-json\/wp\/v2\/media?parent=62906"}],"wp:term":[{"taxonomy":"category","embeddable":true,"href":"https:\/\/dana.com.br\/canaldana\/wp-json\/wp\/v2\/categories?post=62906"},{"taxonomy":"post_tag","embeddable":true,"href":"https:\/\/dana.com.br\/canaldana\/wp-json\/wp\/v2\/tags?post=62906"}],"curies":[{"name":"wp","href":"https:\/\/api.w.org\/{rel}","templated":true}]}}