{"id":62898,"date":"2022-12-19T08:46:20","date_gmt":"2022-12-19T11:46:20","guid":{"rendered":"https:\/\/dana.com.br\/canaldana\/?p=62898"},"modified":"2022-12-19T08:46:20","modified_gmt":"2022-12-19T11:46:20","slug":"fiat-anuncia-novo-ducato-para-o-primeiro-semestre-de-2023","status":"publish","type":"post","link":"https:\/\/dana.com.br\/canaldana\/2022\/12\/19\/fiat-anuncia-novo-ducato-para-o-primeiro-semestre-de-2023\/","title":{"rendered":"Fiat anuncia novo Ducato para o primeiro semestre de 2023"},"content":{"rendered":"<p><em>AutoInd\u00fastria<\/em><\/p>\n<p>&nbsp;<\/p>\n<p>A Fiat revelou a primeira imagem da nova gera\u00e7\u00e3o do Ducato, lan\u00e7amento da linha de ve\u00edculos comerciais da marca programado para o primeiro semestre de 2023. Nas escassas informa\u00e7\u00f5es divulgadas, a fabricante promete uma oferta com mais desempenho e produtividade, al\u00e9m de novas vers\u00f5es.<\/p>\n<p>&nbsp;<\/p>\n<p>Na linha atual, o transportador encontra as op\u00e7\u00f5es de furg\u00e3o, cabine-chassi e van passageiros. A exemplo do que disp\u00f4s para o lan\u00e7amento da linha Scudo, utilit\u00e1rio intermedi\u00e1rio entre o Fiorino e o Ducato, n\u00e3o seria despropositado especular a introdu\u00e7\u00e3o de uma vers\u00e3o el\u00e9trica. Afinal, tamb\u00e9m a Ford j\u00e1 anunciou variante a bateria no cat\u00e1logo do Transit, um rival direto, como tamb\u00e9m a Iveco sondou na Fenatran 2022 a possibilidade do e-Daily.<\/p>\n<p>&nbsp;<\/p>\n<p>A Fiat ainda guarda segredo a respeito do trem de for\u00e7a que estar\u00e1 no novo Ducato. Atualmente, o ve\u00edculo traz o motor 2.3 Multijet de 130 cv e 32 kgfm a 1.800 rpm associado a c\u00e2mbio manual de seis marchas. A oferta na Europa, em mercado como o de Portugal, carrega o mesmo motor, mas com pot\u00eancias de 120, 140, 160 e 180 cv.<\/p>\n<p>&nbsp;<\/p>\n<p>\u201cO mercado de comerciais leves sempre foi muito importante para a Fiat, tanto \u00e9 que estamos investindo cada vez mais neste segmento. Neste ano, lan\u00e7amos o Scudo, um furg\u00e3o m\u00e9dio que atende \u00e0s mais variadas necessidades. Tamb\u00e9m inauguramos nossa linha de utilit\u00e1rios el\u00e9tricos com o e-Scudo, que possui maior autonomia da categoria\u201d, resume em nota Herlander Zola, vice-presidente s\u00eanior da Fiat Am\u00e9rica do Sul. \u201cEm 2023, vamos seguir com foco neste segmento e o novo Ducato chega para incrementar a categoria.\u201d (AutoInd\u00fastria)<\/p>\n","protected":false},"excerpt":{"rendered":"<p>AutoInd\u00fastria &nbsp; A Fiat revelou a primeira imagem da nova gera\u00e7\u00e3o do Ducato, lan\u00e7amento da linha de ve\u00edculos comerciais da marca programado para o primeiro semestre de 2023. Nas escassas informa\u00e7\u00f5es divulgadas, a fabricante promete uma oferta com mais desempenho e produtividade, al\u00e9m de novas vers\u00f5es. &nbsp; Na linha atual, o transportador encontra as op\u00e7\u00f5es\u2026 <a class=\"readmore\" href=\"https:\/\/dana.com.br\/canaldana\/2022\/12\/19\/fiat-anuncia-novo-ducato-para-o-primeiro-semestre-de-2023\/\">Leia mais \u00bb<\/a><\/p>\n","protected":false},"author":3,"featured_media":0,"comment_status":"closed","ping_status":"closed","sticky":false,"template":"","format":"standard","meta":{"_acf_changed":false,"footnotes":""},"categories":[61],"tags":[],"class_list":["post-62898","post","type-post","status-publish","format-standard","hentry","category-destaques"],"acf":[],"yoast_head":"<!-- This site is optimized with the Yoast SEO plugin v27.3 - https:\/\/yoast.com\/product\/yoast-seo-wordpress\/ -->\n<title>Fiat anuncia novo Ducato para o primeiro semestre de 2023 - Canal Dana<\/title>\n<meta name=\"robots\" content=\"index, follow, max-snippet:-1, max-image-preview:large, max-video-preview:-1\" \/>\n<link rel=\"canonical\" href=\"https:\/\/dana.com.br\/canaldana\/2022\/12\/19\/fiat-anuncia-novo-ducato-para-o-primeiro-semestre-de-2023\/\" \/>\n<meta property=\"og:locale\" content=\"pt_BR\" \/>\n<meta property=\"og:type\" content=\"article\" \/>\n<meta property=\"og:title\" content=\"Fiat anuncia novo Ducato para o primeiro semestre de 2023 - Canal Dana\" \/>\n<meta property=\"og:description\" content=\"AutoInd\u00fastria &nbsp; A Fiat revelou a primeira imagem da nova gera\u00e7\u00e3o do Ducato, lan\u00e7amento da linha de ve\u00edculos comerciais da marca programado para o primeiro semestre de 2023. Nas escassas informa\u00e7\u00f5es divulgadas, a fabricante promete uma oferta com mais desempenho e produtividade, al\u00e9m de novas vers\u00f5es. &nbsp; Na linha atual, o transportador encontra as op\u00e7\u00f5es\u2026 Leia mais \u00bb\" \/>\n<meta property=\"og:url\" content=\"https:\/\/dana.com.br\/canaldana\/2022\/12\/19\/fiat-anuncia-novo-ducato-para-o-primeiro-semestre-de-2023\/\" \/>\n<meta property=\"og:site_name\" content=\"Canal Dana\" \/>\n<meta property=\"article:published_time\" content=\"2022-12-19T11:46:20+00:00\" \/>\n<meta name=\"author\" content=\"Canal Dana\" \/>\n<meta name=\"twitter:card\" content=\"summary_large_image\" \/>\n<meta name=\"twitter:label1\" content=\"Escrito por\" \/>\n\t<meta name=\"twitter:data1\" content=\"Canal Dana\" \/>\n\t<meta name=\"twitter:label2\" content=\"Est. tempo de leitura\" \/>\n\t<meta name=\"twitter:data2\" content=\"1 minuto\" \/>\n<script type=\"application\/ld+json\" class=\"yoast-schema-graph\">{\"@context\":\"https:\\\/\\\/schema.org\",\"@graph\":[{\"@type\":\"Article\",\"@id\":\"https:\\\/\\\/dana.com.br\\\/canaldana\\\/2022\\\/12\\\/19\\\/fiat-anuncia-novo-ducato-para-o-primeiro-semestre-de-2023\\\/#article\",\"isPartOf\":{\"@id\":\"https:\\\/\\\/dana.com.br\\\/canaldana\\\/2022\\\/12\\\/19\\\/fiat-anuncia-novo-ducato-para-o-primeiro-semestre-de-2023\\\/\"},\"author\":{\"name\":\"Canal Dana\",\"@id\":\"https:\\\/\\\/dana.com.br\\\/canaldana\\\/#\\\/schema\\\/person\\\/3c21f22f56fcf3bc46b94bc60ea4fef6\"},\"headline\":\"Fiat anuncia novo Ducato para o primeiro semestre de 2023\",\"datePublished\":\"2022-12-19T11:46:20+00:00\",\"mainEntityOfPage\":{\"@id\":\"https:\\\/\\\/dana.com.br\\\/canaldana\\\/2022\\\/12\\\/19\\\/fiat-anuncia-novo-ducato-para-o-primeiro-semestre-de-2023\\\/\"},\"wordCount\":296,\"articleSection\":[\"Destaques\"],\"inLanguage\":\"pt-BR\"},{\"@type\":\"WebPage\",\"@id\":\"https:\\\/\\\/dana.com.br\\\/canaldana\\\/2022\\\/12\\\/19\\\/fiat-anuncia-novo-ducato-para-o-primeiro-semestre-de-2023\\\/\",\"url\":\"https:\\\/\\\/dana.com.br\\\/canaldana\\\/2022\\\/12\\\/19\\\/fiat-anuncia-novo-ducato-para-o-primeiro-semestre-de-2023\\\/\",\"name\":\"Fiat anuncia novo Ducato para o primeiro semestre de 2023 - Canal Dana\",\"isPartOf\":{\"@id\":\"https:\\\/\\\/dana.com.br\\\/canaldana\\\/#website\"},\"datePublished\":\"2022-12-19T11:46:20+00:00\",\"author\":{\"@id\":\"https:\\\/\\\/dana.com.br\\\/canaldana\\\/#\\\/schema\\\/person\\\/3c21f22f56fcf3bc46b94bc60ea4fef6\"},\"breadcrumb\":{\"@id\":\"https:\\\/\\\/dana.com.br\\\/canaldana\\\/2022\\\/12\\\/19\\\/fiat-anuncia-novo-ducato-para-o-primeiro-semestre-de-2023\\\/#breadcrumb\"},\"inLanguage\":\"pt-BR\",\"potentialAction\":[{\"@type\":\"ReadAction\",\"target\":[\"https:\\\/\\\/dana.com.br\\\/canaldana\\\/2022\\\/12\\\/19\\\/fiat-anuncia-novo-ducato-para-o-primeiro-semestre-de-2023\\\/\"]}]},{\"@type\":\"BreadcrumbList\",\"@id\":\"https:\\\/\\\/dana.com.br\\\/canaldana\\\/2022\\\/12\\\/19\\\/fiat-anuncia-novo-ducato-para-o-primeiro-semestre-de-2023\\\/#breadcrumb\",\"itemListElement\":[{\"@type\":\"ListItem\",\"position\":1,\"name\":\"Home\",\"item\":\"https:\\\/\\\/dana.com.br\\\/canaldana\\\/\"},{\"@type\":\"ListItem\",\"position\":2,\"name\":\"Destaques\",\"item\":\"https:\\\/\\\/dana.com.br\\\/canaldana\\\/destaques\\\/\"},{\"@type\":\"ListItem\",\"position\":3,\"name\":\"Fiat anuncia novo Ducato para o primeiro semestre de 2023\"}]},{\"@type\":\"WebSite\",\"@id\":\"https:\\\/\\\/dana.com.br\\\/canaldana\\\/#website\",\"url\":\"https:\\\/\\\/dana.com.br\\\/canaldana\\\/\",\"name\":\"Canal Dana\",\"description\":\"Informativo com as principais not\u00edcias da ind\u00fastria automotiva\",\"potentialAction\":[{\"@type\":\"SearchAction\",\"target\":{\"@type\":\"EntryPoint\",\"urlTemplate\":\"https:\\\/\\\/dana.com.br\\\/canaldana\\\/?s={search_term_string}\"},\"query-input\":{\"@type\":\"PropertyValueSpecification\",\"valueRequired\":true,\"valueName\":\"search_term_string\"}}],\"inLanguage\":\"pt-BR\"},{\"@type\":\"Person\",\"@id\":\"https:\\\/\\\/dana.com.br\\\/canaldana\\\/#\\\/schema\\\/person\\\/3c21f22f56fcf3bc46b94bc60ea4fef6\",\"name\":\"Canal Dana\",\"image\":{\"@type\":\"ImageObject\",\"inLanguage\":\"pt-BR\",\"@id\":\"https:\\\/\\\/secure.gravatar.com\\\/avatar\\\/420aaf9278582877d9018637c6817617705899d2858d7572ef0fe59a6b6454b4?s=96&d=mm&r=g\",\"url\":\"https:\\\/\\\/secure.gravatar.com\\\/avatar\\\/420aaf9278582877d9018637c6817617705899d2858d7572ef0fe59a6b6454b4?s=96&d=mm&r=g\",\"contentUrl\":\"https:\\\/\\\/secure.gravatar.com\\\/avatar\\\/420aaf9278582877d9018637c6817617705899d2858d7572ef0fe59a6b6454b4?s=96&d=mm&r=g\",\"caption\":\"Canal Dana\"},\"url\":\"https:\\\/\\\/dana.com.br\\\/canaldana\\\/author\\\/cdeditor\\\/\"}]}<\/script>\n<!-- \/ Yoast SEO plugin. -->","yoast_head_json":{"title":"Fiat anuncia novo Ducato para o primeiro semestre de 2023 - Canal Dana","robots":{"index":"index","follow":"follow","max-snippet":"max-snippet:-1","max-image-preview":"max-image-preview:large","max-video-preview":"max-video-preview:-1"},"canonical":"https:\/\/dana.com.br\/canaldana\/2022\/12\/19\/fiat-anuncia-novo-ducato-para-o-primeiro-semestre-de-2023\/","og_locale":"pt_BR","og_type":"article","og_title":"Fiat anuncia novo Ducato para o primeiro semestre de 2023 - Canal Dana","og_description":"AutoInd\u00fastria &nbsp; A Fiat revelou a primeira imagem da nova gera\u00e7\u00e3o do Ducato, lan\u00e7amento da linha de ve\u00edculos comerciais da marca programado para o primeiro semestre de 2023. Nas escassas informa\u00e7\u00f5es divulgadas, a fabricante promete uma oferta com mais desempenho e produtividade, al\u00e9m de novas vers\u00f5es. &nbsp; Na linha atual, o transportador encontra as op\u00e7\u00f5es\u2026 Leia mais \u00bb","og_url":"https:\/\/dana.com.br\/canaldana\/2022\/12\/19\/fiat-anuncia-novo-ducato-para-o-primeiro-semestre-de-2023\/","og_site_name":"Canal Dana","article_published_time":"2022-12-19T11:46:20+00:00","author":"Canal Dana","twitter_card":"summary_large_image","twitter_misc":{"Escrito por":"Canal Dana","Est. tempo de leitura":"1 minuto"},"schema":{"@context":"https:\/\/schema.org","@graph":[{"@type":"Article","@id":"https:\/\/dana.com.br\/canaldana\/2022\/12\/19\/fiat-anuncia-novo-ducato-para-o-primeiro-semestre-de-2023\/#article","isPartOf":{"@id":"https:\/\/dana.com.br\/canaldana\/2022\/12\/19\/fiat-anuncia-novo-ducato-para-o-primeiro-semestre-de-2023\/"},"author":{"name":"Canal Dana","@id":"https:\/\/dana.com.br\/canaldana\/#\/schema\/person\/3c21f22f56fcf3bc46b94bc60ea4fef6"},"headline":"Fiat anuncia novo Ducato para o primeiro semestre de 2023","datePublished":"2022-12-19T11:46:20+00:00","mainEntityOfPage":{"@id":"https:\/\/dana.com.br\/canaldana\/2022\/12\/19\/fiat-anuncia-novo-ducato-para-o-primeiro-semestre-de-2023\/"},"wordCount":296,"articleSection":["Destaques"],"inLanguage":"pt-BR"},{"@type":"WebPage","@id":"https:\/\/dana.com.br\/canaldana\/2022\/12\/19\/fiat-anuncia-novo-ducato-para-o-primeiro-semestre-de-2023\/","url":"https:\/\/dana.com.br\/canaldana\/2022\/12\/19\/fiat-anuncia-novo-ducato-para-o-primeiro-semestre-de-2023\/","name":"Fiat anuncia novo Ducato para o primeiro semestre de 2023 - Canal Dana","isPartOf":{"@id":"https:\/\/dana.com.br\/canaldana\/#website"},"datePublished":"2022-12-19T11:46:20+00:00","author":{"@id":"https:\/\/dana.com.br\/canaldana\/#\/schema\/person\/3c21f22f56fcf3bc46b94bc60ea4fef6"},"breadcrumb":{"@id":"https:\/\/dana.com.br\/canaldana\/2022\/12\/19\/fiat-anuncia-novo-ducato-para-o-primeiro-semestre-de-2023\/#breadcrumb"},"inLanguage":"pt-BR","potentialAction":[{"@type":"ReadAction","target":["https:\/\/dana.com.br\/canaldana\/2022\/12\/19\/fiat-anuncia-novo-ducato-para-o-primeiro-semestre-de-2023\/"]}]},{"@type":"BreadcrumbList","@id":"https:\/\/dana.com.br\/canaldana\/2022\/12\/19\/fiat-anuncia-novo-ducato-para-o-primeiro-semestre-de-2023\/#breadcrumb","itemListElement":[{"@type":"ListItem","position":1,"name":"Home","item":"https:\/\/dana.com.br\/canaldana\/"},{"@type":"ListItem","position":2,"name":"Destaques","item":"https:\/\/dana.com.br\/canaldana\/destaques\/"},{"@type":"ListItem","position":3,"name":"Fiat anuncia novo Ducato para o primeiro semestre de 2023"}]},{"@type":"WebSite","@id":"https:\/\/dana.com.br\/canaldana\/#website","url":"https:\/\/dana.com.br\/canaldana\/","name":"Canal Dana","description":"Informativo com as principais not\u00edcias da ind\u00fastria automotiva","potentialAction":[{"@type":"SearchAction","target":{"@type":"EntryPoint","urlTemplate":"https:\/\/dana.com.br\/canaldana\/?s={search_term_string}"},"query-input":{"@type":"PropertyValueSpecification","valueRequired":true,"valueName":"search_term_string"}}],"inLanguage":"pt-BR"},{"@type":"Person","@id":"https:\/\/dana.com.br\/canaldana\/#\/schema\/person\/3c21f22f56fcf3bc46b94bc60ea4fef6","name":"Canal Dana","image":{"@type":"ImageObject","inLanguage":"pt-BR","@id":"https:\/\/secure.gravatar.com\/avatar\/420aaf9278582877d9018637c6817617705899d2858d7572ef0fe59a6b6454b4?s=96&d=mm&r=g","url":"https:\/\/secure.gravatar.com\/avatar\/420aaf9278582877d9018637c6817617705899d2858d7572ef0fe59a6b6454b4?s=96&d=mm&r=g","contentUrl":"https:\/\/secure.gravatar.com\/avatar\/420aaf9278582877d9018637c6817617705899d2858d7572ef0fe59a6b6454b4?s=96&d=mm&r=g","caption":"Canal Dana"},"url":"https:\/\/dana.com.br\/canaldana\/author\/cdeditor\/"}]}},"_links":{"self":[{"href":"https:\/\/dana.com.br\/canaldana\/wp-json\/wp\/v2\/posts\/62898","targetHints":{"allow":["GET"]}}],"collection":[{"href":"https:\/\/dana.com.br\/canaldana\/wp-json\/wp\/v2\/posts"}],"about":[{"href":"https:\/\/dana.com.br\/canaldana\/wp-json\/wp\/v2\/types\/post"}],"author":[{"embeddable":true,"href":"https:\/\/dana.com.br\/canaldana\/wp-json\/wp\/v2\/users\/3"}],"replies":[{"embeddable":true,"href":"https:\/\/dana.com.br\/canaldana\/wp-json\/wp\/v2\/comments?post=62898"}],"version-history":[{"count":0,"href":"https:\/\/dana.com.br\/canaldana\/wp-json\/wp\/v2\/posts\/62898\/revisions"}],"wp:attachment":[{"href":"https:\/\/dana.com.br\/canaldana\/wp-json\/wp\/v2\/media?parent=62898"}],"wp:term":[{"taxonomy":"category","embeddable":true,"href":"https:\/\/dana.com.br\/canaldana\/wp-json\/wp\/v2\/categories?post=62898"},{"taxonomy":"post_tag","embeddable":true,"href":"https:\/\/dana.com.br\/canaldana\/wp-json\/wp\/v2\/tags?post=62898"}],"curies":[{"name":"wp","href":"https:\/\/api.w.org\/{rel}","templated":true}]}}