{"id":62892,"date":"2022-12-19T08:44:28","date_gmt":"2022-12-19T11:44:28","guid":{"rendered":"https:\/\/dana.com.br\/canaldana\/?p=62892"},"modified":"2022-12-19T08:44:28","modified_gmt":"2022-12-19T11:44:28","slug":"risco-fiscal-pode-fazer-juro-baixar-so-em-2024-e-travar-o-crescimento-do-pib-dizem-analistas","status":"publish","type":"post","link":"https:\/\/dana.com.br\/canaldana\/2022\/12\/19\/risco-fiscal-pode-fazer-juro-baixar-so-em-2024-e-travar-o-crescimento-do-pib-dizem-analistas\/","title":{"rendered":"Risco fiscal pode fazer juro baixar s\u00f3 em 2024 e travar o crescimento do PIB, dizem analistas"},"content":{"rendered":"<p><em>O Estado de S. Paulo <\/em><\/p>\n<p>&nbsp;<\/p>\n<p>A incerteza fiscal provocada pelas sinaliza\u00e7\u00f5es do governo do presidente eleito, Luiz In\u00e1cio Lula da Silva (PT), pode fazer com que a economia brasileira caminhe para anos de baixo crescimento. Parte do mercado financeiro j\u00e1 come\u00e7a a projetar que uma queda da Selic &#8211; atualmente em 13,75% ao ano &#8211; deve ocorrer apenas em 2024. No ano que vem, se houver um corte, ele ser\u00e1 mais brando do que se previa h\u00e1 algumas semanas, dada a nova conjuntura.<\/p>\n<p>&nbsp;<\/p>\n<p>Nas \u00faltimas semanas, a preocupa\u00e7\u00e3o com as contas p\u00fablicas ficou evidente com a disparada dos juros futuros. Na pr\u00e1tica, empresas e bancos, sobretudo os de m\u00e9dio porte, j\u00e1 pagam mais para captar recursos. O investimento, portanto, est\u00e1 mais caro, o que afeta o desempenho econ\u00f4mico do Pa\u00eds. Sem uma revers\u00e3o nas expectativas, o custo do cr\u00e9dito para as fam\u00edlias tamb\u00e9m deve subir.<\/p>\n<p>&nbsp;<\/p>\n<p>\u201cEu temo que (esse movimento) n\u00e3o reflita apenas as discuss\u00f5es em torno da chamada PEC da Transi\u00e7\u00e3o\u201d, diz Jos\u00e9 Julio Senna, ex-diretor do Banco Central e chefe do Centro de Estudos Monet\u00e1rios do Instituto Brasileiro de Economia da Funda\u00e7\u00e3o Get\u00falio Vargas (Ibre\/FGV).<\/p>\n<p>&nbsp;<\/p>\n<p>\u201cEu acho que tamb\u00e9m est\u00e1 refletindo uma expectativa de pol\u00edtica econ\u00f4mica para os pr\u00f3ximos anos. Se o pensamento \u00e9 de que mais disp\u00eandio p\u00fablico \u00e9 que promove crescimento, isso \u00e9 compat\u00edvel com pol\u00edticas de est\u00edmulos de outra natureza tamb\u00e9m. Vamos voltar a ter juros subsidiados para expandir a demanda? \u00c9 uma d\u00favida\u201d, acrescenta.<\/p>\n<p>&nbsp;<\/p>\n<p><strong>Risco fiscal <\/strong><\/p>\n<p>&nbsp;<\/p>\n<p>O cen\u00e1rio para o pr\u00f3ximo bi\u00eanio j\u00e1 era de bastante fraqueza. Para 2023, os economistas consultados pelo relat\u00f3rio Focus, elaborado pelo Banco Central, estimam que o Produto Interno Bruto deve avan\u00e7ar apenas 0,75%. Para 2024, o desempenho projetado para a economia brasileira \u00e9 um pouco melhor, mas ainda modesto, com avan\u00e7o do PIB de 1,7%.<\/p>\n<p>&nbsp;<\/p>\n<p>\u201cNossa previs\u00e3o \u00e9 que o corte (de juros) s\u00f3 tenha in\u00edcio no terceiro trimestre de 2024&#8243;, afirma Rafael Castilho, economista do Credit Suisse Brasil. Ele tamb\u00e9m afirma que uma Selic alta vai levar \u201ca um menor crescimento econ\u00f4mico\u201d.<\/p>\n<p>&nbsp;<\/p>\n<p>Na cidade de S\u00e3o Paulo, o Sindicato da Habita\u00e7\u00e3o (Secovi-SP) avalia que a piora do ambiente econ\u00f4mico e a incerteza com o novo governo levaram a uma deteriora\u00e7\u00e3o do setor. Em novembro e dezembro, de acordo com a entidade, ser\u00e3o lan\u00e7adas de 12 mil a 13 mil unidades a menos na compara\u00e7\u00e3o com os meses anteriores.<\/p>\n<p>&nbsp;<\/p>\n<p>\u201cIsso aconteceu por conta de elei\u00e7\u00f5es em outubro, Copa do Mundo em novembro e festas em dezembro\u201d, afirma Celso Petrucci, economista-chefe do Secovi-SP. \u201cA taxa de juros alta e o ambiente econ\u00f4mico tamb\u00e9m influenciaram, evidentemente\u201d, acrescenta Ely Wertheim, presidente executivo da entidade.<\/p>\n<p>&nbsp;<\/p>\n<p>Para o acumulado de 2022, o Secovi-SP estima queda de 15% nos lan\u00e7amentos e uma estabilidade nas vendas.<\/p>\n<p>&nbsp;<\/p>\n<p><strong>Agenda de incertezas<\/strong><\/p>\n<p>&nbsp;<\/p>\n<p>S\u00e3o v\u00e1rios os sinais que indicam um crescimento das despesas nos pr\u00f3ximos anos. Ainda em discuss\u00e3o, a PEC da Transi\u00e7\u00e3o abre a possibilidade de R$ 168 bilh\u00f5es em gastos extras em 2023 e 2024 para que o novo governo acomode as promessas da campanha eleitoral deste ano, como o Bolsa Fam\u00edlia no valor de R$ 600.<\/p>\n<p>&nbsp;<\/p>\n<p>A equipe econ\u00f4mica de Luiz In\u00e1cio Lula da Silva (PT) tamb\u00e9m n\u00e3o definiu qual \u00e2ncora fiscal deve substituir o teto de gastos, a regra que limita o crescimento das despesas \u00e0 infla\u00e7\u00e3o do ano anterior. Al\u00e9m disso, a indica\u00e7\u00e3o de Aloizio Mercadante para a presid\u00eancia do Banco Nacional de Desenvolvimento Econ\u00f4mico e Social (BNDES) n\u00e3o foi bem recebida. A preocupa\u00e7\u00e3o dos investidores \u00e9 com a oferta de cr\u00e9dito subsidiado pela institui\u00e7\u00e3o, como j\u00e1 ocorreu no passado.<\/p>\n<p>&nbsp;<\/p>\n<p>\u201cAntes desse ru\u00eddo fiscal, eu projetava uma Selic abaixo do consenso, indo a 10,5%. A revis\u00e3o de cen\u00e1rio \u00e9 dr\u00e1stica\u201d, afirma Marco Maciel, s\u00f3cio e economista da Kair\u00f3s Capital. \u201cAgora, o Banco Central deve manter a Selic em 13,75% no ano que vem e ter algum espa\u00e7o para reduzir a Selic no fim de 2024.&#8221;<\/p>\n<p>&nbsp;<\/p>\n<p>Com todos esses riscos, o Brasil pode entrar num cen\u00e1rio j\u00e1 conhecido. O c\u00e2mbio fica mais vol\u00e1til e se desvaloriza, o que ajuda a alimentar a infla\u00e7\u00e3o e obriga o Banco central a ser mais duro para cumprir a meta de infla\u00e7\u00e3o de 2023, cujo centro \u00e9 de 3,25%, podendo oscilar de 1,75% a 4,75%, e a de 2024, que tem como alvo central 3%, com limite inferior de 1,5% e superior de 4,5%.<\/p>\n<p>&nbsp;<\/p>\n<p>Neste m\u00eas, um novo relat\u00f3rio divulgado pelos integrantes do grupo de macroeconomia da Associa\u00e7\u00e3o Brasileira das Entidades dos Mercados Financeiro e de Capitais (Anbima) &#8211; composto por 25 economistas de institui\u00e7\u00f5es associadas, entre elas os bancos Bradesco e Santander &#8211; aumentou a previs\u00e3o para a Selic ao fim de 2023 de 10,5% para 11,5%.<\/p>\n<p>&nbsp;<\/p>\n<p>\u201cNa nossa vis\u00e3o, a Selic ainda cai, mas cai mais devagar do que prev\u00edamos antes, porque os integrantes do grupo aumentaram a probabilidade de ter um cen\u00e1rio para mais gastos e, portanto, de mais risco para taxa de juros\u201d, diz Fernando Honorato Barbosa, coordenador do grupo de macroeconomia da Anbima.<\/p>\n<p>&nbsp;<\/p>\n<p>\u201cHouve um certo otimismo com o corte de juros, que era a previs\u00e3o de (Selic a) 10,5%, mas esse cen\u00e1rio tamb\u00e9m dependia de ter um arcabou\u00e7o fiscal j\u00e1 definido\u201d, diz Barbosa, tamb\u00e9m economista-chefe do banco Bradesco.<\/p>\n<p>&nbsp;<\/p>\n<p>Em Bras\u00edlia, o futuro ministro da Fazenda, Fernando Haddad, tem defendido o controle das contas p\u00fablicas. Na ter\u00e7a-feira, em sua primeira entrevista coletiva, ele se comprometeu a buscar \u201cobstinadamente\u201d o ajuste fiscal e a antecipar em 2023 o envio ao Congresso do projeto de cria\u00e7\u00e3o de um novo arcabou\u00e7o fiscal.<\/p>\n<p>&nbsp;<\/p>\n<p><strong>Banco Central independente<\/strong><\/p>\n<p>&nbsp;<\/p>\n<p>O futuro governo Lula ainda vai enfrentar um cen\u00e1rio in\u00e9dito, com a independ\u00eancia do Banco Central. Roberto Campos Neto, presidente da institui\u00e7\u00e3o, foi indicado pelo governo Jair Bolsonaro e deve seguir no cargo at\u00e9 2024.<\/p>\n<p>&nbsp;<\/p>\n<p>Antes, todos os presidentes eleitos indicaram o nome para comandar o BC.<\/p>\n<p>&nbsp;<\/p>\n<p>\u201cO ideal seria a administra\u00e7\u00e3o federal e o BC darem as m\u00e3os para o combate \u00e0 infla\u00e7\u00e3o\u201d, diz Jos\u00e9 J\u00falio Senna. \u201cO governo eleito \u00e9 super preocupado com o lado social, que indiscutivelmente merece uma aten\u00e7\u00e3o especial no Brasil. Mas, especialmente, para quem tem essa preocupa\u00e7\u00e3o, seria interessante olhar para a infla\u00e7\u00e3o, porque ela atinge mais as pessoas menos favorecidas\u201d.(O Estado de S. Paulo\/Luiz Guilherme Gerbelli)<\/p>\n","protected":false},"excerpt":{"rendered":"<p>O Estado de S. Paulo &nbsp; A incerteza fiscal provocada pelas sinaliza\u00e7\u00f5es do governo do presidente eleito, Luiz In\u00e1cio Lula da Silva (PT), pode fazer com que a economia brasileira caminhe para anos de baixo crescimento. Parte do mercado financeiro j\u00e1 come\u00e7a a projetar que uma queda da Selic &#8211; atualmente em 13,75% ao ano\u2026 <a class=\"readmore\" href=\"https:\/\/dana.com.br\/canaldana\/2022\/12\/19\/risco-fiscal-pode-fazer-juro-baixar-so-em-2024-e-travar-o-crescimento-do-pib-dizem-analistas\/\">Leia mais \u00bb<\/a><\/p>\n","protected":false},"author":3,"featured_media":0,"comment_status":"closed","ping_status":"closed","sticky":false,"template":"","format":"standard","meta":{"_acf_changed":false,"footnotes":""},"categories":[79],"tags":[],"class_list":["post-62892","post","type-post","status-publish","format-standard","hentry","category-mercado"],"acf":[],"yoast_head":"<!-- This site is optimized with the Yoast SEO plugin v27.3 - https:\/\/yoast.com\/product\/yoast-seo-wordpress\/ -->\n<title>Risco fiscal pode fazer juro baixar s\u00f3 em 2024 e travar o crescimento do PIB, dizem analistas - Canal Dana<\/title>\n<meta name=\"robots\" content=\"index, follow, max-snippet:-1, max-image-preview:large, max-video-preview:-1\" \/>\n<link rel=\"canonical\" href=\"https:\/\/dana.com.br\/canaldana\/2022\/12\/19\/risco-fiscal-pode-fazer-juro-baixar-so-em-2024-e-travar-o-crescimento-do-pib-dizem-analistas\/\" \/>\n<meta property=\"og:locale\" content=\"pt_BR\" \/>\n<meta property=\"og:type\" content=\"article\" \/>\n<meta property=\"og:title\" content=\"Risco fiscal pode fazer juro baixar s\u00f3 em 2024 e travar o crescimento do PIB, dizem analistas - Canal Dana\" \/>\n<meta property=\"og:description\" content=\"O Estado de S. Paulo &nbsp; A incerteza fiscal provocada pelas sinaliza\u00e7\u00f5es do governo do presidente eleito, Luiz In\u00e1cio Lula da Silva (PT), pode fazer com que a economia brasileira caminhe para anos de baixo crescimento. Parte do mercado financeiro j\u00e1 come\u00e7a a projetar que uma queda da Selic &#8211; atualmente em 13,75% ao ano\u2026 Leia mais \u00bb\" \/>\n<meta property=\"og:url\" content=\"https:\/\/dana.com.br\/canaldana\/2022\/12\/19\/risco-fiscal-pode-fazer-juro-baixar-so-em-2024-e-travar-o-crescimento-do-pib-dizem-analistas\/\" \/>\n<meta property=\"og:site_name\" content=\"Canal Dana\" \/>\n<meta property=\"article:published_time\" content=\"2022-12-19T11:44:28+00:00\" \/>\n<meta name=\"author\" content=\"Canal Dana\" \/>\n<meta name=\"twitter:card\" content=\"summary_large_image\" \/>\n<meta name=\"twitter:label1\" content=\"Escrito por\" \/>\n\t<meta name=\"twitter:data1\" content=\"Canal Dana\" \/>\n\t<meta name=\"twitter:label2\" content=\"Est. tempo de leitura\" \/>\n\t<meta name=\"twitter:data2\" content=\"6 minutos\" \/>\n<script type=\"application\/ld+json\" class=\"yoast-schema-graph\">{\"@context\":\"https:\\\/\\\/schema.org\",\"@graph\":[{\"@type\":\"Article\",\"@id\":\"https:\\\/\\\/dana.com.br\\\/canaldana\\\/2022\\\/12\\\/19\\\/risco-fiscal-pode-fazer-juro-baixar-so-em-2024-e-travar-o-crescimento-do-pib-dizem-analistas\\\/#article\",\"isPartOf\":{\"@id\":\"https:\\\/\\\/dana.com.br\\\/canaldana\\\/2022\\\/12\\\/19\\\/risco-fiscal-pode-fazer-juro-baixar-so-em-2024-e-travar-o-crescimento-do-pib-dizem-analistas\\\/\"},\"author\":{\"name\":\"Canal Dana\",\"@id\":\"https:\\\/\\\/dana.com.br\\\/canaldana\\\/#\\\/schema\\\/person\\\/3c21f22f56fcf3bc46b94bc60ea4fef6\"},\"headline\":\"Risco fiscal pode fazer juro baixar s\u00f3 em 2024 e travar o crescimento do PIB, dizem analistas\",\"datePublished\":\"2022-12-19T11:44:28+00:00\",\"mainEntityOfPage\":{\"@id\":\"https:\\\/\\\/dana.com.br\\\/canaldana\\\/2022\\\/12\\\/19\\\/risco-fiscal-pode-fazer-juro-baixar-so-em-2024-e-travar-o-crescimento-do-pib-dizem-analistas\\\/\"},\"wordCount\":1130,\"articleSection\":[\"Mercado\"],\"inLanguage\":\"pt-BR\"},{\"@type\":\"WebPage\",\"@id\":\"https:\\\/\\\/dana.com.br\\\/canaldana\\\/2022\\\/12\\\/19\\\/risco-fiscal-pode-fazer-juro-baixar-so-em-2024-e-travar-o-crescimento-do-pib-dizem-analistas\\\/\",\"url\":\"https:\\\/\\\/dana.com.br\\\/canaldana\\\/2022\\\/12\\\/19\\\/risco-fiscal-pode-fazer-juro-baixar-so-em-2024-e-travar-o-crescimento-do-pib-dizem-analistas\\\/\",\"name\":\"Risco fiscal pode fazer juro baixar s\u00f3 em 2024 e travar o crescimento do PIB, dizem analistas - Canal Dana\",\"isPartOf\":{\"@id\":\"https:\\\/\\\/dana.com.br\\\/canaldana\\\/#website\"},\"datePublished\":\"2022-12-19T11:44:28+00:00\",\"author\":{\"@id\":\"https:\\\/\\\/dana.com.br\\\/canaldana\\\/#\\\/schema\\\/person\\\/3c21f22f56fcf3bc46b94bc60ea4fef6\"},\"breadcrumb\":{\"@id\":\"https:\\\/\\\/dana.com.br\\\/canaldana\\\/2022\\\/12\\\/19\\\/risco-fiscal-pode-fazer-juro-baixar-so-em-2024-e-travar-o-crescimento-do-pib-dizem-analistas\\\/#breadcrumb\"},\"inLanguage\":\"pt-BR\",\"potentialAction\":[{\"@type\":\"ReadAction\",\"target\":[\"https:\\\/\\\/dana.com.br\\\/canaldana\\\/2022\\\/12\\\/19\\\/risco-fiscal-pode-fazer-juro-baixar-so-em-2024-e-travar-o-crescimento-do-pib-dizem-analistas\\\/\"]}]},{\"@type\":\"BreadcrumbList\",\"@id\":\"https:\\\/\\\/dana.com.br\\\/canaldana\\\/2022\\\/12\\\/19\\\/risco-fiscal-pode-fazer-juro-baixar-so-em-2024-e-travar-o-crescimento-do-pib-dizem-analistas\\\/#breadcrumb\",\"itemListElement\":[{\"@type\":\"ListItem\",\"position\":1,\"name\":\"Home\",\"item\":\"https:\\\/\\\/dana.com.br\\\/canaldana\\\/\"},{\"@type\":\"ListItem\",\"position\":2,\"name\":\"Mercado\",\"item\":\"https:\\\/\\\/dana.com.br\\\/canaldana\\\/mercado\\\/\"},{\"@type\":\"ListItem\",\"position\":3,\"name\":\"Risco fiscal pode fazer juro baixar s\u00f3 em 2024 e travar o crescimento do PIB, dizem analistas\"}]},{\"@type\":\"WebSite\",\"@id\":\"https:\\\/\\\/dana.com.br\\\/canaldana\\\/#website\",\"url\":\"https:\\\/\\\/dana.com.br\\\/canaldana\\\/\",\"name\":\"Canal Dana\",\"description\":\"Informativo com as principais not\u00edcias da ind\u00fastria automotiva\",\"potentialAction\":[{\"@type\":\"SearchAction\",\"target\":{\"@type\":\"EntryPoint\",\"urlTemplate\":\"https:\\\/\\\/dana.com.br\\\/canaldana\\\/?s={search_term_string}\"},\"query-input\":{\"@type\":\"PropertyValueSpecification\",\"valueRequired\":true,\"valueName\":\"search_term_string\"}}],\"inLanguage\":\"pt-BR\"},{\"@type\":\"Person\",\"@id\":\"https:\\\/\\\/dana.com.br\\\/canaldana\\\/#\\\/schema\\\/person\\\/3c21f22f56fcf3bc46b94bc60ea4fef6\",\"name\":\"Canal Dana\",\"image\":{\"@type\":\"ImageObject\",\"inLanguage\":\"pt-BR\",\"@id\":\"https:\\\/\\\/secure.gravatar.com\\\/avatar\\\/420aaf9278582877d9018637c6817617705899d2858d7572ef0fe59a6b6454b4?s=96&d=mm&r=g\",\"url\":\"https:\\\/\\\/secure.gravatar.com\\\/avatar\\\/420aaf9278582877d9018637c6817617705899d2858d7572ef0fe59a6b6454b4?s=96&d=mm&r=g\",\"contentUrl\":\"https:\\\/\\\/secure.gravatar.com\\\/avatar\\\/420aaf9278582877d9018637c6817617705899d2858d7572ef0fe59a6b6454b4?s=96&d=mm&r=g\",\"caption\":\"Canal Dana\"},\"url\":\"https:\\\/\\\/dana.com.br\\\/canaldana\\\/author\\\/cdeditor\\\/\"}]}<\/script>\n<!-- \/ Yoast SEO plugin. -->","yoast_head_json":{"title":"Risco fiscal pode fazer juro baixar s\u00f3 em 2024 e travar o crescimento do PIB, dizem analistas - Canal Dana","robots":{"index":"index","follow":"follow","max-snippet":"max-snippet:-1","max-image-preview":"max-image-preview:large","max-video-preview":"max-video-preview:-1"},"canonical":"https:\/\/dana.com.br\/canaldana\/2022\/12\/19\/risco-fiscal-pode-fazer-juro-baixar-so-em-2024-e-travar-o-crescimento-do-pib-dizem-analistas\/","og_locale":"pt_BR","og_type":"article","og_title":"Risco fiscal pode fazer juro baixar s\u00f3 em 2024 e travar o crescimento do PIB, dizem analistas - Canal Dana","og_description":"O Estado de S. Paulo &nbsp; A incerteza fiscal provocada pelas sinaliza\u00e7\u00f5es do governo do presidente eleito, Luiz In\u00e1cio Lula da Silva (PT), pode fazer com que a economia brasileira caminhe para anos de baixo crescimento. Parte do mercado financeiro j\u00e1 come\u00e7a a projetar que uma queda da Selic &#8211; atualmente em 13,75% ao ano\u2026 Leia mais \u00bb","og_url":"https:\/\/dana.com.br\/canaldana\/2022\/12\/19\/risco-fiscal-pode-fazer-juro-baixar-so-em-2024-e-travar-o-crescimento-do-pib-dizem-analistas\/","og_site_name":"Canal Dana","article_published_time":"2022-12-19T11:44:28+00:00","author":"Canal Dana","twitter_card":"summary_large_image","twitter_misc":{"Escrito por":"Canal Dana","Est. tempo de leitura":"6 minutos"},"schema":{"@context":"https:\/\/schema.org","@graph":[{"@type":"Article","@id":"https:\/\/dana.com.br\/canaldana\/2022\/12\/19\/risco-fiscal-pode-fazer-juro-baixar-so-em-2024-e-travar-o-crescimento-do-pib-dizem-analistas\/#article","isPartOf":{"@id":"https:\/\/dana.com.br\/canaldana\/2022\/12\/19\/risco-fiscal-pode-fazer-juro-baixar-so-em-2024-e-travar-o-crescimento-do-pib-dizem-analistas\/"},"author":{"name":"Canal Dana","@id":"https:\/\/dana.com.br\/canaldana\/#\/schema\/person\/3c21f22f56fcf3bc46b94bc60ea4fef6"},"headline":"Risco fiscal pode fazer juro baixar s\u00f3 em 2024 e travar o crescimento do PIB, dizem analistas","datePublished":"2022-12-19T11:44:28+00:00","mainEntityOfPage":{"@id":"https:\/\/dana.com.br\/canaldana\/2022\/12\/19\/risco-fiscal-pode-fazer-juro-baixar-so-em-2024-e-travar-o-crescimento-do-pib-dizem-analistas\/"},"wordCount":1130,"articleSection":["Mercado"],"inLanguage":"pt-BR"},{"@type":"WebPage","@id":"https:\/\/dana.com.br\/canaldana\/2022\/12\/19\/risco-fiscal-pode-fazer-juro-baixar-so-em-2024-e-travar-o-crescimento-do-pib-dizem-analistas\/","url":"https:\/\/dana.com.br\/canaldana\/2022\/12\/19\/risco-fiscal-pode-fazer-juro-baixar-so-em-2024-e-travar-o-crescimento-do-pib-dizem-analistas\/","name":"Risco fiscal pode fazer juro baixar s\u00f3 em 2024 e travar o crescimento do PIB, dizem analistas - Canal Dana","isPartOf":{"@id":"https:\/\/dana.com.br\/canaldana\/#website"},"datePublished":"2022-12-19T11:44:28+00:00","author":{"@id":"https:\/\/dana.com.br\/canaldana\/#\/schema\/person\/3c21f22f56fcf3bc46b94bc60ea4fef6"},"breadcrumb":{"@id":"https:\/\/dana.com.br\/canaldana\/2022\/12\/19\/risco-fiscal-pode-fazer-juro-baixar-so-em-2024-e-travar-o-crescimento-do-pib-dizem-analistas\/#breadcrumb"},"inLanguage":"pt-BR","potentialAction":[{"@type":"ReadAction","target":["https:\/\/dana.com.br\/canaldana\/2022\/12\/19\/risco-fiscal-pode-fazer-juro-baixar-so-em-2024-e-travar-o-crescimento-do-pib-dizem-analistas\/"]}]},{"@type":"BreadcrumbList","@id":"https:\/\/dana.com.br\/canaldana\/2022\/12\/19\/risco-fiscal-pode-fazer-juro-baixar-so-em-2024-e-travar-o-crescimento-do-pib-dizem-analistas\/#breadcrumb","itemListElement":[{"@type":"ListItem","position":1,"name":"Home","item":"https:\/\/dana.com.br\/canaldana\/"},{"@type":"ListItem","position":2,"name":"Mercado","item":"https:\/\/dana.com.br\/canaldana\/mercado\/"},{"@type":"ListItem","position":3,"name":"Risco fiscal pode fazer juro baixar s\u00f3 em 2024 e travar o crescimento do PIB, dizem analistas"}]},{"@type":"WebSite","@id":"https:\/\/dana.com.br\/canaldana\/#website","url":"https:\/\/dana.com.br\/canaldana\/","name":"Canal Dana","description":"Informativo com as principais not\u00edcias da ind\u00fastria automotiva","potentialAction":[{"@type":"SearchAction","target":{"@type":"EntryPoint","urlTemplate":"https:\/\/dana.com.br\/canaldana\/?s={search_term_string}"},"query-input":{"@type":"PropertyValueSpecification","valueRequired":true,"valueName":"search_term_string"}}],"inLanguage":"pt-BR"},{"@type":"Person","@id":"https:\/\/dana.com.br\/canaldana\/#\/schema\/person\/3c21f22f56fcf3bc46b94bc60ea4fef6","name":"Canal Dana","image":{"@type":"ImageObject","inLanguage":"pt-BR","@id":"https:\/\/secure.gravatar.com\/avatar\/420aaf9278582877d9018637c6817617705899d2858d7572ef0fe59a6b6454b4?s=96&d=mm&r=g","url":"https:\/\/secure.gravatar.com\/avatar\/420aaf9278582877d9018637c6817617705899d2858d7572ef0fe59a6b6454b4?s=96&d=mm&r=g","contentUrl":"https:\/\/secure.gravatar.com\/avatar\/420aaf9278582877d9018637c6817617705899d2858d7572ef0fe59a6b6454b4?s=96&d=mm&r=g","caption":"Canal Dana"},"url":"https:\/\/dana.com.br\/canaldana\/author\/cdeditor\/"}]}},"_links":{"self":[{"href":"https:\/\/dana.com.br\/canaldana\/wp-json\/wp\/v2\/posts\/62892","targetHints":{"allow":["GET"]}}],"collection":[{"href":"https:\/\/dana.com.br\/canaldana\/wp-json\/wp\/v2\/posts"}],"about":[{"href":"https:\/\/dana.com.br\/canaldana\/wp-json\/wp\/v2\/types\/post"}],"author":[{"embeddable":true,"href":"https:\/\/dana.com.br\/canaldana\/wp-json\/wp\/v2\/users\/3"}],"replies":[{"embeddable":true,"href":"https:\/\/dana.com.br\/canaldana\/wp-json\/wp\/v2\/comments?post=62892"}],"version-history":[{"count":0,"href":"https:\/\/dana.com.br\/canaldana\/wp-json\/wp\/v2\/posts\/62892\/revisions"}],"wp:attachment":[{"href":"https:\/\/dana.com.br\/canaldana\/wp-json\/wp\/v2\/media?parent=62892"}],"wp:term":[{"taxonomy":"category","embeddable":true,"href":"https:\/\/dana.com.br\/canaldana\/wp-json\/wp\/v2\/categories?post=62892"},{"taxonomy":"post_tag","embeddable":true,"href":"https:\/\/dana.com.br\/canaldana\/wp-json\/wp\/v2\/tags?post=62892"}],"curies":[{"name":"wp","href":"https:\/\/api.w.org\/{rel}","templated":true}]}}