{"id":62678,"date":"2022-12-08T08:30:00","date_gmt":"2022-12-08T11:30:00","guid":{"rendered":"https:\/\/dana.com.br\/canaldana\/?p=62678"},"modified":"2022-12-08T08:30:00","modified_gmt":"2022-12-08T11:30:00","slug":"mercedes-benz-doa-onibus-escolar-para-amigos-do-bem","status":"publish","type":"post","link":"https:\/\/dana.com.br\/canaldana\/2022\/12\/08\/mercedes-benz-doa-onibus-escolar-para-amigos-do-bem\/","title":{"rendered":"Mercedes-Benz doa \u00f4nibus escolar para Amigos do Bem"},"content":{"rendered":"<p><em>Coisas de Agora<\/em><\/p>\n<p>&nbsp;<\/p>\n<p>A Mercedes-Benz do Brasil realizou, na \u00faltima quarta-feira (30), a entrega de um \u00f4nibus escolar doado pela Empresa para a institui\u00e7\u00e3o social Amigos do Bem, que h\u00e1 quase tr\u00eas d\u00e9cadas tem transformado vidas no sert\u00e3o nordestino com projetos nas \u00e1reas de sa\u00fade, educa\u00e7\u00e3o, trabalho e renda, moradia e acesso \u00e0 \u00e1gua pot\u00e1vel, atendendo 150 mil pessoas de 300 povoados de Alagoas, Cear\u00e1 e Pernambuco regularmente.<\/p>\n<p>&nbsp;<\/p>\n<p>A entrega do ve\u00edculo, modelo ORE3 com capacidade para 59 estudantes sentados (incluindo dois assentos para PCDs), ocorreu na f\u00e1brica de S\u00e3o Bernardo do Campo (SP), com as presen\u00e7as de Roberto Zambelli, diretor dos Amigos do Bem; Kathrin Pfeffer, CFO da Mercedes-Benz Am\u00e9rica Latina; e Walter Barbosa, diretor de Vendas e Marketing \u00d4nibus da Mercedes-Benz do Brasil.<\/p>\n<p>&nbsp;<\/p>\n<p>Essa iniciativa faz parte das a\u00e7\u00f5es de responsabilidade social da Mercedes-Benz do Brasil, que seguem os princ\u00edpios ESG da Empresa globalmente.<\/p>\n<p>&nbsp;<\/p>\n<p>A institui\u00e7\u00e3o social Amigos do Bem utilizar\u00e1 o \u00f4nibus escolar para transporte de crian\u00e7as e jovens entre suas moradias, a Escola Dirigida e o Centro de Transforma\u00e7\u00e3o (que funciona no contraturno escolar), unidades da entidade no Povoado Torr\u00f5es, em S\u00e3o Jos\u00e9 da Tapera, a 230 km de Macei\u00f3, capital de Alagoas.<\/p>\n<p>&nbsp;<\/p>\n<p>Ao ceder o \u00f4nibus escolar, a Mercedes-Benz amplia a parceria com os Amigos do Bem, iniciada em mar\u00e7o deste ano com a doa\u00e7\u00e3o de um caminh\u00e3o Axor com ba\u00fa implementado e transformado para consultas de oftalmologia e odontologia. Esta Unidade M\u00f3vel de Sa\u00fade leva atendimento m\u00e9dico a comunidades carentes do sert\u00e3o nordestino, por meio do projeto #UnindoFor\u00e7as.<\/p>\n<p>&nbsp;<\/p>\n<p><strong>Combate \u00e0 evas\u00e3o escolar<\/strong><\/p>\n<p>&nbsp;<\/p>\n<p>\u201cA garantia da educa\u00e7\u00e3o de qualidade inclui n\u00e3o apenas a melhoria do ensino ofertado e as oportunidades pedag\u00f3gicas inclu\u00eddas no curr\u00edculo, mas a oferta de infraestrutura adequada que contribua para o aprendizado e garanta a perman\u00eancia estudantil dos alunos atendidos\u201d, destaca Roberto Zambeli, Diretor de Rela\u00e7\u00f5es Institucionais de Amigos do Bem.<\/p>\n<p>&nbsp;<\/p>\n<p>De acordo com Alcione Albanesi, presidente e fundadora da institui\u00e7\u00e3o social, a doa\u00e7\u00e3o significa o combate direto \u00e0 evas\u00e3o escolar. \u201cEm uma realidade de pobreza extrema e de afastamento dos povoados em que atuamos, a oferta de transporte escolar di\u00e1rio \u00e9 extremamente necess\u00e1ria, incentiva a assiduidade ao longo do ano letivo e permite \u00e0s crian\u00e7as e jovens o acesso \u00e0s oportunidades de um futuro melhor. Nesse sentido, o \u00f4nibus escolar cedido pela Mercedes-Benz ajudar\u00e1 a garantir a estrutura necess\u00e1ria para o transporte de ida e volta dos alunos atendidos pelo projeto de Educa\u00e7\u00e3o dos Amigos do Bem, beneficiando diretamente parte dos 2.700 alunos matriculados em Alagoas, que poder\u00e3o, atrav\u00e9s dessa oportunidade, quebrar o ciclo da mis\u00e9ria e transformar suas pr\u00f3prias vidas\u201d.<\/p>\n<p>&nbsp;<\/p>\n<p><strong>Parceria refor\u00e7a princ\u00edpios ESG na Mercedes-Benz do Brasil<\/strong><\/p>\n<p>&nbsp;<\/p>\n<p>\u201cAl\u00e9m de doar o ve\u00edculo, nossa Empresa assumir\u00e1 as despesas com a manuten\u00e7\u00e3o e o seguro do \u00f4nibus escolar\u201d, diz Kathrin Pfeffer, madrinha do projeto #UnindoFor\u00e7as. \u201cJ\u00e1 est\u00e1vamos muito orgulhosos e satisfeitos com as parcerias das Unidades M\u00f3veis de Sa\u00fade. Agora, estamos ainda mais entusiasmados com o alcance dessa iniciativa chegando \u00e0 \u00e1rea educacional. Juntas, essas a\u00e7\u00f5es asseguram qualidade de vida para popula\u00e7\u00f5es carentes e isso nos traz grande motiva\u00e7\u00e3o e for\u00e7a para seguir em frente. Recentemente, visitei essas comunidades e pude vivenciar um pouco da realidade dessas pessoas\u201d, afirma Kathrin.<\/p>\n<p>&nbsp;<\/p>\n<p>\u201cNosso \u00f4nibus escolar ir\u00e1 agregar qualidade, conforto e seguran\u00e7a ao dia a dia do transporte de crian\u00e7as e jovens atendidos pelos Amigos do Bem, o que contribui para o acesso \u00e0 educa\u00e7\u00e3o, abrindo assim horizontes e novas perspectivas de vida para milhares de estudantes\u201d, afirma Walter Barbosa, diretor de Vendas e Marketing \u00d4nibus da Mercedes-Benz do Brasil.<\/p>\n<p>&nbsp;<\/p>\n<p><strong>Amigos do Bem<\/strong><\/p>\n<p>&nbsp;<\/p>\n<p>A Institui\u00e7\u00e3o Amigos do Bem nasceu em 1993 com a iniciativa de um grupo de amigos de S\u00e3o Paulo liderados por Alcione Albanesi que, comovidos pela situa\u00e7\u00e3o de mis\u00e9ria no sert\u00e3o nordestino, se mobilizaram para ajudar a regi\u00e3o. Ao longo dos quase 30 anos de trajet\u00f3ria, a institui\u00e7\u00e3o social transforma vidas por meio de projetos de educa\u00e7\u00e3o, trabalho e renda, acesso \u00e0 sa\u00fade, \u00e1gua e moradia.<\/p>\n<p>&nbsp;<\/p>\n<p>Os Amigos do Bem atuam em diversas \u00e1reas para promover a inclus\u00e3o social e romper o ciclo de mis\u00e9ria na regi\u00e3o, tais como sa\u00fade, educa\u00e7\u00e3o, trabalho e renda e moradia. Hoje, 150 mil pessoas s\u00e3o atendidas todos os meses, em 300 povoados do sert\u00e3o de Alagoas, Pernambuco e Cear\u00e1.<\/p>\n<p>&nbsp;<\/p>\n<p>Os Amigos do Bem constru\u00edram quatro Centros de Transforma\u00e7\u00e3o, onde mais de 10 mil crian\u00e7as e jovens participam diariamente de atividades educativas e culturais. Eles t\u00eam refor\u00e7o escolar e atividades extracurriculares, bem como cursos profissionalizantes de culin\u00e1ria, cabeleireiro, inform\u00e1tica e manicure. Al\u00e9m disso, j\u00e1 foram oferecidas cerca de 500 bolsas de estudo em institui\u00e7\u00f5es de ensino superior, possibilitando a forma\u00e7\u00e3o profissional e a oportunidade de um futuro diferente para centenas de jovens.<\/p>\n<p>&nbsp;<\/p>\n<p>Com o objetivo de gerar renda e desenvolver o potencial de cada regi\u00e3o, foram constru\u00eddas F\u00e1bricas de Beneficiamento de Castanha e de Doces e Oficinas de Costura e de Artesanato, que geram mais de 1.500 empregos no Sert\u00e3o. Toda a renda obtida com a venda dos Produtos 100% Solid\u00e1rios \u00e9 revertida para os projetos educacionais e de transforma\u00e7\u00e3o de vidas.<\/p>\n<p>&nbsp;<\/p>\n<p>As quatro Cidades do Bem, localizadas em Pernambuco, Alagoas e Cear\u00e1, t\u00eam completa infraestrutura. Centenas de fam\u00edlias deixaram as casas de taipa e condi\u00e7\u00f5es de mis\u00e9ria para viver em casas de alvenaria com conforto e dignidade. Com a constru\u00e7\u00e3o de 123 cisternas e 60 po\u00e7os artesianos, milhares de pessoas, que chegavam a andar quil\u00f4metros em busca de \u00e1gua, n\u00e3o passam mais sede. Mais de 1,2 bilh\u00e3o de litros de \u00e1gua s\u00e3o distribu\u00eddos por ano nessas regi\u00f5es.<\/p>\n<p>&nbsp;<\/p>\n<p>Volunt\u00e1rios da \u00e1rea da sa\u00fade viajam todos os meses para o sert\u00e3o para realizar atendimentos m\u00e9dicos e odontol\u00f3gicos em seus Centros de Sa\u00fade, al\u00e9m de visitarem os povoados mais afastados para acompanhar de perto as fam\u00edlias cadastradas na Institui\u00e7\u00e3o. Por ano, s\u00e3o realizados mais de 187 mil atendimentos, com a distribui\u00e7\u00e3o gratuita de medicamentos e \u00f3culos de grau a quem precisa.<\/p>\n<p>&nbsp;<\/p>\n<p>Concentrados na cidade de S\u00e3o Paulo, 10.600 volunt\u00e1rios representam um dos maiores grupos sociais ativos do Pa\u00eds. Eles participam de 142 equipes de trabalho com diferentes atividades, como arrecada\u00e7\u00f5es e distribui\u00e7\u00f5es mensais de alimentos, triagem de doa\u00e7\u00f5es, restaura\u00e7\u00e3o de brinquedos e acompanhamento dos diversos projetos no sert\u00e3o.<\/p>\n<p>&nbsp;<\/p>\n<p>Para mais informa\u00e7\u00f5es sobre Amigos do Bem, visite: <a href=\"http:\/\/www.amigosdobem.org\" target=\"_blank\" rel=\"noopener\">http:\/\/www.amigosdobem.org<\/a>. (Coisas de Agora)<\/p>\n","protected":false},"excerpt":{"rendered":"<p>Coisas de Agora &nbsp; A Mercedes-Benz do Brasil realizou, na \u00faltima quarta-feira (30), a entrega de um \u00f4nibus escolar doado pela Empresa para a institui\u00e7\u00e3o social Amigos do Bem, que h\u00e1 quase tr\u00eas d\u00e9cadas tem transformado vidas no sert\u00e3o nordestino com projetos nas \u00e1reas de sa\u00fade, educa\u00e7\u00e3o, trabalho e renda, moradia e acesso \u00e0 \u00e1gua\u2026 <a class=\"readmore\" href=\"https:\/\/dana.com.br\/canaldana\/2022\/12\/08\/mercedes-benz-doa-onibus-escolar-para-amigos-do-bem\/\">Leia mais \u00bb<\/a><\/p>\n","protected":false},"author":3,"featured_media":0,"comment_status":"closed","ping_status":"closed","sticky":false,"template":"","format":"standard","meta":{"_acf_changed":false,"footnotes":""},"categories":[79],"tags":[],"class_list":["post-62678","post","type-post","status-publish","format-standard","hentry","category-mercado"],"acf":[],"yoast_head":"<!-- This site is optimized with the Yoast SEO plugin v27.3 - https:\/\/yoast.com\/product\/yoast-seo-wordpress\/ -->\n<title>Mercedes-Benz doa \u00f4nibus escolar para Amigos do Bem - Canal Dana<\/title>\n<meta name=\"robots\" content=\"index, follow, max-snippet:-1, max-image-preview:large, max-video-preview:-1\" \/>\n<link rel=\"canonical\" href=\"https:\/\/dana.com.br\/canaldana\/2022\/12\/08\/mercedes-benz-doa-onibus-escolar-para-amigos-do-bem\/\" \/>\n<meta property=\"og:locale\" content=\"pt_BR\" \/>\n<meta property=\"og:type\" content=\"article\" \/>\n<meta property=\"og:title\" content=\"Mercedes-Benz doa \u00f4nibus escolar para Amigos do Bem - Canal Dana\" \/>\n<meta property=\"og:description\" content=\"Coisas de Agora &nbsp; A Mercedes-Benz do Brasil realizou, na \u00faltima quarta-feira (30), a entrega de um \u00f4nibus escolar doado pela Empresa para a institui\u00e7\u00e3o social Amigos do Bem, que h\u00e1 quase tr\u00eas d\u00e9cadas tem transformado vidas no sert\u00e3o nordestino com projetos nas \u00e1reas de sa\u00fade, educa\u00e7\u00e3o, trabalho e renda, moradia e acesso \u00e0 \u00e1gua\u2026 Leia mais \u00bb\" \/>\n<meta property=\"og:url\" content=\"https:\/\/dana.com.br\/canaldana\/2022\/12\/08\/mercedes-benz-doa-onibus-escolar-para-amigos-do-bem\/\" \/>\n<meta property=\"og:site_name\" content=\"Canal Dana\" \/>\n<meta property=\"article:published_time\" content=\"2022-12-08T11:30:00+00:00\" \/>\n<meta name=\"author\" content=\"Canal Dana\" \/>\n<meta name=\"twitter:card\" content=\"summary_large_image\" \/>\n<meta name=\"twitter:label1\" content=\"Escrito por\" \/>\n\t<meta name=\"twitter:data1\" content=\"Canal Dana\" \/>\n\t<meta name=\"twitter:label2\" content=\"Est. tempo de leitura\" \/>\n\t<meta name=\"twitter:data2\" content=\"6 minutos\" \/>\n<script type=\"application\/ld+json\" class=\"yoast-schema-graph\">{\"@context\":\"https:\\\/\\\/schema.org\",\"@graph\":[{\"@type\":\"Article\",\"@id\":\"https:\\\/\\\/dana.com.br\\\/canaldana\\\/2022\\\/12\\\/08\\\/mercedes-benz-doa-onibus-escolar-para-amigos-do-bem\\\/#article\",\"isPartOf\":{\"@id\":\"https:\\\/\\\/dana.com.br\\\/canaldana\\\/2022\\\/12\\\/08\\\/mercedes-benz-doa-onibus-escolar-para-amigos-do-bem\\\/\"},\"author\":{\"name\":\"Canal Dana\",\"@id\":\"https:\\\/\\\/dana.com.br\\\/canaldana\\\/#\\\/schema\\\/person\\\/3c21f22f56fcf3bc46b94bc60ea4fef6\"},\"headline\":\"Mercedes-Benz doa \u00f4nibus escolar para Amigos do Bem\",\"datePublished\":\"2022-12-08T11:30:00+00:00\",\"mainEntityOfPage\":{\"@id\":\"https:\\\/\\\/dana.com.br\\\/canaldana\\\/2022\\\/12\\\/08\\\/mercedes-benz-doa-onibus-escolar-para-amigos-do-bem\\\/\"},\"wordCount\":1163,\"articleSection\":[\"Mercado\"],\"inLanguage\":\"pt-BR\"},{\"@type\":\"WebPage\",\"@id\":\"https:\\\/\\\/dana.com.br\\\/canaldana\\\/2022\\\/12\\\/08\\\/mercedes-benz-doa-onibus-escolar-para-amigos-do-bem\\\/\",\"url\":\"https:\\\/\\\/dana.com.br\\\/canaldana\\\/2022\\\/12\\\/08\\\/mercedes-benz-doa-onibus-escolar-para-amigos-do-bem\\\/\",\"name\":\"Mercedes-Benz doa \u00f4nibus escolar para Amigos do Bem - Canal Dana\",\"isPartOf\":{\"@id\":\"https:\\\/\\\/dana.com.br\\\/canaldana\\\/#website\"},\"datePublished\":\"2022-12-08T11:30:00+00:00\",\"author\":{\"@id\":\"https:\\\/\\\/dana.com.br\\\/canaldana\\\/#\\\/schema\\\/person\\\/3c21f22f56fcf3bc46b94bc60ea4fef6\"},\"breadcrumb\":{\"@id\":\"https:\\\/\\\/dana.com.br\\\/canaldana\\\/2022\\\/12\\\/08\\\/mercedes-benz-doa-onibus-escolar-para-amigos-do-bem\\\/#breadcrumb\"},\"inLanguage\":\"pt-BR\",\"potentialAction\":[{\"@type\":\"ReadAction\",\"target\":[\"https:\\\/\\\/dana.com.br\\\/canaldana\\\/2022\\\/12\\\/08\\\/mercedes-benz-doa-onibus-escolar-para-amigos-do-bem\\\/\"]}]},{\"@type\":\"BreadcrumbList\",\"@id\":\"https:\\\/\\\/dana.com.br\\\/canaldana\\\/2022\\\/12\\\/08\\\/mercedes-benz-doa-onibus-escolar-para-amigos-do-bem\\\/#breadcrumb\",\"itemListElement\":[{\"@type\":\"ListItem\",\"position\":1,\"name\":\"Home\",\"item\":\"https:\\\/\\\/dana.com.br\\\/canaldana\\\/\"},{\"@type\":\"ListItem\",\"position\":2,\"name\":\"Mercado\",\"item\":\"https:\\\/\\\/dana.com.br\\\/canaldana\\\/mercado\\\/\"},{\"@type\":\"ListItem\",\"position\":3,\"name\":\"Mercedes-Benz doa \u00f4nibus escolar para Amigos do Bem\"}]},{\"@type\":\"WebSite\",\"@id\":\"https:\\\/\\\/dana.com.br\\\/canaldana\\\/#website\",\"url\":\"https:\\\/\\\/dana.com.br\\\/canaldana\\\/\",\"name\":\"Canal Dana\",\"description\":\"Informativo com as principais not\u00edcias da ind\u00fastria automotiva\",\"potentialAction\":[{\"@type\":\"SearchAction\",\"target\":{\"@type\":\"EntryPoint\",\"urlTemplate\":\"https:\\\/\\\/dana.com.br\\\/canaldana\\\/?s={search_term_string}\"},\"query-input\":{\"@type\":\"PropertyValueSpecification\",\"valueRequired\":true,\"valueName\":\"search_term_string\"}}],\"inLanguage\":\"pt-BR\"},{\"@type\":\"Person\",\"@id\":\"https:\\\/\\\/dana.com.br\\\/canaldana\\\/#\\\/schema\\\/person\\\/3c21f22f56fcf3bc46b94bc60ea4fef6\",\"name\":\"Canal Dana\",\"image\":{\"@type\":\"ImageObject\",\"inLanguage\":\"pt-BR\",\"@id\":\"https:\\\/\\\/secure.gravatar.com\\\/avatar\\\/420aaf9278582877d9018637c6817617705899d2858d7572ef0fe59a6b6454b4?s=96&d=mm&r=g\",\"url\":\"https:\\\/\\\/secure.gravatar.com\\\/avatar\\\/420aaf9278582877d9018637c6817617705899d2858d7572ef0fe59a6b6454b4?s=96&d=mm&r=g\",\"contentUrl\":\"https:\\\/\\\/secure.gravatar.com\\\/avatar\\\/420aaf9278582877d9018637c6817617705899d2858d7572ef0fe59a6b6454b4?s=96&d=mm&r=g\",\"caption\":\"Canal Dana\"},\"url\":\"https:\\\/\\\/dana.com.br\\\/canaldana\\\/author\\\/cdeditor\\\/\"}]}<\/script>\n<!-- \/ Yoast SEO plugin. -->","yoast_head_json":{"title":"Mercedes-Benz doa \u00f4nibus escolar para Amigos do Bem - Canal Dana","robots":{"index":"index","follow":"follow","max-snippet":"max-snippet:-1","max-image-preview":"max-image-preview:large","max-video-preview":"max-video-preview:-1"},"canonical":"https:\/\/dana.com.br\/canaldana\/2022\/12\/08\/mercedes-benz-doa-onibus-escolar-para-amigos-do-bem\/","og_locale":"pt_BR","og_type":"article","og_title":"Mercedes-Benz doa \u00f4nibus escolar para Amigos do Bem - Canal Dana","og_description":"Coisas de Agora &nbsp; A Mercedes-Benz do Brasil realizou, na \u00faltima quarta-feira (30), a entrega de um \u00f4nibus escolar doado pela Empresa para a institui\u00e7\u00e3o social Amigos do Bem, que h\u00e1 quase tr\u00eas d\u00e9cadas tem transformado vidas no sert\u00e3o nordestino com projetos nas \u00e1reas de sa\u00fade, educa\u00e7\u00e3o, trabalho e renda, moradia e acesso \u00e0 \u00e1gua\u2026 Leia mais \u00bb","og_url":"https:\/\/dana.com.br\/canaldana\/2022\/12\/08\/mercedes-benz-doa-onibus-escolar-para-amigos-do-bem\/","og_site_name":"Canal Dana","article_published_time":"2022-12-08T11:30:00+00:00","author":"Canal Dana","twitter_card":"summary_large_image","twitter_misc":{"Escrito por":"Canal Dana","Est. tempo de leitura":"6 minutos"},"schema":{"@context":"https:\/\/schema.org","@graph":[{"@type":"Article","@id":"https:\/\/dana.com.br\/canaldana\/2022\/12\/08\/mercedes-benz-doa-onibus-escolar-para-amigos-do-bem\/#article","isPartOf":{"@id":"https:\/\/dana.com.br\/canaldana\/2022\/12\/08\/mercedes-benz-doa-onibus-escolar-para-amigos-do-bem\/"},"author":{"name":"Canal Dana","@id":"https:\/\/dana.com.br\/canaldana\/#\/schema\/person\/3c21f22f56fcf3bc46b94bc60ea4fef6"},"headline":"Mercedes-Benz doa \u00f4nibus escolar para Amigos do Bem","datePublished":"2022-12-08T11:30:00+00:00","mainEntityOfPage":{"@id":"https:\/\/dana.com.br\/canaldana\/2022\/12\/08\/mercedes-benz-doa-onibus-escolar-para-amigos-do-bem\/"},"wordCount":1163,"articleSection":["Mercado"],"inLanguage":"pt-BR"},{"@type":"WebPage","@id":"https:\/\/dana.com.br\/canaldana\/2022\/12\/08\/mercedes-benz-doa-onibus-escolar-para-amigos-do-bem\/","url":"https:\/\/dana.com.br\/canaldana\/2022\/12\/08\/mercedes-benz-doa-onibus-escolar-para-amigos-do-bem\/","name":"Mercedes-Benz doa \u00f4nibus escolar para Amigos do Bem - Canal Dana","isPartOf":{"@id":"https:\/\/dana.com.br\/canaldana\/#website"},"datePublished":"2022-12-08T11:30:00+00:00","author":{"@id":"https:\/\/dana.com.br\/canaldana\/#\/schema\/person\/3c21f22f56fcf3bc46b94bc60ea4fef6"},"breadcrumb":{"@id":"https:\/\/dana.com.br\/canaldana\/2022\/12\/08\/mercedes-benz-doa-onibus-escolar-para-amigos-do-bem\/#breadcrumb"},"inLanguage":"pt-BR","potentialAction":[{"@type":"ReadAction","target":["https:\/\/dana.com.br\/canaldana\/2022\/12\/08\/mercedes-benz-doa-onibus-escolar-para-amigos-do-bem\/"]}]},{"@type":"BreadcrumbList","@id":"https:\/\/dana.com.br\/canaldana\/2022\/12\/08\/mercedes-benz-doa-onibus-escolar-para-amigos-do-bem\/#breadcrumb","itemListElement":[{"@type":"ListItem","position":1,"name":"Home","item":"https:\/\/dana.com.br\/canaldana\/"},{"@type":"ListItem","position":2,"name":"Mercado","item":"https:\/\/dana.com.br\/canaldana\/mercado\/"},{"@type":"ListItem","position":3,"name":"Mercedes-Benz doa \u00f4nibus escolar para Amigos do Bem"}]},{"@type":"WebSite","@id":"https:\/\/dana.com.br\/canaldana\/#website","url":"https:\/\/dana.com.br\/canaldana\/","name":"Canal Dana","description":"Informativo com as principais not\u00edcias da ind\u00fastria automotiva","potentialAction":[{"@type":"SearchAction","target":{"@type":"EntryPoint","urlTemplate":"https:\/\/dana.com.br\/canaldana\/?s={search_term_string}"},"query-input":{"@type":"PropertyValueSpecification","valueRequired":true,"valueName":"search_term_string"}}],"inLanguage":"pt-BR"},{"@type":"Person","@id":"https:\/\/dana.com.br\/canaldana\/#\/schema\/person\/3c21f22f56fcf3bc46b94bc60ea4fef6","name":"Canal Dana","image":{"@type":"ImageObject","inLanguage":"pt-BR","@id":"https:\/\/secure.gravatar.com\/avatar\/420aaf9278582877d9018637c6817617705899d2858d7572ef0fe59a6b6454b4?s=96&d=mm&r=g","url":"https:\/\/secure.gravatar.com\/avatar\/420aaf9278582877d9018637c6817617705899d2858d7572ef0fe59a6b6454b4?s=96&d=mm&r=g","contentUrl":"https:\/\/secure.gravatar.com\/avatar\/420aaf9278582877d9018637c6817617705899d2858d7572ef0fe59a6b6454b4?s=96&d=mm&r=g","caption":"Canal Dana"},"url":"https:\/\/dana.com.br\/canaldana\/author\/cdeditor\/"}]}},"_links":{"self":[{"href":"https:\/\/dana.com.br\/canaldana\/wp-json\/wp\/v2\/posts\/62678","targetHints":{"allow":["GET"]}}],"collection":[{"href":"https:\/\/dana.com.br\/canaldana\/wp-json\/wp\/v2\/posts"}],"about":[{"href":"https:\/\/dana.com.br\/canaldana\/wp-json\/wp\/v2\/types\/post"}],"author":[{"embeddable":true,"href":"https:\/\/dana.com.br\/canaldana\/wp-json\/wp\/v2\/users\/3"}],"replies":[{"embeddable":true,"href":"https:\/\/dana.com.br\/canaldana\/wp-json\/wp\/v2\/comments?post=62678"}],"version-history":[{"count":0,"href":"https:\/\/dana.com.br\/canaldana\/wp-json\/wp\/v2\/posts\/62678\/revisions"}],"wp:attachment":[{"href":"https:\/\/dana.com.br\/canaldana\/wp-json\/wp\/v2\/media?parent=62678"}],"wp:term":[{"taxonomy":"category","embeddable":true,"href":"https:\/\/dana.com.br\/canaldana\/wp-json\/wp\/v2\/categories?post=62678"},{"taxonomy":"post_tag","embeddable":true,"href":"https:\/\/dana.com.br\/canaldana\/wp-json\/wp\/v2\/tags?post=62678"}],"curies":[{"name":"wp","href":"https:\/\/api.w.org\/{rel}","templated":true}]}}