{"id":62676,"date":"2022-12-08T08:29:13","date_gmt":"2022-12-08T11:29:13","guid":{"rendered":"https:\/\/dana.com.br\/canaldana\/?p=62676"},"modified":"2022-12-08T08:29:13","modified_gmt":"2022-12-08T11:29:13","slug":"no-chile-aumenta-venda-de-onibus-e-cai-de-caminhoes","status":"publish","type":"post","link":"https:\/\/dana.com.br\/canaldana\/2022\/12\/08\/no-chile-aumenta-venda-de-onibus-e-cai-de-caminhoes\/","title":{"rendered":"No Chile, aumenta venda de \u00f4nibus e cai de caminh\u00f5es"},"content":{"rendered":"<p><em>Truck &amp; Bus Builder Am\u00e9rica do Sul<\/em><\/p>\n<p>&nbsp;<\/p>\n<p>Em consequ\u00eancia da retra\u00e7\u00e3o da economia que o pa\u00eds passou a enfrentar neste segundo semestre, o mercado de ve\u00edculos comerciais do Chile sofreu uma queda na comercializa\u00e7\u00e3o de ve\u00edculos, como de outros bens.\u00a0 Segundo dados da ANAC (Associa\u00e7\u00e3o Nacional Automotriz do Chile), foram 1.795 unidades comercializadas em novembro, contra 1.946 unidades no mesmo m\u00eas de 2021, com queda de 7,6%.<\/p>\n<p>&nbsp;<\/p>\n<p>A queda s\u00f3 n\u00e3o foi maior porque o segmento de \u00f4nibus foi o \u00fanico que apresentou crescimento e compensou em parte a queda do setor de caminh\u00f5es. Foram 576 unidades contra 206 no mesmo m\u00eas do ano passado, com aumento de 179,6%.<\/p>\n<p>&nbsp;<\/p>\n<p>Afetado por esse momento adverso, o mercado de caminh\u00f5es registrou, em novembro, queda de vendas de 29,9% com 1.219 unidades em compara\u00e7\u00e3o com os 1.740 ve\u00edculos registrados em novembro de 2021 e 10,6% abaixo dos 1.363 caminh\u00f5es registrados em outubro \u00faltimo.<\/p>\n<p>&nbsp;<\/p>\n<p>Em vendas acumuladas, o mercado chileno de ve\u00edculos comerciais manteve, at\u00e9 novembro, eleva\u00e7\u00e3o, com crescimento de 3,0% em rela\u00e7\u00e3o ao per\u00edodo de janeiro a novembro de 2021, com 17.402 unidades, contra 16.888, gra\u00e7as ao forte aumento na entrega de \u00f4nibus, que atingiu 2.687 unidades, 61,6% acima dos 1.663 ve\u00edculos vendidos no mesmo per\u00edodo de 2021. Essa marca ainda \u00e9 17,5% inferior ao resultado de 2019 quando, de janeiro a novembro, foram vendidos 3.257 ve\u00edculos.<\/p>\n<p>&nbsp;<\/p>\n<p>O segmento de caminh\u00f5es sofreu retra\u00e7\u00e3o de 3,3% em vendas acumuladas de 14.715 unidades, em compara\u00e7\u00e3o com os 15.225 ve\u00edculos vendidos em igual per\u00edodo do ano passado.<\/p>\n<p>&nbsp;<\/p>\n<p>Segundo a Anac, o grande impulsionador das vendas de \u00f4nibus foi o sistema de transporte coletivo urbano de Santiago, o Red Movilidad, que demandou este ano 1.028 novas unidades, contra apenas 24 no mesmo per\u00edodo de 2021.<\/p>\n<p>&nbsp;<\/p>\n<p>A Scania liderou as vendas gerais de caminh\u00f5es com 1.836 ve\u00edculos e tamb\u00e9m no segmento de pesados, com 1.834 unidades. A JAC comandou as vendas no segmento de caminh\u00f5es leves, com 387 unidades. E a Hino, com 848 ve\u00edculos, liderou o segmento m\u00e9dios.<\/p>\n<p>&nbsp;<\/p>\n<p>Por segmento, foram as seguintes as empresas que mais se destacaram:<\/p>\n<p>&nbsp;<\/p>\n<p><strong>Segmento leve<\/strong><\/p>\n<p>1 \u2013 JAC, 387 unidades<\/p>\n<p>2 &#8211; Foton, 289<\/p>\n<p>3 &#8211; Hino, 270 unidades<\/p>\n<p>&nbsp;<\/p>\n<p><strong>Segmento m\u00e9dio<\/strong><\/p>\n<p>1 \u2013 Hino, 848 unidades<\/p>\n<p>2 \u2013 Chevrolet, 831<\/p>\n<p>3 \u2013 Fuso, 731<\/p>\n<p>&nbsp;<\/p>\n<p><strong>Segmentos pesado:<\/strong><\/p>\n<p>1 \u2013 Scania, 1.834 unidades<\/p>\n<p>2 \u2013 Mercedes-Benz, 1.713<\/p>\n<p>3 \u2013 Volvo, 1.642 unidades<\/p>\n<p>&nbsp;<\/p>\n<p><strong>Mercado total de caminh\u00f5es\u00a0\u00a0\u00a0\u00a0\u00a0\u00a0\u00a0\u00a0\u00a0\u00a0\u00a0\u00a0\u00a0\u00a0\u00a0\u00a0\u00a0\u00a0\u00a0\u00a0\u00a0\u00a0\u00a0\u00a0\u00a0\u00a0\u00a0\u00a0 <\/strong><\/p>\n<p>1 \u2013 Scania, 1.836 unidades<\/p>\n<p>2 \u2013 Mercedes-Benz, 1.813<\/p>\n<p>3 \u2013 Volvo, 1.642<\/p>\n<p>4 \u2013 Volkswagen, 1.492<\/p>\n<p>5 \u2013 Hino, 1.275<\/p>\n<p>6 \u2013 Chevrolet, 1.158<\/p>\n<p>7 \u2013 Fuso, 876<\/p>\n<p>8 \u2013 JAC, 713<\/p>\n<p>9 \u2013 Foton, 646<\/p>\n<p>10 \u2013 Freightliner, 554 unidades<\/p>\n<p>&nbsp;<\/p>\n<p><strong>Mercado de \u00f4nibus<\/strong><\/p>\n<p>1 \u2013 Volvo, 655 unidades<\/p>\n<p>2 \u2013 Mercedes-Benz, 581<\/p>\n<p>3 \u2013 Scania, 524<\/p>\n<p>4 \u2013 Foton, 256<\/p>\n<p>5 &#8211; Fuso, 138<\/p>\n<p>6 \u2013 Yutong, 74<\/p>\n<p>7 \u2013 Volkswagen, 46<\/p>\n<p>8 \u2013 Agrale, 38<\/p>\n<p>9 \u2013 Hyundai, 34<\/p>\n<p>10 \u2013 King Long, 33 unidades<\/p>\n<p>(Truck &amp; Bus Builder Am\u00e9rica do Sul)<\/p>\n","protected":false},"excerpt":{"rendered":"<p>Truck &amp; Bus Builder Am\u00e9rica do Sul &nbsp; Em consequ\u00eancia da retra\u00e7\u00e3o da economia que o pa\u00eds passou a enfrentar neste segundo semestre, o mercado de ve\u00edculos comerciais do Chile sofreu uma queda na comercializa\u00e7\u00e3o de ve\u00edculos, como de outros bens.\u00a0 Segundo dados da ANAC (Associa\u00e7\u00e3o Nacional Automotriz do Chile), foram 1.795 unidades comercializadas em\u2026 <a class=\"readmore\" href=\"https:\/\/dana.com.br\/canaldana\/2022\/12\/08\/no-chile-aumenta-venda-de-onibus-e-cai-de-caminhoes\/\">Leia mais \u00bb<\/a><\/p>\n","protected":false},"author":3,"featured_media":0,"comment_status":"closed","ping_status":"closed","sticky":false,"template":"","format":"standard","meta":{"_acf_changed":false,"footnotes":""},"categories":[79],"tags":[],"class_list":["post-62676","post","type-post","status-publish","format-standard","hentry","category-mercado"],"acf":[],"yoast_head":"<!-- This site is optimized with the Yoast SEO plugin v27.3 - https:\/\/yoast.com\/product\/yoast-seo-wordpress\/ -->\n<title>No Chile, aumenta venda de \u00f4nibus e cai de caminh\u00f5es - Canal Dana<\/title>\n<meta name=\"robots\" content=\"index, follow, max-snippet:-1, max-image-preview:large, max-video-preview:-1\" \/>\n<link rel=\"canonical\" href=\"https:\/\/dana.com.br\/canaldana\/2022\/12\/08\/no-chile-aumenta-venda-de-onibus-e-cai-de-caminhoes\/\" \/>\n<meta property=\"og:locale\" content=\"pt_BR\" \/>\n<meta property=\"og:type\" content=\"article\" \/>\n<meta property=\"og:title\" content=\"No Chile, aumenta venda de \u00f4nibus e cai de caminh\u00f5es - Canal Dana\" \/>\n<meta property=\"og:description\" content=\"Truck &amp; Bus Builder Am\u00e9rica do Sul &nbsp; Em consequ\u00eancia da retra\u00e7\u00e3o da economia que o pa\u00eds passou a enfrentar neste segundo semestre, o mercado de ve\u00edculos comerciais do Chile sofreu uma queda na comercializa\u00e7\u00e3o de ve\u00edculos, como de outros bens.\u00a0 Segundo dados da ANAC (Associa\u00e7\u00e3o Nacional Automotriz do Chile), foram 1.795 unidades comercializadas em\u2026 Leia mais \u00bb\" \/>\n<meta property=\"og:url\" content=\"https:\/\/dana.com.br\/canaldana\/2022\/12\/08\/no-chile-aumenta-venda-de-onibus-e-cai-de-caminhoes\/\" \/>\n<meta property=\"og:site_name\" content=\"Canal Dana\" \/>\n<meta property=\"article:published_time\" content=\"2022-12-08T11:29:13+00:00\" \/>\n<meta name=\"author\" content=\"Canal Dana\" \/>\n<meta name=\"twitter:card\" content=\"summary_large_image\" \/>\n<meta name=\"twitter:label1\" content=\"Escrito por\" \/>\n\t<meta name=\"twitter:data1\" content=\"Canal Dana\" \/>\n\t<meta name=\"twitter:label2\" content=\"Est. tempo de leitura\" \/>\n\t<meta name=\"twitter:data2\" content=\"2 minutos\" \/>\n<script type=\"application\/ld+json\" class=\"yoast-schema-graph\">{\"@context\":\"https:\\\/\\\/schema.org\",\"@graph\":[{\"@type\":\"Article\",\"@id\":\"https:\\\/\\\/dana.com.br\\\/canaldana\\\/2022\\\/12\\\/08\\\/no-chile-aumenta-venda-de-onibus-e-cai-de-caminhoes\\\/#article\",\"isPartOf\":{\"@id\":\"https:\\\/\\\/dana.com.br\\\/canaldana\\\/2022\\\/12\\\/08\\\/no-chile-aumenta-venda-de-onibus-e-cai-de-caminhoes\\\/\"},\"author\":{\"name\":\"Canal Dana\",\"@id\":\"https:\\\/\\\/dana.com.br\\\/canaldana\\\/#\\\/schema\\\/person\\\/3c21f22f56fcf3bc46b94bc60ea4fef6\"},\"headline\":\"No Chile, aumenta venda de \u00f4nibus e cai de caminh\u00f5es\",\"datePublished\":\"2022-12-08T11:29:13+00:00\",\"mainEntityOfPage\":{\"@id\":\"https:\\\/\\\/dana.com.br\\\/canaldana\\\/2022\\\/12\\\/08\\\/no-chile-aumenta-venda-de-onibus-e-cai-de-caminhoes\\\/\"},\"wordCount\":432,\"articleSection\":[\"Mercado\"],\"inLanguage\":\"pt-BR\"},{\"@type\":\"WebPage\",\"@id\":\"https:\\\/\\\/dana.com.br\\\/canaldana\\\/2022\\\/12\\\/08\\\/no-chile-aumenta-venda-de-onibus-e-cai-de-caminhoes\\\/\",\"url\":\"https:\\\/\\\/dana.com.br\\\/canaldana\\\/2022\\\/12\\\/08\\\/no-chile-aumenta-venda-de-onibus-e-cai-de-caminhoes\\\/\",\"name\":\"No Chile, aumenta venda de \u00f4nibus e cai de caminh\u00f5es - Canal Dana\",\"isPartOf\":{\"@id\":\"https:\\\/\\\/dana.com.br\\\/canaldana\\\/#website\"},\"datePublished\":\"2022-12-08T11:29:13+00:00\",\"author\":{\"@id\":\"https:\\\/\\\/dana.com.br\\\/canaldana\\\/#\\\/schema\\\/person\\\/3c21f22f56fcf3bc46b94bc60ea4fef6\"},\"breadcrumb\":{\"@id\":\"https:\\\/\\\/dana.com.br\\\/canaldana\\\/2022\\\/12\\\/08\\\/no-chile-aumenta-venda-de-onibus-e-cai-de-caminhoes\\\/#breadcrumb\"},\"inLanguage\":\"pt-BR\",\"potentialAction\":[{\"@type\":\"ReadAction\",\"target\":[\"https:\\\/\\\/dana.com.br\\\/canaldana\\\/2022\\\/12\\\/08\\\/no-chile-aumenta-venda-de-onibus-e-cai-de-caminhoes\\\/\"]}]},{\"@type\":\"BreadcrumbList\",\"@id\":\"https:\\\/\\\/dana.com.br\\\/canaldana\\\/2022\\\/12\\\/08\\\/no-chile-aumenta-venda-de-onibus-e-cai-de-caminhoes\\\/#breadcrumb\",\"itemListElement\":[{\"@type\":\"ListItem\",\"position\":1,\"name\":\"Home\",\"item\":\"https:\\\/\\\/dana.com.br\\\/canaldana\\\/\"},{\"@type\":\"ListItem\",\"position\":2,\"name\":\"Mercado\",\"item\":\"https:\\\/\\\/dana.com.br\\\/canaldana\\\/mercado\\\/\"},{\"@type\":\"ListItem\",\"position\":3,\"name\":\"No Chile, aumenta venda de \u00f4nibus e cai de caminh\u00f5es\"}]},{\"@type\":\"WebSite\",\"@id\":\"https:\\\/\\\/dana.com.br\\\/canaldana\\\/#website\",\"url\":\"https:\\\/\\\/dana.com.br\\\/canaldana\\\/\",\"name\":\"Canal Dana\",\"description\":\"Informativo com as principais not\u00edcias da ind\u00fastria automotiva\",\"potentialAction\":[{\"@type\":\"SearchAction\",\"target\":{\"@type\":\"EntryPoint\",\"urlTemplate\":\"https:\\\/\\\/dana.com.br\\\/canaldana\\\/?s={search_term_string}\"},\"query-input\":{\"@type\":\"PropertyValueSpecification\",\"valueRequired\":true,\"valueName\":\"search_term_string\"}}],\"inLanguage\":\"pt-BR\"},{\"@type\":\"Person\",\"@id\":\"https:\\\/\\\/dana.com.br\\\/canaldana\\\/#\\\/schema\\\/person\\\/3c21f22f56fcf3bc46b94bc60ea4fef6\",\"name\":\"Canal Dana\",\"image\":{\"@type\":\"ImageObject\",\"inLanguage\":\"pt-BR\",\"@id\":\"https:\\\/\\\/secure.gravatar.com\\\/avatar\\\/420aaf9278582877d9018637c6817617705899d2858d7572ef0fe59a6b6454b4?s=96&d=mm&r=g\",\"url\":\"https:\\\/\\\/secure.gravatar.com\\\/avatar\\\/420aaf9278582877d9018637c6817617705899d2858d7572ef0fe59a6b6454b4?s=96&d=mm&r=g\",\"contentUrl\":\"https:\\\/\\\/secure.gravatar.com\\\/avatar\\\/420aaf9278582877d9018637c6817617705899d2858d7572ef0fe59a6b6454b4?s=96&d=mm&r=g\",\"caption\":\"Canal Dana\"},\"url\":\"https:\\\/\\\/dana.com.br\\\/canaldana\\\/author\\\/cdeditor\\\/\"}]}<\/script>\n<!-- \/ Yoast SEO plugin. -->","yoast_head_json":{"title":"No Chile, aumenta venda de \u00f4nibus e cai de caminh\u00f5es - Canal Dana","robots":{"index":"index","follow":"follow","max-snippet":"max-snippet:-1","max-image-preview":"max-image-preview:large","max-video-preview":"max-video-preview:-1"},"canonical":"https:\/\/dana.com.br\/canaldana\/2022\/12\/08\/no-chile-aumenta-venda-de-onibus-e-cai-de-caminhoes\/","og_locale":"pt_BR","og_type":"article","og_title":"No Chile, aumenta venda de \u00f4nibus e cai de caminh\u00f5es - Canal Dana","og_description":"Truck &amp; Bus Builder Am\u00e9rica do Sul &nbsp; Em consequ\u00eancia da retra\u00e7\u00e3o da economia que o pa\u00eds passou a enfrentar neste segundo semestre, o mercado de ve\u00edculos comerciais do Chile sofreu uma queda na comercializa\u00e7\u00e3o de ve\u00edculos, como de outros bens.\u00a0 Segundo dados da ANAC (Associa\u00e7\u00e3o Nacional Automotriz do Chile), foram 1.795 unidades comercializadas em\u2026 Leia mais \u00bb","og_url":"https:\/\/dana.com.br\/canaldana\/2022\/12\/08\/no-chile-aumenta-venda-de-onibus-e-cai-de-caminhoes\/","og_site_name":"Canal Dana","article_published_time":"2022-12-08T11:29:13+00:00","author":"Canal Dana","twitter_card":"summary_large_image","twitter_misc":{"Escrito por":"Canal Dana","Est. tempo de leitura":"2 minutos"},"schema":{"@context":"https:\/\/schema.org","@graph":[{"@type":"Article","@id":"https:\/\/dana.com.br\/canaldana\/2022\/12\/08\/no-chile-aumenta-venda-de-onibus-e-cai-de-caminhoes\/#article","isPartOf":{"@id":"https:\/\/dana.com.br\/canaldana\/2022\/12\/08\/no-chile-aumenta-venda-de-onibus-e-cai-de-caminhoes\/"},"author":{"name":"Canal Dana","@id":"https:\/\/dana.com.br\/canaldana\/#\/schema\/person\/3c21f22f56fcf3bc46b94bc60ea4fef6"},"headline":"No Chile, aumenta venda de \u00f4nibus e cai de caminh\u00f5es","datePublished":"2022-12-08T11:29:13+00:00","mainEntityOfPage":{"@id":"https:\/\/dana.com.br\/canaldana\/2022\/12\/08\/no-chile-aumenta-venda-de-onibus-e-cai-de-caminhoes\/"},"wordCount":432,"articleSection":["Mercado"],"inLanguage":"pt-BR"},{"@type":"WebPage","@id":"https:\/\/dana.com.br\/canaldana\/2022\/12\/08\/no-chile-aumenta-venda-de-onibus-e-cai-de-caminhoes\/","url":"https:\/\/dana.com.br\/canaldana\/2022\/12\/08\/no-chile-aumenta-venda-de-onibus-e-cai-de-caminhoes\/","name":"No Chile, aumenta venda de \u00f4nibus e cai de caminh\u00f5es - Canal Dana","isPartOf":{"@id":"https:\/\/dana.com.br\/canaldana\/#website"},"datePublished":"2022-12-08T11:29:13+00:00","author":{"@id":"https:\/\/dana.com.br\/canaldana\/#\/schema\/person\/3c21f22f56fcf3bc46b94bc60ea4fef6"},"breadcrumb":{"@id":"https:\/\/dana.com.br\/canaldana\/2022\/12\/08\/no-chile-aumenta-venda-de-onibus-e-cai-de-caminhoes\/#breadcrumb"},"inLanguage":"pt-BR","potentialAction":[{"@type":"ReadAction","target":["https:\/\/dana.com.br\/canaldana\/2022\/12\/08\/no-chile-aumenta-venda-de-onibus-e-cai-de-caminhoes\/"]}]},{"@type":"BreadcrumbList","@id":"https:\/\/dana.com.br\/canaldana\/2022\/12\/08\/no-chile-aumenta-venda-de-onibus-e-cai-de-caminhoes\/#breadcrumb","itemListElement":[{"@type":"ListItem","position":1,"name":"Home","item":"https:\/\/dana.com.br\/canaldana\/"},{"@type":"ListItem","position":2,"name":"Mercado","item":"https:\/\/dana.com.br\/canaldana\/mercado\/"},{"@type":"ListItem","position":3,"name":"No Chile, aumenta venda de \u00f4nibus e cai de caminh\u00f5es"}]},{"@type":"WebSite","@id":"https:\/\/dana.com.br\/canaldana\/#website","url":"https:\/\/dana.com.br\/canaldana\/","name":"Canal Dana","description":"Informativo com as principais not\u00edcias da ind\u00fastria automotiva","potentialAction":[{"@type":"SearchAction","target":{"@type":"EntryPoint","urlTemplate":"https:\/\/dana.com.br\/canaldana\/?s={search_term_string}"},"query-input":{"@type":"PropertyValueSpecification","valueRequired":true,"valueName":"search_term_string"}}],"inLanguage":"pt-BR"},{"@type":"Person","@id":"https:\/\/dana.com.br\/canaldana\/#\/schema\/person\/3c21f22f56fcf3bc46b94bc60ea4fef6","name":"Canal Dana","image":{"@type":"ImageObject","inLanguage":"pt-BR","@id":"https:\/\/secure.gravatar.com\/avatar\/420aaf9278582877d9018637c6817617705899d2858d7572ef0fe59a6b6454b4?s=96&d=mm&r=g","url":"https:\/\/secure.gravatar.com\/avatar\/420aaf9278582877d9018637c6817617705899d2858d7572ef0fe59a6b6454b4?s=96&d=mm&r=g","contentUrl":"https:\/\/secure.gravatar.com\/avatar\/420aaf9278582877d9018637c6817617705899d2858d7572ef0fe59a6b6454b4?s=96&d=mm&r=g","caption":"Canal Dana"},"url":"https:\/\/dana.com.br\/canaldana\/author\/cdeditor\/"}]}},"_links":{"self":[{"href":"https:\/\/dana.com.br\/canaldana\/wp-json\/wp\/v2\/posts\/62676","targetHints":{"allow":["GET"]}}],"collection":[{"href":"https:\/\/dana.com.br\/canaldana\/wp-json\/wp\/v2\/posts"}],"about":[{"href":"https:\/\/dana.com.br\/canaldana\/wp-json\/wp\/v2\/types\/post"}],"author":[{"embeddable":true,"href":"https:\/\/dana.com.br\/canaldana\/wp-json\/wp\/v2\/users\/3"}],"replies":[{"embeddable":true,"href":"https:\/\/dana.com.br\/canaldana\/wp-json\/wp\/v2\/comments?post=62676"}],"version-history":[{"count":0,"href":"https:\/\/dana.com.br\/canaldana\/wp-json\/wp\/v2\/posts\/62676\/revisions"}],"wp:attachment":[{"href":"https:\/\/dana.com.br\/canaldana\/wp-json\/wp\/v2\/media?parent=62676"}],"wp:term":[{"taxonomy":"category","embeddable":true,"href":"https:\/\/dana.com.br\/canaldana\/wp-json\/wp\/v2\/categories?post=62676"},{"taxonomy":"post_tag","embeddable":true,"href":"https:\/\/dana.com.br\/canaldana\/wp-json\/wp\/v2\/tags?post=62676"}],"curies":[{"name":"wp","href":"https:\/\/api.w.org\/{rel}","templated":true}]}}