{"id":62674,"date":"2022-12-08T08:27:52","date_gmt":"2022-12-08T11:27:52","guid":{"rendered":"https:\/\/dana.com.br\/canaldana\/?p=62674"},"modified":"2022-12-08T08:27:52","modified_gmt":"2022-12-08T11:27:52","slug":"consorcios-podem-ser-alternativa-viavel-para-adquirir-um-carro-eletrico","status":"publish","type":"post","link":"https:\/\/dana.com.br\/canaldana\/2022\/12\/08\/consorcios-podem-ser-alternativa-viavel-para-adquirir-um-carro-eletrico\/","title":{"rendered":"Cons\u00f3rcios podem ser alternativa vi\u00e1vel para adquirir um carro el\u00e9trico"},"content":{"rendered":"<p><em>Blog do Ricardo Ribas<\/em><\/p>\n<p>&nbsp;<\/p>\n<p>Com o aumento da venda de carros el\u00e9tricos no Brasil, esse sonho parece distante de muitos brasileiros. Isso porque os autom\u00f3veis eletrificados ainda s\u00e3o muito caros no pa\u00eds. O iCar, da Caoa Cherry, \u00e9 reconhecido como um dos modelos mais baratos dispon\u00edveis. Por\u00e9m, o pre\u00e7o do hatch compacto inicia em R$ 149.990, algo muito distante da realidade dos brasileiros.<\/p>\n<p>&nbsp;<\/p>\n<p>Nesse cen\u00e1rio, os cons\u00f3rcios se tornam uma alternativa vi\u00e1vel. Para Fernando Lamounier, diretor da Multimarcas Cons\u00f3rcios, uma das maiores empresas do segmento do Brasil, o segmento se torna atrativo pelo seu aspecto de planejamento financeiro.<\/p>\n<p>&nbsp;<\/p>\n<p>\u201cContratar cons\u00f3rcio tem sido uma alternativa para o brasileiro que precisa se planejar para adquirir seus bens. As altas taxas de juros cobradas pelos financiamentos comuns t\u00eam afastado os consumidores dessa modalidade de cr\u00e9dito, ao passo que os cons\u00f3rcios, na maioria das vezes, trazem mensalidades que cabem no bolso do cidad\u00e3o comum\u201d, afirma o executivo.<\/p>\n<p>&nbsp;<\/p>\n<p>De acordo com a Associa\u00e7\u00e3o Brasileira do Ve\u00edculo El\u00e9trico (ABVE), em outubro foram comercializadas 38,663 unidades de ve\u00edculos eletrificados no pa\u00eds, entre elas 11.658 sendo completamente el\u00e9tricos. Os dados apontaram um aumento em rela\u00e7\u00e3o ao ano anterior, que alcan\u00e7ou 34.663 unidades, em um crescimento devido a alta na oferta de carregadores p\u00fablicos e semip\u00fablicos, totalizando 2.800 eletropostos no pa\u00eds.<\/p>\n<p>&nbsp;<\/p>\n<p>Pensar no planejamento como forma de adquirir um autom\u00f3vel el\u00e9trico no futuro pode ser uma boa alternativa. Segundo Ricardo David, s\u00f3cio-diretor da Elev, uma empresa especializada em solu\u00e7\u00f5es para todo o segmento dos carros el\u00e9tricos, os autom\u00f3veis eletrificados t\u00eam condi\u00e7\u00f5es de se tornarem mais baratos no futuro.<\/p>\n<p>&nbsp;<\/p>\n<p>\u201cOs carros el\u00e9tricos podem se tornar, at\u00e9 mesmo, mais baratos que os ve\u00edculos a combust\u00e3o. Por\u00e9m, isso \u00e9 algo para o futuro, que vir\u00e1 com muito investimento, desenvolvimento tecnol\u00f3gico e com planejamento. Principalmente no desenvolvimento das baterias\u201d, afirma Ricardo David.<\/p>\n<p>&nbsp;<\/p>\n<p>O especialista ainda afirma que os autom\u00f3veis eletrificados poder\u00e3o ser barateados por meio de um plano nacional para o desenvolvimento do setor. \u201cAinda precisamos de um planejamento s\u00e9rio sendo realizado pelo Estado brasileiro. Nesse segmento, ainda estamos engatinhando\u201d, completa o executivo. (Blog do Ricardo Ribas)<\/p>\n","protected":false},"excerpt":{"rendered":"<p>Blog do Ricardo Ribas &nbsp; Com o aumento da venda de carros el\u00e9tricos no Brasil, esse sonho parece distante de muitos brasileiros. Isso porque os autom\u00f3veis eletrificados ainda s\u00e3o muito caros no pa\u00eds. O iCar, da Caoa Cherry, \u00e9 reconhecido como um dos modelos mais baratos dispon\u00edveis. Por\u00e9m, o pre\u00e7o do hatch compacto inicia em\u2026 <a class=\"readmore\" href=\"https:\/\/dana.com.br\/canaldana\/2022\/12\/08\/consorcios-podem-ser-alternativa-viavel-para-adquirir-um-carro-eletrico\/\">Leia mais \u00bb<\/a><\/p>\n","protected":false},"author":3,"featured_media":0,"comment_status":"closed","ping_status":"closed","sticky":false,"template":"","format":"standard","meta":{"_acf_changed":false,"footnotes":""},"categories":[110],"tags":[],"class_list":["post-62674","post","type-post","status-publish","format-standard","hentry","category-eletricos"],"acf":[],"yoast_head":"<!-- This site is optimized with the Yoast SEO plugin v27.3 - https:\/\/yoast.com\/product\/yoast-seo-wordpress\/ -->\n<title>Cons\u00f3rcios podem ser alternativa vi\u00e1vel para adquirir um carro el\u00e9trico - Canal Dana<\/title>\n<meta name=\"robots\" content=\"index, follow, max-snippet:-1, max-image-preview:large, max-video-preview:-1\" \/>\n<link rel=\"canonical\" href=\"https:\/\/dana.com.br\/canaldana\/2022\/12\/08\/consorcios-podem-ser-alternativa-viavel-para-adquirir-um-carro-eletrico\/\" \/>\n<meta property=\"og:locale\" content=\"pt_BR\" \/>\n<meta property=\"og:type\" content=\"article\" \/>\n<meta property=\"og:title\" content=\"Cons\u00f3rcios podem ser alternativa vi\u00e1vel para adquirir um carro el\u00e9trico - Canal Dana\" \/>\n<meta property=\"og:description\" content=\"Blog do Ricardo Ribas &nbsp; Com o aumento da venda de carros el\u00e9tricos no Brasil, esse sonho parece distante de muitos brasileiros. Isso porque os autom\u00f3veis eletrificados ainda s\u00e3o muito caros no pa\u00eds. O iCar, da Caoa Cherry, \u00e9 reconhecido como um dos modelos mais baratos dispon\u00edveis. Por\u00e9m, o pre\u00e7o do hatch compacto inicia em\u2026 Leia mais \u00bb\" \/>\n<meta property=\"og:url\" content=\"https:\/\/dana.com.br\/canaldana\/2022\/12\/08\/consorcios-podem-ser-alternativa-viavel-para-adquirir-um-carro-eletrico\/\" \/>\n<meta property=\"og:site_name\" content=\"Canal Dana\" \/>\n<meta property=\"article:published_time\" content=\"2022-12-08T11:27:52+00:00\" \/>\n<meta name=\"author\" content=\"Canal Dana\" \/>\n<meta name=\"twitter:card\" content=\"summary_large_image\" \/>\n<meta name=\"twitter:label1\" content=\"Escrito por\" \/>\n\t<meta name=\"twitter:data1\" content=\"Canal Dana\" \/>\n\t<meta name=\"twitter:label2\" content=\"Est. tempo de leitura\" \/>\n\t<meta name=\"twitter:data2\" content=\"2 minutos\" \/>\n<script type=\"application\/ld+json\" class=\"yoast-schema-graph\">{\"@context\":\"https:\\\/\\\/schema.org\",\"@graph\":[{\"@type\":\"Article\",\"@id\":\"https:\\\/\\\/dana.com.br\\\/canaldana\\\/2022\\\/12\\\/08\\\/consorcios-podem-ser-alternativa-viavel-para-adquirir-um-carro-eletrico\\\/#article\",\"isPartOf\":{\"@id\":\"https:\\\/\\\/dana.com.br\\\/canaldana\\\/2022\\\/12\\\/08\\\/consorcios-podem-ser-alternativa-viavel-para-adquirir-um-carro-eletrico\\\/\"},\"author\":{\"name\":\"Canal Dana\",\"@id\":\"https:\\\/\\\/dana.com.br\\\/canaldana\\\/#\\\/schema\\\/person\\\/3c21f22f56fcf3bc46b94bc60ea4fef6\"},\"headline\":\"Cons\u00f3rcios podem ser alternativa vi\u00e1vel para adquirir um carro el\u00e9trico\",\"datePublished\":\"2022-12-08T11:27:52+00:00\",\"mainEntityOfPage\":{\"@id\":\"https:\\\/\\\/dana.com.br\\\/canaldana\\\/2022\\\/12\\\/08\\\/consorcios-podem-ser-alternativa-viavel-para-adquirir-um-carro-eletrico\\\/\"},\"wordCount\":400,\"articleSection\":[\"El\u00e9tricos\"],\"inLanguage\":\"pt-BR\"},{\"@type\":\"WebPage\",\"@id\":\"https:\\\/\\\/dana.com.br\\\/canaldana\\\/2022\\\/12\\\/08\\\/consorcios-podem-ser-alternativa-viavel-para-adquirir-um-carro-eletrico\\\/\",\"url\":\"https:\\\/\\\/dana.com.br\\\/canaldana\\\/2022\\\/12\\\/08\\\/consorcios-podem-ser-alternativa-viavel-para-adquirir-um-carro-eletrico\\\/\",\"name\":\"Cons\u00f3rcios podem ser alternativa vi\u00e1vel para adquirir um carro el\u00e9trico - Canal Dana\",\"isPartOf\":{\"@id\":\"https:\\\/\\\/dana.com.br\\\/canaldana\\\/#website\"},\"datePublished\":\"2022-12-08T11:27:52+00:00\",\"author\":{\"@id\":\"https:\\\/\\\/dana.com.br\\\/canaldana\\\/#\\\/schema\\\/person\\\/3c21f22f56fcf3bc46b94bc60ea4fef6\"},\"breadcrumb\":{\"@id\":\"https:\\\/\\\/dana.com.br\\\/canaldana\\\/2022\\\/12\\\/08\\\/consorcios-podem-ser-alternativa-viavel-para-adquirir-um-carro-eletrico\\\/#breadcrumb\"},\"inLanguage\":\"pt-BR\",\"potentialAction\":[{\"@type\":\"ReadAction\",\"target\":[\"https:\\\/\\\/dana.com.br\\\/canaldana\\\/2022\\\/12\\\/08\\\/consorcios-podem-ser-alternativa-viavel-para-adquirir-um-carro-eletrico\\\/\"]}]},{\"@type\":\"BreadcrumbList\",\"@id\":\"https:\\\/\\\/dana.com.br\\\/canaldana\\\/2022\\\/12\\\/08\\\/consorcios-podem-ser-alternativa-viavel-para-adquirir-um-carro-eletrico\\\/#breadcrumb\",\"itemListElement\":[{\"@type\":\"ListItem\",\"position\":1,\"name\":\"Home\",\"item\":\"https:\\\/\\\/dana.com.br\\\/canaldana\\\/\"},{\"@type\":\"ListItem\",\"position\":2,\"name\":\"El\u00e9tricos\",\"item\":\"https:\\\/\\\/dana.com.br\\\/canaldana\\\/eletricos\\\/\"},{\"@type\":\"ListItem\",\"position\":3,\"name\":\"Cons\u00f3rcios podem ser alternativa vi\u00e1vel para adquirir um carro el\u00e9trico\"}]},{\"@type\":\"WebSite\",\"@id\":\"https:\\\/\\\/dana.com.br\\\/canaldana\\\/#website\",\"url\":\"https:\\\/\\\/dana.com.br\\\/canaldana\\\/\",\"name\":\"Canal Dana\",\"description\":\"Informativo com as principais not\u00edcias da ind\u00fastria automotiva\",\"potentialAction\":[{\"@type\":\"SearchAction\",\"target\":{\"@type\":\"EntryPoint\",\"urlTemplate\":\"https:\\\/\\\/dana.com.br\\\/canaldana\\\/?s={search_term_string}\"},\"query-input\":{\"@type\":\"PropertyValueSpecification\",\"valueRequired\":true,\"valueName\":\"search_term_string\"}}],\"inLanguage\":\"pt-BR\"},{\"@type\":\"Person\",\"@id\":\"https:\\\/\\\/dana.com.br\\\/canaldana\\\/#\\\/schema\\\/person\\\/3c21f22f56fcf3bc46b94bc60ea4fef6\",\"name\":\"Canal Dana\",\"image\":{\"@type\":\"ImageObject\",\"inLanguage\":\"pt-BR\",\"@id\":\"https:\\\/\\\/secure.gravatar.com\\\/avatar\\\/420aaf9278582877d9018637c6817617705899d2858d7572ef0fe59a6b6454b4?s=96&d=mm&r=g\",\"url\":\"https:\\\/\\\/secure.gravatar.com\\\/avatar\\\/420aaf9278582877d9018637c6817617705899d2858d7572ef0fe59a6b6454b4?s=96&d=mm&r=g\",\"contentUrl\":\"https:\\\/\\\/secure.gravatar.com\\\/avatar\\\/420aaf9278582877d9018637c6817617705899d2858d7572ef0fe59a6b6454b4?s=96&d=mm&r=g\",\"caption\":\"Canal Dana\"},\"url\":\"https:\\\/\\\/dana.com.br\\\/canaldana\\\/author\\\/cdeditor\\\/\"}]}<\/script>\n<!-- \/ Yoast SEO plugin. -->","yoast_head_json":{"title":"Cons\u00f3rcios podem ser alternativa vi\u00e1vel para adquirir um carro el\u00e9trico - Canal Dana","robots":{"index":"index","follow":"follow","max-snippet":"max-snippet:-1","max-image-preview":"max-image-preview:large","max-video-preview":"max-video-preview:-1"},"canonical":"https:\/\/dana.com.br\/canaldana\/2022\/12\/08\/consorcios-podem-ser-alternativa-viavel-para-adquirir-um-carro-eletrico\/","og_locale":"pt_BR","og_type":"article","og_title":"Cons\u00f3rcios podem ser alternativa vi\u00e1vel para adquirir um carro el\u00e9trico - Canal Dana","og_description":"Blog do Ricardo Ribas &nbsp; Com o aumento da venda de carros el\u00e9tricos no Brasil, esse sonho parece distante de muitos brasileiros. Isso porque os autom\u00f3veis eletrificados ainda s\u00e3o muito caros no pa\u00eds. O iCar, da Caoa Cherry, \u00e9 reconhecido como um dos modelos mais baratos dispon\u00edveis. Por\u00e9m, o pre\u00e7o do hatch compacto inicia em\u2026 Leia mais \u00bb","og_url":"https:\/\/dana.com.br\/canaldana\/2022\/12\/08\/consorcios-podem-ser-alternativa-viavel-para-adquirir-um-carro-eletrico\/","og_site_name":"Canal Dana","article_published_time":"2022-12-08T11:27:52+00:00","author":"Canal Dana","twitter_card":"summary_large_image","twitter_misc":{"Escrito por":"Canal Dana","Est. tempo de leitura":"2 minutos"},"schema":{"@context":"https:\/\/schema.org","@graph":[{"@type":"Article","@id":"https:\/\/dana.com.br\/canaldana\/2022\/12\/08\/consorcios-podem-ser-alternativa-viavel-para-adquirir-um-carro-eletrico\/#article","isPartOf":{"@id":"https:\/\/dana.com.br\/canaldana\/2022\/12\/08\/consorcios-podem-ser-alternativa-viavel-para-adquirir-um-carro-eletrico\/"},"author":{"name":"Canal Dana","@id":"https:\/\/dana.com.br\/canaldana\/#\/schema\/person\/3c21f22f56fcf3bc46b94bc60ea4fef6"},"headline":"Cons\u00f3rcios podem ser alternativa vi\u00e1vel para adquirir um carro el\u00e9trico","datePublished":"2022-12-08T11:27:52+00:00","mainEntityOfPage":{"@id":"https:\/\/dana.com.br\/canaldana\/2022\/12\/08\/consorcios-podem-ser-alternativa-viavel-para-adquirir-um-carro-eletrico\/"},"wordCount":400,"articleSection":["El\u00e9tricos"],"inLanguage":"pt-BR"},{"@type":"WebPage","@id":"https:\/\/dana.com.br\/canaldana\/2022\/12\/08\/consorcios-podem-ser-alternativa-viavel-para-adquirir-um-carro-eletrico\/","url":"https:\/\/dana.com.br\/canaldana\/2022\/12\/08\/consorcios-podem-ser-alternativa-viavel-para-adquirir-um-carro-eletrico\/","name":"Cons\u00f3rcios podem ser alternativa vi\u00e1vel para adquirir um carro el\u00e9trico - Canal Dana","isPartOf":{"@id":"https:\/\/dana.com.br\/canaldana\/#website"},"datePublished":"2022-12-08T11:27:52+00:00","author":{"@id":"https:\/\/dana.com.br\/canaldana\/#\/schema\/person\/3c21f22f56fcf3bc46b94bc60ea4fef6"},"breadcrumb":{"@id":"https:\/\/dana.com.br\/canaldana\/2022\/12\/08\/consorcios-podem-ser-alternativa-viavel-para-adquirir-um-carro-eletrico\/#breadcrumb"},"inLanguage":"pt-BR","potentialAction":[{"@type":"ReadAction","target":["https:\/\/dana.com.br\/canaldana\/2022\/12\/08\/consorcios-podem-ser-alternativa-viavel-para-adquirir-um-carro-eletrico\/"]}]},{"@type":"BreadcrumbList","@id":"https:\/\/dana.com.br\/canaldana\/2022\/12\/08\/consorcios-podem-ser-alternativa-viavel-para-adquirir-um-carro-eletrico\/#breadcrumb","itemListElement":[{"@type":"ListItem","position":1,"name":"Home","item":"https:\/\/dana.com.br\/canaldana\/"},{"@type":"ListItem","position":2,"name":"El\u00e9tricos","item":"https:\/\/dana.com.br\/canaldana\/eletricos\/"},{"@type":"ListItem","position":3,"name":"Cons\u00f3rcios podem ser alternativa vi\u00e1vel para adquirir um carro el\u00e9trico"}]},{"@type":"WebSite","@id":"https:\/\/dana.com.br\/canaldana\/#website","url":"https:\/\/dana.com.br\/canaldana\/","name":"Canal Dana","description":"Informativo com as principais not\u00edcias da ind\u00fastria automotiva","potentialAction":[{"@type":"SearchAction","target":{"@type":"EntryPoint","urlTemplate":"https:\/\/dana.com.br\/canaldana\/?s={search_term_string}"},"query-input":{"@type":"PropertyValueSpecification","valueRequired":true,"valueName":"search_term_string"}}],"inLanguage":"pt-BR"},{"@type":"Person","@id":"https:\/\/dana.com.br\/canaldana\/#\/schema\/person\/3c21f22f56fcf3bc46b94bc60ea4fef6","name":"Canal Dana","image":{"@type":"ImageObject","inLanguage":"pt-BR","@id":"https:\/\/secure.gravatar.com\/avatar\/420aaf9278582877d9018637c6817617705899d2858d7572ef0fe59a6b6454b4?s=96&d=mm&r=g","url":"https:\/\/secure.gravatar.com\/avatar\/420aaf9278582877d9018637c6817617705899d2858d7572ef0fe59a6b6454b4?s=96&d=mm&r=g","contentUrl":"https:\/\/secure.gravatar.com\/avatar\/420aaf9278582877d9018637c6817617705899d2858d7572ef0fe59a6b6454b4?s=96&d=mm&r=g","caption":"Canal Dana"},"url":"https:\/\/dana.com.br\/canaldana\/author\/cdeditor\/"}]}},"_links":{"self":[{"href":"https:\/\/dana.com.br\/canaldana\/wp-json\/wp\/v2\/posts\/62674","targetHints":{"allow":["GET"]}}],"collection":[{"href":"https:\/\/dana.com.br\/canaldana\/wp-json\/wp\/v2\/posts"}],"about":[{"href":"https:\/\/dana.com.br\/canaldana\/wp-json\/wp\/v2\/types\/post"}],"author":[{"embeddable":true,"href":"https:\/\/dana.com.br\/canaldana\/wp-json\/wp\/v2\/users\/3"}],"replies":[{"embeddable":true,"href":"https:\/\/dana.com.br\/canaldana\/wp-json\/wp\/v2\/comments?post=62674"}],"version-history":[{"count":0,"href":"https:\/\/dana.com.br\/canaldana\/wp-json\/wp\/v2\/posts\/62674\/revisions"}],"wp:attachment":[{"href":"https:\/\/dana.com.br\/canaldana\/wp-json\/wp\/v2\/media?parent=62674"}],"wp:term":[{"taxonomy":"category","embeddable":true,"href":"https:\/\/dana.com.br\/canaldana\/wp-json\/wp\/v2\/categories?post=62674"},{"taxonomy":"post_tag","embeddable":true,"href":"https:\/\/dana.com.br\/canaldana\/wp-json\/wp\/v2\/tags?post=62674"}],"curies":[{"name":"wp","href":"https:\/\/api.w.org\/{rel}","templated":true}]}}