{"id":62663,"date":"2022-12-07T09:08:09","date_gmt":"2022-12-07T12:08:09","guid":{"rendered":"https:\/\/dana.com.br\/canaldana\/?p=62663"},"modified":"2022-12-07T09:08:09","modified_gmt":"2022-12-07T12:08:09","slug":"renault-e-coca-cola-anunciam-producao-de-caminhoes-eletricos","status":"publish","type":"post","link":"https:\/\/dana.com.br\/canaldana\/2022\/12\/07\/renault-e-coca-cola-anunciam-producao-de-caminhoes-eletricos\/","title":{"rendered":"Renault e Coca-Cola anunciam produ\u00e7\u00e3o de caminh\u00f5es el\u00e9tricos"},"content":{"rendered":"<p><em>Frota &amp; Cia<\/em><\/p>\n<p>&nbsp;<\/p>\n<p>A Renault, junto com a Coca-Cola, acaba de anunciar a produ\u00e7\u00e3o de novos caminh\u00f5es el\u00e9tricos. J\u00e1 a empresa concorrente, Pepsi, s\u00f3 come\u00e7ar\u00e1 com a produ\u00e7\u00e3o neste m\u00eas. H\u00e1 uma crescente na produ\u00e7\u00e3o e pesquisas de caminh\u00f5es el\u00e9tricos, a fim de tornar as empresas mais sustent\u00e1veis e reduzir o impacto da polui\u00e7\u00e3o no planeta.<\/p>\n<p>&nbsp;<\/p>\n<p>Os fabricantes dos ve\u00edculos j\u00e1 haviam trocado coment\u00e1rios sobre os lan\u00e7amentos. A Pepsi est\u00e1 em processo de montagem na esta\u00e7\u00e3o em Megacharger. J\u00e1 a Coca-Cola iniciou sua produ\u00e7\u00e3o na B\u00e9lgica. Esse foi o pontap\u00e9 inicial para ambas as empresas no mercado de caminh\u00f5es EV.<\/p>\n<p>&nbsp;<\/p>\n<p>Essa tentativa j\u00e1 havia sido divulgada em 2017 pelo CEO da Tesla, Elon Musk, por\u00e9m n\u00e3o teve sucesso. Tudo indica que essa ser\u00e1 diferente, pois ele pretende iniciar com a produ\u00e7\u00e3o de 15 caminh\u00f5es para um cliente no in\u00edcio de dezembro.<\/p>\n<p>&nbsp;<\/p>\n<p><strong>Concorr\u00eancia<\/strong><\/p>\n<p>&nbsp;<\/p>\n<p>Comparado com os ve\u00edculos da Tesla, os da Coca-Cola ter\u00e3o menor alcance por serem do modelo E-Tech D et D Wide.<\/p>\n<p>&nbsp;<\/p>\n<p>A Renault colocar\u00e1 o sistema el\u00e9trico nas entregas de \u00faltima milha. O design e detalhes do autom\u00f3vel foram pensados na log\u00edstica de entrega da Coca-Cola, ou seja, fornecem seguran\u00e7a e conforto para os motoristas.<\/p>\n<p>&nbsp;<\/p>\n<p>Os caminh\u00f5es est\u00e3o equipados com c\u00e2mera de 360 graus, o que elimina pontos de liga\u00e7\u00e3o, al\u00e9m de porta transparente no lado do passageiro e um alto-falante para alertar pedestres e ciclistas.<\/p>\n<p>&nbsp;<\/p>\n<p>De acordo com a Renault, com uma \u00fanica carga, o ve\u00edculo alcan\u00e7a 200 km. A recarga deles pode ser feita durante a noite, por meio de pilhas que utilizam energia verde.<\/p>\n<p>&nbsp;<\/p>\n<p>A empresa tamb\u00e9m anunciou parcerias estrangeiras e afirmou que o novo caminh\u00e3o ser\u00e1 um grande concorrente para o Tesla Semi. (Frota &amp; Cia\/Victor Fagarassi)<\/p>\n","protected":false},"excerpt":{"rendered":"<p>Frota &amp; Cia &nbsp; A Renault, junto com a Coca-Cola, acaba de anunciar a produ\u00e7\u00e3o de novos caminh\u00f5es el\u00e9tricos. J\u00e1 a empresa concorrente, Pepsi, s\u00f3 come\u00e7ar\u00e1 com a produ\u00e7\u00e3o neste m\u00eas. H\u00e1 uma crescente na produ\u00e7\u00e3o e pesquisas de caminh\u00f5es el\u00e9tricos, a fim de tornar as empresas mais sustent\u00e1veis e reduzir o impacto da polui\u00e7\u00e3o\u2026 <a class=\"readmore\" href=\"https:\/\/dana.com.br\/canaldana\/2022\/12\/07\/renault-e-coca-cola-anunciam-producao-de-caminhoes-eletricos\/\">Leia mais \u00bb<\/a><\/p>\n","protected":false},"author":3,"featured_media":0,"comment_status":"closed","ping_status":"closed","sticky":false,"template":"","format":"standard","meta":{"_acf_changed":false,"footnotes":""},"categories":[61],"tags":[],"class_list":["post-62663","post","type-post","status-publish","format-standard","hentry","category-destaques"],"acf":[],"yoast_head":"<!-- This site is optimized with the Yoast SEO plugin v27.3 - https:\/\/yoast.com\/product\/yoast-seo-wordpress\/ -->\n<title>Renault e Coca-Cola anunciam produ\u00e7\u00e3o de caminh\u00f5es el\u00e9tricos - Canal Dana<\/title>\n<meta name=\"robots\" content=\"index, follow, max-snippet:-1, max-image-preview:large, max-video-preview:-1\" \/>\n<link rel=\"canonical\" href=\"https:\/\/dana.com.br\/canaldana\/2022\/12\/07\/renault-e-coca-cola-anunciam-producao-de-caminhoes-eletricos\/\" \/>\n<meta property=\"og:locale\" content=\"pt_BR\" \/>\n<meta property=\"og:type\" content=\"article\" \/>\n<meta property=\"og:title\" content=\"Renault e Coca-Cola anunciam produ\u00e7\u00e3o de caminh\u00f5es el\u00e9tricos - Canal Dana\" \/>\n<meta property=\"og:description\" content=\"Frota &amp; Cia &nbsp; A Renault, junto com a Coca-Cola, acaba de anunciar a produ\u00e7\u00e3o de novos caminh\u00f5es el\u00e9tricos. J\u00e1 a empresa concorrente, Pepsi, s\u00f3 come\u00e7ar\u00e1 com a produ\u00e7\u00e3o neste m\u00eas. H\u00e1 uma crescente na produ\u00e7\u00e3o e pesquisas de caminh\u00f5es el\u00e9tricos, a fim de tornar as empresas mais sustent\u00e1veis e reduzir o impacto da polui\u00e7\u00e3o\u2026 Leia mais \u00bb\" \/>\n<meta property=\"og:url\" content=\"https:\/\/dana.com.br\/canaldana\/2022\/12\/07\/renault-e-coca-cola-anunciam-producao-de-caminhoes-eletricos\/\" \/>\n<meta property=\"og:site_name\" content=\"Canal Dana\" \/>\n<meta property=\"article:published_time\" content=\"2022-12-07T12:08:09+00:00\" \/>\n<meta name=\"author\" content=\"Canal Dana\" \/>\n<meta name=\"twitter:card\" content=\"summary_large_image\" \/>\n<meta name=\"twitter:label1\" content=\"Escrito por\" \/>\n\t<meta name=\"twitter:data1\" content=\"Canal Dana\" \/>\n\t<meta name=\"twitter:label2\" content=\"Est. tempo de leitura\" \/>\n\t<meta name=\"twitter:data2\" content=\"2 minutos\" \/>\n<script type=\"application\/ld+json\" class=\"yoast-schema-graph\">{\"@context\":\"https:\\\/\\\/schema.org\",\"@graph\":[{\"@type\":\"Article\",\"@id\":\"https:\\\/\\\/dana.com.br\\\/canaldana\\\/2022\\\/12\\\/07\\\/renault-e-coca-cola-anunciam-producao-de-caminhoes-eletricos\\\/#article\",\"isPartOf\":{\"@id\":\"https:\\\/\\\/dana.com.br\\\/canaldana\\\/2022\\\/12\\\/07\\\/renault-e-coca-cola-anunciam-producao-de-caminhoes-eletricos\\\/\"},\"author\":{\"name\":\"Canal Dana\",\"@id\":\"https:\\\/\\\/dana.com.br\\\/canaldana\\\/#\\\/schema\\\/person\\\/3c21f22f56fcf3bc46b94bc60ea4fef6\"},\"headline\":\"Renault e Coca-Cola anunciam produ\u00e7\u00e3o de caminh\u00f5es el\u00e9tricos\",\"datePublished\":\"2022-12-07T12:08:09+00:00\",\"mainEntityOfPage\":{\"@id\":\"https:\\\/\\\/dana.com.br\\\/canaldana\\\/2022\\\/12\\\/07\\\/renault-e-coca-cola-anunciam-producao-de-caminhoes-eletricos\\\/\"},\"wordCount\":339,\"articleSection\":[\"Destaques\"],\"inLanguage\":\"pt-BR\"},{\"@type\":\"WebPage\",\"@id\":\"https:\\\/\\\/dana.com.br\\\/canaldana\\\/2022\\\/12\\\/07\\\/renault-e-coca-cola-anunciam-producao-de-caminhoes-eletricos\\\/\",\"url\":\"https:\\\/\\\/dana.com.br\\\/canaldana\\\/2022\\\/12\\\/07\\\/renault-e-coca-cola-anunciam-producao-de-caminhoes-eletricos\\\/\",\"name\":\"Renault e Coca-Cola anunciam produ\u00e7\u00e3o de caminh\u00f5es el\u00e9tricos - Canal Dana\",\"isPartOf\":{\"@id\":\"https:\\\/\\\/dana.com.br\\\/canaldana\\\/#website\"},\"datePublished\":\"2022-12-07T12:08:09+00:00\",\"author\":{\"@id\":\"https:\\\/\\\/dana.com.br\\\/canaldana\\\/#\\\/schema\\\/person\\\/3c21f22f56fcf3bc46b94bc60ea4fef6\"},\"breadcrumb\":{\"@id\":\"https:\\\/\\\/dana.com.br\\\/canaldana\\\/2022\\\/12\\\/07\\\/renault-e-coca-cola-anunciam-producao-de-caminhoes-eletricos\\\/#breadcrumb\"},\"inLanguage\":\"pt-BR\",\"potentialAction\":[{\"@type\":\"ReadAction\",\"target\":[\"https:\\\/\\\/dana.com.br\\\/canaldana\\\/2022\\\/12\\\/07\\\/renault-e-coca-cola-anunciam-producao-de-caminhoes-eletricos\\\/\"]}]},{\"@type\":\"BreadcrumbList\",\"@id\":\"https:\\\/\\\/dana.com.br\\\/canaldana\\\/2022\\\/12\\\/07\\\/renault-e-coca-cola-anunciam-producao-de-caminhoes-eletricos\\\/#breadcrumb\",\"itemListElement\":[{\"@type\":\"ListItem\",\"position\":1,\"name\":\"Home\",\"item\":\"https:\\\/\\\/dana.com.br\\\/canaldana\\\/\"},{\"@type\":\"ListItem\",\"position\":2,\"name\":\"Destaques\",\"item\":\"https:\\\/\\\/dana.com.br\\\/canaldana\\\/destaques\\\/\"},{\"@type\":\"ListItem\",\"position\":3,\"name\":\"Renault e Coca-Cola anunciam produ\u00e7\u00e3o de caminh\u00f5es el\u00e9tricos\"}]},{\"@type\":\"WebSite\",\"@id\":\"https:\\\/\\\/dana.com.br\\\/canaldana\\\/#website\",\"url\":\"https:\\\/\\\/dana.com.br\\\/canaldana\\\/\",\"name\":\"Canal Dana\",\"description\":\"Informativo com as principais not\u00edcias da ind\u00fastria automotiva\",\"potentialAction\":[{\"@type\":\"SearchAction\",\"target\":{\"@type\":\"EntryPoint\",\"urlTemplate\":\"https:\\\/\\\/dana.com.br\\\/canaldana\\\/?s={search_term_string}\"},\"query-input\":{\"@type\":\"PropertyValueSpecification\",\"valueRequired\":true,\"valueName\":\"search_term_string\"}}],\"inLanguage\":\"pt-BR\"},{\"@type\":\"Person\",\"@id\":\"https:\\\/\\\/dana.com.br\\\/canaldana\\\/#\\\/schema\\\/person\\\/3c21f22f56fcf3bc46b94bc60ea4fef6\",\"name\":\"Canal Dana\",\"image\":{\"@type\":\"ImageObject\",\"inLanguage\":\"pt-BR\",\"@id\":\"https:\\\/\\\/secure.gravatar.com\\\/avatar\\\/420aaf9278582877d9018637c6817617705899d2858d7572ef0fe59a6b6454b4?s=96&d=mm&r=g\",\"url\":\"https:\\\/\\\/secure.gravatar.com\\\/avatar\\\/420aaf9278582877d9018637c6817617705899d2858d7572ef0fe59a6b6454b4?s=96&d=mm&r=g\",\"contentUrl\":\"https:\\\/\\\/secure.gravatar.com\\\/avatar\\\/420aaf9278582877d9018637c6817617705899d2858d7572ef0fe59a6b6454b4?s=96&d=mm&r=g\",\"caption\":\"Canal Dana\"},\"url\":\"https:\\\/\\\/dana.com.br\\\/canaldana\\\/author\\\/cdeditor\\\/\"}]}<\/script>\n<!-- \/ Yoast SEO plugin. -->","yoast_head_json":{"title":"Renault e Coca-Cola anunciam produ\u00e7\u00e3o de caminh\u00f5es el\u00e9tricos - Canal Dana","robots":{"index":"index","follow":"follow","max-snippet":"max-snippet:-1","max-image-preview":"max-image-preview:large","max-video-preview":"max-video-preview:-1"},"canonical":"https:\/\/dana.com.br\/canaldana\/2022\/12\/07\/renault-e-coca-cola-anunciam-producao-de-caminhoes-eletricos\/","og_locale":"pt_BR","og_type":"article","og_title":"Renault e Coca-Cola anunciam produ\u00e7\u00e3o de caminh\u00f5es el\u00e9tricos - Canal Dana","og_description":"Frota &amp; Cia &nbsp; A Renault, junto com a Coca-Cola, acaba de anunciar a produ\u00e7\u00e3o de novos caminh\u00f5es el\u00e9tricos. J\u00e1 a empresa concorrente, Pepsi, s\u00f3 come\u00e7ar\u00e1 com a produ\u00e7\u00e3o neste m\u00eas. H\u00e1 uma crescente na produ\u00e7\u00e3o e pesquisas de caminh\u00f5es el\u00e9tricos, a fim de tornar as empresas mais sustent\u00e1veis e reduzir o impacto da polui\u00e7\u00e3o\u2026 Leia mais \u00bb","og_url":"https:\/\/dana.com.br\/canaldana\/2022\/12\/07\/renault-e-coca-cola-anunciam-producao-de-caminhoes-eletricos\/","og_site_name":"Canal Dana","article_published_time":"2022-12-07T12:08:09+00:00","author":"Canal Dana","twitter_card":"summary_large_image","twitter_misc":{"Escrito por":"Canal Dana","Est. tempo de leitura":"2 minutos"},"schema":{"@context":"https:\/\/schema.org","@graph":[{"@type":"Article","@id":"https:\/\/dana.com.br\/canaldana\/2022\/12\/07\/renault-e-coca-cola-anunciam-producao-de-caminhoes-eletricos\/#article","isPartOf":{"@id":"https:\/\/dana.com.br\/canaldana\/2022\/12\/07\/renault-e-coca-cola-anunciam-producao-de-caminhoes-eletricos\/"},"author":{"name":"Canal Dana","@id":"https:\/\/dana.com.br\/canaldana\/#\/schema\/person\/3c21f22f56fcf3bc46b94bc60ea4fef6"},"headline":"Renault e Coca-Cola anunciam produ\u00e7\u00e3o de caminh\u00f5es el\u00e9tricos","datePublished":"2022-12-07T12:08:09+00:00","mainEntityOfPage":{"@id":"https:\/\/dana.com.br\/canaldana\/2022\/12\/07\/renault-e-coca-cola-anunciam-producao-de-caminhoes-eletricos\/"},"wordCount":339,"articleSection":["Destaques"],"inLanguage":"pt-BR"},{"@type":"WebPage","@id":"https:\/\/dana.com.br\/canaldana\/2022\/12\/07\/renault-e-coca-cola-anunciam-producao-de-caminhoes-eletricos\/","url":"https:\/\/dana.com.br\/canaldana\/2022\/12\/07\/renault-e-coca-cola-anunciam-producao-de-caminhoes-eletricos\/","name":"Renault e Coca-Cola anunciam produ\u00e7\u00e3o de caminh\u00f5es el\u00e9tricos - Canal Dana","isPartOf":{"@id":"https:\/\/dana.com.br\/canaldana\/#website"},"datePublished":"2022-12-07T12:08:09+00:00","author":{"@id":"https:\/\/dana.com.br\/canaldana\/#\/schema\/person\/3c21f22f56fcf3bc46b94bc60ea4fef6"},"breadcrumb":{"@id":"https:\/\/dana.com.br\/canaldana\/2022\/12\/07\/renault-e-coca-cola-anunciam-producao-de-caminhoes-eletricos\/#breadcrumb"},"inLanguage":"pt-BR","potentialAction":[{"@type":"ReadAction","target":["https:\/\/dana.com.br\/canaldana\/2022\/12\/07\/renault-e-coca-cola-anunciam-producao-de-caminhoes-eletricos\/"]}]},{"@type":"BreadcrumbList","@id":"https:\/\/dana.com.br\/canaldana\/2022\/12\/07\/renault-e-coca-cola-anunciam-producao-de-caminhoes-eletricos\/#breadcrumb","itemListElement":[{"@type":"ListItem","position":1,"name":"Home","item":"https:\/\/dana.com.br\/canaldana\/"},{"@type":"ListItem","position":2,"name":"Destaques","item":"https:\/\/dana.com.br\/canaldana\/destaques\/"},{"@type":"ListItem","position":3,"name":"Renault e Coca-Cola anunciam produ\u00e7\u00e3o de caminh\u00f5es el\u00e9tricos"}]},{"@type":"WebSite","@id":"https:\/\/dana.com.br\/canaldana\/#website","url":"https:\/\/dana.com.br\/canaldana\/","name":"Canal Dana","description":"Informativo com as principais not\u00edcias da ind\u00fastria automotiva","potentialAction":[{"@type":"SearchAction","target":{"@type":"EntryPoint","urlTemplate":"https:\/\/dana.com.br\/canaldana\/?s={search_term_string}"},"query-input":{"@type":"PropertyValueSpecification","valueRequired":true,"valueName":"search_term_string"}}],"inLanguage":"pt-BR"},{"@type":"Person","@id":"https:\/\/dana.com.br\/canaldana\/#\/schema\/person\/3c21f22f56fcf3bc46b94bc60ea4fef6","name":"Canal Dana","image":{"@type":"ImageObject","inLanguage":"pt-BR","@id":"https:\/\/secure.gravatar.com\/avatar\/420aaf9278582877d9018637c6817617705899d2858d7572ef0fe59a6b6454b4?s=96&d=mm&r=g","url":"https:\/\/secure.gravatar.com\/avatar\/420aaf9278582877d9018637c6817617705899d2858d7572ef0fe59a6b6454b4?s=96&d=mm&r=g","contentUrl":"https:\/\/secure.gravatar.com\/avatar\/420aaf9278582877d9018637c6817617705899d2858d7572ef0fe59a6b6454b4?s=96&d=mm&r=g","caption":"Canal Dana"},"url":"https:\/\/dana.com.br\/canaldana\/author\/cdeditor\/"}]}},"_links":{"self":[{"href":"https:\/\/dana.com.br\/canaldana\/wp-json\/wp\/v2\/posts\/62663","targetHints":{"allow":["GET"]}}],"collection":[{"href":"https:\/\/dana.com.br\/canaldana\/wp-json\/wp\/v2\/posts"}],"about":[{"href":"https:\/\/dana.com.br\/canaldana\/wp-json\/wp\/v2\/types\/post"}],"author":[{"embeddable":true,"href":"https:\/\/dana.com.br\/canaldana\/wp-json\/wp\/v2\/users\/3"}],"replies":[{"embeddable":true,"href":"https:\/\/dana.com.br\/canaldana\/wp-json\/wp\/v2\/comments?post=62663"}],"version-history":[{"count":0,"href":"https:\/\/dana.com.br\/canaldana\/wp-json\/wp\/v2\/posts\/62663\/revisions"}],"wp:attachment":[{"href":"https:\/\/dana.com.br\/canaldana\/wp-json\/wp\/v2\/media?parent=62663"}],"wp:term":[{"taxonomy":"category","embeddable":true,"href":"https:\/\/dana.com.br\/canaldana\/wp-json\/wp\/v2\/categories?post=62663"},{"taxonomy":"post_tag","embeddable":true,"href":"https:\/\/dana.com.br\/canaldana\/wp-json\/wp\/v2\/tags?post=62663"}],"curies":[{"name":"wp","href":"https:\/\/api.w.org\/{rel}","templated":true}]}}