{"id":62661,"date":"2022-12-07T09:07:37","date_gmt":"2022-12-07T12:07:37","guid":{"rendered":"https:\/\/dana.com.br\/canaldana\/?p=62661"},"modified":"2022-12-07T09:07:37","modified_gmt":"2022-12-07T12:07:37","slug":"acordo-preve-fim-do-teto-do-icms-de-combustiveis","status":"publish","type":"post","link":"https:\/\/dana.com.br\/canaldana\/2022\/12\/07\/acordo-preve-fim-do-teto-do-icms-de-combustiveis\/","title":{"rendered":"Acordo prev\u00ea fim do teto do ICMS de combust\u00edveis"},"content":{"rendered":"<p><em>Frota &amp; Cia <\/em><\/p>\n<p>&nbsp;<\/p>\n<p>Ap\u00f3s meses de impasse, os representantes dos estados e da Uni\u00e3o chegaram a um consenso sobre os termos de um acordo para resolver a crise gerada pela mudan\u00e7a na cobran\u00e7a do ICMS de combust\u00edveis e servi\u00e7os essenciais. Onze estados recorreram ao Supremo Tribunal Federal (STF) questionando a constitucionalidade da lei que reduziu e unificou as al\u00edquotas do imposto em 17%. Antes ela era definida pelos estados.<\/p>\n<p>&nbsp;<\/p>\n<p>Uma comiss\u00e3o especial foi criada pelo ministro Gilmar Mendes para tentar uma solu\u00e7\u00e3o antes que o caso fosse para julgamento do plen\u00e1rio. Mendes \u00e9 o relator de duas das mais importantes ADIs (A\u00e7\u00f5es Diretas de Inconstitucionalidade). Segundo relatos, por unanimidade, os t\u00e9cnicos envolvidos nas discuss\u00f5es votaram favoravelmente \u00e0 proposta na reuni\u00e3o ocorrida na \u00faltima sexta-feira (2).<\/p>\n<p>&nbsp;<\/p>\n<p>Agora, os termos do acordo ser\u00e3o apreciados pelos governadores, pelo ministro da Economia, Paulo Guedes, e pelo presidente Jair Bolsonaro. Caso um deles vete, o pacto perde a validade. O esperado \u00e9 que fa\u00e7am sugest\u00f5es dentro do texto aprovado pelos t\u00e9cnicos. Se houver consenso, ele ser\u00e1 submetido para homologa\u00e7\u00e3o do plen\u00e1rio do STF.<\/p>\n<p>&nbsp;<\/p>\n<p>O acordo prev\u00ea que, caso haja consenso, at\u00e9 31 de dezembro deste ano, seja feito um conv\u00eanio entre estados e o Distrito Federal para que a cobran\u00e7a do ICMS seja uniforme e monof\u00e1sica sobre combust\u00edveis.<\/p>\n<p>&nbsp;<\/p>\n<p>O acerto, no entanto, n\u00e3o vale para a gasolina -que ser\u00e1 objeto de uma negocia\u00e7\u00e3o \u00e0 parte. A defini\u00e7\u00e3o da al\u00edquota cobrada sobre diesel, g\u00e1s natural e GLP voltar\u00e1 a ser compet\u00eancia dos entes federativos, por meio do Confaz (Conselho Nacional de Pol\u00edtica Fazend\u00e1ria).<\/p>\n<p>&nbsp;<\/p>\n<p>O acordo tamb\u00e9m derruba disposi\u00e7\u00f5es da nova lei que prev\u00ea um prazo de, no m\u00ednimo, um ano para que seja feito reajuste da al\u00edquota ap\u00f3s ela ter sido definida pela primeira vez. Tamb\u00e9m foi extinta a trava que impede o tributo de pesar demasiadamente sobre o pre\u00e7o do combust\u00edvel ao consumidor.<\/p>\n<p>&nbsp;<\/p>\n<p>Essas mudan\u00e7as ocorrer\u00e3o por meio de projetos de lei complementar (PLP) a serem encaminhados para o Congresso ap\u00f3s homologa\u00e7\u00e3o do acordo pelo Supremo. (Frota &amp; Cia\/Victor Fagarassi)<\/p>\n","protected":false},"excerpt":{"rendered":"<p>Frota &amp; Cia &nbsp; Ap\u00f3s meses de impasse, os representantes dos estados e da Uni\u00e3o chegaram a um consenso sobre os termos de um acordo para resolver a crise gerada pela mudan\u00e7a na cobran\u00e7a do ICMS de combust\u00edveis e servi\u00e7os essenciais. Onze estados recorreram ao Supremo Tribunal Federal (STF) questionando a constitucionalidade da lei que\u2026 <a class=\"readmore\" href=\"https:\/\/dana.com.br\/canaldana\/2022\/12\/07\/acordo-preve-fim-do-teto-do-icms-de-combustiveis\/\">Leia mais \u00bb<\/a><\/p>\n","protected":false},"author":3,"featured_media":0,"comment_status":"closed","ping_status":"closed","sticky":false,"template":"","format":"standard","meta":{"_acf_changed":false,"footnotes":""},"categories":[79],"tags":[],"class_list":["post-62661","post","type-post","status-publish","format-standard","hentry","category-mercado"],"acf":[],"yoast_head":"<!-- This site is optimized with the Yoast SEO plugin v27.3 - https:\/\/yoast.com\/product\/yoast-seo-wordpress\/ -->\n<title>Acordo prev\u00ea fim do teto do ICMS de combust\u00edveis - Canal Dana<\/title>\n<meta name=\"robots\" content=\"index, follow, max-snippet:-1, max-image-preview:large, max-video-preview:-1\" \/>\n<link rel=\"canonical\" href=\"https:\/\/dana.com.br\/canaldana\/2022\/12\/07\/acordo-preve-fim-do-teto-do-icms-de-combustiveis\/\" \/>\n<meta property=\"og:locale\" content=\"pt_BR\" \/>\n<meta property=\"og:type\" content=\"article\" \/>\n<meta property=\"og:title\" content=\"Acordo prev\u00ea fim do teto do ICMS de combust\u00edveis - Canal Dana\" \/>\n<meta property=\"og:description\" content=\"Frota &amp; Cia &nbsp; Ap\u00f3s meses de impasse, os representantes dos estados e da Uni\u00e3o chegaram a um consenso sobre os termos de um acordo para resolver a crise gerada pela mudan\u00e7a na cobran\u00e7a do ICMS de combust\u00edveis e servi\u00e7os essenciais. Onze estados recorreram ao Supremo Tribunal Federal (STF) questionando a constitucionalidade da lei que\u2026 Leia mais \u00bb\" \/>\n<meta property=\"og:url\" content=\"https:\/\/dana.com.br\/canaldana\/2022\/12\/07\/acordo-preve-fim-do-teto-do-icms-de-combustiveis\/\" \/>\n<meta property=\"og:site_name\" content=\"Canal Dana\" \/>\n<meta property=\"article:published_time\" content=\"2022-12-07T12:07:37+00:00\" \/>\n<meta name=\"author\" content=\"Canal Dana\" \/>\n<meta name=\"twitter:card\" content=\"summary_large_image\" \/>\n<meta name=\"twitter:label1\" content=\"Escrito por\" \/>\n\t<meta name=\"twitter:data1\" content=\"Canal Dana\" \/>\n\t<meta name=\"twitter:label2\" content=\"Est. tempo de leitura\" \/>\n\t<meta name=\"twitter:data2\" content=\"2 minutos\" \/>\n<script type=\"application\/ld+json\" class=\"yoast-schema-graph\">{\"@context\":\"https:\\\/\\\/schema.org\",\"@graph\":[{\"@type\":\"Article\",\"@id\":\"https:\\\/\\\/dana.com.br\\\/canaldana\\\/2022\\\/12\\\/07\\\/acordo-preve-fim-do-teto-do-icms-de-combustiveis\\\/#article\",\"isPartOf\":{\"@id\":\"https:\\\/\\\/dana.com.br\\\/canaldana\\\/2022\\\/12\\\/07\\\/acordo-preve-fim-do-teto-do-icms-de-combustiveis\\\/\"},\"author\":{\"name\":\"Canal Dana\",\"@id\":\"https:\\\/\\\/dana.com.br\\\/canaldana\\\/#\\\/schema\\\/person\\\/3c21f22f56fcf3bc46b94bc60ea4fef6\"},\"headline\":\"Acordo prev\u00ea fim do teto do ICMS de combust\u00edveis\",\"datePublished\":\"2022-12-07T12:07:37+00:00\",\"mainEntityOfPage\":{\"@id\":\"https:\\\/\\\/dana.com.br\\\/canaldana\\\/2022\\\/12\\\/07\\\/acordo-preve-fim-do-teto-do-icms-de-combustiveis\\\/\"},\"wordCount\":390,\"articleSection\":[\"Mercado\"],\"inLanguage\":\"pt-BR\"},{\"@type\":\"WebPage\",\"@id\":\"https:\\\/\\\/dana.com.br\\\/canaldana\\\/2022\\\/12\\\/07\\\/acordo-preve-fim-do-teto-do-icms-de-combustiveis\\\/\",\"url\":\"https:\\\/\\\/dana.com.br\\\/canaldana\\\/2022\\\/12\\\/07\\\/acordo-preve-fim-do-teto-do-icms-de-combustiveis\\\/\",\"name\":\"Acordo prev\u00ea fim do teto do ICMS de combust\u00edveis - Canal Dana\",\"isPartOf\":{\"@id\":\"https:\\\/\\\/dana.com.br\\\/canaldana\\\/#website\"},\"datePublished\":\"2022-12-07T12:07:37+00:00\",\"author\":{\"@id\":\"https:\\\/\\\/dana.com.br\\\/canaldana\\\/#\\\/schema\\\/person\\\/3c21f22f56fcf3bc46b94bc60ea4fef6\"},\"breadcrumb\":{\"@id\":\"https:\\\/\\\/dana.com.br\\\/canaldana\\\/2022\\\/12\\\/07\\\/acordo-preve-fim-do-teto-do-icms-de-combustiveis\\\/#breadcrumb\"},\"inLanguage\":\"pt-BR\",\"potentialAction\":[{\"@type\":\"ReadAction\",\"target\":[\"https:\\\/\\\/dana.com.br\\\/canaldana\\\/2022\\\/12\\\/07\\\/acordo-preve-fim-do-teto-do-icms-de-combustiveis\\\/\"]}]},{\"@type\":\"BreadcrumbList\",\"@id\":\"https:\\\/\\\/dana.com.br\\\/canaldana\\\/2022\\\/12\\\/07\\\/acordo-preve-fim-do-teto-do-icms-de-combustiveis\\\/#breadcrumb\",\"itemListElement\":[{\"@type\":\"ListItem\",\"position\":1,\"name\":\"Home\",\"item\":\"https:\\\/\\\/dana.com.br\\\/canaldana\\\/\"},{\"@type\":\"ListItem\",\"position\":2,\"name\":\"Mercado\",\"item\":\"https:\\\/\\\/dana.com.br\\\/canaldana\\\/mercado\\\/\"},{\"@type\":\"ListItem\",\"position\":3,\"name\":\"Acordo prev\u00ea fim do teto do ICMS de combust\u00edveis\"}]},{\"@type\":\"WebSite\",\"@id\":\"https:\\\/\\\/dana.com.br\\\/canaldana\\\/#website\",\"url\":\"https:\\\/\\\/dana.com.br\\\/canaldana\\\/\",\"name\":\"Canal Dana\",\"description\":\"Informativo com as principais not\u00edcias da ind\u00fastria automotiva\",\"potentialAction\":[{\"@type\":\"SearchAction\",\"target\":{\"@type\":\"EntryPoint\",\"urlTemplate\":\"https:\\\/\\\/dana.com.br\\\/canaldana\\\/?s={search_term_string}\"},\"query-input\":{\"@type\":\"PropertyValueSpecification\",\"valueRequired\":true,\"valueName\":\"search_term_string\"}}],\"inLanguage\":\"pt-BR\"},{\"@type\":\"Person\",\"@id\":\"https:\\\/\\\/dana.com.br\\\/canaldana\\\/#\\\/schema\\\/person\\\/3c21f22f56fcf3bc46b94bc60ea4fef6\",\"name\":\"Canal Dana\",\"image\":{\"@type\":\"ImageObject\",\"inLanguage\":\"pt-BR\",\"@id\":\"https:\\\/\\\/secure.gravatar.com\\\/avatar\\\/420aaf9278582877d9018637c6817617705899d2858d7572ef0fe59a6b6454b4?s=96&d=mm&r=g\",\"url\":\"https:\\\/\\\/secure.gravatar.com\\\/avatar\\\/420aaf9278582877d9018637c6817617705899d2858d7572ef0fe59a6b6454b4?s=96&d=mm&r=g\",\"contentUrl\":\"https:\\\/\\\/secure.gravatar.com\\\/avatar\\\/420aaf9278582877d9018637c6817617705899d2858d7572ef0fe59a6b6454b4?s=96&d=mm&r=g\",\"caption\":\"Canal Dana\"},\"url\":\"https:\\\/\\\/dana.com.br\\\/canaldana\\\/author\\\/cdeditor\\\/\"}]}<\/script>\n<!-- \/ Yoast SEO plugin. -->","yoast_head_json":{"title":"Acordo prev\u00ea fim do teto do ICMS de combust\u00edveis - Canal Dana","robots":{"index":"index","follow":"follow","max-snippet":"max-snippet:-1","max-image-preview":"max-image-preview:large","max-video-preview":"max-video-preview:-1"},"canonical":"https:\/\/dana.com.br\/canaldana\/2022\/12\/07\/acordo-preve-fim-do-teto-do-icms-de-combustiveis\/","og_locale":"pt_BR","og_type":"article","og_title":"Acordo prev\u00ea fim do teto do ICMS de combust\u00edveis - Canal Dana","og_description":"Frota &amp; Cia &nbsp; Ap\u00f3s meses de impasse, os representantes dos estados e da Uni\u00e3o chegaram a um consenso sobre os termos de um acordo para resolver a crise gerada pela mudan\u00e7a na cobran\u00e7a do ICMS de combust\u00edveis e servi\u00e7os essenciais. Onze estados recorreram ao Supremo Tribunal Federal (STF) questionando a constitucionalidade da lei que\u2026 Leia mais \u00bb","og_url":"https:\/\/dana.com.br\/canaldana\/2022\/12\/07\/acordo-preve-fim-do-teto-do-icms-de-combustiveis\/","og_site_name":"Canal Dana","article_published_time":"2022-12-07T12:07:37+00:00","author":"Canal Dana","twitter_card":"summary_large_image","twitter_misc":{"Escrito por":"Canal Dana","Est. tempo de leitura":"2 minutos"},"schema":{"@context":"https:\/\/schema.org","@graph":[{"@type":"Article","@id":"https:\/\/dana.com.br\/canaldana\/2022\/12\/07\/acordo-preve-fim-do-teto-do-icms-de-combustiveis\/#article","isPartOf":{"@id":"https:\/\/dana.com.br\/canaldana\/2022\/12\/07\/acordo-preve-fim-do-teto-do-icms-de-combustiveis\/"},"author":{"name":"Canal Dana","@id":"https:\/\/dana.com.br\/canaldana\/#\/schema\/person\/3c21f22f56fcf3bc46b94bc60ea4fef6"},"headline":"Acordo prev\u00ea fim do teto do ICMS de combust\u00edveis","datePublished":"2022-12-07T12:07:37+00:00","mainEntityOfPage":{"@id":"https:\/\/dana.com.br\/canaldana\/2022\/12\/07\/acordo-preve-fim-do-teto-do-icms-de-combustiveis\/"},"wordCount":390,"articleSection":["Mercado"],"inLanguage":"pt-BR"},{"@type":"WebPage","@id":"https:\/\/dana.com.br\/canaldana\/2022\/12\/07\/acordo-preve-fim-do-teto-do-icms-de-combustiveis\/","url":"https:\/\/dana.com.br\/canaldana\/2022\/12\/07\/acordo-preve-fim-do-teto-do-icms-de-combustiveis\/","name":"Acordo prev\u00ea fim do teto do ICMS de combust\u00edveis - Canal Dana","isPartOf":{"@id":"https:\/\/dana.com.br\/canaldana\/#website"},"datePublished":"2022-12-07T12:07:37+00:00","author":{"@id":"https:\/\/dana.com.br\/canaldana\/#\/schema\/person\/3c21f22f56fcf3bc46b94bc60ea4fef6"},"breadcrumb":{"@id":"https:\/\/dana.com.br\/canaldana\/2022\/12\/07\/acordo-preve-fim-do-teto-do-icms-de-combustiveis\/#breadcrumb"},"inLanguage":"pt-BR","potentialAction":[{"@type":"ReadAction","target":["https:\/\/dana.com.br\/canaldana\/2022\/12\/07\/acordo-preve-fim-do-teto-do-icms-de-combustiveis\/"]}]},{"@type":"BreadcrumbList","@id":"https:\/\/dana.com.br\/canaldana\/2022\/12\/07\/acordo-preve-fim-do-teto-do-icms-de-combustiveis\/#breadcrumb","itemListElement":[{"@type":"ListItem","position":1,"name":"Home","item":"https:\/\/dana.com.br\/canaldana\/"},{"@type":"ListItem","position":2,"name":"Mercado","item":"https:\/\/dana.com.br\/canaldana\/mercado\/"},{"@type":"ListItem","position":3,"name":"Acordo prev\u00ea fim do teto do ICMS de combust\u00edveis"}]},{"@type":"WebSite","@id":"https:\/\/dana.com.br\/canaldana\/#website","url":"https:\/\/dana.com.br\/canaldana\/","name":"Canal Dana","description":"Informativo com as principais not\u00edcias da ind\u00fastria automotiva","potentialAction":[{"@type":"SearchAction","target":{"@type":"EntryPoint","urlTemplate":"https:\/\/dana.com.br\/canaldana\/?s={search_term_string}"},"query-input":{"@type":"PropertyValueSpecification","valueRequired":true,"valueName":"search_term_string"}}],"inLanguage":"pt-BR"},{"@type":"Person","@id":"https:\/\/dana.com.br\/canaldana\/#\/schema\/person\/3c21f22f56fcf3bc46b94bc60ea4fef6","name":"Canal Dana","image":{"@type":"ImageObject","inLanguage":"pt-BR","@id":"https:\/\/secure.gravatar.com\/avatar\/420aaf9278582877d9018637c6817617705899d2858d7572ef0fe59a6b6454b4?s=96&d=mm&r=g","url":"https:\/\/secure.gravatar.com\/avatar\/420aaf9278582877d9018637c6817617705899d2858d7572ef0fe59a6b6454b4?s=96&d=mm&r=g","contentUrl":"https:\/\/secure.gravatar.com\/avatar\/420aaf9278582877d9018637c6817617705899d2858d7572ef0fe59a6b6454b4?s=96&d=mm&r=g","caption":"Canal Dana"},"url":"https:\/\/dana.com.br\/canaldana\/author\/cdeditor\/"}]}},"_links":{"self":[{"href":"https:\/\/dana.com.br\/canaldana\/wp-json\/wp\/v2\/posts\/62661","targetHints":{"allow":["GET"]}}],"collection":[{"href":"https:\/\/dana.com.br\/canaldana\/wp-json\/wp\/v2\/posts"}],"about":[{"href":"https:\/\/dana.com.br\/canaldana\/wp-json\/wp\/v2\/types\/post"}],"author":[{"embeddable":true,"href":"https:\/\/dana.com.br\/canaldana\/wp-json\/wp\/v2\/users\/3"}],"replies":[{"embeddable":true,"href":"https:\/\/dana.com.br\/canaldana\/wp-json\/wp\/v2\/comments?post=62661"}],"version-history":[{"count":0,"href":"https:\/\/dana.com.br\/canaldana\/wp-json\/wp\/v2\/posts\/62661\/revisions"}],"wp:attachment":[{"href":"https:\/\/dana.com.br\/canaldana\/wp-json\/wp\/v2\/media?parent=62661"}],"wp:term":[{"taxonomy":"category","embeddable":true,"href":"https:\/\/dana.com.br\/canaldana\/wp-json\/wp\/v2\/categories?post=62661"},{"taxonomy":"post_tag","embeddable":true,"href":"https:\/\/dana.com.br\/canaldana\/wp-json\/wp\/v2\/tags?post=62661"}],"curies":[{"name":"wp","href":"https:\/\/api.w.org\/{rel}","templated":true}]}}