{"id":62620,"date":"2022-12-06T08:57:04","date_gmt":"2022-12-06T11:57:04","guid":{"rendered":"https:\/\/dana.com.br\/canaldana\/?p=62620"},"modified":"2022-12-06T08:57:04","modified_gmt":"2022-12-06T11:57:04","slug":"forcas-armadas-da-belgica-recebem-os-primeiros-caminhoes-militares-daf","status":"publish","type":"post","link":"https:\/\/dana.com.br\/canaldana\/2022\/12\/06\/forcas-armadas-da-belgica-recebem-os-primeiros-caminhoes-militares-daf\/","title":{"rendered":"For\u00e7as Armadas da B\u00e9lgica recebem os primeiros caminh\u00f5es militares DAF"},"content":{"rendered":"<p><em>Blog do Caminhoneiro<\/em><\/p>\n<p>&nbsp;<\/p>\n<p>As For\u00e7as Armadas da B\u00e9lgica est\u00e3o recebendo os primeiros caminh\u00f5es militares DAF CF adquiridos em uma grande licita\u00e7\u00e3o feita h\u00e1 alguns meses. No total, ser\u00e3o fornecidos 879 caminh\u00f5es, sendo modelos fora de estrada com cabine convencional e outros com cabine totalmente blindada.<\/p>\n<p>&nbsp;<\/p>\n<p>O pedido das For\u00e7as Armadas belgas \u00e9 de 636 caminh\u00f5es de 2 eixos com tra\u00e7\u00e3o 4\u00d74 para fins de transporte geral e 243 caminh\u00f5es de 4 eixos com tra\u00e7\u00e3o 8\u00d78, usados para aplica\u00e7\u00f5es espec\u00edficas, como basculamento, transporte de cont\u00eaineres e tarefas onde s\u00e3o necess\u00e1rios guindastes.<\/p>\n<p>&nbsp;<\/p>\n<p>Quase metade do total \u00e9 equipada com cabines blindadas, que garantem alto n\u00edvel de prote\u00e7\u00e3o aos ocupantes durante as opera\u00e7\u00f5es militares.<\/p>\n<p>&nbsp;<\/p>\n<p>A entrega das primeiras 150 viaturas ao Ex\u00e9rcito Belga, que ser\u00e3o incorporados \u00e0 Brigada Motorizada e ao Regimento de Opera\u00e7\u00f5es Especiais, e tamb\u00e9m \u00e0 Unidade M\u00e9dica das For\u00e7as Armadas Belgas foram iniciadas agora. O restante dos caminh\u00f5es vai sendo entregue at\u00e9 o final de 2025.<\/p>\n<p>&nbsp;<\/p>\n<p>Para a constru\u00e7\u00e3o dos caminh\u00f5es, a DAF buscou a empresa tcheca Tatra Truck, garantindo o melhor desempenho fora de estrada, gra\u00e7as ao design de chassi exclusivo com um sistema de tra\u00e7\u00e3o em todas \u00e0s rodas e um subchassi tubular por onde passa o sistema de transmiss\u00e3o. Todas as rodas tem suspens\u00e3o independente.<\/p>\n<p>&nbsp;<\/p>\n<p>Os caminh\u00f5es s\u00e3o movidos por motores PACCAR MX-11 (4\u00d74) de 10,8 litros ou PACCAR MX-13 (8\u00d78) de 12,9 litros, com pot\u00eancias de 410 cv e 460 cv, respectivamente.<\/p>\n<p>&nbsp;<\/p>\n<p>Pegando no p\u00e9 da Scania, a DAF destacou na nota que os caminh\u00f5es CF nunca ultrapassam os 4 metros de altura, mesmo transportando cont\u00eaineres de 20 p\u00e9s.<\/p>\n<p>&nbsp;<\/p>\n<p>H\u00e1 algum tempo, caminh\u00f5es militares Scania Gryphus ficaram com 4,02 metros no transporte de cont\u00eaineres de 20 p\u00e9s com 2,4 metros de altura, o que acabou impossibilitando que rodassem em vias p\u00fablicas da Holanda, que adquiriu um grande lote desses caminh\u00f5es.<\/p>\n<p>&nbsp;<\/p>\n<p>Esses caminh\u00f5es Scania s\u00e3o, em sua maioria, modelos 8\u00d74 e 8\u00d78, com cabine R, motores de 500 cavalos de pot\u00eancia, suspens\u00e3o elevada e contam com uma ampla variedade de configura\u00e7\u00f5es. (Blog do Caminhoneiro)<\/p>\n","protected":false},"excerpt":{"rendered":"<p>Blog do Caminhoneiro &nbsp; As For\u00e7as Armadas da B\u00e9lgica est\u00e3o recebendo os primeiros caminh\u00f5es militares DAF CF adquiridos em uma grande licita\u00e7\u00e3o feita h\u00e1 alguns meses. No total, ser\u00e3o fornecidos 879 caminh\u00f5es, sendo modelos fora de estrada com cabine convencional e outros com cabine totalmente blindada. &nbsp; O pedido das For\u00e7as Armadas belgas \u00e9 de\u2026 <a class=\"readmore\" href=\"https:\/\/dana.com.br\/canaldana\/2022\/12\/06\/forcas-armadas-da-belgica-recebem-os-primeiros-caminhoes-militares-daf\/\">Leia mais \u00bb<\/a><\/p>\n","protected":false},"author":3,"featured_media":0,"comment_status":"closed","ping_status":"closed","sticky":false,"template":"","format":"standard","meta":{"_acf_changed":false,"footnotes":""},"categories":[79],"tags":[],"class_list":["post-62620","post","type-post","status-publish","format-standard","hentry","category-mercado"],"acf":[],"yoast_head":"<!-- This site is optimized with the Yoast SEO plugin v27.3 - https:\/\/yoast.com\/product\/yoast-seo-wordpress\/ -->\n<title>For\u00e7as Armadas da B\u00e9lgica recebem os primeiros caminh\u00f5es militares DAF - Canal Dana<\/title>\n<meta name=\"robots\" content=\"index, follow, max-snippet:-1, max-image-preview:large, max-video-preview:-1\" \/>\n<link rel=\"canonical\" href=\"https:\/\/dana.com.br\/canaldana\/2022\/12\/06\/forcas-armadas-da-belgica-recebem-os-primeiros-caminhoes-militares-daf\/\" \/>\n<meta property=\"og:locale\" content=\"pt_BR\" \/>\n<meta property=\"og:type\" content=\"article\" \/>\n<meta property=\"og:title\" content=\"For\u00e7as Armadas da B\u00e9lgica recebem os primeiros caminh\u00f5es militares DAF - Canal Dana\" \/>\n<meta property=\"og:description\" content=\"Blog do Caminhoneiro &nbsp; As For\u00e7as Armadas da B\u00e9lgica est\u00e3o recebendo os primeiros caminh\u00f5es militares DAF CF adquiridos em uma grande licita\u00e7\u00e3o feita h\u00e1 alguns meses. No total, ser\u00e3o fornecidos 879 caminh\u00f5es, sendo modelos fora de estrada com cabine convencional e outros com cabine totalmente blindada. &nbsp; O pedido das For\u00e7as Armadas belgas \u00e9 de\u2026 Leia mais \u00bb\" \/>\n<meta property=\"og:url\" content=\"https:\/\/dana.com.br\/canaldana\/2022\/12\/06\/forcas-armadas-da-belgica-recebem-os-primeiros-caminhoes-militares-daf\/\" \/>\n<meta property=\"og:site_name\" content=\"Canal Dana\" \/>\n<meta property=\"article:published_time\" content=\"2022-12-06T11:57:04+00:00\" \/>\n<meta name=\"author\" content=\"Canal Dana\" \/>\n<meta name=\"twitter:card\" content=\"summary_large_image\" \/>\n<meta name=\"twitter:label1\" content=\"Escrito por\" \/>\n\t<meta name=\"twitter:data1\" content=\"Canal Dana\" \/>\n\t<meta name=\"twitter:label2\" content=\"Est. tempo de leitura\" \/>\n\t<meta name=\"twitter:data2\" content=\"2 minutos\" \/>\n<script type=\"application\/ld+json\" class=\"yoast-schema-graph\">{\"@context\":\"https:\\\/\\\/schema.org\",\"@graph\":[{\"@type\":\"Article\",\"@id\":\"https:\\\/\\\/dana.com.br\\\/canaldana\\\/2022\\\/12\\\/06\\\/forcas-armadas-da-belgica-recebem-os-primeiros-caminhoes-militares-daf\\\/#article\",\"isPartOf\":{\"@id\":\"https:\\\/\\\/dana.com.br\\\/canaldana\\\/2022\\\/12\\\/06\\\/forcas-armadas-da-belgica-recebem-os-primeiros-caminhoes-militares-daf\\\/\"},\"author\":{\"name\":\"Canal Dana\",\"@id\":\"https:\\\/\\\/dana.com.br\\\/canaldana\\\/#\\\/schema\\\/person\\\/3c21f22f56fcf3bc46b94bc60ea4fef6\"},\"headline\":\"For\u00e7as Armadas da B\u00e9lgica recebem os primeiros caminh\u00f5es militares DAF\",\"datePublished\":\"2022-12-06T11:57:04+00:00\",\"mainEntityOfPage\":{\"@id\":\"https:\\\/\\\/dana.com.br\\\/canaldana\\\/2022\\\/12\\\/06\\\/forcas-armadas-da-belgica-recebem-os-primeiros-caminhoes-militares-daf\\\/\"},\"wordCount\":381,\"articleSection\":[\"Mercado\"],\"inLanguage\":\"pt-BR\"},{\"@type\":\"WebPage\",\"@id\":\"https:\\\/\\\/dana.com.br\\\/canaldana\\\/2022\\\/12\\\/06\\\/forcas-armadas-da-belgica-recebem-os-primeiros-caminhoes-militares-daf\\\/\",\"url\":\"https:\\\/\\\/dana.com.br\\\/canaldana\\\/2022\\\/12\\\/06\\\/forcas-armadas-da-belgica-recebem-os-primeiros-caminhoes-militares-daf\\\/\",\"name\":\"For\u00e7as Armadas da B\u00e9lgica recebem os primeiros caminh\u00f5es militares DAF - Canal Dana\",\"isPartOf\":{\"@id\":\"https:\\\/\\\/dana.com.br\\\/canaldana\\\/#website\"},\"datePublished\":\"2022-12-06T11:57:04+00:00\",\"author\":{\"@id\":\"https:\\\/\\\/dana.com.br\\\/canaldana\\\/#\\\/schema\\\/person\\\/3c21f22f56fcf3bc46b94bc60ea4fef6\"},\"breadcrumb\":{\"@id\":\"https:\\\/\\\/dana.com.br\\\/canaldana\\\/2022\\\/12\\\/06\\\/forcas-armadas-da-belgica-recebem-os-primeiros-caminhoes-militares-daf\\\/#breadcrumb\"},\"inLanguage\":\"pt-BR\",\"potentialAction\":[{\"@type\":\"ReadAction\",\"target\":[\"https:\\\/\\\/dana.com.br\\\/canaldana\\\/2022\\\/12\\\/06\\\/forcas-armadas-da-belgica-recebem-os-primeiros-caminhoes-militares-daf\\\/\"]}]},{\"@type\":\"BreadcrumbList\",\"@id\":\"https:\\\/\\\/dana.com.br\\\/canaldana\\\/2022\\\/12\\\/06\\\/forcas-armadas-da-belgica-recebem-os-primeiros-caminhoes-militares-daf\\\/#breadcrumb\",\"itemListElement\":[{\"@type\":\"ListItem\",\"position\":1,\"name\":\"Home\",\"item\":\"https:\\\/\\\/dana.com.br\\\/canaldana\\\/\"},{\"@type\":\"ListItem\",\"position\":2,\"name\":\"Mercado\",\"item\":\"https:\\\/\\\/dana.com.br\\\/canaldana\\\/mercado\\\/\"},{\"@type\":\"ListItem\",\"position\":3,\"name\":\"For\u00e7as Armadas da B\u00e9lgica recebem os primeiros caminh\u00f5es militares DAF\"}]},{\"@type\":\"WebSite\",\"@id\":\"https:\\\/\\\/dana.com.br\\\/canaldana\\\/#website\",\"url\":\"https:\\\/\\\/dana.com.br\\\/canaldana\\\/\",\"name\":\"Canal Dana\",\"description\":\"Informativo com as principais not\u00edcias da ind\u00fastria automotiva\",\"potentialAction\":[{\"@type\":\"SearchAction\",\"target\":{\"@type\":\"EntryPoint\",\"urlTemplate\":\"https:\\\/\\\/dana.com.br\\\/canaldana\\\/?s={search_term_string}\"},\"query-input\":{\"@type\":\"PropertyValueSpecification\",\"valueRequired\":true,\"valueName\":\"search_term_string\"}}],\"inLanguage\":\"pt-BR\"},{\"@type\":\"Person\",\"@id\":\"https:\\\/\\\/dana.com.br\\\/canaldana\\\/#\\\/schema\\\/person\\\/3c21f22f56fcf3bc46b94bc60ea4fef6\",\"name\":\"Canal Dana\",\"image\":{\"@type\":\"ImageObject\",\"inLanguage\":\"pt-BR\",\"@id\":\"https:\\\/\\\/secure.gravatar.com\\\/avatar\\\/420aaf9278582877d9018637c6817617705899d2858d7572ef0fe59a6b6454b4?s=96&d=mm&r=g\",\"url\":\"https:\\\/\\\/secure.gravatar.com\\\/avatar\\\/420aaf9278582877d9018637c6817617705899d2858d7572ef0fe59a6b6454b4?s=96&d=mm&r=g\",\"contentUrl\":\"https:\\\/\\\/secure.gravatar.com\\\/avatar\\\/420aaf9278582877d9018637c6817617705899d2858d7572ef0fe59a6b6454b4?s=96&d=mm&r=g\",\"caption\":\"Canal Dana\"},\"url\":\"https:\\\/\\\/dana.com.br\\\/canaldana\\\/author\\\/cdeditor\\\/\"}]}<\/script>\n<!-- \/ Yoast SEO plugin. -->","yoast_head_json":{"title":"For\u00e7as Armadas da B\u00e9lgica recebem os primeiros caminh\u00f5es militares DAF - Canal Dana","robots":{"index":"index","follow":"follow","max-snippet":"max-snippet:-1","max-image-preview":"max-image-preview:large","max-video-preview":"max-video-preview:-1"},"canonical":"https:\/\/dana.com.br\/canaldana\/2022\/12\/06\/forcas-armadas-da-belgica-recebem-os-primeiros-caminhoes-militares-daf\/","og_locale":"pt_BR","og_type":"article","og_title":"For\u00e7as Armadas da B\u00e9lgica recebem os primeiros caminh\u00f5es militares DAF - Canal Dana","og_description":"Blog do Caminhoneiro &nbsp; As For\u00e7as Armadas da B\u00e9lgica est\u00e3o recebendo os primeiros caminh\u00f5es militares DAF CF adquiridos em uma grande licita\u00e7\u00e3o feita h\u00e1 alguns meses. No total, ser\u00e3o fornecidos 879 caminh\u00f5es, sendo modelos fora de estrada com cabine convencional e outros com cabine totalmente blindada. &nbsp; O pedido das For\u00e7as Armadas belgas \u00e9 de\u2026 Leia mais \u00bb","og_url":"https:\/\/dana.com.br\/canaldana\/2022\/12\/06\/forcas-armadas-da-belgica-recebem-os-primeiros-caminhoes-militares-daf\/","og_site_name":"Canal Dana","article_published_time":"2022-12-06T11:57:04+00:00","author":"Canal Dana","twitter_card":"summary_large_image","twitter_misc":{"Escrito por":"Canal Dana","Est. tempo de leitura":"2 minutos"},"schema":{"@context":"https:\/\/schema.org","@graph":[{"@type":"Article","@id":"https:\/\/dana.com.br\/canaldana\/2022\/12\/06\/forcas-armadas-da-belgica-recebem-os-primeiros-caminhoes-militares-daf\/#article","isPartOf":{"@id":"https:\/\/dana.com.br\/canaldana\/2022\/12\/06\/forcas-armadas-da-belgica-recebem-os-primeiros-caminhoes-militares-daf\/"},"author":{"name":"Canal Dana","@id":"https:\/\/dana.com.br\/canaldana\/#\/schema\/person\/3c21f22f56fcf3bc46b94bc60ea4fef6"},"headline":"For\u00e7as Armadas da B\u00e9lgica recebem os primeiros caminh\u00f5es militares DAF","datePublished":"2022-12-06T11:57:04+00:00","mainEntityOfPage":{"@id":"https:\/\/dana.com.br\/canaldana\/2022\/12\/06\/forcas-armadas-da-belgica-recebem-os-primeiros-caminhoes-militares-daf\/"},"wordCount":381,"articleSection":["Mercado"],"inLanguage":"pt-BR"},{"@type":"WebPage","@id":"https:\/\/dana.com.br\/canaldana\/2022\/12\/06\/forcas-armadas-da-belgica-recebem-os-primeiros-caminhoes-militares-daf\/","url":"https:\/\/dana.com.br\/canaldana\/2022\/12\/06\/forcas-armadas-da-belgica-recebem-os-primeiros-caminhoes-militares-daf\/","name":"For\u00e7as Armadas da B\u00e9lgica recebem os primeiros caminh\u00f5es militares DAF - Canal Dana","isPartOf":{"@id":"https:\/\/dana.com.br\/canaldana\/#website"},"datePublished":"2022-12-06T11:57:04+00:00","author":{"@id":"https:\/\/dana.com.br\/canaldana\/#\/schema\/person\/3c21f22f56fcf3bc46b94bc60ea4fef6"},"breadcrumb":{"@id":"https:\/\/dana.com.br\/canaldana\/2022\/12\/06\/forcas-armadas-da-belgica-recebem-os-primeiros-caminhoes-militares-daf\/#breadcrumb"},"inLanguage":"pt-BR","potentialAction":[{"@type":"ReadAction","target":["https:\/\/dana.com.br\/canaldana\/2022\/12\/06\/forcas-armadas-da-belgica-recebem-os-primeiros-caminhoes-militares-daf\/"]}]},{"@type":"BreadcrumbList","@id":"https:\/\/dana.com.br\/canaldana\/2022\/12\/06\/forcas-armadas-da-belgica-recebem-os-primeiros-caminhoes-militares-daf\/#breadcrumb","itemListElement":[{"@type":"ListItem","position":1,"name":"Home","item":"https:\/\/dana.com.br\/canaldana\/"},{"@type":"ListItem","position":2,"name":"Mercado","item":"https:\/\/dana.com.br\/canaldana\/mercado\/"},{"@type":"ListItem","position":3,"name":"For\u00e7as Armadas da B\u00e9lgica recebem os primeiros caminh\u00f5es militares DAF"}]},{"@type":"WebSite","@id":"https:\/\/dana.com.br\/canaldana\/#website","url":"https:\/\/dana.com.br\/canaldana\/","name":"Canal Dana","description":"Informativo com as principais not\u00edcias da ind\u00fastria automotiva","potentialAction":[{"@type":"SearchAction","target":{"@type":"EntryPoint","urlTemplate":"https:\/\/dana.com.br\/canaldana\/?s={search_term_string}"},"query-input":{"@type":"PropertyValueSpecification","valueRequired":true,"valueName":"search_term_string"}}],"inLanguage":"pt-BR"},{"@type":"Person","@id":"https:\/\/dana.com.br\/canaldana\/#\/schema\/person\/3c21f22f56fcf3bc46b94bc60ea4fef6","name":"Canal Dana","image":{"@type":"ImageObject","inLanguage":"pt-BR","@id":"https:\/\/secure.gravatar.com\/avatar\/420aaf9278582877d9018637c6817617705899d2858d7572ef0fe59a6b6454b4?s=96&d=mm&r=g","url":"https:\/\/secure.gravatar.com\/avatar\/420aaf9278582877d9018637c6817617705899d2858d7572ef0fe59a6b6454b4?s=96&d=mm&r=g","contentUrl":"https:\/\/secure.gravatar.com\/avatar\/420aaf9278582877d9018637c6817617705899d2858d7572ef0fe59a6b6454b4?s=96&d=mm&r=g","caption":"Canal Dana"},"url":"https:\/\/dana.com.br\/canaldana\/author\/cdeditor\/"}]}},"_links":{"self":[{"href":"https:\/\/dana.com.br\/canaldana\/wp-json\/wp\/v2\/posts\/62620","targetHints":{"allow":["GET"]}}],"collection":[{"href":"https:\/\/dana.com.br\/canaldana\/wp-json\/wp\/v2\/posts"}],"about":[{"href":"https:\/\/dana.com.br\/canaldana\/wp-json\/wp\/v2\/types\/post"}],"author":[{"embeddable":true,"href":"https:\/\/dana.com.br\/canaldana\/wp-json\/wp\/v2\/users\/3"}],"replies":[{"embeddable":true,"href":"https:\/\/dana.com.br\/canaldana\/wp-json\/wp\/v2\/comments?post=62620"}],"version-history":[{"count":0,"href":"https:\/\/dana.com.br\/canaldana\/wp-json\/wp\/v2\/posts\/62620\/revisions"}],"wp:attachment":[{"href":"https:\/\/dana.com.br\/canaldana\/wp-json\/wp\/v2\/media?parent=62620"}],"wp:term":[{"taxonomy":"category","embeddable":true,"href":"https:\/\/dana.com.br\/canaldana\/wp-json\/wp\/v2\/categories?post=62620"},{"taxonomy":"post_tag","embeddable":true,"href":"https:\/\/dana.com.br\/canaldana\/wp-json\/wp\/v2\/tags?post=62620"}],"curies":[{"name":"wp","href":"https:\/\/api.w.org\/{rel}","templated":true}]}}