{"id":62618,"date":"2022-12-06T08:56:05","date_gmt":"2022-12-06T11:56:05","guid":{"rendered":"https:\/\/dana.com.br\/canaldana\/?p=62618"},"modified":"2022-12-06T08:56:05","modified_gmt":"2022-12-06T11:56:05","slug":"tesla-entrega-seu-primeiro-caminhao-eletrico","status":"publish","type":"post","link":"https:\/\/dana.com.br\/canaldana\/2022\/12\/06\/tesla-entrega-seu-primeiro-caminhao-eletrico\/","title":{"rendered":"Tesla entrega seu primeiro caminh\u00e3o el\u00e9trico"},"content":{"rendered":"<p><em>Frota &amp; Cia <\/em><\/p>\n<p>&nbsp;<\/p>\n<p>O presidente-executivo da Tesla, Elon Musk, entregou na \u00faltima quinta-feira (1) o primeiro caminh\u00e3o pesado da empresa, o Semi, \u00e0 PepsiCo, mas n\u00e3o ofereceu previs\u00f5es atualizadas sobre qual ser\u00e1 seu pre\u00e7o, planos para a fabrica\u00e7\u00e3o ou sua capacidade de transporte de carga.<\/p>\n<p>&nbsp;<\/p>\n<p>Musk, que apareceu no palco em evento na f\u00e1brica da Tesla no Estado norte-americano de Nevada, disse que o caminh\u00e3o movido a bateria reduzir\u00e1 as emiss\u00f5es de poluentes, e pode superar os modelos existentes a diesel em for\u00e7a e seguran\u00e7a.<\/p>\n<p>&nbsp;<\/p>\n<p>A Tesla tamb\u00e9m n\u00e3o divulgou o peso de um Semi descarregado, uma especifica\u00e7\u00e3o fundamental que os analistas esperavam obter e uma considera\u00e7\u00e3o importante para a efici\u00eancia dos caminh\u00f5es el\u00e9tricos.<\/p>\n<p>&nbsp;<\/p>\n<p>Em 2017, a Tesla havia dito que a vers\u00e3o com autonomia de 482 quil\u00f4metros do Semi custaria 150 mil d\u00f3lares, e a vers\u00e3o de 804 quil\u00f4metros, 180 mil d\u00f3lares. Por\u00e9m, os pre\u00e7os dos ve\u00edculos el\u00e9tricos de passageiros da fabricante aumentaram acentuadamente desde ent\u00e3o. Robyn Denholm, presidente da Tesla, disse recentemente que a montadora pode produzir 100 Semis em 2022.<\/p>\n<p>&nbsp;<\/p>\n<p>Musk afirmou que a Tesla pretende produzir 50 mil desses caminh\u00f5es em 2024.<\/p>\n<p>&nbsp;<\/p>\n<p><strong>Especifica\u00e7\u00f5es e autonomia<\/strong><\/p>\n<p>&nbsp;<\/p>\n<p>O Semi usa tr\u00eas motores el\u00e9tricos desenvolvidos para a vers\u00e3o de desempenho do Model S, da Tesla, com apenas um deles em velocidade de rodovia e dois de reserva para quando o caminh\u00e3o precisa acelerar, um recurso que torna-o mais eficiente em termos de energia, disse Musk.<\/p>\n<p>&nbsp;<\/p>\n<p>\u201cEssa coisa tem uma for\u00e7a absurda em rela\u00e7\u00e3o a um caminh\u00e3o a diesel\u201d, disse Musk. \u201cBasicamente, \u00e9 como um elefante se movendo como um guepardo.\u201d<\/p>\n<p>&nbsp;<\/p>\n<p>Com um supercharger, a bateria maior deve ser carregada tanto em 30 minutos que a carga permita 50% do alcance (400 quil\u00f4metros). Segundo a Tesla, o caminh\u00e3o deve consumir cerca de 2 KWh por a cada 1,6 quil\u00f4metro percorrido, quando totalmente carregado (em peso), o que significaria um consumo de 125 kWh por 100 km. Para o alcance prometido, o conte\u00fado de energia da bateria deveria estar em torno de 1.000 kWh.<\/p>\n<p>&nbsp;<\/p>\n<p>Durante o evento de entrega das primeiras unidades, a Tesla informou que os caminh\u00f5es a diesel s\u00e3o 20% mais caros por quil\u00f4metro em opera\u00e7\u00e3o; Com o cami\u00e3o el\u00e9trico, os transportadores poderiam poupar 200.000 d\u00f3lares (R$ 105 mil) por ano. E que o caminh\u00e3o Semi pode percorrer 1,6 milh\u00e3o de quil\u00f4metros sem avarias. Mesmo sem dois motores, o caminh\u00e3o articulado ainda pode vencer um caminh\u00e3o a diesel. E os freios funcionariam praticamente sem desgaste, j\u00e1 que a desacelera\u00e7\u00e3o \u00e9 feita em grande parte por recupera\u00e7\u00e3o. (Frota &amp; Cia\/Victor Fagarassi)<\/p>\n","protected":false},"excerpt":{"rendered":"<p>Frota &amp; Cia &nbsp; O presidente-executivo da Tesla, Elon Musk, entregou na \u00faltima quinta-feira (1) o primeiro caminh\u00e3o pesado da empresa, o Semi, \u00e0 PepsiCo, mas n\u00e3o ofereceu previs\u00f5es atualizadas sobre qual ser\u00e1 seu pre\u00e7o, planos para a fabrica\u00e7\u00e3o ou sua capacidade de transporte de carga. &nbsp; Musk, que apareceu no palco em evento na\u2026 <a class=\"readmore\" href=\"https:\/\/dana.com.br\/canaldana\/2022\/12\/06\/tesla-entrega-seu-primeiro-caminhao-eletrico\/\">Leia mais \u00bb<\/a><\/p>\n","protected":false},"author":3,"featured_media":0,"comment_status":"closed","ping_status":"closed","sticky":false,"template":"","format":"standard","meta":{"_acf_changed":false,"footnotes":""},"categories":[110],"tags":[],"class_list":["post-62618","post","type-post","status-publish","format-standard","hentry","category-eletricos"],"acf":[],"yoast_head":"<!-- This site is optimized with the Yoast SEO plugin v27.3 - https:\/\/yoast.com\/product\/yoast-seo-wordpress\/ -->\n<title>Tesla entrega seu primeiro caminh\u00e3o el\u00e9trico - Canal Dana<\/title>\n<meta name=\"robots\" content=\"index, follow, max-snippet:-1, max-image-preview:large, max-video-preview:-1\" \/>\n<link rel=\"canonical\" href=\"https:\/\/dana.com.br\/canaldana\/2022\/12\/06\/tesla-entrega-seu-primeiro-caminhao-eletrico\/\" \/>\n<meta property=\"og:locale\" content=\"pt_BR\" \/>\n<meta property=\"og:type\" content=\"article\" \/>\n<meta property=\"og:title\" content=\"Tesla entrega seu primeiro caminh\u00e3o el\u00e9trico - Canal Dana\" \/>\n<meta property=\"og:description\" content=\"Frota &amp; Cia &nbsp; O presidente-executivo da Tesla, Elon Musk, entregou na \u00faltima quinta-feira (1) o primeiro caminh\u00e3o pesado da empresa, o Semi, \u00e0 PepsiCo, mas n\u00e3o ofereceu previs\u00f5es atualizadas sobre qual ser\u00e1 seu pre\u00e7o, planos para a fabrica\u00e7\u00e3o ou sua capacidade de transporte de carga. &nbsp; Musk, que apareceu no palco em evento na\u2026 Leia mais \u00bb\" \/>\n<meta property=\"og:url\" content=\"https:\/\/dana.com.br\/canaldana\/2022\/12\/06\/tesla-entrega-seu-primeiro-caminhao-eletrico\/\" \/>\n<meta property=\"og:site_name\" content=\"Canal Dana\" \/>\n<meta property=\"article:published_time\" content=\"2022-12-06T11:56:05+00:00\" \/>\n<meta name=\"author\" content=\"Canal Dana\" \/>\n<meta name=\"twitter:card\" content=\"summary_large_image\" \/>\n<meta name=\"twitter:label1\" content=\"Escrito por\" \/>\n\t<meta name=\"twitter:data1\" content=\"Canal Dana\" \/>\n\t<meta name=\"twitter:label2\" content=\"Est. tempo de leitura\" \/>\n\t<meta name=\"twitter:data2\" content=\"3 minutos\" \/>\n<script type=\"application\/ld+json\" class=\"yoast-schema-graph\">{\"@context\":\"https:\\\/\\\/schema.org\",\"@graph\":[{\"@type\":\"Article\",\"@id\":\"https:\\\/\\\/dana.com.br\\\/canaldana\\\/2022\\\/12\\\/06\\\/tesla-entrega-seu-primeiro-caminhao-eletrico\\\/#article\",\"isPartOf\":{\"@id\":\"https:\\\/\\\/dana.com.br\\\/canaldana\\\/2022\\\/12\\\/06\\\/tesla-entrega-seu-primeiro-caminhao-eletrico\\\/\"},\"author\":{\"name\":\"Canal Dana\",\"@id\":\"https:\\\/\\\/dana.com.br\\\/canaldana\\\/#\\\/schema\\\/person\\\/3c21f22f56fcf3bc46b94bc60ea4fef6\"},\"headline\":\"Tesla entrega seu primeiro caminh\u00e3o el\u00e9trico\",\"datePublished\":\"2022-12-06T11:56:05+00:00\",\"mainEntityOfPage\":{\"@id\":\"https:\\\/\\\/dana.com.br\\\/canaldana\\\/2022\\\/12\\\/06\\\/tesla-entrega-seu-primeiro-caminhao-eletrico\\\/\"},\"wordCount\":470,\"articleSection\":[\"El\u00e9tricos\"],\"inLanguage\":\"pt-BR\"},{\"@type\":\"WebPage\",\"@id\":\"https:\\\/\\\/dana.com.br\\\/canaldana\\\/2022\\\/12\\\/06\\\/tesla-entrega-seu-primeiro-caminhao-eletrico\\\/\",\"url\":\"https:\\\/\\\/dana.com.br\\\/canaldana\\\/2022\\\/12\\\/06\\\/tesla-entrega-seu-primeiro-caminhao-eletrico\\\/\",\"name\":\"Tesla entrega seu primeiro caminh\u00e3o el\u00e9trico - Canal Dana\",\"isPartOf\":{\"@id\":\"https:\\\/\\\/dana.com.br\\\/canaldana\\\/#website\"},\"datePublished\":\"2022-12-06T11:56:05+00:00\",\"author\":{\"@id\":\"https:\\\/\\\/dana.com.br\\\/canaldana\\\/#\\\/schema\\\/person\\\/3c21f22f56fcf3bc46b94bc60ea4fef6\"},\"breadcrumb\":{\"@id\":\"https:\\\/\\\/dana.com.br\\\/canaldana\\\/2022\\\/12\\\/06\\\/tesla-entrega-seu-primeiro-caminhao-eletrico\\\/#breadcrumb\"},\"inLanguage\":\"pt-BR\",\"potentialAction\":[{\"@type\":\"ReadAction\",\"target\":[\"https:\\\/\\\/dana.com.br\\\/canaldana\\\/2022\\\/12\\\/06\\\/tesla-entrega-seu-primeiro-caminhao-eletrico\\\/\"]}]},{\"@type\":\"BreadcrumbList\",\"@id\":\"https:\\\/\\\/dana.com.br\\\/canaldana\\\/2022\\\/12\\\/06\\\/tesla-entrega-seu-primeiro-caminhao-eletrico\\\/#breadcrumb\",\"itemListElement\":[{\"@type\":\"ListItem\",\"position\":1,\"name\":\"Home\",\"item\":\"https:\\\/\\\/dana.com.br\\\/canaldana\\\/\"},{\"@type\":\"ListItem\",\"position\":2,\"name\":\"El\u00e9tricos\",\"item\":\"https:\\\/\\\/dana.com.br\\\/canaldana\\\/eletricos\\\/\"},{\"@type\":\"ListItem\",\"position\":3,\"name\":\"Tesla entrega seu primeiro caminh\u00e3o el\u00e9trico\"}]},{\"@type\":\"WebSite\",\"@id\":\"https:\\\/\\\/dana.com.br\\\/canaldana\\\/#website\",\"url\":\"https:\\\/\\\/dana.com.br\\\/canaldana\\\/\",\"name\":\"Canal Dana\",\"description\":\"Informativo com as principais not\u00edcias da ind\u00fastria automotiva\",\"potentialAction\":[{\"@type\":\"SearchAction\",\"target\":{\"@type\":\"EntryPoint\",\"urlTemplate\":\"https:\\\/\\\/dana.com.br\\\/canaldana\\\/?s={search_term_string}\"},\"query-input\":{\"@type\":\"PropertyValueSpecification\",\"valueRequired\":true,\"valueName\":\"search_term_string\"}}],\"inLanguage\":\"pt-BR\"},{\"@type\":\"Person\",\"@id\":\"https:\\\/\\\/dana.com.br\\\/canaldana\\\/#\\\/schema\\\/person\\\/3c21f22f56fcf3bc46b94bc60ea4fef6\",\"name\":\"Canal Dana\",\"image\":{\"@type\":\"ImageObject\",\"inLanguage\":\"pt-BR\",\"@id\":\"https:\\\/\\\/secure.gravatar.com\\\/avatar\\\/420aaf9278582877d9018637c6817617705899d2858d7572ef0fe59a6b6454b4?s=96&d=mm&r=g\",\"url\":\"https:\\\/\\\/secure.gravatar.com\\\/avatar\\\/420aaf9278582877d9018637c6817617705899d2858d7572ef0fe59a6b6454b4?s=96&d=mm&r=g\",\"contentUrl\":\"https:\\\/\\\/secure.gravatar.com\\\/avatar\\\/420aaf9278582877d9018637c6817617705899d2858d7572ef0fe59a6b6454b4?s=96&d=mm&r=g\",\"caption\":\"Canal Dana\"},\"url\":\"https:\\\/\\\/dana.com.br\\\/canaldana\\\/author\\\/cdeditor\\\/\"}]}<\/script>\n<!-- \/ Yoast SEO plugin. -->","yoast_head_json":{"title":"Tesla entrega seu primeiro caminh\u00e3o el\u00e9trico - Canal Dana","robots":{"index":"index","follow":"follow","max-snippet":"max-snippet:-1","max-image-preview":"max-image-preview:large","max-video-preview":"max-video-preview:-1"},"canonical":"https:\/\/dana.com.br\/canaldana\/2022\/12\/06\/tesla-entrega-seu-primeiro-caminhao-eletrico\/","og_locale":"pt_BR","og_type":"article","og_title":"Tesla entrega seu primeiro caminh\u00e3o el\u00e9trico - Canal Dana","og_description":"Frota &amp; Cia &nbsp; O presidente-executivo da Tesla, Elon Musk, entregou na \u00faltima quinta-feira (1) o primeiro caminh\u00e3o pesado da empresa, o Semi, \u00e0 PepsiCo, mas n\u00e3o ofereceu previs\u00f5es atualizadas sobre qual ser\u00e1 seu pre\u00e7o, planos para a fabrica\u00e7\u00e3o ou sua capacidade de transporte de carga. &nbsp; Musk, que apareceu no palco em evento na\u2026 Leia mais \u00bb","og_url":"https:\/\/dana.com.br\/canaldana\/2022\/12\/06\/tesla-entrega-seu-primeiro-caminhao-eletrico\/","og_site_name":"Canal Dana","article_published_time":"2022-12-06T11:56:05+00:00","author":"Canal Dana","twitter_card":"summary_large_image","twitter_misc":{"Escrito por":"Canal Dana","Est. tempo de leitura":"3 minutos"},"schema":{"@context":"https:\/\/schema.org","@graph":[{"@type":"Article","@id":"https:\/\/dana.com.br\/canaldana\/2022\/12\/06\/tesla-entrega-seu-primeiro-caminhao-eletrico\/#article","isPartOf":{"@id":"https:\/\/dana.com.br\/canaldana\/2022\/12\/06\/tesla-entrega-seu-primeiro-caminhao-eletrico\/"},"author":{"name":"Canal Dana","@id":"https:\/\/dana.com.br\/canaldana\/#\/schema\/person\/3c21f22f56fcf3bc46b94bc60ea4fef6"},"headline":"Tesla entrega seu primeiro caminh\u00e3o el\u00e9trico","datePublished":"2022-12-06T11:56:05+00:00","mainEntityOfPage":{"@id":"https:\/\/dana.com.br\/canaldana\/2022\/12\/06\/tesla-entrega-seu-primeiro-caminhao-eletrico\/"},"wordCount":470,"articleSection":["El\u00e9tricos"],"inLanguage":"pt-BR"},{"@type":"WebPage","@id":"https:\/\/dana.com.br\/canaldana\/2022\/12\/06\/tesla-entrega-seu-primeiro-caminhao-eletrico\/","url":"https:\/\/dana.com.br\/canaldana\/2022\/12\/06\/tesla-entrega-seu-primeiro-caminhao-eletrico\/","name":"Tesla entrega seu primeiro caminh\u00e3o el\u00e9trico - Canal Dana","isPartOf":{"@id":"https:\/\/dana.com.br\/canaldana\/#website"},"datePublished":"2022-12-06T11:56:05+00:00","author":{"@id":"https:\/\/dana.com.br\/canaldana\/#\/schema\/person\/3c21f22f56fcf3bc46b94bc60ea4fef6"},"breadcrumb":{"@id":"https:\/\/dana.com.br\/canaldana\/2022\/12\/06\/tesla-entrega-seu-primeiro-caminhao-eletrico\/#breadcrumb"},"inLanguage":"pt-BR","potentialAction":[{"@type":"ReadAction","target":["https:\/\/dana.com.br\/canaldana\/2022\/12\/06\/tesla-entrega-seu-primeiro-caminhao-eletrico\/"]}]},{"@type":"BreadcrumbList","@id":"https:\/\/dana.com.br\/canaldana\/2022\/12\/06\/tesla-entrega-seu-primeiro-caminhao-eletrico\/#breadcrumb","itemListElement":[{"@type":"ListItem","position":1,"name":"Home","item":"https:\/\/dana.com.br\/canaldana\/"},{"@type":"ListItem","position":2,"name":"El\u00e9tricos","item":"https:\/\/dana.com.br\/canaldana\/eletricos\/"},{"@type":"ListItem","position":3,"name":"Tesla entrega seu primeiro caminh\u00e3o el\u00e9trico"}]},{"@type":"WebSite","@id":"https:\/\/dana.com.br\/canaldana\/#website","url":"https:\/\/dana.com.br\/canaldana\/","name":"Canal Dana","description":"Informativo com as principais not\u00edcias da ind\u00fastria automotiva","potentialAction":[{"@type":"SearchAction","target":{"@type":"EntryPoint","urlTemplate":"https:\/\/dana.com.br\/canaldana\/?s={search_term_string}"},"query-input":{"@type":"PropertyValueSpecification","valueRequired":true,"valueName":"search_term_string"}}],"inLanguage":"pt-BR"},{"@type":"Person","@id":"https:\/\/dana.com.br\/canaldana\/#\/schema\/person\/3c21f22f56fcf3bc46b94bc60ea4fef6","name":"Canal Dana","image":{"@type":"ImageObject","inLanguage":"pt-BR","@id":"https:\/\/secure.gravatar.com\/avatar\/420aaf9278582877d9018637c6817617705899d2858d7572ef0fe59a6b6454b4?s=96&d=mm&r=g","url":"https:\/\/secure.gravatar.com\/avatar\/420aaf9278582877d9018637c6817617705899d2858d7572ef0fe59a6b6454b4?s=96&d=mm&r=g","contentUrl":"https:\/\/secure.gravatar.com\/avatar\/420aaf9278582877d9018637c6817617705899d2858d7572ef0fe59a6b6454b4?s=96&d=mm&r=g","caption":"Canal Dana"},"url":"https:\/\/dana.com.br\/canaldana\/author\/cdeditor\/"}]}},"_links":{"self":[{"href":"https:\/\/dana.com.br\/canaldana\/wp-json\/wp\/v2\/posts\/62618","targetHints":{"allow":["GET"]}}],"collection":[{"href":"https:\/\/dana.com.br\/canaldana\/wp-json\/wp\/v2\/posts"}],"about":[{"href":"https:\/\/dana.com.br\/canaldana\/wp-json\/wp\/v2\/types\/post"}],"author":[{"embeddable":true,"href":"https:\/\/dana.com.br\/canaldana\/wp-json\/wp\/v2\/users\/3"}],"replies":[{"embeddable":true,"href":"https:\/\/dana.com.br\/canaldana\/wp-json\/wp\/v2\/comments?post=62618"}],"version-history":[{"count":0,"href":"https:\/\/dana.com.br\/canaldana\/wp-json\/wp\/v2\/posts\/62618\/revisions"}],"wp:attachment":[{"href":"https:\/\/dana.com.br\/canaldana\/wp-json\/wp\/v2\/media?parent=62618"}],"wp:term":[{"taxonomy":"category","embeddable":true,"href":"https:\/\/dana.com.br\/canaldana\/wp-json\/wp\/v2\/categories?post=62618"},{"taxonomy":"post_tag","embeddable":true,"href":"https:\/\/dana.com.br\/canaldana\/wp-json\/wp\/v2\/tags?post=62618"}],"curies":[{"name":"wp","href":"https:\/\/api.w.org\/{rel}","templated":true}]}}