{"id":62616,"date":"2022-12-06T08:55:20","date_gmt":"2022-12-06T11:55:20","guid":{"rendered":"https:\/\/dana.com.br\/canaldana\/?p=62616"},"modified":"2022-12-06T08:55:20","modified_gmt":"2022-12-06T11:55:20","slug":"presidente-da-iveco-conquista-premio-de-melhor-executivo-de-montadora-em-honraria-nacional-de-imprensa-especializada","status":"publish","type":"post","link":"https:\/\/dana.com.br\/canaldana\/2022\/12\/06\/presidente-da-iveco-conquista-premio-de-melhor-executivo-de-montadora-em-honraria-nacional-de-imprensa-especializada\/","title":{"rendered":"Presidente da IVECO conquista pr\u00eamio de \u2018Melhor Executivo de Montadora\u2019 em honraria nacional de imprensa especializada"},"content":{"rendered":"<p><em>On Truck<\/em><\/p>\n<p>&nbsp;<\/p>\n<p>Prestes a encerrar um dos melhores anos de sua hist\u00f3ria no Brasil, a IVECO celebra mais uma importante conquista em territ\u00f3rio nacional. Nessa ter\u00e7a-feira (29), em cerim\u00f4nia realizada em S\u00e3o Paulo (SP), a montadora angariou o pr\u00eamio de \u201cMelhor Executivo de Montadora\u201d, conferido a Marcio Querichelli, presidente para a Am\u00e9rica Latina \u2013 \u00e0 frente da empresa h\u00e1 quase tr\u00eas anos \u2013 durante a 7\u00aa Edi\u00e7\u00e3o do Pr\u00eamio Top Truck TV. Neste per\u00edodo, a IVECO foi a marca full liner que mais cresceu na Am\u00e9rica Latina, tendo triplicado os volumes.<\/p>\n<p>&nbsp;<\/p>\n<p>O Pr\u00eamio Top Truck TV \u00e9 uma das principais premia\u00e7\u00f5es da imprensa automotiva relacionada ao mercado de transportes. Participaram do j\u00fari desta edi\u00e7\u00e3o, que considerou nove categorias, 18 jornalistas especializados, que comandam seis programas de TV e 12 portais de not\u00edcias.<\/p>\n<p>&nbsp;<\/p>\n<p>A conquista desta ter\u00e7a-feira (1\/12) se soma a outras duas recentemente obtidas pela montadora: \u201cLog\u00edstica 4.0\u201d, no Pr\u00eamio Automotive Business 2022 \u2013 pelo pioneirismo do projeto-piloto Renovar, que objetiva estimular a renova\u00e7\u00e3o da frota de caminh\u00f5es do pa\u00eds \u2013, e o \u201cPr\u00eamio Consumidor Moderno\u201d, como a melhor marca de caminh\u00f5es no quesito atendimento ao cliente, pelo segundo ano consecutivo.<\/p>\n<p>&nbsp;<\/p>\n<p>\u201cNosso slogan \u2018A gente n\u00e3o para\u2019 nunca fez tanto sentido. A cada novo passo, temos mais certeza de que estamos no caminho certo, construindo novos cap\u00edtulos, ainda mais vitoriosos, para a nossa hist\u00f3ria. Fico realmente muito satisfeito em estar \u00e0 frente de um time que sabe onde quer chegar e vem colecionando conquistas. Ser reconhecido como o Melhor Executivo de Montadora no Brasil, neste importante pr\u00eamio, chancela meu compromisso de manter o crescimento sustent\u00e1vel da marca junto de uma equipe muito profissional e dedicada, com o foco total no nosso cliente\u201d, diz Marcio Querichelli, presidente da IVECO para a Am\u00e9rica Latina. (On Truck)<\/p>\n","protected":false},"excerpt":{"rendered":"<p>On Truck &nbsp; Prestes a encerrar um dos melhores anos de sua hist\u00f3ria no Brasil, a IVECO celebra mais uma importante conquista em territ\u00f3rio nacional. Nessa ter\u00e7a-feira (29), em cerim\u00f4nia realizada em S\u00e3o Paulo (SP), a montadora angariou o pr\u00eamio de \u201cMelhor Executivo de Montadora\u201d, conferido a Marcio Querichelli, presidente para a Am\u00e9rica Latina \u2013\u2026 <a class=\"readmore\" href=\"https:\/\/dana.com.br\/canaldana\/2022\/12\/06\/presidente-da-iveco-conquista-premio-de-melhor-executivo-de-montadora-em-honraria-nacional-de-imprensa-especializada\/\">Leia mais \u00bb<\/a><\/p>\n","protected":false},"author":3,"featured_media":0,"comment_status":"closed","ping_status":"closed","sticky":false,"template":"","format":"standard","meta":{"_acf_changed":false,"footnotes":""},"categories":[74],"tags":[],"class_list":["post-62616","post","type-post","status-publish","format-standard","hentry","category-premios"],"acf":[],"yoast_head":"<!-- This site is optimized with the Yoast SEO plugin v27.3 - https:\/\/yoast.com\/product\/yoast-seo-wordpress\/ -->\n<title>Presidente da IVECO conquista pr\u00eamio de \u2018Melhor Executivo de Montadora\u2019 em honraria nacional de imprensa especializada - Canal Dana<\/title>\n<meta name=\"robots\" content=\"index, follow, max-snippet:-1, max-image-preview:large, max-video-preview:-1\" \/>\n<link rel=\"canonical\" href=\"https:\/\/dana.com.br\/canaldana\/2022\/12\/06\/presidente-da-iveco-conquista-premio-de-melhor-executivo-de-montadora-em-honraria-nacional-de-imprensa-especializada\/\" \/>\n<meta property=\"og:locale\" content=\"pt_BR\" \/>\n<meta property=\"og:type\" content=\"article\" \/>\n<meta property=\"og:title\" content=\"Presidente da IVECO conquista pr\u00eamio de \u2018Melhor Executivo de Montadora\u2019 em honraria nacional de imprensa especializada - Canal Dana\" \/>\n<meta property=\"og:description\" content=\"On Truck &nbsp; Prestes a encerrar um dos melhores anos de sua hist\u00f3ria no Brasil, a IVECO celebra mais uma importante conquista em territ\u00f3rio nacional. Nessa ter\u00e7a-feira (29), em cerim\u00f4nia realizada em S\u00e3o Paulo (SP), a montadora angariou o pr\u00eamio de \u201cMelhor Executivo de Montadora\u201d, conferido a Marcio Querichelli, presidente para a Am\u00e9rica Latina \u2013\u2026 Leia mais \u00bb\" \/>\n<meta property=\"og:url\" content=\"https:\/\/dana.com.br\/canaldana\/2022\/12\/06\/presidente-da-iveco-conquista-premio-de-melhor-executivo-de-montadora-em-honraria-nacional-de-imprensa-especializada\/\" \/>\n<meta property=\"og:site_name\" content=\"Canal Dana\" \/>\n<meta property=\"article:published_time\" content=\"2022-12-06T11:55:20+00:00\" \/>\n<meta name=\"author\" content=\"Canal Dana\" \/>\n<meta name=\"twitter:card\" content=\"summary_large_image\" \/>\n<meta name=\"twitter:label1\" content=\"Escrito por\" \/>\n\t<meta name=\"twitter:data1\" content=\"Canal Dana\" \/>\n\t<meta name=\"twitter:label2\" content=\"Est. tempo de leitura\" \/>\n\t<meta name=\"twitter:data2\" content=\"2 minutos\" \/>\n<script type=\"application\/ld+json\" class=\"yoast-schema-graph\">{\"@context\":\"https:\\\/\\\/schema.org\",\"@graph\":[{\"@type\":\"Article\",\"@id\":\"https:\\\/\\\/dana.com.br\\\/canaldana\\\/2022\\\/12\\\/06\\\/presidente-da-iveco-conquista-premio-de-melhor-executivo-de-montadora-em-honraria-nacional-de-imprensa-especializada\\\/#article\",\"isPartOf\":{\"@id\":\"https:\\\/\\\/dana.com.br\\\/canaldana\\\/2022\\\/12\\\/06\\\/presidente-da-iveco-conquista-premio-de-melhor-executivo-de-montadora-em-honraria-nacional-de-imprensa-especializada\\\/\"},\"author\":{\"name\":\"Canal Dana\",\"@id\":\"https:\\\/\\\/dana.com.br\\\/canaldana\\\/#\\\/schema\\\/person\\\/3c21f22f56fcf3bc46b94bc60ea4fef6\"},\"headline\":\"Presidente da IVECO conquista pr\u00eamio de \u2018Melhor Executivo de Montadora\u2019 em honraria nacional de imprensa especializada\",\"datePublished\":\"2022-12-06T11:55:20+00:00\",\"mainEntityOfPage\":{\"@id\":\"https:\\\/\\\/dana.com.br\\\/canaldana\\\/2022\\\/12\\\/06\\\/presidente-da-iveco-conquista-premio-de-melhor-executivo-de-montadora-em-honraria-nacional-de-imprensa-especializada\\\/\"},\"wordCount\":332,\"articleSection\":[\"Pr\u00eamios\"],\"inLanguage\":\"pt-BR\"},{\"@type\":\"WebPage\",\"@id\":\"https:\\\/\\\/dana.com.br\\\/canaldana\\\/2022\\\/12\\\/06\\\/presidente-da-iveco-conquista-premio-de-melhor-executivo-de-montadora-em-honraria-nacional-de-imprensa-especializada\\\/\",\"url\":\"https:\\\/\\\/dana.com.br\\\/canaldana\\\/2022\\\/12\\\/06\\\/presidente-da-iveco-conquista-premio-de-melhor-executivo-de-montadora-em-honraria-nacional-de-imprensa-especializada\\\/\",\"name\":\"Presidente da IVECO conquista pr\u00eamio de \u2018Melhor Executivo de Montadora\u2019 em honraria nacional de imprensa especializada - Canal Dana\",\"isPartOf\":{\"@id\":\"https:\\\/\\\/dana.com.br\\\/canaldana\\\/#website\"},\"datePublished\":\"2022-12-06T11:55:20+00:00\",\"author\":{\"@id\":\"https:\\\/\\\/dana.com.br\\\/canaldana\\\/#\\\/schema\\\/person\\\/3c21f22f56fcf3bc46b94bc60ea4fef6\"},\"breadcrumb\":{\"@id\":\"https:\\\/\\\/dana.com.br\\\/canaldana\\\/2022\\\/12\\\/06\\\/presidente-da-iveco-conquista-premio-de-melhor-executivo-de-montadora-em-honraria-nacional-de-imprensa-especializada\\\/#breadcrumb\"},\"inLanguage\":\"pt-BR\",\"potentialAction\":[{\"@type\":\"ReadAction\",\"target\":[\"https:\\\/\\\/dana.com.br\\\/canaldana\\\/2022\\\/12\\\/06\\\/presidente-da-iveco-conquista-premio-de-melhor-executivo-de-montadora-em-honraria-nacional-de-imprensa-especializada\\\/\"]}]},{\"@type\":\"BreadcrumbList\",\"@id\":\"https:\\\/\\\/dana.com.br\\\/canaldana\\\/2022\\\/12\\\/06\\\/presidente-da-iveco-conquista-premio-de-melhor-executivo-de-montadora-em-honraria-nacional-de-imprensa-especializada\\\/#breadcrumb\",\"itemListElement\":[{\"@type\":\"ListItem\",\"position\":1,\"name\":\"Home\",\"item\":\"https:\\\/\\\/dana.com.br\\\/canaldana\\\/\"},{\"@type\":\"ListItem\",\"position\":2,\"name\":\"Pr\u00eamios\",\"item\":\"https:\\\/\\\/dana.com.br\\\/canaldana\\\/premios\\\/\"},{\"@type\":\"ListItem\",\"position\":3,\"name\":\"Presidente da IVECO conquista pr\u00eamio de \u2018Melhor Executivo de Montadora\u2019 em honraria nacional de imprensa especializada\"}]},{\"@type\":\"WebSite\",\"@id\":\"https:\\\/\\\/dana.com.br\\\/canaldana\\\/#website\",\"url\":\"https:\\\/\\\/dana.com.br\\\/canaldana\\\/\",\"name\":\"Canal Dana\",\"description\":\"Informativo com as principais not\u00edcias da ind\u00fastria automotiva\",\"potentialAction\":[{\"@type\":\"SearchAction\",\"target\":{\"@type\":\"EntryPoint\",\"urlTemplate\":\"https:\\\/\\\/dana.com.br\\\/canaldana\\\/?s={search_term_string}\"},\"query-input\":{\"@type\":\"PropertyValueSpecification\",\"valueRequired\":true,\"valueName\":\"search_term_string\"}}],\"inLanguage\":\"pt-BR\"},{\"@type\":\"Person\",\"@id\":\"https:\\\/\\\/dana.com.br\\\/canaldana\\\/#\\\/schema\\\/person\\\/3c21f22f56fcf3bc46b94bc60ea4fef6\",\"name\":\"Canal Dana\",\"image\":{\"@type\":\"ImageObject\",\"inLanguage\":\"pt-BR\",\"@id\":\"https:\\\/\\\/secure.gravatar.com\\\/avatar\\\/420aaf9278582877d9018637c6817617705899d2858d7572ef0fe59a6b6454b4?s=96&d=mm&r=g\",\"url\":\"https:\\\/\\\/secure.gravatar.com\\\/avatar\\\/420aaf9278582877d9018637c6817617705899d2858d7572ef0fe59a6b6454b4?s=96&d=mm&r=g\",\"contentUrl\":\"https:\\\/\\\/secure.gravatar.com\\\/avatar\\\/420aaf9278582877d9018637c6817617705899d2858d7572ef0fe59a6b6454b4?s=96&d=mm&r=g\",\"caption\":\"Canal Dana\"},\"url\":\"https:\\\/\\\/dana.com.br\\\/canaldana\\\/author\\\/cdeditor\\\/\"}]}<\/script>\n<!-- \/ Yoast SEO plugin. -->","yoast_head_json":{"title":"Presidente da IVECO conquista pr\u00eamio de \u2018Melhor Executivo de Montadora\u2019 em honraria nacional de imprensa especializada - Canal Dana","robots":{"index":"index","follow":"follow","max-snippet":"max-snippet:-1","max-image-preview":"max-image-preview:large","max-video-preview":"max-video-preview:-1"},"canonical":"https:\/\/dana.com.br\/canaldana\/2022\/12\/06\/presidente-da-iveco-conquista-premio-de-melhor-executivo-de-montadora-em-honraria-nacional-de-imprensa-especializada\/","og_locale":"pt_BR","og_type":"article","og_title":"Presidente da IVECO conquista pr\u00eamio de \u2018Melhor Executivo de Montadora\u2019 em honraria nacional de imprensa especializada - Canal Dana","og_description":"On Truck &nbsp; Prestes a encerrar um dos melhores anos de sua hist\u00f3ria no Brasil, a IVECO celebra mais uma importante conquista em territ\u00f3rio nacional. Nessa ter\u00e7a-feira (29), em cerim\u00f4nia realizada em S\u00e3o Paulo (SP), a montadora angariou o pr\u00eamio de \u201cMelhor Executivo de Montadora\u201d, conferido a Marcio Querichelli, presidente para a Am\u00e9rica Latina \u2013\u2026 Leia mais \u00bb","og_url":"https:\/\/dana.com.br\/canaldana\/2022\/12\/06\/presidente-da-iveco-conquista-premio-de-melhor-executivo-de-montadora-em-honraria-nacional-de-imprensa-especializada\/","og_site_name":"Canal Dana","article_published_time":"2022-12-06T11:55:20+00:00","author":"Canal Dana","twitter_card":"summary_large_image","twitter_misc":{"Escrito por":"Canal Dana","Est. tempo de leitura":"2 minutos"},"schema":{"@context":"https:\/\/schema.org","@graph":[{"@type":"Article","@id":"https:\/\/dana.com.br\/canaldana\/2022\/12\/06\/presidente-da-iveco-conquista-premio-de-melhor-executivo-de-montadora-em-honraria-nacional-de-imprensa-especializada\/#article","isPartOf":{"@id":"https:\/\/dana.com.br\/canaldana\/2022\/12\/06\/presidente-da-iveco-conquista-premio-de-melhor-executivo-de-montadora-em-honraria-nacional-de-imprensa-especializada\/"},"author":{"name":"Canal Dana","@id":"https:\/\/dana.com.br\/canaldana\/#\/schema\/person\/3c21f22f56fcf3bc46b94bc60ea4fef6"},"headline":"Presidente da IVECO conquista pr\u00eamio de \u2018Melhor Executivo de Montadora\u2019 em honraria nacional de imprensa especializada","datePublished":"2022-12-06T11:55:20+00:00","mainEntityOfPage":{"@id":"https:\/\/dana.com.br\/canaldana\/2022\/12\/06\/presidente-da-iveco-conquista-premio-de-melhor-executivo-de-montadora-em-honraria-nacional-de-imprensa-especializada\/"},"wordCount":332,"articleSection":["Pr\u00eamios"],"inLanguage":"pt-BR"},{"@type":"WebPage","@id":"https:\/\/dana.com.br\/canaldana\/2022\/12\/06\/presidente-da-iveco-conquista-premio-de-melhor-executivo-de-montadora-em-honraria-nacional-de-imprensa-especializada\/","url":"https:\/\/dana.com.br\/canaldana\/2022\/12\/06\/presidente-da-iveco-conquista-premio-de-melhor-executivo-de-montadora-em-honraria-nacional-de-imprensa-especializada\/","name":"Presidente da IVECO conquista pr\u00eamio de \u2018Melhor Executivo de Montadora\u2019 em honraria nacional de imprensa especializada - Canal Dana","isPartOf":{"@id":"https:\/\/dana.com.br\/canaldana\/#website"},"datePublished":"2022-12-06T11:55:20+00:00","author":{"@id":"https:\/\/dana.com.br\/canaldana\/#\/schema\/person\/3c21f22f56fcf3bc46b94bc60ea4fef6"},"breadcrumb":{"@id":"https:\/\/dana.com.br\/canaldana\/2022\/12\/06\/presidente-da-iveco-conquista-premio-de-melhor-executivo-de-montadora-em-honraria-nacional-de-imprensa-especializada\/#breadcrumb"},"inLanguage":"pt-BR","potentialAction":[{"@type":"ReadAction","target":["https:\/\/dana.com.br\/canaldana\/2022\/12\/06\/presidente-da-iveco-conquista-premio-de-melhor-executivo-de-montadora-em-honraria-nacional-de-imprensa-especializada\/"]}]},{"@type":"BreadcrumbList","@id":"https:\/\/dana.com.br\/canaldana\/2022\/12\/06\/presidente-da-iveco-conquista-premio-de-melhor-executivo-de-montadora-em-honraria-nacional-de-imprensa-especializada\/#breadcrumb","itemListElement":[{"@type":"ListItem","position":1,"name":"Home","item":"https:\/\/dana.com.br\/canaldana\/"},{"@type":"ListItem","position":2,"name":"Pr\u00eamios","item":"https:\/\/dana.com.br\/canaldana\/premios\/"},{"@type":"ListItem","position":3,"name":"Presidente da IVECO conquista pr\u00eamio de \u2018Melhor Executivo de Montadora\u2019 em honraria nacional de imprensa especializada"}]},{"@type":"WebSite","@id":"https:\/\/dana.com.br\/canaldana\/#website","url":"https:\/\/dana.com.br\/canaldana\/","name":"Canal Dana","description":"Informativo com as principais not\u00edcias da ind\u00fastria automotiva","potentialAction":[{"@type":"SearchAction","target":{"@type":"EntryPoint","urlTemplate":"https:\/\/dana.com.br\/canaldana\/?s={search_term_string}"},"query-input":{"@type":"PropertyValueSpecification","valueRequired":true,"valueName":"search_term_string"}}],"inLanguage":"pt-BR"},{"@type":"Person","@id":"https:\/\/dana.com.br\/canaldana\/#\/schema\/person\/3c21f22f56fcf3bc46b94bc60ea4fef6","name":"Canal Dana","image":{"@type":"ImageObject","inLanguage":"pt-BR","@id":"https:\/\/secure.gravatar.com\/avatar\/420aaf9278582877d9018637c6817617705899d2858d7572ef0fe59a6b6454b4?s=96&d=mm&r=g","url":"https:\/\/secure.gravatar.com\/avatar\/420aaf9278582877d9018637c6817617705899d2858d7572ef0fe59a6b6454b4?s=96&d=mm&r=g","contentUrl":"https:\/\/secure.gravatar.com\/avatar\/420aaf9278582877d9018637c6817617705899d2858d7572ef0fe59a6b6454b4?s=96&d=mm&r=g","caption":"Canal Dana"},"url":"https:\/\/dana.com.br\/canaldana\/author\/cdeditor\/"}]}},"_links":{"self":[{"href":"https:\/\/dana.com.br\/canaldana\/wp-json\/wp\/v2\/posts\/62616","targetHints":{"allow":["GET"]}}],"collection":[{"href":"https:\/\/dana.com.br\/canaldana\/wp-json\/wp\/v2\/posts"}],"about":[{"href":"https:\/\/dana.com.br\/canaldana\/wp-json\/wp\/v2\/types\/post"}],"author":[{"embeddable":true,"href":"https:\/\/dana.com.br\/canaldana\/wp-json\/wp\/v2\/users\/3"}],"replies":[{"embeddable":true,"href":"https:\/\/dana.com.br\/canaldana\/wp-json\/wp\/v2\/comments?post=62616"}],"version-history":[{"count":0,"href":"https:\/\/dana.com.br\/canaldana\/wp-json\/wp\/v2\/posts\/62616\/revisions"}],"wp:attachment":[{"href":"https:\/\/dana.com.br\/canaldana\/wp-json\/wp\/v2\/media?parent=62616"}],"wp:term":[{"taxonomy":"category","embeddable":true,"href":"https:\/\/dana.com.br\/canaldana\/wp-json\/wp\/v2\/categories?post=62616"},{"taxonomy":"post_tag","embeddable":true,"href":"https:\/\/dana.com.br\/canaldana\/wp-json\/wp\/v2\/tags?post=62616"}],"curies":[{"name":"wp","href":"https:\/\/api.w.org\/{rel}","templated":true}]}}