{"id":62575,"date":"2022-12-02T08:47:29","date_gmt":"2022-12-02T11:47:29","guid":{"rendered":"https:\/\/dana.com.br\/canaldana\/?p=62575"},"modified":"2022-12-02T08:47:29","modified_gmt":"2022-12-02T11:47:29","slug":"mercado-cresce-e-registra-1926-mil-veiculos-em-novembro","status":"publish","type":"post","link":"https:\/\/dana.com.br\/canaldana\/2022\/12\/02\/mercado-cresce-e-registra-1926-mil-veiculos-em-novembro\/","title":{"rendered":"Mercado cresce e registra 192,6 mil ve\u00edculos em novembro"},"content":{"rendered":"<p><em>AutoInd\u00fastria<\/em><\/p>\n<p>&nbsp;<\/p>\n<p>O mercado de ve\u00edculos leves reagiu em novembro. Consideradas as vendas de autom\u00f3veis e comerciais leves, foram negociadas no m\u00eas passado quase 192,6 mil unidades, 19% a mais do que em outubro. Sobre o resultado de igual m\u00eas do ano passado, quando foram registrados 161,7 mil licenciamentos, a evolu\u00e7\u00e3o tamb\u00e9m foi expressiva: 14%.<\/p>\n<p>&nbsp;<\/p>\n<p>Ainda assim, o bom resultado do m\u00eas n\u00e3o foi o suficiente para reverter a queda m\u00e9dia verificada ao longo do ano.\u00a0 Nos onze primeiros meses de 2022, as vendas acumuladas somaram 1.763,8 mil ve\u00edculos, 1% abaixo do observado em igual per\u00edodo de 2021.<\/p>\n<p>&nbsp;<\/p>\n<p>A Fiat negociou em novembro 44,9 mil unidades e liderou mais uma vez o mercado, com folgados 23,3%. Sua concorrente mais direta no m\u00eas passado foi a Volkswagen, mas com consider\u00e1vel desvantagem ao acumular 29,9 mil licenciamentos, imediatamente \u00e0 frente da GM, que teve 27 mil ve\u00edculos da marca Chevrolet entregues aos consumidores.<\/p>\n<p>&nbsp;<\/p>\n<p>No acumulado de janeiro a novembro, a italiana j\u00e1 levantou a ta\u00e7a de marca mais negociada no Brasil em 2022 e pelo segundo ano consecutivo. Isso porque, mesmo faltando um m\u00eas de vendas, tem nada menos do que 130 mil ve\u00edculos de vantagem sobre GM: 388,5 mil licenciamentos contra 258,9 mil da advers\u00e1ria.<\/p>\n<p>&nbsp;<\/p>\n<p>Percentualmente, a vantagem chama ainda mais a aten\u00e7\u00e3o: 22% ante 14,7% da GM e 13,5% da terceira colocada Volkswagen, que vendeu 237,9 mil ve\u00edculos nos primeiros onze meses do ano.<\/p>\n<p>&nbsp;<\/p>\n<p>A diferen\u00e7a para a GM foi ainda um pouco maior do que a registrada em 2020, quando a Fiat roubou a lideran\u00e7a da montadora norte-americana. (AutoInd\u00fastria\/George Guimar\u00e3es)<\/p>\n","protected":false},"excerpt":{"rendered":"<p>AutoInd\u00fastria &nbsp; O mercado de ve\u00edculos leves reagiu em novembro. Consideradas as vendas de autom\u00f3veis e comerciais leves, foram negociadas no m\u00eas passado quase 192,6 mil unidades, 19% a mais do que em outubro. Sobre o resultado de igual m\u00eas do ano passado, quando foram registrados 161,7 mil licenciamentos, a evolu\u00e7\u00e3o tamb\u00e9m foi expressiva: 14%.\u2026 <a class=\"readmore\" href=\"https:\/\/dana.com.br\/canaldana\/2022\/12\/02\/mercado-cresce-e-registra-1926-mil-veiculos-em-novembro\/\">Leia mais \u00bb<\/a><\/p>\n","protected":false},"author":3,"featured_media":0,"comment_status":"closed","ping_status":"closed","sticky":false,"template":"","format":"standard","meta":{"_acf_changed":false,"footnotes":""},"categories":[61],"tags":[],"class_list":["post-62575","post","type-post","status-publish","format-standard","hentry","category-destaques"],"acf":[],"yoast_head":"<!-- This site is optimized with the Yoast SEO plugin v27.3 - https:\/\/yoast.com\/product\/yoast-seo-wordpress\/ -->\n<title>Mercado cresce e registra 192,6 mil ve\u00edculos em novembro - Canal Dana<\/title>\n<meta name=\"robots\" content=\"index, follow, max-snippet:-1, max-image-preview:large, max-video-preview:-1\" \/>\n<link rel=\"canonical\" href=\"https:\/\/dana.com.br\/canaldana\/2022\/12\/02\/mercado-cresce-e-registra-1926-mil-veiculos-em-novembro\/\" \/>\n<meta property=\"og:locale\" content=\"pt_BR\" \/>\n<meta property=\"og:type\" content=\"article\" \/>\n<meta property=\"og:title\" content=\"Mercado cresce e registra 192,6 mil ve\u00edculos em novembro - Canal Dana\" \/>\n<meta property=\"og:description\" content=\"AutoInd\u00fastria &nbsp; O mercado de ve\u00edculos leves reagiu em novembro. Consideradas as vendas de autom\u00f3veis e comerciais leves, foram negociadas no m\u00eas passado quase 192,6 mil unidades, 19% a mais do que em outubro. Sobre o resultado de igual m\u00eas do ano passado, quando foram registrados 161,7 mil licenciamentos, a evolu\u00e7\u00e3o tamb\u00e9m foi expressiva: 14%.\u2026 Leia mais \u00bb\" \/>\n<meta property=\"og:url\" content=\"https:\/\/dana.com.br\/canaldana\/2022\/12\/02\/mercado-cresce-e-registra-1926-mil-veiculos-em-novembro\/\" \/>\n<meta property=\"og:site_name\" content=\"Canal Dana\" \/>\n<meta property=\"article:published_time\" content=\"2022-12-02T11:47:29+00:00\" \/>\n<meta name=\"author\" content=\"Canal Dana\" \/>\n<meta name=\"twitter:card\" content=\"summary_large_image\" \/>\n<meta name=\"twitter:label1\" content=\"Escrito por\" \/>\n\t<meta name=\"twitter:data1\" content=\"Canal Dana\" \/>\n\t<meta name=\"twitter:label2\" content=\"Est. tempo de leitura\" \/>\n\t<meta name=\"twitter:data2\" content=\"1 minuto\" \/>\n<script type=\"application\/ld+json\" class=\"yoast-schema-graph\">{\"@context\":\"https:\\\/\\\/schema.org\",\"@graph\":[{\"@type\":\"Article\",\"@id\":\"https:\\\/\\\/dana.com.br\\\/canaldana\\\/2022\\\/12\\\/02\\\/mercado-cresce-e-registra-1926-mil-veiculos-em-novembro\\\/#article\",\"isPartOf\":{\"@id\":\"https:\\\/\\\/dana.com.br\\\/canaldana\\\/2022\\\/12\\\/02\\\/mercado-cresce-e-registra-1926-mil-veiculos-em-novembro\\\/\"},\"author\":{\"name\":\"Canal Dana\",\"@id\":\"https:\\\/\\\/dana.com.br\\\/canaldana\\\/#\\\/schema\\\/person\\\/3c21f22f56fcf3bc46b94bc60ea4fef6\"},\"headline\":\"Mercado cresce e registra 192,6 mil ve\u00edculos em novembro\",\"datePublished\":\"2022-12-02T11:47:29+00:00\",\"mainEntityOfPage\":{\"@id\":\"https:\\\/\\\/dana.com.br\\\/canaldana\\\/2022\\\/12\\\/02\\\/mercado-cresce-e-registra-1926-mil-veiculos-em-novembro\\\/\"},\"wordCount\":279,\"articleSection\":[\"Destaques\"],\"inLanguage\":\"pt-BR\"},{\"@type\":\"WebPage\",\"@id\":\"https:\\\/\\\/dana.com.br\\\/canaldana\\\/2022\\\/12\\\/02\\\/mercado-cresce-e-registra-1926-mil-veiculos-em-novembro\\\/\",\"url\":\"https:\\\/\\\/dana.com.br\\\/canaldana\\\/2022\\\/12\\\/02\\\/mercado-cresce-e-registra-1926-mil-veiculos-em-novembro\\\/\",\"name\":\"Mercado cresce e registra 192,6 mil ve\u00edculos em novembro - Canal Dana\",\"isPartOf\":{\"@id\":\"https:\\\/\\\/dana.com.br\\\/canaldana\\\/#website\"},\"datePublished\":\"2022-12-02T11:47:29+00:00\",\"author\":{\"@id\":\"https:\\\/\\\/dana.com.br\\\/canaldana\\\/#\\\/schema\\\/person\\\/3c21f22f56fcf3bc46b94bc60ea4fef6\"},\"breadcrumb\":{\"@id\":\"https:\\\/\\\/dana.com.br\\\/canaldana\\\/2022\\\/12\\\/02\\\/mercado-cresce-e-registra-1926-mil-veiculos-em-novembro\\\/#breadcrumb\"},\"inLanguage\":\"pt-BR\",\"potentialAction\":[{\"@type\":\"ReadAction\",\"target\":[\"https:\\\/\\\/dana.com.br\\\/canaldana\\\/2022\\\/12\\\/02\\\/mercado-cresce-e-registra-1926-mil-veiculos-em-novembro\\\/\"]}]},{\"@type\":\"BreadcrumbList\",\"@id\":\"https:\\\/\\\/dana.com.br\\\/canaldana\\\/2022\\\/12\\\/02\\\/mercado-cresce-e-registra-1926-mil-veiculos-em-novembro\\\/#breadcrumb\",\"itemListElement\":[{\"@type\":\"ListItem\",\"position\":1,\"name\":\"Home\",\"item\":\"https:\\\/\\\/dana.com.br\\\/canaldana\\\/\"},{\"@type\":\"ListItem\",\"position\":2,\"name\":\"Destaques\",\"item\":\"https:\\\/\\\/dana.com.br\\\/canaldana\\\/destaques\\\/\"},{\"@type\":\"ListItem\",\"position\":3,\"name\":\"Mercado cresce e registra 192,6 mil ve\u00edculos em novembro\"}]},{\"@type\":\"WebSite\",\"@id\":\"https:\\\/\\\/dana.com.br\\\/canaldana\\\/#website\",\"url\":\"https:\\\/\\\/dana.com.br\\\/canaldana\\\/\",\"name\":\"Canal Dana\",\"description\":\"Informativo com as principais not\u00edcias da ind\u00fastria automotiva\",\"potentialAction\":[{\"@type\":\"SearchAction\",\"target\":{\"@type\":\"EntryPoint\",\"urlTemplate\":\"https:\\\/\\\/dana.com.br\\\/canaldana\\\/?s={search_term_string}\"},\"query-input\":{\"@type\":\"PropertyValueSpecification\",\"valueRequired\":true,\"valueName\":\"search_term_string\"}}],\"inLanguage\":\"pt-BR\"},{\"@type\":\"Person\",\"@id\":\"https:\\\/\\\/dana.com.br\\\/canaldana\\\/#\\\/schema\\\/person\\\/3c21f22f56fcf3bc46b94bc60ea4fef6\",\"name\":\"Canal Dana\",\"image\":{\"@type\":\"ImageObject\",\"inLanguage\":\"pt-BR\",\"@id\":\"https:\\\/\\\/secure.gravatar.com\\\/avatar\\\/420aaf9278582877d9018637c6817617705899d2858d7572ef0fe59a6b6454b4?s=96&d=mm&r=g\",\"url\":\"https:\\\/\\\/secure.gravatar.com\\\/avatar\\\/420aaf9278582877d9018637c6817617705899d2858d7572ef0fe59a6b6454b4?s=96&d=mm&r=g\",\"contentUrl\":\"https:\\\/\\\/secure.gravatar.com\\\/avatar\\\/420aaf9278582877d9018637c6817617705899d2858d7572ef0fe59a6b6454b4?s=96&d=mm&r=g\",\"caption\":\"Canal Dana\"},\"url\":\"https:\\\/\\\/dana.com.br\\\/canaldana\\\/author\\\/cdeditor\\\/\"}]}<\/script>\n<!-- \/ Yoast SEO plugin. -->","yoast_head_json":{"title":"Mercado cresce e registra 192,6 mil ve\u00edculos em novembro - Canal Dana","robots":{"index":"index","follow":"follow","max-snippet":"max-snippet:-1","max-image-preview":"max-image-preview:large","max-video-preview":"max-video-preview:-1"},"canonical":"https:\/\/dana.com.br\/canaldana\/2022\/12\/02\/mercado-cresce-e-registra-1926-mil-veiculos-em-novembro\/","og_locale":"pt_BR","og_type":"article","og_title":"Mercado cresce e registra 192,6 mil ve\u00edculos em novembro - Canal Dana","og_description":"AutoInd\u00fastria &nbsp; O mercado de ve\u00edculos leves reagiu em novembro. Consideradas as vendas de autom\u00f3veis e comerciais leves, foram negociadas no m\u00eas passado quase 192,6 mil unidades, 19% a mais do que em outubro. Sobre o resultado de igual m\u00eas do ano passado, quando foram registrados 161,7 mil licenciamentos, a evolu\u00e7\u00e3o tamb\u00e9m foi expressiva: 14%.\u2026 Leia mais \u00bb","og_url":"https:\/\/dana.com.br\/canaldana\/2022\/12\/02\/mercado-cresce-e-registra-1926-mil-veiculos-em-novembro\/","og_site_name":"Canal Dana","article_published_time":"2022-12-02T11:47:29+00:00","author":"Canal Dana","twitter_card":"summary_large_image","twitter_misc":{"Escrito por":"Canal Dana","Est. tempo de leitura":"1 minuto"},"schema":{"@context":"https:\/\/schema.org","@graph":[{"@type":"Article","@id":"https:\/\/dana.com.br\/canaldana\/2022\/12\/02\/mercado-cresce-e-registra-1926-mil-veiculos-em-novembro\/#article","isPartOf":{"@id":"https:\/\/dana.com.br\/canaldana\/2022\/12\/02\/mercado-cresce-e-registra-1926-mil-veiculos-em-novembro\/"},"author":{"name":"Canal Dana","@id":"https:\/\/dana.com.br\/canaldana\/#\/schema\/person\/3c21f22f56fcf3bc46b94bc60ea4fef6"},"headline":"Mercado cresce e registra 192,6 mil ve\u00edculos em novembro","datePublished":"2022-12-02T11:47:29+00:00","mainEntityOfPage":{"@id":"https:\/\/dana.com.br\/canaldana\/2022\/12\/02\/mercado-cresce-e-registra-1926-mil-veiculos-em-novembro\/"},"wordCount":279,"articleSection":["Destaques"],"inLanguage":"pt-BR"},{"@type":"WebPage","@id":"https:\/\/dana.com.br\/canaldana\/2022\/12\/02\/mercado-cresce-e-registra-1926-mil-veiculos-em-novembro\/","url":"https:\/\/dana.com.br\/canaldana\/2022\/12\/02\/mercado-cresce-e-registra-1926-mil-veiculos-em-novembro\/","name":"Mercado cresce e registra 192,6 mil ve\u00edculos em novembro - Canal Dana","isPartOf":{"@id":"https:\/\/dana.com.br\/canaldana\/#website"},"datePublished":"2022-12-02T11:47:29+00:00","author":{"@id":"https:\/\/dana.com.br\/canaldana\/#\/schema\/person\/3c21f22f56fcf3bc46b94bc60ea4fef6"},"breadcrumb":{"@id":"https:\/\/dana.com.br\/canaldana\/2022\/12\/02\/mercado-cresce-e-registra-1926-mil-veiculos-em-novembro\/#breadcrumb"},"inLanguage":"pt-BR","potentialAction":[{"@type":"ReadAction","target":["https:\/\/dana.com.br\/canaldana\/2022\/12\/02\/mercado-cresce-e-registra-1926-mil-veiculos-em-novembro\/"]}]},{"@type":"BreadcrumbList","@id":"https:\/\/dana.com.br\/canaldana\/2022\/12\/02\/mercado-cresce-e-registra-1926-mil-veiculos-em-novembro\/#breadcrumb","itemListElement":[{"@type":"ListItem","position":1,"name":"Home","item":"https:\/\/dana.com.br\/canaldana\/"},{"@type":"ListItem","position":2,"name":"Destaques","item":"https:\/\/dana.com.br\/canaldana\/destaques\/"},{"@type":"ListItem","position":3,"name":"Mercado cresce e registra 192,6 mil ve\u00edculos em novembro"}]},{"@type":"WebSite","@id":"https:\/\/dana.com.br\/canaldana\/#website","url":"https:\/\/dana.com.br\/canaldana\/","name":"Canal Dana","description":"Informativo com as principais not\u00edcias da ind\u00fastria automotiva","potentialAction":[{"@type":"SearchAction","target":{"@type":"EntryPoint","urlTemplate":"https:\/\/dana.com.br\/canaldana\/?s={search_term_string}"},"query-input":{"@type":"PropertyValueSpecification","valueRequired":true,"valueName":"search_term_string"}}],"inLanguage":"pt-BR"},{"@type":"Person","@id":"https:\/\/dana.com.br\/canaldana\/#\/schema\/person\/3c21f22f56fcf3bc46b94bc60ea4fef6","name":"Canal Dana","image":{"@type":"ImageObject","inLanguage":"pt-BR","@id":"https:\/\/secure.gravatar.com\/avatar\/420aaf9278582877d9018637c6817617705899d2858d7572ef0fe59a6b6454b4?s=96&d=mm&r=g","url":"https:\/\/secure.gravatar.com\/avatar\/420aaf9278582877d9018637c6817617705899d2858d7572ef0fe59a6b6454b4?s=96&d=mm&r=g","contentUrl":"https:\/\/secure.gravatar.com\/avatar\/420aaf9278582877d9018637c6817617705899d2858d7572ef0fe59a6b6454b4?s=96&d=mm&r=g","caption":"Canal Dana"},"url":"https:\/\/dana.com.br\/canaldana\/author\/cdeditor\/"}]}},"_links":{"self":[{"href":"https:\/\/dana.com.br\/canaldana\/wp-json\/wp\/v2\/posts\/62575","targetHints":{"allow":["GET"]}}],"collection":[{"href":"https:\/\/dana.com.br\/canaldana\/wp-json\/wp\/v2\/posts"}],"about":[{"href":"https:\/\/dana.com.br\/canaldana\/wp-json\/wp\/v2\/types\/post"}],"author":[{"embeddable":true,"href":"https:\/\/dana.com.br\/canaldana\/wp-json\/wp\/v2\/users\/3"}],"replies":[{"embeddable":true,"href":"https:\/\/dana.com.br\/canaldana\/wp-json\/wp\/v2\/comments?post=62575"}],"version-history":[{"count":0,"href":"https:\/\/dana.com.br\/canaldana\/wp-json\/wp\/v2\/posts\/62575\/revisions"}],"wp:attachment":[{"href":"https:\/\/dana.com.br\/canaldana\/wp-json\/wp\/v2\/media?parent=62575"}],"wp:term":[{"taxonomy":"category","embeddable":true,"href":"https:\/\/dana.com.br\/canaldana\/wp-json\/wp\/v2\/categories?post=62575"},{"taxonomy":"post_tag","embeddable":true,"href":"https:\/\/dana.com.br\/canaldana\/wp-json\/wp\/v2\/tags?post=62575"}],"curies":[{"name":"wp","href":"https:\/\/api.w.org\/{rel}","templated":true}]}}