{"id":62571,"date":"2022-12-02T08:46:16","date_gmt":"2022-12-02T11:46:16","guid":{"rendered":"https:\/\/dana.com.br\/canaldana\/?p=62571"},"modified":"2022-12-02T08:46:16","modified_gmt":"2022-12-02T11:46:16","slug":"em-ritmo-mais-lento-pib-do-pais-cresce-04-no-terceiro-trimestre","status":"publish","type":"post","link":"https:\/\/dana.com.br\/canaldana\/2022\/12\/02\/em-ritmo-mais-lento-pib-do-pais-cresce-04-no-terceiro-trimestre\/","title":{"rendered":"Em ritmo mais lento, PIB do Pa\u00eds cresce 0,4% no terceiro trimestre"},"content":{"rendered":"<p><em>O Estado de S. Paulo <\/em><\/p>\n<p>&nbsp;<\/p>\n<p>Soma de todos os bens e servi\u00e7os produzidos no Pa\u00eds, o PIB perdeu for\u00e7a e cresceu 0,4% no terceiro trimestre de 2022, ante o mesmo per\u00edodo de 2021. Ainda assim, foi o quinto trimestre consecutivo de alta. Cen\u00e1rio externo, juros, consumo das fam\u00edlias e agropecu\u00e1ria pesaram na redu\u00e7\u00e3o do ritmo de crescimento.<\/p>\n<p>&nbsp;<\/p>\n<p>O Produto Interno Bruto (PIB, soma de todos os bens e servi\u00e7os produzidos no Pa\u00eds) perdeu for\u00e7a e registrou crescimento de 0,4% no terceiro trimestre deste ano, na compara\u00e7\u00e3o com o mesmo per\u00edodo de 2021. Ficou abaixo da estimativa de 0,6% do mercado, segundo levantamento do Proje\u00e7\u00f5es Broadcast, e tamb\u00e9m do crescimento de 1% do indicador apurado pelo IBGE no intervalo de abril a junho.<\/p>\n<p>&nbsp;<\/p>\n<p>Ainda assim, foi o quinto trimestre consecutivo de alta, levando o PIB a seu maior valor monet\u00e1rio da s\u00e9rie hist\u00f3rica do IBGE, iniciada em 1996 \u2013 de R$ 2,54 trilh\u00f5es. Analistas chamam a aten\u00e7\u00e3o para o ganho acumulado de apenas 1,4% em rela\u00e7\u00e3o ao recorde anterior, no primeiro trimestre de 2014. \u00c9 insuficiente para acompanhar o crescimento da popula\u00e7\u00e3o no per\u00edodo.<\/p>\n<p>&nbsp;<\/p>\n<p>Segundo economistas ouvidos pelo Estad\u00e3o\/Broadcast, pesaram na redu\u00e7\u00e3o do ritmo de crescimento a demanda externa menos favor\u00e1vel, o mau desempenho da agropecu\u00e1ria, o fim do processo de normaliza\u00e7\u00e3o das atividades afetadas pelas medidas de conten\u00e7\u00e3o da pandemia de covid-19 e os efeitos dos juros mais elevados sobre a demanda.<\/p>\n<p>&nbsp;<\/p>\n<p>Ainda na avalia\u00e7\u00e3o desses economistas, a desacelera\u00e7\u00e3o seguir\u00e1 no ano que vem. Com os dados do terceiro trimestre \u2013 e revis\u00f5es que revelaram um PIB maior em 2021, com alta de 5%, ante 4,6% calculados anteriormente \u2013, as estimativas colhidas em pesquisa do Proje\u00e7\u00f5es Broadcast apontam para avan\u00e7o de 3%, neste ano, e de 0,7% em 2023.<\/p>\n<p>&nbsp;<\/p>\n<p>Para a economista Silvia Matos, pesquisadora do Instituto Brasileiro de Economia da Funda\u00e7\u00e3o Getulio Vargas (FGV Ibre), est\u00e1 claro que o cen\u00e1rio econ\u00f4mico deste segundo semestre ser\u00e1 pior do que o do primeiro. Neste, a for\u00e7a da volta ao normal do funcionamento de uma s\u00e9rie de neg\u00f3cios, especialmente no setor de servi\u00e7os, surpreendeu positivamente.<\/p>\n<p>&nbsp;<\/p>\n<p>\u201cH\u00e1 v\u00e1rios sinais de que o cen\u00e1rio est\u00e1 pior, e o terceiro trimestre est\u00e1 no meio do caminho\u201d, disse Silvia. Segundo ela, indicadores mais recentes \u201cmostram perda de impulso no crescimento econ\u00f4mico\u201d. \u00c9 o caso dos dados sobre gera\u00e7\u00e3o de empregos formais de outubro, registrados pelo Caged (cadastro do Minist\u00e9rio do Trabalho e Previd\u00eancia), e dos \u00edndices de confian\u00e7a calculados pela pr\u00f3pria FGV, que ca\u00edram em outubro e novembro.<\/p>\n<p>&nbsp;<\/p>\n<p>Apesar das restri\u00e7\u00f5es impostas pelos juros altos, o consumo das fam\u00edlias cresceu 1% e continuou puxando a economia. Aqui funcionou a combina\u00e7\u00e3o dos est\u00edmulos dados pelo governo \u2013 destaque para o Aux\u00edlio Brasil de R$ 600 por m\u00eas \u2013 com a melhoria do mercado de trabalho, o arrefecimento da infla\u00e7\u00e3o e resqu\u00edcios do movimento de normaliza\u00e7\u00e3o.<\/p>\n<p>&nbsp;<\/p>\n<p>Pelo lado da oferta, o setor de servi\u00e7os seguiu ditando o ritmo, com crescimento de 1,1% sobre o segundo trimestre. O PIB industrial cresceu apenas 0,8%, enquanto a agropecu\u00e1ria recuou 0,9%, ap\u00f3s o excesso de chuva prejudicar a safra de cana-de-a\u00e7\u00facar.<\/p>\n<p>&nbsp;<\/p>\n<p>Compara\u00e7\u00e3o A expans\u00e3o do setor de servi\u00e7os foi de 1,1%, e a da ind\u00fastria, de 0,8%; j\u00e1 a agropecu\u00e1ria recuou 0,9%. (O Estado de S. Paulo\/Daniela Amorim e Vinicius Neder)<\/p>\n","protected":false},"excerpt":{"rendered":"<p>O Estado de S. Paulo &nbsp; Soma de todos os bens e servi\u00e7os produzidos no Pa\u00eds, o PIB perdeu for\u00e7a e cresceu 0,4% no terceiro trimestre de 2022, ante o mesmo per\u00edodo de 2021. Ainda assim, foi o quinto trimestre consecutivo de alta. Cen\u00e1rio externo, juros, consumo das fam\u00edlias e agropecu\u00e1ria pesaram na redu\u00e7\u00e3o do\u2026 <a class=\"readmore\" href=\"https:\/\/dana.com.br\/canaldana\/2022\/12\/02\/em-ritmo-mais-lento-pib-do-pais-cresce-04-no-terceiro-trimestre\/\">Leia mais \u00bb<\/a><\/p>\n","protected":false},"author":3,"featured_media":0,"comment_status":"closed","ping_status":"closed","sticky":false,"template":"","format":"standard","meta":{"_acf_changed":false,"footnotes":""},"categories":[79],"tags":[],"class_list":["post-62571","post","type-post","status-publish","format-standard","hentry","category-mercado"],"acf":[],"yoast_head":"<!-- This site is optimized with the Yoast SEO plugin v27.3 - https:\/\/yoast.com\/product\/yoast-seo-wordpress\/ -->\n<title>Em ritmo mais lento, PIB do Pa\u00eds cresce 0,4% no terceiro trimestre - Canal Dana<\/title>\n<meta name=\"robots\" content=\"index, follow, max-snippet:-1, max-image-preview:large, max-video-preview:-1\" \/>\n<link rel=\"canonical\" href=\"https:\/\/dana.com.br\/canaldana\/2022\/12\/02\/em-ritmo-mais-lento-pib-do-pais-cresce-04-no-terceiro-trimestre\/\" \/>\n<meta property=\"og:locale\" content=\"pt_BR\" \/>\n<meta property=\"og:type\" content=\"article\" \/>\n<meta property=\"og:title\" content=\"Em ritmo mais lento, PIB do Pa\u00eds cresce 0,4% no terceiro trimestre - Canal Dana\" \/>\n<meta property=\"og:description\" content=\"O Estado de S. Paulo &nbsp; Soma de todos os bens e servi\u00e7os produzidos no Pa\u00eds, o PIB perdeu for\u00e7a e cresceu 0,4% no terceiro trimestre de 2022, ante o mesmo per\u00edodo de 2021. Ainda assim, foi o quinto trimestre consecutivo de alta. Cen\u00e1rio externo, juros, consumo das fam\u00edlias e agropecu\u00e1ria pesaram na redu\u00e7\u00e3o do\u2026 Leia mais \u00bb\" \/>\n<meta property=\"og:url\" content=\"https:\/\/dana.com.br\/canaldana\/2022\/12\/02\/em-ritmo-mais-lento-pib-do-pais-cresce-04-no-terceiro-trimestre\/\" \/>\n<meta property=\"og:site_name\" content=\"Canal Dana\" \/>\n<meta property=\"article:published_time\" content=\"2022-12-02T11:46:16+00:00\" \/>\n<meta name=\"author\" content=\"Canal Dana\" \/>\n<meta name=\"twitter:card\" content=\"summary_large_image\" \/>\n<meta name=\"twitter:label1\" content=\"Escrito por\" \/>\n\t<meta name=\"twitter:data1\" content=\"Canal Dana\" \/>\n\t<meta name=\"twitter:label2\" content=\"Est. tempo de leitura\" \/>\n\t<meta name=\"twitter:data2\" content=\"3 minutos\" \/>\n<script type=\"application\/ld+json\" class=\"yoast-schema-graph\">{\"@context\":\"https:\\\/\\\/schema.org\",\"@graph\":[{\"@type\":\"Article\",\"@id\":\"https:\\\/\\\/dana.com.br\\\/canaldana\\\/2022\\\/12\\\/02\\\/em-ritmo-mais-lento-pib-do-pais-cresce-04-no-terceiro-trimestre\\\/#article\",\"isPartOf\":{\"@id\":\"https:\\\/\\\/dana.com.br\\\/canaldana\\\/2022\\\/12\\\/02\\\/em-ritmo-mais-lento-pib-do-pais-cresce-04-no-terceiro-trimestre\\\/\"},\"author\":{\"name\":\"Canal Dana\",\"@id\":\"https:\\\/\\\/dana.com.br\\\/canaldana\\\/#\\\/schema\\\/person\\\/3c21f22f56fcf3bc46b94bc60ea4fef6\"},\"headline\":\"Em ritmo mais lento, PIB do Pa\u00eds cresce 0,4% no terceiro trimestre\",\"datePublished\":\"2022-12-02T11:46:16+00:00\",\"mainEntityOfPage\":{\"@id\":\"https:\\\/\\\/dana.com.br\\\/canaldana\\\/2022\\\/12\\\/02\\\/em-ritmo-mais-lento-pib-do-pais-cresce-04-no-terceiro-trimestre\\\/\"},\"wordCount\":599,\"articleSection\":[\"Mercado\"],\"inLanguage\":\"pt-BR\"},{\"@type\":\"WebPage\",\"@id\":\"https:\\\/\\\/dana.com.br\\\/canaldana\\\/2022\\\/12\\\/02\\\/em-ritmo-mais-lento-pib-do-pais-cresce-04-no-terceiro-trimestre\\\/\",\"url\":\"https:\\\/\\\/dana.com.br\\\/canaldana\\\/2022\\\/12\\\/02\\\/em-ritmo-mais-lento-pib-do-pais-cresce-04-no-terceiro-trimestre\\\/\",\"name\":\"Em ritmo mais lento, PIB do Pa\u00eds cresce 0,4% no terceiro trimestre - Canal Dana\",\"isPartOf\":{\"@id\":\"https:\\\/\\\/dana.com.br\\\/canaldana\\\/#website\"},\"datePublished\":\"2022-12-02T11:46:16+00:00\",\"author\":{\"@id\":\"https:\\\/\\\/dana.com.br\\\/canaldana\\\/#\\\/schema\\\/person\\\/3c21f22f56fcf3bc46b94bc60ea4fef6\"},\"breadcrumb\":{\"@id\":\"https:\\\/\\\/dana.com.br\\\/canaldana\\\/2022\\\/12\\\/02\\\/em-ritmo-mais-lento-pib-do-pais-cresce-04-no-terceiro-trimestre\\\/#breadcrumb\"},\"inLanguage\":\"pt-BR\",\"potentialAction\":[{\"@type\":\"ReadAction\",\"target\":[\"https:\\\/\\\/dana.com.br\\\/canaldana\\\/2022\\\/12\\\/02\\\/em-ritmo-mais-lento-pib-do-pais-cresce-04-no-terceiro-trimestre\\\/\"]}]},{\"@type\":\"BreadcrumbList\",\"@id\":\"https:\\\/\\\/dana.com.br\\\/canaldana\\\/2022\\\/12\\\/02\\\/em-ritmo-mais-lento-pib-do-pais-cresce-04-no-terceiro-trimestre\\\/#breadcrumb\",\"itemListElement\":[{\"@type\":\"ListItem\",\"position\":1,\"name\":\"Home\",\"item\":\"https:\\\/\\\/dana.com.br\\\/canaldana\\\/\"},{\"@type\":\"ListItem\",\"position\":2,\"name\":\"Mercado\",\"item\":\"https:\\\/\\\/dana.com.br\\\/canaldana\\\/mercado\\\/\"},{\"@type\":\"ListItem\",\"position\":3,\"name\":\"Em ritmo mais lento, PIB do Pa\u00eds cresce 0,4% no terceiro trimestre\"}]},{\"@type\":\"WebSite\",\"@id\":\"https:\\\/\\\/dana.com.br\\\/canaldana\\\/#website\",\"url\":\"https:\\\/\\\/dana.com.br\\\/canaldana\\\/\",\"name\":\"Canal Dana\",\"description\":\"Informativo com as principais not\u00edcias da ind\u00fastria automotiva\",\"potentialAction\":[{\"@type\":\"SearchAction\",\"target\":{\"@type\":\"EntryPoint\",\"urlTemplate\":\"https:\\\/\\\/dana.com.br\\\/canaldana\\\/?s={search_term_string}\"},\"query-input\":{\"@type\":\"PropertyValueSpecification\",\"valueRequired\":true,\"valueName\":\"search_term_string\"}}],\"inLanguage\":\"pt-BR\"},{\"@type\":\"Person\",\"@id\":\"https:\\\/\\\/dana.com.br\\\/canaldana\\\/#\\\/schema\\\/person\\\/3c21f22f56fcf3bc46b94bc60ea4fef6\",\"name\":\"Canal Dana\",\"image\":{\"@type\":\"ImageObject\",\"inLanguage\":\"pt-BR\",\"@id\":\"https:\\\/\\\/secure.gravatar.com\\\/avatar\\\/420aaf9278582877d9018637c6817617705899d2858d7572ef0fe59a6b6454b4?s=96&d=mm&r=g\",\"url\":\"https:\\\/\\\/secure.gravatar.com\\\/avatar\\\/420aaf9278582877d9018637c6817617705899d2858d7572ef0fe59a6b6454b4?s=96&d=mm&r=g\",\"contentUrl\":\"https:\\\/\\\/secure.gravatar.com\\\/avatar\\\/420aaf9278582877d9018637c6817617705899d2858d7572ef0fe59a6b6454b4?s=96&d=mm&r=g\",\"caption\":\"Canal Dana\"},\"url\":\"https:\\\/\\\/dana.com.br\\\/canaldana\\\/author\\\/cdeditor\\\/\"}]}<\/script>\n<!-- \/ Yoast SEO plugin. -->","yoast_head_json":{"title":"Em ritmo mais lento, PIB do Pa\u00eds cresce 0,4% no terceiro trimestre - Canal Dana","robots":{"index":"index","follow":"follow","max-snippet":"max-snippet:-1","max-image-preview":"max-image-preview:large","max-video-preview":"max-video-preview:-1"},"canonical":"https:\/\/dana.com.br\/canaldana\/2022\/12\/02\/em-ritmo-mais-lento-pib-do-pais-cresce-04-no-terceiro-trimestre\/","og_locale":"pt_BR","og_type":"article","og_title":"Em ritmo mais lento, PIB do Pa\u00eds cresce 0,4% no terceiro trimestre - Canal Dana","og_description":"O Estado de S. Paulo &nbsp; Soma de todos os bens e servi\u00e7os produzidos no Pa\u00eds, o PIB perdeu for\u00e7a e cresceu 0,4% no terceiro trimestre de 2022, ante o mesmo per\u00edodo de 2021. Ainda assim, foi o quinto trimestre consecutivo de alta. Cen\u00e1rio externo, juros, consumo das fam\u00edlias e agropecu\u00e1ria pesaram na redu\u00e7\u00e3o do\u2026 Leia mais \u00bb","og_url":"https:\/\/dana.com.br\/canaldana\/2022\/12\/02\/em-ritmo-mais-lento-pib-do-pais-cresce-04-no-terceiro-trimestre\/","og_site_name":"Canal Dana","article_published_time":"2022-12-02T11:46:16+00:00","author":"Canal Dana","twitter_card":"summary_large_image","twitter_misc":{"Escrito por":"Canal Dana","Est. tempo de leitura":"3 minutos"},"schema":{"@context":"https:\/\/schema.org","@graph":[{"@type":"Article","@id":"https:\/\/dana.com.br\/canaldana\/2022\/12\/02\/em-ritmo-mais-lento-pib-do-pais-cresce-04-no-terceiro-trimestre\/#article","isPartOf":{"@id":"https:\/\/dana.com.br\/canaldana\/2022\/12\/02\/em-ritmo-mais-lento-pib-do-pais-cresce-04-no-terceiro-trimestre\/"},"author":{"name":"Canal Dana","@id":"https:\/\/dana.com.br\/canaldana\/#\/schema\/person\/3c21f22f56fcf3bc46b94bc60ea4fef6"},"headline":"Em ritmo mais lento, PIB do Pa\u00eds cresce 0,4% no terceiro trimestre","datePublished":"2022-12-02T11:46:16+00:00","mainEntityOfPage":{"@id":"https:\/\/dana.com.br\/canaldana\/2022\/12\/02\/em-ritmo-mais-lento-pib-do-pais-cresce-04-no-terceiro-trimestre\/"},"wordCount":599,"articleSection":["Mercado"],"inLanguage":"pt-BR"},{"@type":"WebPage","@id":"https:\/\/dana.com.br\/canaldana\/2022\/12\/02\/em-ritmo-mais-lento-pib-do-pais-cresce-04-no-terceiro-trimestre\/","url":"https:\/\/dana.com.br\/canaldana\/2022\/12\/02\/em-ritmo-mais-lento-pib-do-pais-cresce-04-no-terceiro-trimestre\/","name":"Em ritmo mais lento, PIB do Pa\u00eds cresce 0,4% no terceiro trimestre - Canal Dana","isPartOf":{"@id":"https:\/\/dana.com.br\/canaldana\/#website"},"datePublished":"2022-12-02T11:46:16+00:00","author":{"@id":"https:\/\/dana.com.br\/canaldana\/#\/schema\/person\/3c21f22f56fcf3bc46b94bc60ea4fef6"},"breadcrumb":{"@id":"https:\/\/dana.com.br\/canaldana\/2022\/12\/02\/em-ritmo-mais-lento-pib-do-pais-cresce-04-no-terceiro-trimestre\/#breadcrumb"},"inLanguage":"pt-BR","potentialAction":[{"@type":"ReadAction","target":["https:\/\/dana.com.br\/canaldana\/2022\/12\/02\/em-ritmo-mais-lento-pib-do-pais-cresce-04-no-terceiro-trimestre\/"]}]},{"@type":"BreadcrumbList","@id":"https:\/\/dana.com.br\/canaldana\/2022\/12\/02\/em-ritmo-mais-lento-pib-do-pais-cresce-04-no-terceiro-trimestre\/#breadcrumb","itemListElement":[{"@type":"ListItem","position":1,"name":"Home","item":"https:\/\/dana.com.br\/canaldana\/"},{"@type":"ListItem","position":2,"name":"Mercado","item":"https:\/\/dana.com.br\/canaldana\/mercado\/"},{"@type":"ListItem","position":3,"name":"Em ritmo mais lento, PIB do Pa\u00eds cresce 0,4% no terceiro trimestre"}]},{"@type":"WebSite","@id":"https:\/\/dana.com.br\/canaldana\/#website","url":"https:\/\/dana.com.br\/canaldana\/","name":"Canal Dana","description":"Informativo com as principais not\u00edcias da ind\u00fastria automotiva","potentialAction":[{"@type":"SearchAction","target":{"@type":"EntryPoint","urlTemplate":"https:\/\/dana.com.br\/canaldana\/?s={search_term_string}"},"query-input":{"@type":"PropertyValueSpecification","valueRequired":true,"valueName":"search_term_string"}}],"inLanguage":"pt-BR"},{"@type":"Person","@id":"https:\/\/dana.com.br\/canaldana\/#\/schema\/person\/3c21f22f56fcf3bc46b94bc60ea4fef6","name":"Canal Dana","image":{"@type":"ImageObject","inLanguage":"pt-BR","@id":"https:\/\/secure.gravatar.com\/avatar\/420aaf9278582877d9018637c6817617705899d2858d7572ef0fe59a6b6454b4?s=96&d=mm&r=g","url":"https:\/\/secure.gravatar.com\/avatar\/420aaf9278582877d9018637c6817617705899d2858d7572ef0fe59a6b6454b4?s=96&d=mm&r=g","contentUrl":"https:\/\/secure.gravatar.com\/avatar\/420aaf9278582877d9018637c6817617705899d2858d7572ef0fe59a6b6454b4?s=96&d=mm&r=g","caption":"Canal Dana"},"url":"https:\/\/dana.com.br\/canaldana\/author\/cdeditor\/"}]}},"_links":{"self":[{"href":"https:\/\/dana.com.br\/canaldana\/wp-json\/wp\/v2\/posts\/62571","targetHints":{"allow":["GET"]}}],"collection":[{"href":"https:\/\/dana.com.br\/canaldana\/wp-json\/wp\/v2\/posts"}],"about":[{"href":"https:\/\/dana.com.br\/canaldana\/wp-json\/wp\/v2\/types\/post"}],"author":[{"embeddable":true,"href":"https:\/\/dana.com.br\/canaldana\/wp-json\/wp\/v2\/users\/3"}],"replies":[{"embeddable":true,"href":"https:\/\/dana.com.br\/canaldana\/wp-json\/wp\/v2\/comments?post=62571"}],"version-history":[{"count":0,"href":"https:\/\/dana.com.br\/canaldana\/wp-json\/wp\/v2\/posts\/62571\/revisions"}],"wp:attachment":[{"href":"https:\/\/dana.com.br\/canaldana\/wp-json\/wp\/v2\/media?parent=62571"}],"wp:term":[{"taxonomy":"category","embeddable":true,"href":"https:\/\/dana.com.br\/canaldana\/wp-json\/wp\/v2\/categories?post=62571"},{"taxonomy":"post_tag","embeddable":true,"href":"https:\/\/dana.com.br\/canaldana\/wp-json\/wp\/v2\/tags?post=62571"}],"curies":[{"name":"wp","href":"https:\/\/api.w.org\/{rel}","templated":true}]}}