{"id":62437,"date":"2022-11-28T08:44:39","date_gmt":"2022-11-28T11:44:39","guid":{"rendered":"https:\/\/dana.com.br\/canaldana\/?p=62437"},"modified":"2022-11-28T08:44:39","modified_gmt":"2022-11-28T11:44:39","slug":"citroen-ami-brilha-no-29o-congresso-sae-brasil","status":"publish","type":"post","link":"https:\/\/dana.com.br\/canaldana\/2022\/11\/28\/citroen-ami-brilha-no-29o-congresso-sae-brasil\/","title":{"rendered":"Citro\u00ebn Ami brilha no 29\u00ba Congresso SAE Brasil"},"content":{"rendered":"<p><em>Blog do Ricardo Ribas<\/em><\/p>\n<p>&nbsp;<\/p>\n<p>Participantes e visitantes do 29\u00ba Congresso e Mostra Internacionais de Tecnologia da Mobilidade SAE Brasil, que vai at\u00e9 o dia 27 de novembro na Funda\u00e7\u00e3o Bienal em S\u00e3o Paulo, poder\u00e3o ver de perto o Citro\u00ebn Ami. A solu\u00e7\u00e3o de mobilidade el\u00e9trica e inteligente estar\u00e1 exposta no evento, que tem o patroc\u00ednio da Stellantis e conta com a participa\u00e7\u00e3o de todas as marcas do grupo no pa\u00eds.<\/p>\n<p>&nbsp;<\/p>\n<p>No local, ser\u00e1 poss\u00edvel ver de perto o modelo que conquista logo ao primeiro olhar. Com s\u00f3 2,41 metros de comprimento, o Ami comporta at\u00e9 dois adultos em sua configura\u00e7\u00e3o de passageiros ou bagagens com at\u00e9 400 litros de volume em sua vers\u00e3o de carga. Seu design l\u00fadico tamb\u00e9m \u00e9 inteligente, usando os mesmos elementos visuais na dianteira e traseira (reduzindo custos de produ\u00e7\u00e3o e reposi\u00e7\u00e3o) e as portas s\u00e3o iguais em ambos os lados, com aberturas invertidas.<\/p>\n<p>&nbsp;<\/p>\n<p>Seu motor de 6 kW permite r\u00e1pidos deslocamentos urbanos ou em \u00e1reas log\u00edsticas, com uma autonomia de 75 km (ciclo europeu). O Ami \u00e9 pensado para aplica\u00e7\u00f5es onde agilidade e praticidade s\u00e3o essenciais, al\u00e9m de cumprir requisitos que permitem ser guiado por condutores de at\u00e9 14 anos em alguns pa\u00edses da Europa. Essa solu\u00e7\u00e3o de mobilidade livre de emiss\u00f5es na condu\u00e7\u00e3o tamb\u00e9m \u00e9 simples para recarregar: o Ami tem seu pr\u00f3prio cabo, que pode ser conectado em qualquer tomada de 220V. A recarga de 0 a 100% leva somente tr\u00eas horas, tempo que ser\u00e1 menor caso o Ami tenha energia residual.<\/p>\n<p>&nbsp;<\/p>\n<p>O Ami \u00e9 um sucesso de vendas na Europa e recebeu recentemente a vers\u00e3o Buggy, ainda mais l\u00fadica e divertida. Limitada a 50 unidades, ela se esgotou em somente 18 minutos ap\u00f3s seu lan\u00e7amento. Ele tamb\u00e9m foi uma das inspira\u00e7\u00f5es para o mais novo conceito da Citro\u00ebn, o Oli [all-\u00eb]. Em comum entre eles, solu\u00e7\u00f5es inteligentes, foco na inova\u00e7\u00e3o acess\u00edvel e condu\u00e7\u00e3o livre de emiss\u00f5es de CO2.<\/p>\n<p>&nbsp;<\/p>\n<p>O 29\u00ba Congresso e Mostra Internacionais de Tecnologia da Mobilidade SAE Brasil acontece na Funda\u00e7\u00e3o Bienal de S\u00e3o Paulo, no Parque do Ibirapuera, zona sul da capital paulista, e vai at\u00e9 o dia 27 de novembro. (Blog do Ricardo Ribas)<\/p>\n","protected":false},"excerpt":{"rendered":"<p>Blog do Ricardo Ribas &nbsp; Participantes e visitantes do 29\u00ba Congresso e Mostra Internacionais de Tecnologia da Mobilidade SAE Brasil, que vai at\u00e9 o dia 27 de novembro na Funda\u00e7\u00e3o Bienal em S\u00e3o Paulo, poder\u00e3o ver de perto o Citro\u00ebn Ami. A solu\u00e7\u00e3o de mobilidade el\u00e9trica e inteligente estar\u00e1 exposta no evento, que tem o\u2026 <a class=\"readmore\" href=\"https:\/\/dana.com.br\/canaldana\/2022\/11\/28\/citroen-ami-brilha-no-29o-congresso-sae-brasil\/\">Leia mais \u00bb<\/a><\/p>\n","protected":false},"author":3,"featured_media":0,"comment_status":"closed","ping_status":"closed","sticky":false,"template":"","format":"standard","meta":{"_acf_changed":false,"footnotes":""},"categories":[90],"tags":[],"class_list":["post-62437","post","type-post","status-publish","format-standard","hentry","category-sae-brasil"],"acf":[],"yoast_head":"<!-- This site is optimized with the Yoast SEO plugin v27.3 - https:\/\/yoast.com\/product\/yoast-seo-wordpress\/ -->\n<title>Citro\u00ebn Ami brilha no 29\u00ba Congresso SAE Brasil - Canal Dana<\/title>\n<meta name=\"robots\" content=\"index, follow, max-snippet:-1, max-image-preview:large, max-video-preview:-1\" \/>\n<link rel=\"canonical\" href=\"https:\/\/dana.com.br\/canaldana\/2022\/11\/28\/citroen-ami-brilha-no-29o-congresso-sae-brasil\/\" \/>\n<meta property=\"og:locale\" content=\"pt_BR\" \/>\n<meta property=\"og:type\" content=\"article\" \/>\n<meta property=\"og:title\" content=\"Citro\u00ebn Ami brilha no 29\u00ba Congresso SAE Brasil - Canal Dana\" \/>\n<meta property=\"og:description\" content=\"Blog do Ricardo Ribas &nbsp; Participantes e visitantes do 29\u00ba Congresso e Mostra Internacionais de Tecnologia da Mobilidade SAE Brasil, que vai at\u00e9 o dia 27 de novembro na Funda\u00e7\u00e3o Bienal em S\u00e3o Paulo, poder\u00e3o ver de perto o Citro\u00ebn Ami. A solu\u00e7\u00e3o de mobilidade el\u00e9trica e inteligente estar\u00e1 exposta no evento, que tem o\u2026 Leia mais \u00bb\" \/>\n<meta property=\"og:url\" content=\"https:\/\/dana.com.br\/canaldana\/2022\/11\/28\/citroen-ami-brilha-no-29o-congresso-sae-brasil\/\" \/>\n<meta property=\"og:site_name\" content=\"Canal Dana\" \/>\n<meta property=\"article:published_time\" content=\"2022-11-28T11:44:39+00:00\" \/>\n<meta name=\"author\" content=\"Canal Dana\" \/>\n<meta name=\"twitter:card\" content=\"summary_large_image\" \/>\n<meta name=\"twitter:label1\" content=\"Escrito por\" \/>\n\t<meta name=\"twitter:data1\" content=\"Canal Dana\" \/>\n\t<meta name=\"twitter:label2\" content=\"Est. tempo de leitura\" \/>\n\t<meta name=\"twitter:data2\" content=\"2 minutos\" \/>\n<script type=\"application\/ld+json\" class=\"yoast-schema-graph\">{\"@context\":\"https:\\\/\\\/schema.org\",\"@graph\":[{\"@type\":\"Article\",\"@id\":\"https:\\\/\\\/dana.com.br\\\/canaldana\\\/2022\\\/11\\\/28\\\/citroen-ami-brilha-no-29o-congresso-sae-brasil\\\/#article\",\"isPartOf\":{\"@id\":\"https:\\\/\\\/dana.com.br\\\/canaldana\\\/2022\\\/11\\\/28\\\/citroen-ami-brilha-no-29o-congresso-sae-brasil\\\/\"},\"author\":{\"name\":\"Canal Dana\",\"@id\":\"https:\\\/\\\/dana.com.br\\\/canaldana\\\/#\\\/schema\\\/person\\\/3c21f22f56fcf3bc46b94bc60ea4fef6\"},\"headline\":\"Citro\u00ebn Ami brilha no 29\u00ba Congresso SAE Brasil\",\"datePublished\":\"2022-11-28T11:44:39+00:00\",\"mainEntityOfPage\":{\"@id\":\"https:\\\/\\\/dana.com.br\\\/canaldana\\\/2022\\\/11\\\/28\\\/citroen-ami-brilha-no-29o-congresso-sae-brasil\\\/\"},\"wordCount\":395,\"articleSection\":[\"SAE Brasil\"],\"inLanguage\":\"pt-BR\"},{\"@type\":\"WebPage\",\"@id\":\"https:\\\/\\\/dana.com.br\\\/canaldana\\\/2022\\\/11\\\/28\\\/citroen-ami-brilha-no-29o-congresso-sae-brasil\\\/\",\"url\":\"https:\\\/\\\/dana.com.br\\\/canaldana\\\/2022\\\/11\\\/28\\\/citroen-ami-brilha-no-29o-congresso-sae-brasil\\\/\",\"name\":\"Citro\u00ebn Ami brilha no 29\u00ba Congresso SAE Brasil - Canal Dana\",\"isPartOf\":{\"@id\":\"https:\\\/\\\/dana.com.br\\\/canaldana\\\/#website\"},\"datePublished\":\"2022-11-28T11:44:39+00:00\",\"author\":{\"@id\":\"https:\\\/\\\/dana.com.br\\\/canaldana\\\/#\\\/schema\\\/person\\\/3c21f22f56fcf3bc46b94bc60ea4fef6\"},\"breadcrumb\":{\"@id\":\"https:\\\/\\\/dana.com.br\\\/canaldana\\\/2022\\\/11\\\/28\\\/citroen-ami-brilha-no-29o-congresso-sae-brasil\\\/#breadcrumb\"},\"inLanguage\":\"pt-BR\",\"potentialAction\":[{\"@type\":\"ReadAction\",\"target\":[\"https:\\\/\\\/dana.com.br\\\/canaldana\\\/2022\\\/11\\\/28\\\/citroen-ami-brilha-no-29o-congresso-sae-brasil\\\/\"]}]},{\"@type\":\"BreadcrumbList\",\"@id\":\"https:\\\/\\\/dana.com.br\\\/canaldana\\\/2022\\\/11\\\/28\\\/citroen-ami-brilha-no-29o-congresso-sae-brasil\\\/#breadcrumb\",\"itemListElement\":[{\"@type\":\"ListItem\",\"position\":1,\"name\":\"Home\",\"item\":\"https:\\\/\\\/dana.com.br\\\/canaldana\\\/\"},{\"@type\":\"ListItem\",\"position\":2,\"name\":\"SAE Brasil\",\"item\":\"https:\\\/\\\/dana.com.br\\\/canaldana\\\/sae-brasil\\\/\"},{\"@type\":\"ListItem\",\"position\":3,\"name\":\"Citro\u00ebn Ami brilha no 29\u00ba Congresso SAE Brasil\"}]},{\"@type\":\"WebSite\",\"@id\":\"https:\\\/\\\/dana.com.br\\\/canaldana\\\/#website\",\"url\":\"https:\\\/\\\/dana.com.br\\\/canaldana\\\/\",\"name\":\"Canal Dana\",\"description\":\"Informativo com as principais not\u00edcias da ind\u00fastria automotiva\",\"potentialAction\":[{\"@type\":\"SearchAction\",\"target\":{\"@type\":\"EntryPoint\",\"urlTemplate\":\"https:\\\/\\\/dana.com.br\\\/canaldana\\\/?s={search_term_string}\"},\"query-input\":{\"@type\":\"PropertyValueSpecification\",\"valueRequired\":true,\"valueName\":\"search_term_string\"}}],\"inLanguage\":\"pt-BR\"},{\"@type\":\"Person\",\"@id\":\"https:\\\/\\\/dana.com.br\\\/canaldana\\\/#\\\/schema\\\/person\\\/3c21f22f56fcf3bc46b94bc60ea4fef6\",\"name\":\"Canal Dana\",\"image\":{\"@type\":\"ImageObject\",\"inLanguage\":\"pt-BR\",\"@id\":\"https:\\\/\\\/secure.gravatar.com\\\/avatar\\\/420aaf9278582877d9018637c6817617705899d2858d7572ef0fe59a6b6454b4?s=96&d=mm&r=g\",\"url\":\"https:\\\/\\\/secure.gravatar.com\\\/avatar\\\/420aaf9278582877d9018637c6817617705899d2858d7572ef0fe59a6b6454b4?s=96&d=mm&r=g\",\"contentUrl\":\"https:\\\/\\\/secure.gravatar.com\\\/avatar\\\/420aaf9278582877d9018637c6817617705899d2858d7572ef0fe59a6b6454b4?s=96&d=mm&r=g\",\"caption\":\"Canal Dana\"},\"url\":\"https:\\\/\\\/dana.com.br\\\/canaldana\\\/author\\\/cdeditor\\\/\"}]}<\/script>\n<!-- \/ Yoast SEO plugin. -->","yoast_head_json":{"title":"Citro\u00ebn Ami brilha no 29\u00ba Congresso SAE Brasil - Canal Dana","robots":{"index":"index","follow":"follow","max-snippet":"max-snippet:-1","max-image-preview":"max-image-preview:large","max-video-preview":"max-video-preview:-1"},"canonical":"https:\/\/dana.com.br\/canaldana\/2022\/11\/28\/citroen-ami-brilha-no-29o-congresso-sae-brasil\/","og_locale":"pt_BR","og_type":"article","og_title":"Citro\u00ebn Ami brilha no 29\u00ba Congresso SAE Brasil - Canal Dana","og_description":"Blog do Ricardo Ribas &nbsp; Participantes e visitantes do 29\u00ba Congresso e Mostra Internacionais de Tecnologia da Mobilidade SAE Brasil, que vai at\u00e9 o dia 27 de novembro na Funda\u00e7\u00e3o Bienal em S\u00e3o Paulo, poder\u00e3o ver de perto o Citro\u00ebn Ami. A solu\u00e7\u00e3o de mobilidade el\u00e9trica e inteligente estar\u00e1 exposta no evento, que tem o\u2026 Leia mais \u00bb","og_url":"https:\/\/dana.com.br\/canaldana\/2022\/11\/28\/citroen-ami-brilha-no-29o-congresso-sae-brasil\/","og_site_name":"Canal Dana","article_published_time":"2022-11-28T11:44:39+00:00","author":"Canal Dana","twitter_card":"summary_large_image","twitter_misc":{"Escrito por":"Canal Dana","Est. tempo de leitura":"2 minutos"},"schema":{"@context":"https:\/\/schema.org","@graph":[{"@type":"Article","@id":"https:\/\/dana.com.br\/canaldana\/2022\/11\/28\/citroen-ami-brilha-no-29o-congresso-sae-brasil\/#article","isPartOf":{"@id":"https:\/\/dana.com.br\/canaldana\/2022\/11\/28\/citroen-ami-brilha-no-29o-congresso-sae-brasil\/"},"author":{"name":"Canal Dana","@id":"https:\/\/dana.com.br\/canaldana\/#\/schema\/person\/3c21f22f56fcf3bc46b94bc60ea4fef6"},"headline":"Citro\u00ebn Ami brilha no 29\u00ba Congresso SAE Brasil","datePublished":"2022-11-28T11:44:39+00:00","mainEntityOfPage":{"@id":"https:\/\/dana.com.br\/canaldana\/2022\/11\/28\/citroen-ami-brilha-no-29o-congresso-sae-brasil\/"},"wordCount":395,"articleSection":["SAE Brasil"],"inLanguage":"pt-BR"},{"@type":"WebPage","@id":"https:\/\/dana.com.br\/canaldana\/2022\/11\/28\/citroen-ami-brilha-no-29o-congresso-sae-brasil\/","url":"https:\/\/dana.com.br\/canaldana\/2022\/11\/28\/citroen-ami-brilha-no-29o-congresso-sae-brasil\/","name":"Citro\u00ebn Ami brilha no 29\u00ba Congresso SAE Brasil - Canal Dana","isPartOf":{"@id":"https:\/\/dana.com.br\/canaldana\/#website"},"datePublished":"2022-11-28T11:44:39+00:00","author":{"@id":"https:\/\/dana.com.br\/canaldana\/#\/schema\/person\/3c21f22f56fcf3bc46b94bc60ea4fef6"},"breadcrumb":{"@id":"https:\/\/dana.com.br\/canaldana\/2022\/11\/28\/citroen-ami-brilha-no-29o-congresso-sae-brasil\/#breadcrumb"},"inLanguage":"pt-BR","potentialAction":[{"@type":"ReadAction","target":["https:\/\/dana.com.br\/canaldana\/2022\/11\/28\/citroen-ami-brilha-no-29o-congresso-sae-brasil\/"]}]},{"@type":"BreadcrumbList","@id":"https:\/\/dana.com.br\/canaldana\/2022\/11\/28\/citroen-ami-brilha-no-29o-congresso-sae-brasil\/#breadcrumb","itemListElement":[{"@type":"ListItem","position":1,"name":"Home","item":"https:\/\/dana.com.br\/canaldana\/"},{"@type":"ListItem","position":2,"name":"SAE Brasil","item":"https:\/\/dana.com.br\/canaldana\/sae-brasil\/"},{"@type":"ListItem","position":3,"name":"Citro\u00ebn Ami brilha no 29\u00ba Congresso SAE Brasil"}]},{"@type":"WebSite","@id":"https:\/\/dana.com.br\/canaldana\/#website","url":"https:\/\/dana.com.br\/canaldana\/","name":"Canal Dana","description":"Informativo com as principais not\u00edcias da ind\u00fastria automotiva","potentialAction":[{"@type":"SearchAction","target":{"@type":"EntryPoint","urlTemplate":"https:\/\/dana.com.br\/canaldana\/?s={search_term_string}"},"query-input":{"@type":"PropertyValueSpecification","valueRequired":true,"valueName":"search_term_string"}}],"inLanguage":"pt-BR"},{"@type":"Person","@id":"https:\/\/dana.com.br\/canaldana\/#\/schema\/person\/3c21f22f56fcf3bc46b94bc60ea4fef6","name":"Canal Dana","image":{"@type":"ImageObject","inLanguage":"pt-BR","@id":"https:\/\/secure.gravatar.com\/avatar\/420aaf9278582877d9018637c6817617705899d2858d7572ef0fe59a6b6454b4?s=96&d=mm&r=g","url":"https:\/\/secure.gravatar.com\/avatar\/420aaf9278582877d9018637c6817617705899d2858d7572ef0fe59a6b6454b4?s=96&d=mm&r=g","contentUrl":"https:\/\/secure.gravatar.com\/avatar\/420aaf9278582877d9018637c6817617705899d2858d7572ef0fe59a6b6454b4?s=96&d=mm&r=g","caption":"Canal Dana"},"url":"https:\/\/dana.com.br\/canaldana\/author\/cdeditor\/"}]}},"_links":{"self":[{"href":"https:\/\/dana.com.br\/canaldana\/wp-json\/wp\/v2\/posts\/62437","targetHints":{"allow":["GET"]}}],"collection":[{"href":"https:\/\/dana.com.br\/canaldana\/wp-json\/wp\/v2\/posts"}],"about":[{"href":"https:\/\/dana.com.br\/canaldana\/wp-json\/wp\/v2\/types\/post"}],"author":[{"embeddable":true,"href":"https:\/\/dana.com.br\/canaldana\/wp-json\/wp\/v2\/users\/3"}],"replies":[{"embeddable":true,"href":"https:\/\/dana.com.br\/canaldana\/wp-json\/wp\/v2\/comments?post=62437"}],"version-history":[{"count":0,"href":"https:\/\/dana.com.br\/canaldana\/wp-json\/wp\/v2\/posts\/62437\/revisions"}],"wp:attachment":[{"href":"https:\/\/dana.com.br\/canaldana\/wp-json\/wp\/v2\/media?parent=62437"}],"wp:term":[{"taxonomy":"category","embeddable":true,"href":"https:\/\/dana.com.br\/canaldana\/wp-json\/wp\/v2\/categories?post=62437"},{"taxonomy":"post_tag","embeddable":true,"href":"https:\/\/dana.com.br\/canaldana\/wp-json\/wp\/v2\/tags?post=62437"}],"curies":[{"name":"wp","href":"https:\/\/api.w.org\/{rel}","templated":true}]}}