{"id":61969,"date":"2022-11-03T08:44:33","date_gmt":"2022-11-03T11:44:33","guid":{"rendered":"https:\/\/dana.com.br\/canaldana\/?p=61969"},"modified":"2022-11-03T08:47:36","modified_gmt":"2022-11-03T11:47:36","slug":"o-futuro-e-sustentavel-e-o-hidrogenio-verde-protagonista","status":"publish","type":"post","link":"https:\/\/dana.com.br\/canaldana\/2022\/11\/03\/o-futuro-e-sustentavel-e-o-hidrogenio-verde-protagonista\/","title":{"rendered":"O futuro \u00e9 sustent\u00e1vel e o hidrog\u00eanio verde, protagonista"},"content":{"rendered":"<p><em>O Estado de S. Paulo <\/em><\/p>\n<p>&nbsp;<\/p>\n<p>O futuro das pr\u00f3ximas gera\u00e7\u00f5es e o meio ambiente est\u00e3o conectados. Apostar em energia renov\u00e1vel, na manuten\u00e7\u00e3o da floresta em p\u00e9, em a\u00e7\u00f5es que diminuam os efeitos dos gases estufa s\u00e3o exemplos de medidas que precisam ser planejadas no presente.<\/p>\n<p>&nbsp;<\/p>\n<p>\u00c9 por isso que o cuidado com a preserva\u00e7\u00e3o do planeta est\u00e1 na pauta das discuss\u00f5es, sendo a descarboniza\u00e7\u00e3o uma das metas firmadas no Acordo de Paris, em 2015.<\/p>\n<p>&nbsp;<\/p>\n<p>Nesse caminho, um dos destaques \u00e9 o hidrog\u00eanio (H2), o elemento qu\u00edmico mais abundante do universo. O potencial est\u00e1 no seu poder energ\u00e9tico, podendo ser utilizado em diversos segmentos.<\/p>\n<p>&nbsp;<\/p>\n<p>Na natureza, o hidrog\u00eanio dificilmente est\u00e1 sozinho. Para usufruirmos do potencial do elemento, \u00e9 preciso separ\u00e1-lo das suas liga\u00e7\u00f5es. Desse processo podem surgir tr\u00eas tipos de hidrog\u00eanio: o cinza, o azul e o verde. O que define a sua \u201ccor\u201d \u00e9 a matriz energ\u00e9tica utilizada para isolar o H2.<\/p>\n<p>&nbsp;<\/p>\n<p><strong>O cinza \u00e9 obtido por meio da queima de combust\u00edveis<\/strong><\/p>\n<p>&nbsp;<\/p>\n<p>Com posi\u00e7\u00e3o privilegiada, muito sol e ventos fortes e constantes, Nordeste pode se tornar \u2018celeiro\u2019 da produ\u00e7\u00e3o de H2V<\/p>\n<p>&nbsp;<\/p>\n<p>f\u00f3sseis, liberando na atmosfera grandes quantidades de di\u00f3xido de carbono, um dos gases que provocam o efeito estufa.<\/p>\n<p>&nbsp;<\/p>\n<p>O azul tamb\u00e9m \u00e9 obtido a partir da queima de combust\u00edveis f\u00f3sseis, por\u00e9m s\u00e3o feitos a captura e o armazenamento do carbono emitido.<\/p>\n<p>&nbsp;<\/p>\n<p>Por fim, o hidrog\u00eanio verde (H2V) \u00e9 obtido atrav\u00e9s de fontes renov\u00e1veis (e\u00f3lica ou solar), ou seja, n\u00e3o h\u00e1 libera\u00e7\u00e3o de di\u00f3xido de carbono.<\/p>\n<p>&nbsp;<\/p>\n<p>Estima-se que o hidrog\u00eanio verde vai substituir o petr\u00f3leo e o g\u00e1s, como principal recurso energ\u00e9tico, at\u00e9 2050. Para alcan\u00e7ar essa mudan\u00e7a, a palavra-chave \u00e9 investimento. E, nesse contexto, o Brasil, mais especificamente a Regi\u00e3o Nordeste, tem potencial de ser protagonista desse processo.<\/p>\n<p>&nbsp;<\/p>\n<p>Com posi\u00e7\u00e3o privilegiada, muito sol o ano inteiro e ventos fortes e constantes, a regi\u00e3o pode se tornar o \u201cceleiro\u201d da produ\u00e7\u00e3o de hidrog\u00eanio verde no mundo, com destaque para os Estados do Cear\u00e1 e do Rio Grande do Norte.<\/p>\n<p>&nbsp;<\/p>\n<p>As vantagens de utilizar o H2V s\u00e3o muitas. A mobilidade ser\u00e1 transformada, j\u00e1 que o hidrog\u00eanio pode ser utilizado como combust\u00edvel para carros, \u00f4nibus, caminh\u00f5es e navios, al\u00e9m de substituir o g\u00e1s nos sistemas de calefa\u00e7\u00e3o. Outros usos s\u00e3o nas ind\u00fastrias, nas sider\u00fargicas e na agricultura.<\/p>\n<p>&nbsp;<\/p>\n<p>Claro, existem muitos desafios a serem superados, custos e transporte s\u00e3o alguns dos exemplos, mas o mundo est\u00e1 alinhado na busca de tornar a matriz energ\u00e9tica cada vez mais limpa. O pensar pode ser no futuro, mas as a\u00e7\u00f5es precisam ser tomadas no presente e, nesse sentido, em teoria, estamos todos na mesma p\u00e1gina. (O Estado de S. Paulo\/Marcos Aur\u00e9lio Izumida Martins)<\/p>\n","protected":false},"excerpt":{"rendered":"<p>O Estado de S. Paulo &nbsp; O futuro das pr\u00f3ximas gera\u00e7\u00f5es e o meio ambiente est\u00e3o conectados. Apostar em energia renov\u00e1vel, na manuten\u00e7\u00e3o da floresta em p\u00e9, em a\u00e7\u00f5es que diminuam os efeitos dos gases estufa s\u00e3o exemplos de medidas que precisam ser planejadas no presente. &nbsp; \u00c9 por isso que o cuidado com a\u2026 <a class=\"readmore\" href=\"https:\/\/dana.com.br\/canaldana\/2022\/11\/03\/o-futuro-e-sustentavel-e-o-hidrogenio-verde-protagonista\/\">Leia mais \u00bb<\/a><\/p>\n","protected":false},"author":3,"featured_media":0,"comment_status":"closed","ping_status":"closed","sticky":false,"template":"","format":"standard","meta":{"_acf_changed":false,"footnotes":""},"categories":[100],"tags":[],"class_list":["post-61969","post","type-post","status-publish","format-standard","hentry","category-artigo"],"acf":[],"yoast_head":"<!-- This site is optimized with the Yoast SEO plugin v27.3 - https:\/\/yoast.com\/product\/yoast-seo-wordpress\/ -->\n<title>O futuro \u00e9 sustent\u00e1vel e o hidrog\u00eanio verde, protagonista - Canal Dana<\/title>\n<meta name=\"robots\" content=\"index, follow, max-snippet:-1, max-image-preview:large, max-video-preview:-1\" \/>\n<link rel=\"canonical\" href=\"https:\/\/dana.com.br\/canaldana\/2022\/11\/03\/o-futuro-e-sustentavel-e-o-hidrogenio-verde-protagonista\/\" \/>\n<meta property=\"og:locale\" content=\"pt_BR\" \/>\n<meta property=\"og:type\" content=\"article\" \/>\n<meta property=\"og:title\" content=\"O futuro \u00e9 sustent\u00e1vel e o hidrog\u00eanio verde, protagonista - Canal Dana\" \/>\n<meta property=\"og:description\" content=\"O Estado de S. Paulo &nbsp; O futuro das pr\u00f3ximas gera\u00e7\u00f5es e o meio ambiente est\u00e3o conectados. Apostar em energia renov\u00e1vel, na manuten\u00e7\u00e3o da floresta em p\u00e9, em a\u00e7\u00f5es que diminuam os efeitos dos gases estufa s\u00e3o exemplos de medidas que precisam ser planejadas no presente. &nbsp; \u00c9 por isso que o cuidado com a\u2026 Leia mais \u00bb\" \/>\n<meta property=\"og:url\" content=\"https:\/\/dana.com.br\/canaldana\/2022\/11\/03\/o-futuro-e-sustentavel-e-o-hidrogenio-verde-protagonista\/\" \/>\n<meta property=\"og:site_name\" content=\"Canal Dana\" \/>\n<meta property=\"article:published_time\" content=\"2022-11-03T11:44:33+00:00\" \/>\n<meta property=\"article:modified_time\" content=\"2022-11-03T11:47:36+00:00\" \/>\n<meta name=\"author\" content=\"Canal Dana\" \/>\n<meta name=\"twitter:card\" content=\"summary_large_image\" \/>\n<meta name=\"twitter:label1\" content=\"Escrito por\" \/>\n\t<meta name=\"twitter:data1\" content=\"Canal Dana\" \/>\n\t<meta name=\"twitter:label2\" content=\"Est. tempo de leitura\" \/>\n\t<meta name=\"twitter:data2\" content=\"3 minutos\" \/>\n<script type=\"application\/ld+json\" class=\"yoast-schema-graph\">{\"@context\":\"https:\\\/\\\/schema.org\",\"@graph\":[{\"@type\":\"Article\",\"@id\":\"https:\\\/\\\/dana.com.br\\\/canaldana\\\/2022\\\/11\\\/03\\\/o-futuro-e-sustentavel-e-o-hidrogenio-verde-protagonista\\\/#article\",\"isPartOf\":{\"@id\":\"https:\\\/\\\/dana.com.br\\\/canaldana\\\/2022\\\/11\\\/03\\\/o-futuro-e-sustentavel-e-o-hidrogenio-verde-protagonista\\\/\"},\"author\":{\"name\":\"Canal Dana\",\"@id\":\"https:\\\/\\\/dana.com.br\\\/canaldana\\\/#\\\/schema\\\/person\\\/3c21f22f56fcf3bc46b94bc60ea4fef6\"},\"headline\":\"O futuro \u00e9 sustent\u00e1vel e o hidrog\u00eanio verde, protagonista\",\"datePublished\":\"2022-11-03T11:44:33+00:00\",\"dateModified\":\"2022-11-03T11:47:36+00:00\",\"mainEntityOfPage\":{\"@id\":\"https:\\\/\\\/dana.com.br\\\/canaldana\\\/2022\\\/11\\\/03\\\/o-futuro-e-sustentavel-e-o-hidrogenio-verde-protagonista\\\/\"},\"wordCount\":516,\"articleSection\":[\"Artigo\"],\"inLanguage\":\"pt-BR\"},{\"@type\":\"WebPage\",\"@id\":\"https:\\\/\\\/dana.com.br\\\/canaldana\\\/2022\\\/11\\\/03\\\/o-futuro-e-sustentavel-e-o-hidrogenio-verde-protagonista\\\/\",\"url\":\"https:\\\/\\\/dana.com.br\\\/canaldana\\\/2022\\\/11\\\/03\\\/o-futuro-e-sustentavel-e-o-hidrogenio-verde-protagonista\\\/\",\"name\":\"O futuro \u00e9 sustent\u00e1vel e o hidrog\u00eanio verde, protagonista - Canal Dana\",\"isPartOf\":{\"@id\":\"https:\\\/\\\/dana.com.br\\\/canaldana\\\/#website\"},\"datePublished\":\"2022-11-03T11:44:33+00:00\",\"dateModified\":\"2022-11-03T11:47:36+00:00\",\"author\":{\"@id\":\"https:\\\/\\\/dana.com.br\\\/canaldana\\\/#\\\/schema\\\/person\\\/3c21f22f56fcf3bc46b94bc60ea4fef6\"},\"breadcrumb\":{\"@id\":\"https:\\\/\\\/dana.com.br\\\/canaldana\\\/2022\\\/11\\\/03\\\/o-futuro-e-sustentavel-e-o-hidrogenio-verde-protagonista\\\/#breadcrumb\"},\"inLanguage\":\"pt-BR\",\"potentialAction\":[{\"@type\":\"ReadAction\",\"target\":[\"https:\\\/\\\/dana.com.br\\\/canaldana\\\/2022\\\/11\\\/03\\\/o-futuro-e-sustentavel-e-o-hidrogenio-verde-protagonista\\\/\"]}]},{\"@type\":\"BreadcrumbList\",\"@id\":\"https:\\\/\\\/dana.com.br\\\/canaldana\\\/2022\\\/11\\\/03\\\/o-futuro-e-sustentavel-e-o-hidrogenio-verde-protagonista\\\/#breadcrumb\",\"itemListElement\":[{\"@type\":\"ListItem\",\"position\":1,\"name\":\"Home\",\"item\":\"https:\\\/\\\/dana.com.br\\\/canaldana\\\/\"},{\"@type\":\"ListItem\",\"position\":2,\"name\":\"Artigo\",\"item\":\"https:\\\/\\\/dana.com.br\\\/canaldana\\\/artigo\\\/\"},{\"@type\":\"ListItem\",\"position\":3,\"name\":\"O futuro \u00e9 sustent\u00e1vel e o hidrog\u00eanio verde, protagonista\"}]},{\"@type\":\"WebSite\",\"@id\":\"https:\\\/\\\/dana.com.br\\\/canaldana\\\/#website\",\"url\":\"https:\\\/\\\/dana.com.br\\\/canaldana\\\/\",\"name\":\"Canal Dana\",\"description\":\"Informativo com as principais not\u00edcias da ind\u00fastria automotiva\",\"potentialAction\":[{\"@type\":\"SearchAction\",\"target\":{\"@type\":\"EntryPoint\",\"urlTemplate\":\"https:\\\/\\\/dana.com.br\\\/canaldana\\\/?s={search_term_string}\"},\"query-input\":{\"@type\":\"PropertyValueSpecification\",\"valueRequired\":true,\"valueName\":\"search_term_string\"}}],\"inLanguage\":\"pt-BR\"},{\"@type\":\"Person\",\"@id\":\"https:\\\/\\\/dana.com.br\\\/canaldana\\\/#\\\/schema\\\/person\\\/3c21f22f56fcf3bc46b94bc60ea4fef6\",\"name\":\"Canal Dana\",\"image\":{\"@type\":\"ImageObject\",\"inLanguage\":\"pt-BR\",\"@id\":\"https:\\\/\\\/secure.gravatar.com\\\/avatar\\\/420aaf9278582877d9018637c6817617705899d2858d7572ef0fe59a6b6454b4?s=96&d=mm&r=g\",\"url\":\"https:\\\/\\\/secure.gravatar.com\\\/avatar\\\/420aaf9278582877d9018637c6817617705899d2858d7572ef0fe59a6b6454b4?s=96&d=mm&r=g\",\"contentUrl\":\"https:\\\/\\\/secure.gravatar.com\\\/avatar\\\/420aaf9278582877d9018637c6817617705899d2858d7572ef0fe59a6b6454b4?s=96&d=mm&r=g\",\"caption\":\"Canal Dana\"},\"url\":\"https:\\\/\\\/dana.com.br\\\/canaldana\\\/author\\\/cdeditor\\\/\"}]}<\/script>\n<!-- \/ Yoast SEO plugin. -->","yoast_head_json":{"title":"O futuro \u00e9 sustent\u00e1vel e o hidrog\u00eanio verde, protagonista - Canal Dana","robots":{"index":"index","follow":"follow","max-snippet":"max-snippet:-1","max-image-preview":"max-image-preview:large","max-video-preview":"max-video-preview:-1"},"canonical":"https:\/\/dana.com.br\/canaldana\/2022\/11\/03\/o-futuro-e-sustentavel-e-o-hidrogenio-verde-protagonista\/","og_locale":"pt_BR","og_type":"article","og_title":"O futuro \u00e9 sustent\u00e1vel e o hidrog\u00eanio verde, protagonista - Canal Dana","og_description":"O Estado de S. Paulo &nbsp; O futuro das pr\u00f3ximas gera\u00e7\u00f5es e o meio ambiente est\u00e3o conectados. Apostar em energia renov\u00e1vel, na manuten\u00e7\u00e3o da floresta em p\u00e9, em a\u00e7\u00f5es que diminuam os efeitos dos gases estufa s\u00e3o exemplos de medidas que precisam ser planejadas no presente. &nbsp; \u00c9 por isso que o cuidado com a\u2026 Leia mais \u00bb","og_url":"https:\/\/dana.com.br\/canaldana\/2022\/11\/03\/o-futuro-e-sustentavel-e-o-hidrogenio-verde-protagonista\/","og_site_name":"Canal Dana","article_published_time":"2022-11-03T11:44:33+00:00","article_modified_time":"2022-11-03T11:47:36+00:00","author":"Canal Dana","twitter_card":"summary_large_image","twitter_misc":{"Escrito por":"Canal Dana","Est. tempo de leitura":"3 minutos"},"schema":{"@context":"https:\/\/schema.org","@graph":[{"@type":"Article","@id":"https:\/\/dana.com.br\/canaldana\/2022\/11\/03\/o-futuro-e-sustentavel-e-o-hidrogenio-verde-protagonista\/#article","isPartOf":{"@id":"https:\/\/dana.com.br\/canaldana\/2022\/11\/03\/o-futuro-e-sustentavel-e-o-hidrogenio-verde-protagonista\/"},"author":{"name":"Canal Dana","@id":"https:\/\/dana.com.br\/canaldana\/#\/schema\/person\/3c21f22f56fcf3bc46b94bc60ea4fef6"},"headline":"O futuro \u00e9 sustent\u00e1vel e o hidrog\u00eanio verde, protagonista","datePublished":"2022-11-03T11:44:33+00:00","dateModified":"2022-11-03T11:47:36+00:00","mainEntityOfPage":{"@id":"https:\/\/dana.com.br\/canaldana\/2022\/11\/03\/o-futuro-e-sustentavel-e-o-hidrogenio-verde-protagonista\/"},"wordCount":516,"articleSection":["Artigo"],"inLanguage":"pt-BR"},{"@type":"WebPage","@id":"https:\/\/dana.com.br\/canaldana\/2022\/11\/03\/o-futuro-e-sustentavel-e-o-hidrogenio-verde-protagonista\/","url":"https:\/\/dana.com.br\/canaldana\/2022\/11\/03\/o-futuro-e-sustentavel-e-o-hidrogenio-verde-protagonista\/","name":"O futuro \u00e9 sustent\u00e1vel e o hidrog\u00eanio verde, protagonista - Canal Dana","isPartOf":{"@id":"https:\/\/dana.com.br\/canaldana\/#website"},"datePublished":"2022-11-03T11:44:33+00:00","dateModified":"2022-11-03T11:47:36+00:00","author":{"@id":"https:\/\/dana.com.br\/canaldana\/#\/schema\/person\/3c21f22f56fcf3bc46b94bc60ea4fef6"},"breadcrumb":{"@id":"https:\/\/dana.com.br\/canaldana\/2022\/11\/03\/o-futuro-e-sustentavel-e-o-hidrogenio-verde-protagonista\/#breadcrumb"},"inLanguage":"pt-BR","potentialAction":[{"@type":"ReadAction","target":["https:\/\/dana.com.br\/canaldana\/2022\/11\/03\/o-futuro-e-sustentavel-e-o-hidrogenio-verde-protagonista\/"]}]},{"@type":"BreadcrumbList","@id":"https:\/\/dana.com.br\/canaldana\/2022\/11\/03\/o-futuro-e-sustentavel-e-o-hidrogenio-verde-protagonista\/#breadcrumb","itemListElement":[{"@type":"ListItem","position":1,"name":"Home","item":"https:\/\/dana.com.br\/canaldana\/"},{"@type":"ListItem","position":2,"name":"Artigo","item":"https:\/\/dana.com.br\/canaldana\/artigo\/"},{"@type":"ListItem","position":3,"name":"O futuro \u00e9 sustent\u00e1vel e o hidrog\u00eanio verde, protagonista"}]},{"@type":"WebSite","@id":"https:\/\/dana.com.br\/canaldana\/#website","url":"https:\/\/dana.com.br\/canaldana\/","name":"Canal Dana","description":"Informativo com as principais not\u00edcias da ind\u00fastria automotiva","potentialAction":[{"@type":"SearchAction","target":{"@type":"EntryPoint","urlTemplate":"https:\/\/dana.com.br\/canaldana\/?s={search_term_string}"},"query-input":{"@type":"PropertyValueSpecification","valueRequired":true,"valueName":"search_term_string"}}],"inLanguage":"pt-BR"},{"@type":"Person","@id":"https:\/\/dana.com.br\/canaldana\/#\/schema\/person\/3c21f22f56fcf3bc46b94bc60ea4fef6","name":"Canal Dana","image":{"@type":"ImageObject","inLanguage":"pt-BR","@id":"https:\/\/secure.gravatar.com\/avatar\/420aaf9278582877d9018637c6817617705899d2858d7572ef0fe59a6b6454b4?s=96&d=mm&r=g","url":"https:\/\/secure.gravatar.com\/avatar\/420aaf9278582877d9018637c6817617705899d2858d7572ef0fe59a6b6454b4?s=96&d=mm&r=g","contentUrl":"https:\/\/secure.gravatar.com\/avatar\/420aaf9278582877d9018637c6817617705899d2858d7572ef0fe59a6b6454b4?s=96&d=mm&r=g","caption":"Canal Dana"},"url":"https:\/\/dana.com.br\/canaldana\/author\/cdeditor\/"}]}},"_links":{"self":[{"href":"https:\/\/dana.com.br\/canaldana\/wp-json\/wp\/v2\/posts\/61969","targetHints":{"allow":["GET"]}}],"collection":[{"href":"https:\/\/dana.com.br\/canaldana\/wp-json\/wp\/v2\/posts"}],"about":[{"href":"https:\/\/dana.com.br\/canaldana\/wp-json\/wp\/v2\/types\/post"}],"author":[{"embeddable":true,"href":"https:\/\/dana.com.br\/canaldana\/wp-json\/wp\/v2\/users\/3"}],"replies":[{"embeddable":true,"href":"https:\/\/dana.com.br\/canaldana\/wp-json\/wp\/v2\/comments?post=61969"}],"version-history":[{"count":0,"href":"https:\/\/dana.com.br\/canaldana\/wp-json\/wp\/v2\/posts\/61969\/revisions"}],"wp:attachment":[{"href":"https:\/\/dana.com.br\/canaldana\/wp-json\/wp\/v2\/media?parent=61969"}],"wp:term":[{"taxonomy":"category","embeddable":true,"href":"https:\/\/dana.com.br\/canaldana\/wp-json\/wp\/v2\/categories?post=61969"},{"taxonomy":"post_tag","embeddable":true,"href":"https:\/\/dana.com.br\/canaldana\/wp-json\/wp\/v2\/tags?post=61969"}],"curies":[{"name":"wp","href":"https:\/\/api.w.org\/{rel}","templated":true}]}}