{"id":61861,"date":"2022-10-27T08:56:24","date_gmt":"2022-10-27T11:56:24","guid":{"rendered":"https:\/\/dana.com.br\/canaldana\/?p=61861"},"modified":"2022-10-27T08:56:24","modified_gmt":"2022-10-27T11:56:24","slug":"peugeot-e-2008-sera-lancado-em-novembro","status":"publish","type":"post","link":"https:\/\/dana.com.br\/canaldana\/2022\/10\/27\/peugeot-e-2008-sera-lancado-em-novembro\/","title":{"rendered":"Peugeot e-2008 ser\u00e1 lan\u00e7ado em novembro"},"content":{"rendered":"<p><em>AutoInd\u00fastria <\/em><\/p>\n<p>&nbsp;<\/p>\n<p>H\u00e1 tempos a Peugeot n\u00e3o vivencia resultados comerciais t\u00e3o positivos como em 2022 no Brasil. A marca encerrou os primeiro nove meses do ano com 32,6 mil autom\u00f3veis e comerciais leves vendidos, 63% acima de igual per\u00edodo de 2021 e 10% a mais do que o total de licenciamentos registrado ao longo de todo o ano passado.<\/p>\n<p>&nbsp;<\/p>\n<p>Isso em um mercado que, na m\u00e9dia encolheu 5%. A Peugeot \u00e9, assim, entre as principais marcas generalistas, a que mais cresceu. Em igual compara\u00e7\u00e3o, sua participa\u00e7\u00e3o quase que dobrou, passou de 1,4% de janeiro a setembro de 2021 para 2,3%, \u00edndice que a coloca como a 10\u00aa marca mais negociada no mercado interno.<\/p>\n<p>&nbsp;<\/p>\n<p>Uma boa ajuda para esse desempenho veio do lan\u00e7amento de uma nova vers\u00e3o de entrada do 208, com motor 1.0 Firefly, mas tamb\u00e9m de um vigoroso trabalho de refor\u00e7o da imagem, iniciado ap\u00f3s o surgimento da Stellantis, no come\u00e7o do ano passado.<\/p>\n<p>&nbsp;<\/p>\n<p>Passa por essa estrat\u00e9gia a valoriza\u00e7\u00e3o da mobilidade el\u00e9trica, movimento iniciado com a chegada nas revendas de vers\u00e3o el\u00e9trica importada do pr\u00f3prio 208, da van e-Expert e que em novembro ganha um terceiro pilar.<\/p>\n<p>&nbsp;<\/p>\n<p>Est\u00e1 confirmado para o dia 8 o lan\u00e7amento do e-2008, el\u00e9trico igualmente importado, mas que cumprir\u00e1 tamb\u00e9m a miss\u00e3o de resgatar a visibilidade para o SUV, cuja vers\u00e3o a combust\u00e3o interna \u00e9 fabricada no Brasil, ainda que em uma gera\u00e7\u00e3o anterior.<\/p>\n<p>&nbsp;<\/p>\n<p>O 2008 el\u00e9trico vir\u00e1 da Europa, montado sobre a plataforma e-CMP, j\u00e1 presente em outros modelos e marcas da Stellantis, e com desenho que lembra muito o SUV m\u00e9dio 3008, al\u00e9m dos tra\u00e7os adotados tamb\u00e9m no 208 vendido aqui, mas fabricado na Argentina.<\/p>\n<p>&nbsp;<\/p>\n<p>A nova vers\u00e3o do SUV compacto ser\u00e1 movida por motor el\u00e9trico com 136 cv de pot\u00eancia e baterias de 50 kWh, o mesmo conjunto do e-208, hatch que tem pre\u00e7o acima de R$ 252 mil, o que indica que o novo SUV, com seguran\u00e7a, custar\u00e1 acima desse patamar, pr\u00f3ximo at\u00e9 dos RF$ 300 mil. (AutoInd\u00fastria\/George Guimar\u00e3es)<\/p>\n","protected":false},"excerpt":{"rendered":"<p>AutoInd\u00fastria &nbsp; H\u00e1 tempos a Peugeot n\u00e3o vivencia resultados comerciais t\u00e3o positivos como em 2022 no Brasil. A marca encerrou os primeiro nove meses do ano com 32,6 mil autom\u00f3veis e comerciais leves vendidos, 63% acima de igual per\u00edodo de 2021 e 10% a mais do que o total de licenciamentos registrado ao longo de\u2026 <a class=\"readmore\" href=\"https:\/\/dana.com.br\/canaldana\/2022\/10\/27\/peugeot-e-2008-sera-lancado-em-novembro\/\">Leia mais \u00bb<\/a><\/p>\n","protected":false},"author":3,"featured_media":0,"comment_status":"closed","ping_status":"closed","sticky":false,"template":"","format":"standard","meta":{"_acf_changed":false,"footnotes":""},"categories":[79],"tags":[],"class_list":["post-61861","post","type-post","status-publish","format-standard","hentry","category-mercado"],"acf":[],"yoast_head":"<!-- This site is optimized with the Yoast SEO plugin v27.3 - https:\/\/yoast.com\/product\/yoast-seo-wordpress\/ -->\n<title>Peugeot e-2008 ser\u00e1 lan\u00e7ado em novembro - Canal Dana<\/title>\n<meta name=\"robots\" content=\"index, follow, max-snippet:-1, max-image-preview:large, max-video-preview:-1\" \/>\n<link rel=\"canonical\" href=\"https:\/\/dana.com.br\/canaldana\/2022\/10\/27\/peugeot-e-2008-sera-lancado-em-novembro\/\" \/>\n<meta property=\"og:locale\" content=\"pt_BR\" \/>\n<meta property=\"og:type\" content=\"article\" \/>\n<meta property=\"og:title\" content=\"Peugeot e-2008 ser\u00e1 lan\u00e7ado em novembro - Canal Dana\" \/>\n<meta property=\"og:description\" content=\"AutoInd\u00fastria &nbsp; H\u00e1 tempos a Peugeot n\u00e3o vivencia resultados comerciais t\u00e3o positivos como em 2022 no Brasil. A marca encerrou os primeiro nove meses do ano com 32,6 mil autom\u00f3veis e comerciais leves vendidos, 63% acima de igual per\u00edodo de 2021 e 10% a mais do que o total de licenciamentos registrado ao longo de\u2026 Leia mais \u00bb\" \/>\n<meta property=\"og:url\" content=\"https:\/\/dana.com.br\/canaldana\/2022\/10\/27\/peugeot-e-2008-sera-lancado-em-novembro\/\" \/>\n<meta property=\"og:site_name\" content=\"Canal Dana\" \/>\n<meta property=\"article:published_time\" content=\"2022-10-27T11:56:24+00:00\" \/>\n<meta name=\"author\" content=\"Canal Dana\" \/>\n<meta name=\"twitter:card\" content=\"summary_large_image\" \/>\n<meta name=\"twitter:label1\" content=\"Escrito por\" \/>\n\t<meta name=\"twitter:data1\" content=\"Canal Dana\" \/>\n\t<meta name=\"twitter:label2\" content=\"Est. tempo de leitura\" \/>\n\t<meta name=\"twitter:data2\" content=\"2 minutos\" \/>\n<script type=\"application\/ld+json\" class=\"yoast-schema-graph\">{\"@context\":\"https:\\\/\\\/schema.org\",\"@graph\":[{\"@type\":\"Article\",\"@id\":\"https:\\\/\\\/dana.com.br\\\/canaldana\\\/2022\\\/10\\\/27\\\/peugeot-e-2008-sera-lancado-em-novembro\\\/#article\",\"isPartOf\":{\"@id\":\"https:\\\/\\\/dana.com.br\\\/canaldana\\\/2022\\\/10\\\/27\\\/peugeot-e-2008-sera-lancado-em-novembro\\\/\"},\"author\":{\"name\":\"Canal Dana\",\"@id\":\"https:\\\/\\\/dana.com.br\\\/canaldana\\\/#\\\/schema\\\/person\\\/3c21f22f56fcf3bc46b94bc60ea4fef6\"},\"headline\":\"Peugeot e-2008 ser\u00e1 lan\u00e7ado em novembro\",\"datePublished\":\"2022-10-27T11:56:24+00:00\",\"mainEntityOfPage\":{\"@id\":\"https:\\\/\\\/dana.com.br\\\/canaldana\\\/2022\\\/10\\\/27\\\/peugeot-e-2008-sera-lancado-em-novembro\\\/\"},\"wordCount\":360,\"articleSection\":[\"Mercado\"],\"inLanguage\":\"pt-BR\"},{\"@type\":\"WebPage\",\"@id\":\"https:\\\/\\\/dana.com.br\\\/canaldana\\\/2022\\\/10\\\/27\\\/peugeot-e-2008-sera-lancado-em-novembro\\\/\",\"url\":\"https:\\\/\\\/dana.com.br\\\/canaldana\\\/2022\\\/10\\\/27\\\/peugeot-e-2008-sera-lancado-em-novembro\\\/\",\"name\":\"Peugeot e-2008 ser\u00e1 lan\u00e7ado em novembro - Canal Dana\",\"isPartOf\":{\"@id\":\"https:\\\/\\\/dana.com.br\\\/canaldana\\\/#website\"},\"datePublished\":\"2022-10-27T11:56:24+00:00\",\"author\":{\"@id\":\"https:\\\/\\\/dana.com.br\\\/canaldana\\\/#\\\/schema\\\/person\\\/3c21f22f56fcf3bc46b94bc60ea4fef6\"},\"breadcrumb\":{\"@id\":\"https:\\\/\\\/dana.com.br\\\/canaldana\\\/2022\\\/10\\\/27\\\/peugeot-e-2008-sera-lancado-em-novembro\\\/#breadcrumb\"},\"inLanguage\":\"pt-BR\",\"potentialAction\":[{\"@type\":\"ReadAction\",\"target\":[\"https:\\\/\\\/dana.com.br\\\/canaldana\\\/2022\\\/10\\\/27\\\/peugeot-e-2008-sera-lancado-em-novembro\\\/\"]}]},{\"@type\":\"BreadcrumbList\",\"@id\":\"https:\\\/\\\/dana.com.br\\\/canaldana\\\/2022\\\/10\\\/27\\\/peugeot-e-2008-sera-lancado-em-novembro\\\/#breadcrumb\",\"itemListElement\":[{\"@type\":\"ListItem\",\"position\":1,\"name\":\"Home\",\"item\":\"https:\\\/\\\/dana.com.br\\\/canaldana\\\/\"},{\"@type\":\"ListItem\",\"position\":2,\"name\":\"Mercado\",\"item\":\"https:\\\/\\\/dana.com.br\\\/canaldana\\\/mercado\\\/\"},{\"@type\":\"ListItem\",\"position\":3,\"name\":\"Peugeot e-2008 ser\u00e1 lan\u00e7ado em novembro\"}]},{\"@type\":\"WebSite\",\"@id\":\"https:\\\/\\\/dana.com.br\\\/canaldana\\\/#website\",\"url\":\"https:\\\/\\\/dana.com.br\\\/canaldana\\\/\",\"name\":\"Canal Dana\",\"description\":\"Informativo com as principais not\u00edcias da ind\u00fastria automotiva\",\"potentialAction\":[{\"@type\":\"SearchAction\",\"target\":{\"@type\":\"EntryPoint\",\"urlTemplate\":\"https:\\\/\\\/dana.com.br\\\/canaldana\\\/?s={search_term_string}\"},\"query-input\":{\"@type\":\"PropertyValueSpecification\",\"valueRequired\":true,\"valueName\":\"search_term_string\"}}],\"inLanguage\":\"pt-BR\"},{\"@type\":\"Person\",\"@id\":\"https:\\\/\\\/dana.com.br\\\/canaldana\\\/#\\\/schema\\\/person\\\/3c21f22f56fcf3bc46b94bc60ea4fef6\",\"name\":\"Canal Dana\",\"image\":{\"@type\":\"ImageObject\",\"inLanguage\":\"pt-BR\",\"@id\":\"https:\\\/\\\/secure.gravatar.com\\\/avatar\\\/420aaf9278582877d9018637c6817617705899d2858d7572ef0fe59a6b6454b4?s=96&d=mm&r=g\",\"url\":\"https:\\\/\\\/secure.gravatar.com\\\/avatar\\\/420aaf9278582877d9018637c6817617705899d2858d7572ef0fe59a6b6454b4?s=96&d=mm&r=g\",\"contentUrl\":\"https:\\\/\\\/secure.gravatar.com\\\/avatar\\\/420aaf9278582877d9018637c6817617705899d2858d7572ef0fe59a6b6454b4?s=96&d=mm&r=g\",\"caption\":\"Canal Dana\"},\"url\":\"https:\\\/\\\/dana.com.br\\\/canaldana\\\/author\\\/cdeditor\\\/\"}]}<\/script>\n<!-- \/ Yoast SEO plugin. -->","yoast_head_json":{"title":"Peugeot e-2008 ser\u00e1 lan\u00e7ado em novembro - Canal Dana","robots":{"index":"index","follow":"follow","max-snippet":"max-snippet:-1","max-image-preview":"max-image-preview:large","max-video-preview":"max-video-preview:-1"},"canonical":"https:\/\/dana.com.br\/canaldana\/2022\/10\/27\/peugeot-e-2008-sera-lancado-em-novembro\/","og_locale":"pt_BR","og_type":"article","og_title":"Peugeot e-2008 ser\u00e1 lan\u00e7ado em novembro - Canal Dana","og_description":"AutoInd\u00fastria &nbsp; H\u00e1 tempos a Peugeot n\u00e3o vivencia resultados comerciais t\u00e3o positivos como em 2022 no Brasil. A marca encerrou os primeiro nove meses do ano com 32,6 mil autom\u00f3veis e comerciais leves vendidos, 63% acima de igual per\u00edodo de 2021 e 10% a mais do que o total de licenciamentos registrado ao longo de\u2026 Leia mais \u00bb","og_url":"https:\/\/dana.com.br\/canaldana\/2022\/10\/27\/peugeot-e-2008-sera-lancado-em-novembro\/","og_site_name":"Canal Dana","article_published_time":"2022-10-27T11:56:24+00:00","author":"Canal Dana","twitter_card":"summary_large_image","twitter_misc":{"Escrito por":"Canal Dana","Est. tempo de leitura":"2 minutos"},"schema":{"@context":"https:\/\/schema.org","@graph":[{"@type":"Article","@id":"https:\/\/dana.com.br\/canaldana\/2022\/10\/27\/peugeot-e-2008-sera-lancado-em-novembro\/#article","isPartOf":{"@id":"https:\/\/dana.com.br\/canaldana\/2022\/10\/27\/peugeot-e-2008-sera-lancado-em-novembro\/"},"author":{"name":"Canal Dana","@id":"https:\/\/dana.com.br\/canaldana\/#\/schema\/person\/3c21f22f56fcf3bc46b94bc60ea4fef6"},"headline":"Peugeot e-2008 ser\u00e1 lan\u00e7ado em novembro","datePublished":"2022-10-27T11:56:24+00:00","mainEntityOfPage":{"@id":"https:\/\/dana.com.br\/canaldana\/2022\/10\/27\/peugeot-e-2008-sera-lancado-em-novembro\/"},"wordCount":360,"articleSection":["Mercado"],"inLanguage":"pt-BR"},{"@type":"WebPage","@id":"https:\/\/dana.com.br\/canaldana\/2022\/10\/27\/peugeot-e-2008-sera-lancado-em-novembro\/","url":"https:\/\/dana.com.br\/canaldana\/2022\/10\/27\/peugeot-e-2008-sera-lancado-em-novembro\/","name":"Peugeot e-2008 ser\u00e1 lan\u00e7ado em novembro - Canal Dana","isPartOf":{"@id":"https:\/\/dana.com.br\/canaldana\/#website"},"datePublished":"2022-10-27T11:56:24+00:00","author":{"@id":"https:\/\/dana.com.br\/canaldana\/#\/schema\/person\/3c21f22f56fcf3bc46b94bc60ea4fef6"},"breadcrumb":{"@id":"https:\/\/dana.com.br\/canaldana\/2022\/10\/27\/peugeot-e-2008-sera-lancado-em-novembro\/#breadcrumb"},"inLanguage":"pt-BR","potentialAction":[{"@type":"ReadAction","target":["https:\/\/dana.com.br\/canaldana\/2022\/10\/27\/peugeot-e-2008-sera-lancado-em-novembro\/"]}]},{"@type":"BreadcrumbList","@id":"https:\/\/dana.com.br\/canaldana\/2022\/10\/27\/peugeot-e-2008-sera-lancado-em-novembro\/#breadcrumb","itemListElement":[{"@type":"ListItem","position":1,"name":"Home","item":"https:\/\/dana.com.br\/canaldana\/"},{"@type":"ListItem","position":2,"name":"Mercado","item":"https:\/\/dana.com.br\/canaldana\/mercado\/"},{"@type":"ListItem","position":3,"name":"Peugeot e-2008 ser\u00e1 lan\u00e7ado em novembro"}]},{"@type":"WebSite","@id":"https:\/\/dana.com.br\/canaldana\/#website","url":"https:\/\/dana.com.br\/canaldana\/","name":"Canal Dana","description":"Informativo com as principais not\u00edcias da ind\u00fastria automotiva","potentialAction":[{"@type":"SearchAction","target":{"@type":"EntryPoint","urlTemplate":"https:\/\/dana.com.br\/canaldana\/?s={search_term_string}"},"query-input":{"@type":"PropertyValueSpecification","valueRequired":true,"valueName":"search_term_string"}}],"inLanguage":"pt-BR"},{"@type":"Person","@id":"https:\/\/dana.com.br\/canaldana\/#\/schema\/person\/3c21f22f56fcf3bc46b94bc60ea4fef6","name":"Canal Dana","image":{"@type":"ImageObject","inLanguage":"pt-BR","@id":"https:\/\/secure.gravatar.com\/avatar\/420aaf9278582877d9018637c6817617705899d2858d7572ef0fe59a6b6454b4?s=96&d=mm&r=g","url":"https:\/\/secure.gravatar.com\/avatar\/420aaf9278582877d9018637c6817617705899d2858d7572ef0fe59a6b6454b4?s=96&d=mm&r=g","contentUrl":"https:\/\/secure.gravatar.com\/avatar\/420aaf9278582877d9018637c6817617705899d2858d7572ef0fe59a6b6454b4?s=96&d=mm&r=g","caption":"Canal Dana"},"url":"https:\/\/dana.com.br\/canaldana\/author\/cdeditor\/"}]}},"_links":{"self":[{"href":"https:\/\/dana.com.br\/canaldana\/wp-json\/wp\/v2\/posts\/61861","targetHints":{"allow":["GET"]}}],"collection":[{"href":"https:\/\/dana.com.br\/canaldana\/wp-json\/wp\/v2\/posts"}],"about":[{"href":"https:\/\/dana.com.br\/canaldana\/wp-json\/wp\/v2\/types\/post"}],"author":[{"embeddable":true,"href":"https:\/\/dana.com.br\/canaldana\/wp-json\/wp\/v2\/users\/3"}],"replies":[{"embeddable":true,"href":"https:\/\/dana.com.br\/canaldana\/wp-json\/wp\/v2\/comments?post=61861"}],"version-history":[{"count":0,"href":"https:\/\/dana.com.br\/canaldana\/wp-json\/wp\/v2\/posts\/61861\/revisions"}],"wp:attachment":[{"href":"https:\/\/dana.com.br\/canaldana\/wp-json\/wp\/v2\/media?parent=61861"}],"wp:term":[{"taxonomy":"category","embeddable":true,"href":"https:\/\/dana.com.br\/canaldana\/wp-json\/wp\/v2\/categories?post=61861"},{"taxonomy":"post_tag","embeddable":true,"href":"https:\/\/dana.com.br\/canaldana\/wp-json\/wp\/v2\/tags?post=61861"}],"curies":[{"name":"wp","href":"https:\/\/api.w.org\/{rel}","templated":true}]}}