{"id":61776,"date":"2022-10-24T09:26:59","date_gmt":"2022-10-24T12:26:59","guid":{"rendered":"https:\/\/dana.com.br\/canaldana\/?p=61776"},"modified":"2022-10-24T09:26:59","modified_gmt":"2022-10-24T12:26:59","slug":"deficit-externo-da-industria-de-ponta-sobe-28-segundo-estudo-do-setor","status":"publish","type":"post","link":"https:\/\/dana.com.br\/canaldana\/2022\/10\/24\/deficit-externo-da-industria-de-ponta-sobe-28-segundo-estudo-do-setor\/","title":{"rendered":"D\u00e9ficit externo da ind\u00fastria de ponta sobe 28%, segundo estudo do setor"},"content":{"rendered":"<p><em>O Estado de S. Paulo <\/em><\/p>\n<p>&nbsp;<\/p>\n<p>O d\u00e9ficit comercial da ind\u00fastria de ponta no Brasil voltou a crescer neste ano. Os setores mais avan\u00e7ados no uso de tecnologia at\u00e9 registraram uma melhora nas exporta\u00e7\u00f5es, mas as importa\u00e7\u00f5es tamb\u00e9m avan\u00e7aram, mantendo o saldo comercial no vermelho.<\/p>\n<p>&nbsp;<\/p>\n<p>No primeiro semestre, a ind\u00fastria de alta tecnologia acumulou d\u00e9ficit de US$ 21,1 bilh\u00f5es, 28,6% acima do apurado entre janeiro e junho do ano passado (US$ 16,4 bilh\u00f5es), de acordo com um levantamento do Instituto de Estudos para o Desenvolvimento Industrial (Iedi). A diferen\u00e7a foi de US$ 4,7 bilh\u00f5es (cerca de R$ 24,25 bilh\u00f5es). Na ind\u00fastria de m\u00e9dia-alta tecnologia, o rombo cresceu ainda mais (34,6%), de US$ 28,6 bilh\u00f5es para US$ 38,5 bilh\u00f5es no mesmo per\u00edodo.<\/p>\n<p>&nbsp;<\/p>\n<p>\u201cO d\u00e9ficit nos setores de maior intensidade tecnol\u00f3gica reflete, claramente, um problema de competitividade do Pa\u00eds, porque esses ramos t\u00eam mais etapas, com cadeias produtivas longas\u201d, afirma Rafael Cagnin, economista-chefe do Iedi. \u201cCom cadeias globais longas, as distor\u00e7\u00f5es existentes, como tribut\u00e1rias e de infraestrutura, se acumulam.\u201d<\/p>\n<p>&nbsp;<\/p>\n<p>A ind\u00fastria de ponta \u00e9 composta por v\u00e1rios setores, como automotivo, qu\u00edmico e eletroeletr\u00f4nico, entre outros.<\/p>\n<p>&nbsp;<\/p>\n<p>Nos demais segmentos, o Brasil colheu super\u00e1vits comerciais de janeiro e julho. No setor de baixa e m\u00e9dia-baixa tecnologia, o resultado ficou positivo em US$ 36,8 bilh\u00f5es e US$ 49,2 bilh\u00f5es, respectivamente. \u201cOs ramos de menor intensidade tecnol\u00f3gica, em parte, est\u00e3o associados \u00e0 atividade prim\u00e1ria exportadora\u201d, diz Cagnin. Na ind\u00fastria m\u00e9dia, o super\u00e1vit foi de US$ 7,5 bilh\u00f5es.<\/p>\n<p>&nbsp;<\/p>\n<p><strong>O que explica <\/strong><\/p>\n<p>&nbsp;<\/p>\n<p>S\u00e3o fatores conjunturais e estruturais que explicam um n\u00famero mais negativo do resultado comercial para os setores de mais alta tecnologia. A alta dos pre\u00e7os globais \u2013 diante da desorganiza\u00e7\u00e3o das cadeias produtivas provocada pela pandemia \u2013 e o crescimento econ\u00f4mico acima do esperado contribuem para o aumento do peso da importa\u00e7\u00e3o. As previs\u00f5es mais recentes para o Produto Interno Bruto (PIB) de 2022 j\u00e1 est\u00e3o pr\u00f3ximas de 3%. Na virada do ano, uma parte dos analistas chegou at\u00e9 a projetar uma leve recess\u00e3o.<\/p>\n<p>&nbsp;<\/p>\n<p>O d\u00e9ficit nesses setores crescente indica tamb\u00e9m, de acordo com especialistas, que o Brasil fica para tr\u00e1s na corrida por uma ind\u00fastria de ponta e mais moderna, al\u00e9m de evidenciar uma economia fechada, sem grandes acordos comerciais.<\/p>\n<p>&nbsp;<\/p>\n<p>\u201cOs ramos mais intensivos em tecnologia s\u00e3o o principal ve\u00edculo numa integra\u00e7\u00e3o mais sist\u00eamica da nossa economia com o resto do mundo. S\u00e3o eles que pilotam a nossa inser\u00e7\u00e3o dentro das cadeias globais de valor\u201d, afirma o economista do Iedi. \u201c\u00c0 medida que o Pa\u00eds n\u00e3o avan\u00e7a na integra\u00e7\u00e3o (global), na participa\u00e7\u00e3o de mais acordos e na redu\u00e7\u00e3o barreiras no com\u00e9rcio exterior, esses ramos de maior intensidade tecnol\u00f3gica tamb\u00e9m s\u00e3o prejudicados\u201d. (O Estado de S. Paulo\/Luiz Guilherme Gerbelli)<\/p>\n","protected":false},"excerpt":{"rendered":"<p>O Estado de S. Paulo &nbsp; O d\u00e9ficit comercial da ind\u00fastria de ponta no Brasil voltou a crescer neste ano. Os setores mais avan\u00e7ados no uso de tecnologia at\u00e9 registraram uma melhora nas exporta\u00e7\u00f5es, mas as importa\u00e7\u00f5es tamb\u00e9m avan\u00e7aram, mantendo o saldo comercial no vermelho. &nbsp; No primeiro semestre, a ind\u00fastria de alta tecnologia acumulou\u2026 <a class=\"readmore\" href=\"https:\/\/dana.com.br\/canaldana\/2022\/10\/24\/deficit-externo-da-industria-de-ponta-sobe-28-segundo-estudo-do-setor\/\">Leia mais \u00bb<\/a><\/p>\n","protected":false},"author":3,"featured_media":0,"comment_status":"closed","ping_status":"closed","sticky":false,"template":"","format":"standard","meta":{"_acf_changed":false,"footnotes":""},"categories":[79],"tags":[],"class_list":["post-61776","post","type-post","status-publish","format-standard","hentry","category-mercado"],"acf":[],"yoast_head":"<!-- This site is optimized with the Yoast SEO plugin v27.3 - https:\/\/yoast.com\/product\/yoast-seo-wordpress\/ -->\n<title>D\u00e9ficit externo da ind\u00fastria de ponta sobe 28%, segundo estudo do setor - Canal Dana<\/title>\n<meta name=\"robots\" content=\"index, follow, max-snippet:-1, max-image-preview:large, max-video-preview:-1\" \/>\n<link rel=\"canonical\" href=\"https:\/\/dana.com.br\/canaldana\/2022\/10\/24\/deficit-externo-da-industria-de-ponta-sobe-28-segundo-estudo-do-setor\/\" \/>\n<meta property=\"og:locale\" content=\"pt_BR\" \/>\n<meta property=\"og:type\" content=\"article\" \/>\n<meta property=\"og:title\" content=\"D\u00e9ficit externo da ind\u00fastria de ponta sobe 28%, segundo estudo do setor - Canal Dana\" \/>\n<meta property=\"og:description\" content=\"O Estado de S. Paulo &nbsp; O d\u00e9ficit comercial da ind\u00fastria de ponta no Brasil voltou a crescer neste ano. Os setores mais avan\u00e7ados no uso de tecnologia at\u00e9 registraram uma melhora nas exporta\u00e7\u00f5es, mas as importa\u00e7\u00f5es tamb\u00e9m avan\u00e7aram, mantendo o saldo comercial no vermelho. &nbsp; No primeiro semestre, a ind\u00fastria de alta tecnologia acumulou\u2026 Leia mais \u00bb\" \/>\n<meta property=\"og:url\" content=\"https:\/\/dana.com.br\/canaldana\/2022\/10\/24\/deficit-externo-da-industria-de-ponta-sobe-28-segundo-estudo-do-setor\/\" \/>\n<meta property=\"og:site_name\" content=\"Canal Dana\" \/>\n<meta property=\"article:published_time\" content=\"2022-10-24T12:26:59+00:00\" \/>\n<meta name=\"author\" content=\"Canal Dana\" \/>\n<meta name=\"twitter:card\" content=\"summary_large_image\" \/>\n<meta name=\"twitter:label1\" content=\"Escrito por\" \/>\n\t<meta name=\"twitter:data1\" content=\"Canal Dana\" \/>\n\t<meta name=\"twitter:label2\" content=\"Est. tempo de leitura\" \/>\n\t<meta name=\"twitter:data2\" content=\"3 minutos\" \/>\n<script type=\"application\/ld+json\" class=\"yoast-schema-graph\">{\"@context\":\"https:\\\/\\\/schema.org\",\"@graph\":[{\"@type\":\"Article\",\"@id\":\"https:\\\/\\\/dana.com.br\\\/canaldana\\\/2022\\\/10\\\/24\\\/deficit-externo-da-industria-de-ponta-sobe-28-segundo-estudo-do-setor\\\/#article\",\"isPartOf\":{\"@id\":\"https:\\\/\\\/dana.com.br\\\/canaldana\\\/2022\\\/10\\\/24\\\/deficit-externo-da-industria-de-ponta-sobe-28-segundo-estudo-do-setor\\\/\"},\"author\":{\"name\":\"Canal Dana\",\"@id\":\"https:\\\/\\\/dana.com.br\\\/canaldana\\\/#\\\/schema\\\/person\\\/3c21f22f56fcf3bc46b94bc60ea4fef6\"},\"headline\":\"D\u00e9ficit externo da ind\u00fastria de ponta sobe 28%, segundo estudo do setor\",\"datePublished\":\"2022-10-24T12:26:59+00:00\",\"mainEntityOfPage\":{\"@id\":\"https:\\\/\\\/dana.com.br\\\/canaldana\\\/2022\\\/10\\\/24\\\/deficit-externo-da-industria-de-ponta-sobe-28-segundo-estudo-do-setor\\\/\"},\"wordCount\":518,\"articleSection\":[\"Mercado\"],\"inLanguage\":\"pt-BR\"},{\"@type\":\"WebPage\",\"@id\":\"https:\\\/\\\/dana.com.br\\\/canaldana\\\/2022\\\/10\\\/24\\\/deficit-externo-da-industria-de-ponta-sobe-28-segundo-estudo-do-setor\\\/\",\"url\":\"https:\\\/\\\/dana.com.br\\\/canaldana\\\/2022\\\/10\\\/24\\\/deficit-externo-da-industria-de-ponta-sobe-28-segundo-estudo-do-setor\\\/\",\"name\":\"D\u00e9ficit externo da ind\u00fastria de ponta sobe 28%, segundo estudo do setor - Canal Dana\",\"isPartOf\":{\"@id\":\"https:\\\/\\\/dana.com.br\\\/canaldana\\\/#website\"},\"datePublished\":\"2022-10-24T12:26:59+00:00\",\"author\":{\"@id\":\"https:\\\/\\\/dana.com.br\\\/canaldana\\\/#\\\/schema\\\/person\\\/3c21f22f56fcf3bc46b94bc60ea4fef6\"},\"breadcrumb\":{\"@id\":\"https:\\\/\\\/dana.com.br\\\/canaldana\\\/2022\\\/10\\\/24\\\/deficit-externo-da-industria-de-ponta-sobe-28-segundo-estudo-do-setor\\\/#breadcrumb\"},\"inLanguage\":\"pt-BR\",\"potentialAction\":[{\"@type\":\"ReadAction\",\"target\":[\"https:\\\/\\\/dana.com.br\\\/canaldana\\\/2022\\\/10\\\/24\\\/deficit-externo-da-industria-de-ponta-sobe-28-segundo-estudo-do-setor\\\/\"]}]},{\"@type\":\"BreadcrumbList\",\"@id\":\"https:\\\/\\\/dana.com.br\\\/canaldana\\\/2022\\\/10\\\/24\\\/deficit-externo-da-industria-de-ponta-sobe-28-segundo-estudo-do-setor\\\/#breadcrumb\",\"itemListElement\":[{\"@type\":\"ListItem\",\"position\":1,\"name\":\"Home\",\"item\":\"https:\\\/\\\/dana.com.br\\\/canaldana\\\/\"},{\"@type\":\"ListItem\",\"position\":2,\"name\":\"Mercado\",\"item\":\"https:\\\/\\\/dana.com.br\\\/canaldana\\\/mercado\\\/\"},{\"@type\":\"ListItem\",\"position\":3,\"name\":\"D\u00e9ficit externo da ind\u00fastria de ponta sobe 28%, segundo estudo do setor\"}]},{\"@type\":\"WebSite\",\"@id\":\"https:\\\/\\\/dana.com.br\\\/canaldana\\\/#website\",\"url\":\"https:\\\/\\\/dana.com.br\\\/canaldana\\\/\",\"name\":\"Canal Dana\",\"description\":\"Informativo com as principais not\u00edcias da ind\u00fastria automotiva\",\"potentialAction\":[{\"@type\":\"SearchAction\",\"target\":{\"@type\":\"EntryPoint\",\"urlTemplate\":\"https:\\\/\\\/dana.com.br\\\/canaldana\\\/?s={search_term_string}\"},\"query-input\":{\"@type\":\"PropertyValueSpecification\",\"valueRequired\":true,\"valueName\":\"search_term_string\"}}],\"inLanguage\":\"pt-BR\"},{\"@type\":\"Person\",\"@id\":\"https:\\\/\\\/dana.com.br\\\/canaldana\\\/#\\\/schema\\\/person\\\/3c21f22f56fcf3bc46b94bc60ea4fef6\",\"name\":\"Canal Dana\",\"image\":{\"@type\":\"ImageObject\",\"inLanguage\":\"pt-BR\",\"@id\":\"https:\\\/\\\/secure.gravatar.com\\\/avatar\\\/420aaf9278582877d9018637c6817617705899d2858d7572ef0fe59a6b6454b4?s=96&d=mm&r=g\",\"url\":\"https:\\\/\\\/secure.gravatar.com\\\/avatar\\\/420aaf9278582877d9018637c6817617705899d2858d7572ef0fe59a6b6454b4?s=96&d=mm&r=g\",\"contentUrl\":\"https:\\\/\\\/secure.gravatar.com\\\/avatar\\\/420aaf9278582877d9018637c6817617705899d2858d7572ef0fe59a6b6454b4?s=96&d=mm&r=g\",\"caption\":\"Canal Dana\"},\"url\":\"https:\\\/\\\/dana.com.br\\\/canaldana\\\/author\\\/cdeditor\\\/\"}]}<\/script>\n<!-- \/ Yoast SEO plugin. -->","yoast_head_json":{"title":"D\u00e9ficit externo da ind\u00fastria de ponta sobe 28%, segundo estudo do setor - Canal Dana","robots":{"index":"index","follow":"follow","max-snippet":"max-snippet:-1","max-image-preview":"max-image-preview:large","max-video-preview":"max-video-preview:-1"},"canonical":"https:\/\/dana.com.br\/canaldana\/2022\/10\/24\/deficit-externo-da-industria-de-ponta-sobe-28-segundo-estudo-do-setor\/","og_locale":"pt_BR","og_type":"article","og_title":"D\u00e9ficit externo da ind\u00fastria de ponta sobe 28%, segundo estudo do setor - Canal Dana","og_description":"O Estado de S. Paulo &nbsp; O d\u00e9ficit comercial da ind\u00fastria de ponta no Brasil voltou a crescer neste ano. Os setores mais avan\u00e7ados no uso de tecnologia at\u00e9 registraram uma melhora nas exporta\u00e7\u00f5es, mas as importa\u00e7\u00f5es tamb\u00e9m avan\u00e7aram, mantendo o saldo comercial no vermelho. &nbsp; No primeiro semestre, a ind\u00fastria de alta tecnologia acumulou\u2026 Leia mais \u00bb","og_url":"https:\/\/dana.com.br\/canaldana\/2022\/10\/24\/deficit-externo-da-industria-de-ponta-sobe-28-segundo-estudo-do-setor\/","og_site_name":"Canal Dana","article_published_time":"2022-10-24T12:26:59+00:00","author":"Canal Dana","twitter_card":"summary_large_image","twitter_misc":{"Escrito por":"Canal Dana","Est. tempo de leitura":"3 minutos"},"schema":{"@context":"https:\/\/schema.org","@graph":[{"@type":"Article","@id":"https:\/\/dana.com.br\/canaldana\/2022\/10\/24\/deficit-externo-da-industria-de-ponta-sobe-28-segundo-estudo-do-setor\/#article","isPartOf":{"@id":"https:\/\/dana.com.br\/canaldana\/2022\/10\/24\/deficit-externo-da-industria-de-ponta-sobe-28-segundo-estudo-do-setor\/"},"author":{"name":"Canal Dana","@id":"https:\/\/dana.com.br\/canaldana\/#\/schema\/person\/3c21f22f56fcf3bc46b94bc60ea4fef6"},"headline":"D\u00e9ficit externo da ind\u00fastria de ponta sobe 28%, segundo estudo do setor","datePublished":"2022-10-24T12:26:59+00:00","mainEntityOfPage":{"@id":"https:\/\/dana.com.br\/canaldana\/2022\/10\/24\/deficit-externo-da-industria-de-ponta-sobe-28-segundo-estudo-do-setor\/"},"wordCount":518,"articleSection":["Mercado"],"inLanguage":"pt-BR"},{"@type":"WebPage","@id":"https:\/\/dana.com.br\/canaldana\/2022\/10\/24\/deficit-externo-da-industria-de-ponta-sobe-28-segundo-estudo-do-setor\/","url":"https:\/\/dana.com.br\/canaldana\/2022\/10\/24\/deficit-externo-da-industria-de-ponta-sobe-28-segundo-estudo-do-setor\/","name":"D\u00e9ficit externo da ind\u00fastria de ponta sobe 28%, segundo estudo do setor - Canal Dana","isPartOf":{"@id":"https:\/\/dana.com.br\/canaldana\/#website"},"datePublished":"2022-10-24T12:26:59+00:00","author":{"@id":"https:\/\/dana.com.br\/canaldana\/#\/schema\/person\/3c21f22f56fcf3bc46b94bc60ea4fef6"},"breadcrumb":{"@id":"https:\/\/dana.com.br\/canaldana\/2022\/10\/24\/deficit-externo-da-industria-de-ponta-sobe-28-segundo-estudo-do-setor\/#breadcrumb"},"inLanguage":"pt-BR","potentialAction":[{"@type":"ReadAction","target":["https:\/\/dana.com.br\/canaldana\/2022\/10\/24\/deficit-externo-da-industria-de-ponta-sobe-28-segundo-estudo-do-setor\/"]}]},{"@type":"BreadcrumbList","@id":"https:\/\/dana.com.br\/canaldana\/2022\/10\/24\/deficit-externo-da-industria-de-ponta-sobe-28-segundo-estudo-do-setor\/#breadcrumb","itemListElement":[{"@type":"ListItem","position":1,"name":"Home","item":"https:\/\/dana.com.br\/canaldana\/"},{"@type":"ListItem","position":2,"name":"Mercado","item":"https:\/\/dana.com.br\/canaldana\/mercado\/"},{"@type":"ListItem","position":3,"name":"D\u00e9ficit externo da ind\u00fastria de ponta sobe 28%, segundo estudo do setor"}]},{"@type":"WebSite","@id":"https:\/\/dana.com.br\/canaldana\/#website","url":"https:\/\/dana.com.br\/canaldana\/","name":"Canal Dana","description":"Informativo com as principais not\u00edcias da ind\u00fastria automotiva","potentialAction":[{"@type":"SearchAction","target":{"@type":"EntryPoint","urlTemplate":"https:\/\/dana.com.br\/canaldana\/?s={search_term_string}"},"query-input":{"@type":"PropertyValueSpecification","valueRequired":true,"valueName":"search_term_string"}}],"inLanguage":"pt-BR"},{"@type":"Person","@id":"https:\/\/dana.com.br\/canaldana\/#\/schema\/person\/3c21f22f56fcf3bc46b94bc60ea4fef6","name":"Canal Dana","image":{"@type":"ImageObject","inLanguage":"pt-BR","@id":"https:\/\/secure.gravatar.com\/avatar\/420aaf9278582877d9018637c6817617705899d2858d7572ef0fe59a6b6454b4?s=96&d=mm&r=g","url":"https:\/\/secure.gravatar.com\/avatar\/420aaf9278582877d9018637c6817617705899d2858d7572ef0fe59a6b6454b4?s=96&d=mm&r=g","contentUrl":"https:\/\/secure.gravatar.com\/avatar\/420aaf9278582877d9018637c6817617705899d2858d7572ef0fe59a6b6454b4?s=96&d=mm&r=g","caption":"Canal Dana"},"url":"https:\/\/dana.com.br\/canaldana\/author\/cdeditor\/"}]}},"_links":{"self":[{"href":"https:\/\/dana.com.br\/canaldana\/wp-json\/wp\/v2\/posts\/61776","targetHints":{"allow":["GET"]}}],"collection":[{"href":"https:\/\/dana.com.br\/canaldana\/wp-json\/wp\/v2\/posts"}],"about":[{"href":"https:\/\/dana.com.br\/canaldana\/wp-json\/wp\/v2\/types\/post"}],"author":[{"embeddable":true,"href":"https:\/\/dana.com.br\/canaldana\/wp-json\/wp\/v2\/users\/3"}],"replies":[{"embeddable":true,"href":"https:\/\/dana.com.br\/canaldana\/wp-json\/wp\/v2\/comments?post=61776"}],"version-history":[{"count":0,"href":"https:\/\/dana.com.br\/canaldana\/wp-json\/wp\/v2\/posts\/61776\/revisions"}],"wp:attachment":[{"href":"https:\/\/dana.com.br\/canaldana\/wp-json\/wp\/v2\/media?parent=61776"}],"wp:term":[{"taxonomy":"category","embeddable":true,"href":"https:\/\/dana.com.br\/canaldana\/wp-json\/wp\/v2\/categories?post=61776"},{"taxonomy":"post_tag","embeddable":true,"href":"https:\/\/dana.com.br\/canaldana\/wp-json\/wp\/v2\/tags?post=61776"}],"curies":[{"name":"wp","href":"https:\/\/api.w.org\/{rel}","templated":true}]}}