{"id":61737,"date":"2022-10-21T08:45:33","date_gmt":"2022-10-21T11:45:33","guid":{"rendered":"https:\/\/dana.com.br\/canaldana\/?p=61737"},"modified":"2022-10-21T08:45:33","modified_gmt":"2022-10-21T11:45:33","slug":"iveco-revela-que-a-unidas-tera-na-frota-os-primeiros-hi-ways-movidos-a-gas","status":"publish","type":"post","link":"https:\/\/dana.com.br\/canaldana\/2022\/10\/21\/iveco-revela-que-a-unidas-tera-na-frota-os-primeiros-hi-ways-movidos-a-gas\/","title":{"rendered":"IVECO revela que a Unidas ter\u00e1 na frota os primeiros Hi-Ways movidos a g\u00e1s"},"content":{"rendered":"<p><em>Coisas de Agora<\/em><\/p>\n<p>&nbsp;<\/p>\n<p>A descarboniza\u00e7\u00e3o do transporte nacional ganha cada vez mais for\u00e7a no segmento. Na \u00faltima ter\u00e7a (18), a IVECO entregou as primeiras 17 unidades, de um total de 20, do Hi-Way NG 6X2 600S46T para a Unidas, uma das maiores empresas de loca\u00e7\u00e3o de frotas do pa\u00eds. Recentemente, a Unidas unificou suas opera\u00e7\u00f5es com a Ouro Verde, que levou para a marca todo o seu time e expertise em loca\u00e7\u00e3o e terceiriza\u00e7\u00e3o de ve\u00edculos, caminh\u00f5es, m\u00e1quinas e equipamentos pesados. A empresa ser\u00e1 a primeira do pa\u00eds a ter na frota os caminh\u00f5es IVECO movidos a g\u00e1s, natural ou biometano, impulsionados pelo motor Cursor 13, de 460 cv de pot\u00eancia, da FPT Industrial. A cerim\u00f4nia de entrega dos ve\u00edculos aconteceu na planta da montadora, em Sete Lagoas (MG), e contou com a participa\u00e7\u00e3o de executivos das duas marcas.<\/p>\n<p>&nbsp;<\/p>\n<p>At\u00e9 chegar ao modelo para comercializa\u00e7\u00e3o, o Hi-Way, que faz parte do rec\u00e9m-lan\u00e7ado programa Brasil Natural Power, demandou 70 mil horas de desenvolvimento. O resultado final foi um produto com a melhor rela\u00e7\u00e3o pot\u00eancia\/consumo do segmento com autonomia de at\u00e9 500 quil\u00f4metros.<\/p>\n<p>&nbsp;<\/p>\n<p>\u201c\u00c9 muito satisfat\u00f3rio ver na pr\u00e1tica o resultado de um produto que foi desenvolvido com foco nas peculiaridades do transporte no Brasil. O Hi-Way NG \u00e9 um marco para IVECO no segmento dos ve\u00edculos movidos a combust\u00edveis alternativos no pa\u00eds\u201d, declara Marcio Querichelli, presidente da IVECO na Am\u00e9rica Latina.<\/p>\n<p>&nbsp;<\/p>\n<p>Durante o per\u00edodo de testes em grandes transportadores parceiros da Unidas, os caminh\u00f5es ser\u00e3o monitorados pela IVECO para garantir a satisfa\u00e7\u00e3o total dos clientes com a performance dos ve\u00edculos em diferentes opera\u00e7\u00f5es do transporte de cargas.<\/p>\n<p>&nbsp;<\/p>\n<p>\u201cPara n\u00f3s, a jornada ESG n\u00e3o \u00e9 apenas uma meta, mas um compromisso que assumimos com toda a sociedade. Por meio de iniciativas como essa parceria com a Iveco, nosso grande objetivo \u00e9 gerar valor para toda cadeia e transformar o segmento da mobilidade. Acreditamos que, atuando juntos para avan\u00e7armos na evolu\u00e7\u00e3o e moderniza\u00e7\u00e3o das frotas, estamos trabalhando como protagonistas em um modelo sustent\u00e1vel de longo prazo\u201d, afirma Cl\u00e1udio Zattar, CEO da Unidas.<\/p>\n<p>&nbsp;<\/p>\n<p>O Hi-Way NG 6X2 600S46T \u00e9 o primeiro ve\u00edculo do programa Brasil Natural Power e abre o caminho para a expans\u00e3o na gama de produtos da IVECO, movidos com combust\u00edveis alternativos, no pa\u00eds. Lan\u00e7ada em setembro deste ano, a iniciativa recebeu um aporte de R$60 milh\u00f5es.<\/p>\n<p>&nbsp;<\/p>\n<p>\u201cApostamos no g\u00e1s, natural ou biometano, como a melhor alternativa, em curto prazo, para a redu\u00e7\u00e3o de poluentes com um custo total de opera\u00e7\u00e3o (TCO) fact\u00edvel com a realidade brasileira, principalmente no segmento rodovi\u00e1rio. O g\u00e1s \u00e9 uma base importante e j\u00e1 consolidada, mas, em um futuro pr\u00f3ximo, a diversifica\u00e7\u00e3o de propuls\u00f5es alternativas ser\u00e1 muito explorada tamb\u00e9m pelo Brasil Natural Power, programa que tem a miss\u00e3o de desenvolver um ecossistema estruturado e produzir ve\u00edculos comerciais \u2013 cargas e passageiros \u2013 movidos a combust\u00edveis alternativos\u201d, diz Ricardo Barion, diretor comercial da IVECO.<\/p>\n<p>&nbsp;<\/p>\n<p><strong>IVECO Hi-Way NP 600S46T 6\u00d72<\/strong><\/p>\n<p><strong>\u00a0<\/strong><\/p>\n<p><strong>Destaques do caminh\u00e3o<\/strong><\/p>\n<p>&nbsp;<\/p>\n<p>\u2013 Motor a g\u00e1s mais potente do mercado com o melhor consumo de combust\u00edvel<\/p>\n<p>\u2013 Driveline mais avan\u00e7ado a ser utilizado em um caminh\u00e3o a g\u00e1s no Brasil<\/p>\n<p>\u2013 Redu\u00e7\u00e3o de at\u00e9 95% na emiss\u00e3o de CO2 e material particulado, al\u00e9m de opera\u00e7\u00e3o mais silenciosa (redu\u00e7\u00e3o da polui\u00e7\u00e3o sonora)<\/p>\n<p>\u2013 Maior capacidade volum\u00e9trica dos cilindros de g\u00e1s do mercado, com a maior autonomia<\/p>\n<p>\u2013 Configura\u00e7\u00f5es pensadas para a realidade e aplica\u00e7\u00f5es das miss\u00f5es brasileiras.<\/p>\n<p>&nbsp;<\/p>\n<p><strong>Dados t\u00e9cnicos<\/strong><\/p>\n<p>&nbsp;<\/p>\n<p>Motor FPT Industrial Cursor 13<\/p>\n<p>Pot\u00eancia: 460 hp @ 1900 rpm<\/p>\n<p>Torque: 2000 Nm<\/p>\n<p>Torque constante: 1100 a 1600 rpm<\/p>\n<p>Cilindrada: 12900 cc<\/p>\n<p>Configura\u00e7\u00e3o: 6 Cilindros em linea<\/p>\n<p>Combust\u00edvel: G\u00e1s Natural\/Biometano<\/p>\n<p>Taxa de Compress\u00e3o: 12:1<\/p>\n<p>Normativa emiss\u00f5es: Euro VI<\/p>\n<p>Entre Eixo: 3200\/3500 mm<\/p>\n<p>PBTC: 53000 kg<\/p>\n<p>CMT: 60000 kg<\/p>\n<p>Tara (GNC): 9450\/9500 kg<\/p>\n<p>Capacidade: 960 L (EE3500)\/800L(EE3200)<\/p>\n<p>Configura\u00e7\u00e3o Sistema (CNG): (4 x 120L + 4 x 120L)<\/p>\n<p>800L<\/p>\n<p>(4 x 100L + 4 x 100L)<\/p>\n<p>Autonomia*: At\u00e9 550km\/400km<\/p>\n<p>Configura\u00e7\u00e3o de eixos: 6\u00d72<\/p>\n<p>Eixo traseiro: MS 18X Meritor<\/p>\n<p>CMT Legal: 53.000 kg<\/p>\n<p>Rela\u00e7\u00e3o diferencial: 3.08<\/p>\n<p>Pneum\u00e1tico: 295\/80R22.5<\/p>\n<p>Rodas: Alum\u00ednio<\/p>\n<p>Suspens\u00e3o Dianteira: 8000\/6000 kg<\/p>\n<p>Suspens\u00e3o Traseira: Met\u00e1lica 22.000 kg<\/p>\n<p>Caixa de c\u00e2mbio: ZF Traxon 12 TX 2621TD<\/p>\n<p>Marchas: 12 +2r<\/p>\n<p>1era 16.6<\/p>\n<p>12 1<\/p>\n<p>1c \u2013<\/p>\n<p>Tipo Direct Drive<\/p>\n<p>Controle Automatizado<\/p>\n<p>Eco Roll SI<\/p>\n<p>(Coisas de Agora)<\/p>\n","protected":false},"excerpt":{"rendered":"<p>Coisas de Agora &nbsp; A descarboniza\u00e7\u00e3o do transporte nacional ganha cada vez mais for\u00e7a no segmento. Na \u00faltima ter\u00e7a (18), a IVECO entregou as primeiras 17 unidades, de um total de 20, do Hi-Way NG 6X2 600S46T para a Unidas, uma das maiores empresas de loca\u00e7\u00e3o de frotas do pa\u00eds. Recentemente, a Unidas unificou suas\u2026 <a class=\"readmore\" href=\"https:\/\/dana.com.br\/canaldana\/2022\/10\/21\/iveco-revela-que-a-unidas-tera-na-frota-os-primeiros-hi-ways-movidos-a-gas\/\">Leia mais \u00bb<\/a><\/p>\n","protected":false},"author":3,"featured_media":0,"comment_status":"closed","ping_status":"closed","sticky":false,"template":"","format":"standard","meta":{"_acf_changed":false,"footnotes":""},"categories":[79],"tags":[],"class_list":["post-61737","post","type-post","status-publish","format-standard","hentry","category-mercado"],"acf":[],"yoast_head":"<!-- This site is optimized with the Yoast SEO plugin v27.3 - https:\/\/yoast.com\/product\/yoast-seo-wordpress\/ -->\n<title>IVECO revela que a Unidas ter\u00e1 na frota os primeiros Hi-Ways movidos a g\u00e1s - Canal Dana<\/title>\n<meta name=\"robots\" content=\"index, follow, max-snippet:-1, max-image-preview:large, max-video-preview:-1\" \/>\n<link rel=\"canonical\" href=\"https:\/\/dana.com.br\/canaldana\/2022\/10\/21\/iveco-revela-que-a-unidas-tera-na-frota-os-primeiros-hi-ways-movidos-a-gas\/\" \/>\n<meta property=\"og:locale\" content=\"pt_BR\" \/>\n<meta property=\"og:type\" content=\"article\" \/>\n<meta property=\"og:title\" content=\"IVECO revela que a Unidas ter\u00e1 na frota os primeiros Hi-Ways movidos a g\u00e1s - Canal Dana\" \/>\n<meta property=\"og:description\" content=\"Coisas de Agora &nbsp; A descarboniza\u00e7\u00e3o do transporte nacional ganha cada vez mais for\u00e7a no segmento. Na \u00faltima ter\u00e7a (18), a IVECO entregou as primeiras 17 unidades, de um total de 20, do Hi-Way NG 6X2 600S46T para a Unidas, uma das maiores empresas de loca\u00e7\u00e3o de frotas do pa\u00eds. Recentemente, a Unidas unificou suas\u2026 Leia mais \u00bb\" \/>\n<meta property=\"og:url\" content=\"https:\/\/dana.com.br\/canaldana\/2022\/10\/21\/iveco-revela-que-a-unidas-tera-na-frota-os-primeiros-hi-ways-movidos-a-gas\/\" \/>\n<meta property=\"og:site_name\" content=\"Canal Dana\" \/>\n<meta property=\"article:published_time\" content=\"2022-10-21T11:45:33+00:00\" \/>\n<meta name=\"author\" content=\"Canal Dana\" \/>\n<meta name=\"twitter:card\" content=\"summary_large_image\" \/>\n<meta name=\"twitter:label1\" content=\"Escrito por\" \/>\n\t<meta name=\"twitter:data1\" content=\"Canal Dana\" \/>\n\t<meta name=\"twitter:label2\" content=\"Est. tempo de leitura\" \/>\n\t<meta name=\"twitter:data2\" content=\"4 minutos\" \/>\n<script type=\"application\/ld+json\" class=\"yoast-schema-graph\">{\"@context\":\"https:\\\/\\\/schema.org\",\"@graph\":[{\"@type\":\"Article\",\"@id\":\"https:\\\/\\\/dana.com.br\\\/canaldana\\\/2022\\\/10\\\/21\\\/iveco-revela-que-a-unidas-tera-na-frota-os-primeiros-hi-ways-movidos-a-gas\\\/#article\",\"isPartOf\":{\"@id\":\"https:\\\/\\\/dana.com.br\\\/canaldana\\\/2022\\\/10\\\/21\\\/iveco-revela-que-a-unidas-tera-na-frota-os-primeiros-hi-ways-movidos-a-gas\\\/\"},\"author\":{\"name\":\"Canal Dana\",\"@id\":\"https:\\\/\\\/dana.com.br\\\/canaldana\\\/#\\\/schema\\\/person\\\/3c21f22f56fcf3bc46b94bc60ea4fef6\"},\"headline\":\"IVECO revela que a Unidas ter\u00e1 na frota os primeiros Hi-Ways movidos a g\u00e1s\",\"datePublished\":\"2022-10-21T11:45:33+00:00\",\"mainEntityOfPage\":{\"@id\":\"https:\\\/\\\/dana.com.br\\\/canaldana\\\/2022\\\/10\\\/21\\\/iveco-revela-que-a-unidas-tera-na-frota-os-primeiros-hi-ways-movidos-a-gas\\\/\"},\"wordCount\":770,\"articleSection\":[\"Mercado\"],\"inLanguage\":\"pt-BR\"},{\"@type\":\"WebPage\",\"@id\":\"https:\\\/\\\/dana.com.br\\\/canaldana\\\/2022\\\/10\\\/21\\\/iveco-revela-que-a-unidas-tera-na-frota-os-primeiros-hi-ways-movidos-a-gas\\\/\",\"url\":\"https:\\\/\\\/dana.com.br\\\/canaldana\\\/2022\\\/10\\\/21\\\/iveco-revela-que-a-unidas-tera-na-frota-os-primeiros-hi-ways-movidos-a-gas\\\/\",\"name\":\"IVECO revela que a Unidas ter\u00e1 na frota os primeiros Hi-Ways movidos a g\u00e1s - Canal Dana\",\"isPartOf\":{\"@id\":\"https:\\\/\\\/dana.com.br\\\/canaldana\\\/#website\"},\"datePublished\":\"2022-10-21T11:45:33+00:00\",\"author\":{\"@id\":\"https:\\\/\\\/dana.com.br\\\/canaldana\\\/#\\\/schema\\\/person\\\/3c21f22f56fcf3bc46b94bc60ea4fef6\"},\"breadcrumb\":{\"@id\":\"https:\\\/\\\/dana.com.br\\\/canaldana\\\/2022\\\/10\\\/21\\\/iveco-revela-que-a-unidas-tera-na-frota-os-primeiros-hi-ways-movidos-a-gas\\\/#breadcrumb\"},\"inLanguage\":\"pt-BR\",\"potentialAction\":[{\"@type\":\"ReadAction\",\"target\":[\"https:\\\/\\\/dana.com.br\\\/canaldana\\\/2022\\\/10\\\/21\\\/iveco-revela-que-a-unidas-tera-na-frota-os-primeiros-hi-ways-movidos-a-gas\\\/\"]}]},{\"@type\":\"BreadcrumbList\",\"@id\":\"https:\\\/\\\/dana.com.br\\\/canaldana\\\/2022\\\/10\\\/21\\\/iveco-revela-que-a-unidas-tera-na-frota-os-primeiros-hi-ways-movidos-a-gas\\\/#breadcrumb\",\"itemListElement\":[{\"@type\":\"ListItem\",\"position\":1,\"name\":\"Home\",\"item\":\"https:\\\/\\\/dana.com.br\\\/canaldana\\\/\"},{\"@type\":\"ListItem\",\"position\":2,\"name\":\"Mercado\",\"item\":\"https:\\\/\\\/dana.com.br\\\/canaldana\\\/mercado\\\/\"},{\"@type\":\"ListItem\",\"position\":3,\"name\":\"IVECO revela que a Unidas ter\u00e1 na frota os primeiros Hi-Ways movidos a g\u00e1s\"}]},{\"@type\":\"WebSite\",\"@id\":\"https:\\\/\\\/dana.com.br\\\/canaldana\\\/#website\",\"url\":\"https:\\\/\\\/dana.com.br\\\/canaldana\\\/\",\"name\":\"Canal Dana\",\"description\":\"Informativo com as principais not\u00edcias da ind\u00fastria automotiva\",\"potentialAction\":[{\"@type\":\"SearchAction\",\"target\":{\"@type\":\"EntryPoint\",\"urlTemplate\":\"https:\\\/\\\/dana.com.br\\\/canaldana\\\/?s={search_term_string}\"},\"query-input\":{\"@type\":\"PropertyValueSpecification\",\"valueRequired\":true,\"valueName\":\"search_term_string\"}}],\"inLanguage\":\"pt-BR\"},{\"@type\":\"Person\",\"@id\":\"https:\\\/\\\/dana.com.br\\\/canaldana\\\/#\\\/schema\\\/person\\\/3c21f22f56fcf3bc46b94bc60ea4fef6\",\"name\":\"Canal Dana\",\"image\":{\"@type\":\"ImageObject\",\"inLanguage\":\"pt-BR\",\"@id\":\"https:\\\/\\\/secure.gravatar.com\\\/avatar\\\/420aaf9278582877d9018637c6817617705899d2858d7572ef0fe59a6b6454b4?s=96&d=mm&r=g\",\"url\":\"https:\\\/\\\/secure.gravatar.com\\\/avatar\\\/420aaf9278582877d9018637c6817617705899d2858d7572ef0fe59a6b6454b4?s=96&d=mm&r=g\",\"contentUrl\":\"https:\\\/\\\/secure.gravatar.com\\\/avatar\\\/420aaf9278582877d9018637c6817617705899d2858d7572ef0fe59a6b6454b4?s=96&d=mm&r=g\",\"caption\":\"Canal Dana\"},\"url\":\"https:\\\/\\\/dana.com.br\\\/canaldana\\\/author\\\/cdeditor\\\/\"}]}<\/script>\n<!-- \/ Yoast SEO plugin. -->","yoast_head_json":{"title":"IVECO revela que a Unidas ter\u00e1 na frota os primeiros Hi-Ways movidos a g\u00e1s - Canal Dana","robots":{"index":"index","follow":"follow","max-snippet":"max-snippet:-1","max-image-preview":"max-image-preview:large","max-video-preview":"max-video-preview:-1"},"canonical":"https:\/\/dana.com.br\/canaldana\/2022\/10\/21\/iveco-revela-que-a-unidas-tera-na-frota-os-primeiros-hi-ways-movidos-a-gas\/","og_locale":"pt_BR","og_type":"article","og_title":"IVECO revela que a Unidas ter\u00e1 na frota os primeiros Hi-Ways movidos a g\u00e1s - Canal Dana","og_description":"Coisas de Agora &nbsp; A descarboniza\u00e7\u00e3o do transporte nacional ganha cada vez mais for\u00e7a no segmento. Na \u00faltima ter\u00e7a (18), a IVECO entregou as primeiras 17 unidades, de um total de 20, do Hi-Way NG 6X2 600S46T para a Unidas, uma das maiores empresas de loca\u00e7\u00e3o de frotas do pa\u00eds. Recentemente, a Unidas unificou suas\u2026 Leia mais \u00bb","og_url":"https:\/\/dana.com.br\/canaldana\/2022\/10\/21\/iveco-revela-que-a-unidas-tera-na-frota-os-primeiros-hi-ways-movidos-a-gas\/","og_site_name":"Canal Dana","article_published_time":"2022-10-21T11:45:33+00:00","author":"Canal Dana","twitter_card":"summary_large_image","twitter_misc":{"Escrito por":"Canal Dana","Est. tempo de leitura":"4 minutos"},"schema":{"@context":"https:\/\/schema.org","@graph":[{"@type":"Article","@id":"https:\/\/dana.com.br\/canaldana\/2022\/10\/21\/iveco-revela-que-a-unidas-tera-na-frota-os-primeiros-hi-ways-movidos-a-gas\/#article","isPartOf":{"@id":"https:\/\/dana.com.br\/canaldana\/2022\/10\/21\/iveco-revela-que-a-unidas-tera-na-frota-os-primeiros-hi-ways-movidos-a-gas\/"},"author":{"name":"Canal Dana","@id":"https:\/\/dana.com.br\/canaldana\/#\/schema\/person\/3c21f22f56fcf3bc46b94bc60ea4fef6"},"headline":"IVECO revela que a Unidas ter\u00e1 na frota os primeiros Hi-Ways movidos a g\u00e1s","datePublished":"2022-10-21T11:45:33+00:00","mainEntityOfPage":{"@id":"https:\/\/dana.com.br\/canaldana\/2022\/10\/21\/iveco-revela-que-a-unidas-tera-na-frota-os-primeiros-hi-ways-movidos-a-gas\/"},"wordCount":770,"articleSection":["Mercado"],"inLanguage":"pt-BR"},{"@type":"WebPage","@id":"https:\/\/dana.com.br\/canaldana\/2022\/10\/21\/iveco-revela-que-a-unidas-tera-na-frota-os-primeiros-hi-ways-movidos-a-gas\/","url":"https:\/\/dana.com.br\/canaldana\/2022\/10\/21\/iveco-revela-que-a-unidas-tera-na-frota-os-primeiros-hi-ways-movidos-a-gas\/","name":"IVECO revela que a Unidas ter\u00e1 na frota os primeiros Hi-Ways movidos a g\u00e1s - Canal Dana","isPartOf":{"@id":"https:\/\/dana.com.br\/canaldana\/#website"},"datePublished":"2022-10-21T11:45:33+00:00","author":{"@id":"https:\/\/dana.com.br\/canaldana\/#\/schema\/person\/3c21f22f56fcf3bc46b94bc60ea4fef6"},"breadcrumb":{"@id":"https:\/\/dana.com.br\/canaldana\/2022\/10\/21\/iveco-revela-que-a-unidas-tera-na-frota-os-primeiros-hi-ways-movidos-a-gas\/#breadcrumb"},"inLanguage":"pt-BR","potentialAction":[{"@type":"ReadAction","target":["https:\/\/dana.com.br\/canaldana\/2022\/10\/21\/iveco-revela-que-a-unidas-tera-na-frota-os-primeiros-hi-ways-movidos-a-gas\/"]}]},{"@type":"BreadcrumbList","@id":"https:\/\/dana.com.br\/canaldana\/2022\/10\/21\/iveco-revela-que-a-unidas-tera-na-frota-os-primeiros-hi-ways-movidos-a-gas\/#breadcrumb","itemListElement":[{"@type":"ListItem","position":1,"name":"Home","item":"https:\/\/dana.com.br\/canaldana\/"},{"@type":"ListItem","position":2,"name":"Mercado","item":"https:\/\/dana.com.br\/canaldana\/mercado\/"},{"@type":"ListItem","position":3,"name":"IVECO revela que a Unidas ter\u00e1 na frota os primeiros Hi-Ways movidos a g\u00e1s"}]},{"@type":"WebSite","@id":"https:\/\/dana.com.br\/canaldana\/#website","url":"https:\/\/dana.com.br\/canaldana\/","name":"Canal Dana","description":"Informativo com as principais not\u00edcias da ind\u00fastria automotiva","potentialAction":[{"@type":"SearchAction","target":{"@type":"EntryPoint","urlTemplate":"https:\/\/dana.com.br\/canaldana\/?s={search_term_string}"},"query-input":{"@type":"PropertyValueSpecification","valueRequired":true,"valueName":"search_term_string"}}],"inLanguage":"pt-BR"},{"@type":"Person","@id":"https:\/\/dana.com.br\/canaldana\/#\/schema\/person\/3c21f22f56fcf3bc46b94bc60ea4fef6","name":"Canal Dana","image":{"@type":"ImageObject","inLanguage":"pt-BR","@id":"https:\/\/secure.gravatar.com\/avatar\/420aaf9278582877d9018637c6817617705899d2858d7572ef0fe59a6b6454b4?s=96&d=mm&r=g","url":"https:\/\/secure.gravatar.com\/avatar\/420aaf9278582877d9018637c6817617705899d2858d7572ef0fe59a6b6454b4?s=96&d=mm&r=g","contentUrl":"https:\/\/secure.gravatar.com\/avatar\/420aaf9278582877d9018637c6817617705899d2858d7572ef0fe59a6b6454b4?s=96&d=mm&r=g","caption":"Canal Dana"},"url":"https:\/\/dana.com.br\/canaldana\/author\/cdeditor\/"}]}},"_links":{"self":[{"href":"https:\/\/dana.com.br\/canaldana\/wp-json\/wp\/v2\/posts\/61737","targetHints":{"allow":["GET"]}}],"collection":[{"href":"https:\/\/dana.com.br\/canaldana\/wp-json\/wp\/v2\/posts"}],"about":[{"href":"https:\/\/dana.com.br\/canaldana\/wp-json\/wp\/v2\/types\/post"}],"author":[{"embeddable":true,"href":"https:\/\/dana.com.br\/canaldana\/wp-json\/wp\/v2\/users\/3"}],"replies":[{"embeddable":true,"href":"https:\/\/dana.com.br\/canaldana\/wp-json\/wp\/v2\/comments?post=61737"}],"version-history":[{"count":0,"href":"https:\/\/dana.com.br\/canaldana\/wp-json\/wp\/v2\/posts\/61737\/revisions"}],"wp:attachment":[{"href":"https:\/\/dana.com.br\/canaldana\/wp-json\/wp\/v2\/media?parent=61737"}],"wp:term":[{"taxonomy":"category","embeddable":true,"href":"https:\/\/dana.com.br\/canaldana\/wp-json\/wp\/v2\/categories?post=61737"},{"taxonomy":"post_tag","embeddable":true,"href":"https:\/\/dana.com.br\/canaldana\/wp-json\/wp\/v2\/tags?post=61737"}],"curies":[{"name":"wp","href":"https:\/\/api.w.org\/{rel}","templated":true}]}}