{"id":61735,"date":"2022-10-21T08:44:54","date_gmt":"2022-10-21T11:44:54","guid":{"rendered":"https:\/\/dana.com.br\/canaldana\/?p=61735"},"modified":"2022-10-21T08:44:54","modified_gmt":"2022-10-21T11:44:54","slug":"caminhoes-iveco-contam-com-nova-cor-exclusiva-para-o-outubro-rosa","status":"publish","type":"post","link":"https:\/\/dana.com.br\/canaldana\/2022\/10\/21\/caminhoes-iveco-contam-com-nova-cor-exclusiva-para-o-outubro-rosa\/","title":{"rendered":"Caminh\u00f5es Iveco contam com nova cor exclusiva para o Outubro Rosa"},"content":{"rendered":"<p><em>Blog do Caminhoneiro<\/em><\/p>\n<p>&nbsp;<\/p>\n<p>Clientes da Iveco podem encomendar seus caminh\u00f5es com uma nova cor, criada exclusivamente para o Outubro Rosa, m\u00eas de conscientiza\u00e7\u00e3o sobre a preven\u00e7\u00e3o e o tratamento do c\u00e2ncer de mama. A nova cor \u00e9 chamada de Rose Gold Iveco, e foi desenvolvida pela PPG, uma fabricante global de tintas e revestimentos.<\/p>\n<p>&nbsp;<\/p>\n<p>\u201cO Rose Gold Iveco re\u00fane tend\u00eancias do mercado, resultando em uma cor moderna e sofisticada. Estar presente nesse lan\u00e7amento tamb\u00e9m foi importante para n\u00f3s pois n\u00e3o s\u00f3 apoiamos a conscientiza\u00e7\u00e3o sobre o Outubro Rosa, mas tamb\u00e9m as causas que envolvem diversidade, equidade e inclus\u00e3o. Sabemos do crescimento do n\u00famero de caminhoneiras e a IVECO se mostrou aberta para o desenvolvimento de novas cores para esse mercado\u201d, diz Ricardo Morelli, gerente t\u00e9cnico da PPG para Revestimentos Automotivos.<\/p>\n<p>&nbsp;<\/p>\n<p>O processo de desenvolvimento da cor, incluindo teste de qualidade e outros fatores t\u00e9cnicos, levou nove meses. Como resultado, o produto proporciona alto impacto de luminosidade. Dessa forma, dependendo da posi\u00e7\u00e3o do observador, os pontos de luz mudam, fazendo com que a tonalidade rosa fique destacada com mais ou menos intensidade.<\/p>\n<p>&nbsp;<\/p>\n<p>Para o desenvolvimento da cor, foi usada uma tecnologia de ponta, com tinta de dupla camada que tem alta resist\u00eancia qu\u00edmica e contra intemp\u00e9ries \u2013 ideal para o revestimento de caminh\u00f5es.<\/p>\n<p>&nbsp;<\/p>\n<p>\u201cNeste m\u00eas, al\u00e9m das iniciativas para os nossos colaboradores, n\u00f3s tamb\u00e9m pensamos em uma forma de o Outubro Rosa ser transportado pelo pa\u00eds. Muito mais do que uma quest\u00e3o est\u00e9tica, os caminh\u00f5es na cor Rose Gold v\u00e3o carregar a mensagem da preven\u00e7\u00e3o, da supera\u00e7\u00e3o e homenagear as mulheres\u201d, afirma Bernardo Brand\u00e3o, diretor de Marketing e Portf\u00f3lio de Produtos da Iveco para a Am\u00e9rica Latina.<\/p>\n<p>&nbsp;<\/p>\n<p>A Iveco \u00e9 parceira local e global da PPG, para a qual a companhia oferece uma ampla gama de cores. O Rose Gold Iveco \u00e9 uma cor exclusiva e diferenciada, considerando o setor automotivo, que mostra o quanto as duas empresas lan\u00e7am tend\u00eancias nesse mercado.<\/p>\n<p>&nbsp;<\/p>\n<p>Os produtos da PPG s\u00e3o desenvolvidos levando em conta qualidade e sustentabilidade, com processos com baixa emiss\u00e3o de compostos org\u00e2nicos vol\u00e1teis (VOC), redu\u00e7\u00e3o do uso de energia e economia de \u00e1gua. (Blog do Caminhoneiro)<\/p>\n","protected":false},"excerpt":{"rendered":"<p>Blog do Caminhoneiro &nbsp; Clientes da Iveco podem encomendar seus caminh\u00f5es com uma nova cor, criada exclusivamente para o Outubro Rosa, m\u00eas de conscientiza\u00e7\u00e3o sobre a preven\u00e7\u00e3o e o tratamento do c\u00e2ncer de mama. A nova cor \u00e9 chamada de Rose Gold Iveco, e foi desenvolvida pela PPG, uma fabricante global de tintas e revestimentos.\u2026 <a class=\"readmore\" href=\"https:\/\/dana.com.br\/canaldana\/2022\/10\/21\/caminhoes-iveco-contam-com-nova-cor-exclusiva-para-o-outubro-rosa\/\">Leia mais \u00bb<\/a><\/p>\n","protected":false},"author":3,"featured_media":0,"comment_status":"closed","ping_status":"closed","sticky":false,"template":"","format":"standard","meta":{"_acf_changed":false,"footnotes":""},"categories":[79],"tags":[],"class_list":["post-61735","post","type-post","status-publish","format-standard","hentry","category-mercado"],"acf":[],"yoast_head":"<!-- This site is optimized with the Yoast SEO plugin v27.3 - https:\/\/yoast.com\/product\/yoast-seo-wordpress\/ -->\n<title>Caminh\u00f5es Iveco contam com nova cor exclusiva para o Outubro Rosa - Canal Dana<\/title>\n<meta name=\"robots\" content=\"index, follow, max-snippet:-1, max-image-preview:large, max-video-preview:-1\" \/>\n<link rel=\"canonical\" href=\"https:\/\/dana.com.br\/canaldana\/2022\/10\/21\/caminhoes-iveco-contam-com-nova-cor-exclusiva-para-o-outubro-rosa\/\" \/>\n<meta property=\"og:locale\" content=\"pt_BR\" \/>\n<meta property=\"og:type\" content=\"article\" \/>\n<meta property=\"og:title\" content=\"Caminh\u00f5es Iveco contam com nova cor exclusiva para o Outubro Rosa - Canal Dana\" \/>\n<meta property=\"og:description\" content=\"Blog do Caminhoneiro &nbsp; Clientes da Iveco podem encomendar seus caminh\u00f5es com uma nova cor, criada exclusivamente para o Outubro Rosa, m\u00eas de conscientiza\u00e7\u00e3o sobre a preven\u00e7\u00e3o e o tratamento do c\u00e2ncer de mama. A nova cor \u00e9 chamada de Rose Gold Iveco, e foi desenvolvida pela PPG, uma fabricante global de tintas e revestimentos.\u2026 Leia mais \u00bb\" \/>\n<meta property=\"og:url\" content=\"https:\/\/dana.com.br\/canaldana\/2022\/10\/21\/caminhoes-iveco-contam-com-nova-cor-exclusiva-para-o-outubro-rosa\/\" \/>\n<meta property=\"og:site_name\" content=\"Canal Dana\" \/>\n<meta property=\"article:published_time\" content=\"2022-10-21T11:44:54+00:00\" \/>\n<meta name=\"author\" content=\"Canal Dana\" \/>\n<meta name=\"twitter:card\" content=\"summary_large_image\" \/>\n<meta name=\"twitter:label1\" content=\"Escrito por\" \/>\n\t<meta name=\"twitter:data1\" content=\"Canal Dana\" \/>\n\t<meta name=\"twitter:label2\" content=\"Est. tempo de leitura\" \/>\n\t<meta name=\"twitter:data2\" content=\"2 minutos\" \/>\n<script type=\"application\/ld+json\" class=\"yoast-schema-graph\">{\"@context\":\"https:\\\/\\\/schema.org\",\"@graph\":[{\"@type\":\"Article\",\"@id\":\"https:\\\/\\\/dana.com.br\\\/canaldana\\\/2022\\\/10\\\/21\\\/caminhoes-iveco-contam-com-nova-cor-exclusiva-para-o-outubro-rosa\\\/#article\",\"isPartOf\":{\"@id\":\"https:\\\/\\\/dana.com.br\\\/canaldana\\\/2022\\\/10\\\/21\\\/caminhoes-iveco-contam-com-nova-cor-exclusiva-para-o-outubro-rosa\\\/\"},\"author\":{\"name\":\"Canal Dana\",\"@id\":\"https:\\\/\\\/dana.com.br\\\/canaldana\\\/#\\\/schema\\\/person\\\/3c21f22f56fcf3bc46b94bc60ea4fef6\"},\"headline\":\"Caminh\u00f5es Iveco contam com nova cor exclusiva para o Outubro Rosa\",\"datePublished\":\"2022-10-21T11:44:54+00:00\",\"mainEntityOfPage\":{\"@id\":\"https:\\\/\\\/dana.com.br\\\/canaldana\\\/2022\\\/10\\\/21\\\/caminhoes-iveco-contam-com-nova-cor-exclusiva-para-o-outubro-rosa\\\/\"},\"wordCount\":413,\"articleSection\":[\"Mercado\"],\"inLanguage\":\"pt-BR\"},{\"@type\":\"WebPage\",\"@id\":\"https:\\\/\\\/dana.com.br\\\/canaldana\\\/2022\\\/10\\\/21\\\/caminhoes-iveco-contam-com-nova-cor-exclusiva-para-o-outubro-rosa\\\/\",\"url\":\"https:\\\/\\\/dana.com.br\\\/canaldana\\\/2022\\\/10\\\/21\\\/caminhoes-iveco-contam-com-nova-cor-exclusiva-para-o-outubro-rosa\\\/\",\"name\":\"Caminh\u00f5es Iveco contam com nova cor exclusiva para o Outubro Rosa - Canal Dana\",\"isPartOf\":{\"@id\":\"https:\\\/\\\/dana.com.br\\\/canaldana\\\/#website\"},\"datePublished\":\"2022-10-21T11:44:54+00:00\",\"author\":{\"@id\":\"https:\\\/\\\/dana.com.br\\\/canaldana\\\/#\\\/schema\\\/person\\\/3c21f22f56fcf3bc46b94bc60ea4fef6\"},\"breadcrumb\":{\"@id\":\"https:\\\/\\\/dana.com.br\\\/canaldana\\\/2022\\\/10\\\/21\\\/caminhoes-iveco-contam-com-nova-cor-exclusiva-para-o-outubro-rosa\\\/#breadcrumb\"},\"inLanguage\":\"pt-BR\",\"potentialAction\":[{\"@type\":\"ReadAction\",\"target\":[\"https:\\\/\\\/dana.com.br\\\/canaldana\\\/2022\\\/10\\\/21\\\/caminhoes-iveco-contam-com-nova-cor-exclusiva-para-o-outubro-rosa\\\/\"]}]},{\"@type\":\"BreadcrumbList\",\"@id\":\"https:\\\/\\\/dana.com.br\\\/canaldana\\\/2022\\\/10\\\/21\\\/caminhoes-iveco-contam-com-nova-cor-exclusiva-para-o-outubro-rosa\\\/#breadcrumb\",\"itemListElement\":[{\"@type\":\"ListItem\",\"position\":1,\"name\":\"Home\",\"item\":\"https:\\\/\\\/dana.com.br\\\/canaldana\\\/\"},{\"@type\":\"ListItem\",\"position\":2,\"name\":\"Mercado\",\"item\":\"https:\\\/\\\/dana.com.br\\\/canaldana\\\/mercado\\\/\"},{\"@type\":\"ListItem\",\"position\":3,\"name\":\"Caminh\u00f5es Iveco contam com nova cor exclusiva para o Outubro Rosa\"}]},{\"@type\":\"WebSite\",\"@id\":\"https:\\\/\\\/dana.com.br\\\/canaldana\\\/#website\",\"url\":\"https:\\\/\\\/dana.com.br\\\/canaldana\\\/\",\"name\":\"Canal Dana\",\"description\":\"Informativo com as principais not\u00edcias da ind\u00fastria automotiva\",\"potentialAction\":[{\"@type\":\"SearchAction\",\"target\":{\"@type\":\"EntryPoint\",\"urlTemplate\":\"https:\\\/\\\/dana.com.br\\\/canaldana\\\/?s={search_term_string}\"},\"query-input\":{\"@type\":\"PropertyValueSpecification\",\"valueRequired\":true,\"valueName\":\"search_term_string\"}}],\"inLanguage\":\"pt-BR\"},{\"@type\":\"Person\",\"@id\":\"https:\\\/\\\/dana.com.br\\\/canaldana\\\/#\\\/schema\\\/person\\\/3c21f22f56fcf3bc46b94bc60ea4fef6\",\"name\":\"Canal Dana\",\"image\":{\"@type\":\"ImageObject\",\"inLanguage\":\"pt-BR\",\"@id\":\"https:\\\/\\\/secure.gravatar.com\\\/avatar\\\/420aaf9278582877d9018637c6817617705899d2858d7572ef0fe59a6b6454b4?s=96&d=mm&r=g\",\"url\":\"https:\\\/\\\/secure.gravatar.com\\\/avatar\\\/420aaf9278582877d9018637c6817617705899d2858d7572ef0fe59a6b6454b4?s=96&d=mm&r=g\",\"contentUrl\":\"https:\\\/\\\/secure.gravatar.com\\\/avatar\\\/420aaf9278582877d9018637c6817617705899d2858d7572ef0fe59a6b6454b4?s=96&d=mm&r=g\",\"caption\":\"Canal Dana\"},\"url\":\"https:\\\/\\\/dana.com.br\\\/canaldana\\\/author\\\/cdeditor\\\/\"}]}<\/script>\n<!-- \/ Yoast SEO plugin. -->","yoast_head_json":{"title":"Caminh\u00f5es Iveco contam com nova cor exclusiva para o Outubro Rosa - Canal Dana","robots":{"index":"index","follow":"follow","max-snippet":"max-snippet:-1","max-image-preview":"max-image-preview:large","max-video-preview":"max-video-preview:-1"},"canonical":"https:\/\/dana.com.br\/canaldana\/2022\/10\/21\/caminhoes-iveco-contam-com-nova-cor-exclusiva-para-o-outubro-rosa\/","og_locale":"pt_BR","og_type":"article","og_title":"Caminh\u00f5es Iveco contam com nova cor exclusiva para o Outubro Rosa - Canal Dana","og_description":"Blog do Caminhoneiro &nbsp; Clientes da Iveco podem encomendar seus caminh\u00f5es com uma nova cor, criada exclusivamente para o Outubro Rosa, m\u00eas de conscientiza\u00e7\u00e3o sobre a preven\u00e7\u00e3o e o tratamento do c\u00e2ncer de mama. A nova cor \u00e9 chamada de Rose Gold Iveco, e foi desenvolvida pela PPG, uma fabricante global de tintas e revestimentos.\u2026 Leia mais \u00bb","og_url":"https:\/\/dana.com.br\/canaldana\/2022\/10\/21\/caminhoes-iveco-contam-com-nova-cor-exclusiva-para-o-outubro-rosa\/","og_site_name":"Canal Dana","article_published_time":"2022-10-21T11:44:54+00:00","author":"Canal Dana","twitter_card":"summary_large_image","twitter_misc":{"Escrito por":"Canal Dana","Est. tempo de leitura":"2 minutos"},"schema":{"@context":"https:\/\/schema.org","@graph":[{"@type":"Article","@id":"https:\/\/dana.com.br\/canaldana\/2022\/10\/21\/caminhoes-iveco-contam-com-nova-cor-exclusiva-para-o-outubro-rosa\/#article","isPartOf":{"@id":"https:\/\/dana.com.br\/canaldana\/2022\/10\/21\/caminhoes-iveco-contam-com-nova-cor-exclusiva-para-o-outubro-rosa\/"},"author":{"name":"Canal Dana","@id":"https:\/\/dana.com.br\/canaldana\/#\/schema\/person\/3c21f22f56fcf3bc46b94bc60ea4fef6"},"headline":"Caminh\u00f5es Iveco contam com nova cor exclusiva para o Outubro Rosa","datePublished":"2022-10-21T11:44:54+00:00","mainEntityOfPage":{"@id":"https:\/\/dana.com.br\/canaldana\/2022\/10\/21\/caminhoes-iveco-contam-com-nova-cor-exclusiva-para-o-outubro-rosa\/"},"wordCount":413,"articleSection":["Mercado"],"inLanguage":"pt-BR"},{"@type":"WebPage","@id":"https:\/\/dana.com.br\/canaldana\/2022\/10\/21\/caminhoes-iveco-contam-com-nova-cor-exclusiva-para-o-outubro-rosa\/","url":"https:\/\/dana.com.br\/canaldana\/2022\/10\/21\/caminhoes-iveco-contam-com-nova-cor-exclusiva-para-o-outubro-rosa\/","name":"Caminh\u00f5es Iveco contam com nova cor exclusiva para o Outubro Rosa - Canal Dana","isPartOf":{"@id":"https:\/\/dana.com.br\/canaldana\/#website"},"datePublished":"2022-10-21T11:44:54+00:00","author":{"@id":"https:\/\/dana.com.br\/canaldana\/#\/schema\/person\/3c21f22f56fcf3bc46b94bc60ea4fef6"},"breadcrumb":{"@id":"https:\/\/dana.com.br\/canaldana\/2022\/10\/21\/caminhoes-iveco-contam-com-nova-cor-exclusiva-para-o-outubro-rosa\/#breadcrumb"},"inLanguage":"pt-BR","potentialAction":[{"@type":"ReadAction","target":["https:\/\/dana.com.br\/canaldana\/2022\/10\/21\/caminhoes-iveco-contam-com-nova-cor-exclusiva-para-o-outubro-rosa\/"]}]},{"@type":"BreadcrumbList","@id":"https:\/\/dana.com.br\/canaldana\/2022\/10\/21\/caminhoes-iveco-contam-com-nova-cor-exclusiva-para-o-outubro-rosa\/#breadcrumb","itemListElement":[{"@type":"ListItem","position":1,"name":"Home","item":"https:\/\/dana.com.br\/canaldana\/"},{"@type":"ListItem","position":2,"name":"Mercado","item":"https:\/\/dana.com.br\/canaldana\/mercado\/"},{"@type":"ListItem","position":3,"name":"Caminh\u00f5es Iveco contam com nova cor exclusiva para o Outubro Rosa"}]},{"@type":"WebSite","@id":"https:\/\/dana.com.br\/canaldana\/#website","url":"https:\/\/dana.com.br\/canaldana\/","name":"Canal Dana","description":"Informativo com as principais not\u00edcias da ind\u00fastria automotiva","potentialAction":[{"@type":"SearchAction","target":{"@type":"EntryPoint","urlTemplate":"https:\/\/dana.com.br\/canaldana\/?s={search_term_string}"},"query-input":{"@type":"PropertyValueSpecification","valueRequired":true,"valueName":"search_term_string"}}],"inLanguage":"pt-BR"},{"@type":"Person","@id":"https:\/\/dana.com.br\/canaldana\/#\/schema\/person\/3c21f22f56fcf3bc46b94bc60ea4fef6","name":"Canal Dana","image":{"@type":"ImageObject","inLanguage":"pt-BR","@id":"https:\/\/secure.gravatar.com\/avatar\/420aaf9278582877d9018637c6817617705899d2858d7572ef0fe59a6b6454b4?s=96&d=mm&r=g","url":"https:\/\/secure.gravatar.com\/avatar\/420aaf9278582877d9018637c6817617705899d2858d7572ef0fe59a6b6454b4?s=96&d=mm&r=g","contentUrl":"https:\/\/secure.gravatar.com\/avatar\/420aaf9278582877d9018637c6817617705899d2858d7572ef0fe59a6b6454b4?s=96&d=mm&r=g","caption":"Canal Dana"},"url":"https:\/\/dana.com.br\/canaldana\/author\/cdeditor\/"}]}},"_links":{"self":[{"href":"https:\/\/dana.com.br\/canaldana\/wp-json\/wp\/v2\/posts\/61735","targetHints":{"allow":["GET"]}}],"collection":[{"href":"https:\/\/dana.com.br\/canaldana\/wp-json\/wp\/v2\/posts"}],"about":[{"href":"https:\/\/dana.com.br\/canaldana\/wp-json\/wp\/v2\/types\/post"}],"author":[{"embeddable":true,"href":"https:\/\/dana.com.br\/canaldana\/wp-json\/wp\/v2\/users\/3"}],"replies":[{"embeddable":true,"href":"https:\/\/dana.com.br\/canaldana\/wp-json\/wp\/v2\/comments?post=61735"}],"version-history":[{"count":0,"href":"https:\/\/dana.com.br\/canaldana\/wp-json\/wp\/v2\/posts\/61735\/revisions"}],"wp:attachment":[{"href":"https:\/\/dana.com.br\/canaldana\/wp-json\/wp\/v2\/media?parent=61735"}],"wp:term":[{"taxonomy":"category","embeddable":true,"href":"https:\/\/dana.com.br\/canaldana\/wp-json\/wp\/v2\/categories?post=61735"},{"taxonomy":"post_tag","embeddable":true,"href":"https:\/\/dana.com.br\/canaldana\/wp-json\/wp\/v2\/tags?post=61735"}],"curies":[{"name":"wp","href":"https:\/\/api.w.org\/{rel}","templated":true}]}}