{"id":61733,"date":"2022-10-21T08:44:24","date_gmt":"2022-10-21T11:44:24","guid":{"rendered":"https:\/\/dana.com.br\/canaldana\/?p=61733"},"modified":"2022-10-21T08:44:24","modified_gmt":"2022-10-21T11:44:24","slug":"o-motor-do-carro-superaqueceu-o-que-fazer","status":"publish","type":"post","link":"https:\/\/dana.com.br\/canaldana\/2022\/10\/21\/o-motor-do-carro-superaqueceu-o-que-fazer\/","title":{"rendered":"O motor do carro superaqueceu. O que fazer?"},"content":{"rendered":"<p><em>O Estado de S. Paulo<\/em><\/p>\n<p>&nbsp;<\/p>\n<p>Acena j\u00e1 foi mais comum no passado, mas ainda hoje \u00e9 poss\u00edvel se deparar com ve\u00edculos parados no acostamento de estradas (principalmente em trechos de serra) com o cap\u00f4 aberto envolto em vapor d\u2019\u00e1gua. A cena descreve o caso cl\u00e1ssico de superaquecimento do motor, que poderia ser evitado com a peri\u00f3dica manuten\u00e7\u00e3o do ve\u00edculo e verifica\u00e7\u00e3o do n\u00edvel do l\u00edquido de arrefecimento do propulsor.<\/p>\n<p>&nbsp;<\/p>\n<p>Atualmente, alguns ve\u00edculos possuem indicador anal\u00f3gico da temperatura do l\u00edquido de arrefecimento, enquanto outros contam apenas com uma luz de advert\u00eancia.<\/p>\n<p>&nbsp;<\/p>\n<p>Se um dos dois alertar para o risco de superaquecimento e voc\u00ea perceber que o carro est\u00e1 perdendo rendimento ou passar a ouvir ru\u00eddos como leves batidas vindas do compartimento do motor, reduza a velocidade e pare em um local seguro o quanto antes. N\u00e3o se esque\u00e7a de acionar a sinaliza\u00e7\u00e3o de emerg\u00eancia (pisca-alerta).<\/p>\n<p>&nbsp;<\/p>\n<p>Caso perceba que vapor d\u2019\u00e1gua est\u00e1 saindo do compartimento do motor ou que existe vazamento do l\u00edquido de arrefecimento na parte inferior do carro, desligue o carro.<\/p>\n<p>&nbsp;<\/p>\n<p>Aten\u00e7\u00e3o: n\u00e3o abra o compartimento nem o reservat\u00f3rio enquanto observar esses sinais, sob risco de sofrer queimaduras graves! \u00c9 preciso ter algum conhecimento de mec\u00e2nica para tentar descobrir a causa do superaquecimento e solucion\u00e1-lo, se poss\u00edvel. N\u00e3o sendo o caso, o melhor \u00e9 chamar o socorro mec\u00e2nico. \u00c0s vezes, \u00e9 poss\u00edvel seguir em frente se n\u00e3o perceber sinais de vazamento do l\u00edquido de arrefecimento (\u00e9 importante lembrar que um pouco de \u00e1gua pode escorrer para baixo do ve\u00edculo ap\u00f3s o uso do ar-condicionado) nem de vapor d\u2019\u00e1gua, mantenha o carro ligado e cheque se o ventilador do radiador est\u00e1 funcionando. Caso n\u00e3o esteja, desligue o motor e confira se a correia da bomba d\u2019\u00e1gua est\u00e1 em boas condi\u00e7\u00f5es.<\/p>\n<p>&nbsp;<\/p>\n<p>Ap\u00f3s aguardar o motor esfriar, verifique o n\u00edvel do reservat\u00f3rio do l\u00edquido de arrefecimento. Se estiver baixo e n\u00e3o houver sinais de vazamento (confira o estado das mangueiras e tubula\u00e7\u00f5es), abra o compartimento com cuidado e complete com o produto recomendado pela montadora. Encaminhe o ve\u00edculo a uma oficina assim que poss\u00edvel, pois o sistema pode estar com problemas ainda impercept\u00edveis para voc\u00ea.<\/p>\n<p>&nbsp;<\/p>\n<p>&#8220;A condi\u00e7\u00e3o de fervura pode provocar danos irrevers\u00edveis, e o motor vai precisar ser reparado\u201d, explica Gabriel Loureiro, diretor t\u00e9cnico da Kia Motors do Brasil.<\/p>\n<p>&nbsp;<\/p>\n<p>Ele ressalta que a melhor forma de evitar esse tipo de problema \u00e9 verificar periodicamente o n\u00edvel do l\u00edquido de arrefecimento, al\u00e9m de seguir o programa de manuten\u00e7\u00e3o preventiva recomendado pela fabricante do ve\u00edculo. Dessa forma, a probabilidade de ficar parado no caminho fica bastante reduzida. (O Estado de S. Paulo)<\/p>\n","protected":false},"excerpt":{"rendered":"<p>O Estado de S. Paulo &nbsp; Acena j\u00e1 foi mais comum no passado, mas ainda hoje \u00e9 poss\u00edvel se deparar com ve\u00edculos parados no acostamento de estradas (principalmente em trechos de serra) com o cap\u00f4 aberto envolto em vapor d\u2019\u00e1gua. A cena descreve o caso cl\u00e1ssico de superaquecimento do motor, que poderia ser evitado com\u2026 <a class=\"readmore\" href=\"https:\/\/dana.com.br\/canaldana\/2022\/10\/21\/o-motor-do-carro-superaqueceu-o-que-fazer\/\">Leia mais \u00bb<\/a><\/p>\n","protected":false},"author":3,"featured_media":0,"comment_status":"closed","ping_status":"closed","sticky":false,"template":"","format":"standard","meta":{"_acf_changed":false,"footnotes":""},"categories":[79],"tags":[],"class_list":["post-61733","post","type-post","status-publish","format-standard","hentry","category-mercado"],"acf":[],"yoast_head":"<!-- This site is optimized with the Yoast SEO plugin v27.3 - https:\/\/yoast.com\/product\/yoast-seo-wordpress\/ -->\n<title>O motor do carro superaqueceu. O que fazer? - Canal Dana<\/title>\n<meta name=\"robots\" content=\"index, follow, max-snippet:-1, max-image-preview:large, max-video-preview:-1\" \/>\n<link rel=\"canonical\" href=\"https:\/\/dana.com.br\/canaldana\/2022\/10\/21\/o-motor-do-carro-superaqueceu-o-que-fazer\/\" \/>\n<meta property=\"og:locale\" content=\"pt_BR\" \/>\n<meta property=\"og:type\" content=\"article\" \/>\n<meta property=\"og:title\" content=\"O motor do carro superaqueceu. O que fazer? - Canal Dana\" \/>\n<meta property=\"og:description\" content=\"O Estado de S. Paulo &nbsp; Acena j\u00e1 foi mais comum no passado, mas ainda hoje \u00e9 poss\u00edvel se deparar com ve\u00edculos parados no acostamento de estradas (principalmente em trechos de serra) com o cap\u00f4 aberto envolto em vapor d\u2019\u00e1gua. A cena descreve o caso cl\u00e1ssico de superaquecimento do motor, que poderia ser evitado com\u2026 Leia mais \u00bb\" \/>\n<meta property=\"og:url\" content=\"https:\/\/dana.com.br\/canaldana\/2022\/10\/21\/o-motor-do-carro-superaqueceu-o-que-fazer\/\" \/>\n<meta property=\"og:site_name\" content=\"Canal Dana\" \/>\n<meta property=\"article:published_time\" content=\"2022-10-21T11:44:24+00:00\" \/>\n<meta name=\"author\" content=\"Canal Dana\" \/>\n<meta name=\"twitter:card\" content=\"summary_large_image\" \/>\n<meta name=\"twitter:label1\" content=\"Escrito por\" \/>\n\t<meta name=\"twitter:data1\" content=\"Canal Dana\" \/>\n\t<meta name=\"twitter:label2\" content=\"Est. tempo de leitura\" \/>\n\t<meta name=\"twitter:data2\" content=\"2 minutos\" \/>\n<script type=\"application\/ld+json\" class=\"yoast-schema-graph\">{\"@context\":\"https:\\\/\\\/schema.org\",\"@graph\":[{\"@type\":\"Article\",\"@id\":\"https:\\\/\\\/dana.com.br\\\/canaldana\\\/2022\\\/10\\\/21\\\/o-motor-do-carro-superaqueceu-o-que-fazer\\\/#article\",\"isPartOf\":{\"@id\":\"https:\\\/\\\/dana.com.br\\\/canaldana\\\/2022\\\/10\\\/21\\\/o-motor-do-carro-superaqueceu-o-que-fazer\\\/\"},\"author\":{\"name\":\"Canal Dana\",\"@id\":\"https:\\\/\\\/dana.com.br\\\/canaldana\\\/#\\\/schema\\\/person\\\/3c21f22f56fcf3bc46b94bc60ea4fef6\"},\"headline\":\"O motor do carro superaqueceu. O que fazer?\",\"datePublished\":\"2022-10-21T11:44:24+00:00\",\"mainEntityOfPage\":{\"@id\":\"https:\\\/\\\/dana.com.br\\\/canaldana\\\/2022\\\/10\\\/21\\\/o-motor-do-carro-superaqueceu-o-que-fazer\\\/\"},\"wordCount\":493,\"articleSection\":[\"Mercado\"],\"inLanguage\":\"pt-BR\"},{\"@type\":\"WebPage\",\"@id\":\"https:\\\/\\\/dana.com.br\\\/canaldana\\\/2022\\\/10\\\/21\\\/o-motor-do-carro-superaqueceu-o-que-fazer\\\/\",\"url\":\"https:\\\/\\\/dana.com.br\\\/canaldana\\\/2022\\\/10\\\/21\\\/o-motor-do-carro-superaqueceu-o-que-fazer\\\/\",\"name\":\"O motor do carro superaqueceu. O que fazer? - Canal Dana\",\"isPartOf\":{\"@id\":\"https:\\\/\\\/dana.com.br\\\/canaldana\\\/#website\"},\"datePublished\":\"2022-10-21T11:44:24+00:00\",\"author\":{\"@id\":\"https:\\\/\\\/dana.com.br\\\/canaldana\\\/#\\\/schema\\\/person\\\/3c21f22f56fcf3bc46b94bc60ea4fef6\"},\"breadcrumb\":{\"@id\":\"https:\\\/\\\/dana.com.br\\\/canaldana\\\/2022\\\/10\\\/21\\\/o-motor-do-carro-superaqueceu-o-que-fazer\\\/#breadcrumb\"},\"inLanguage\":\"pt-BR\",\"potentialAction\":[{\"@type\":\"ReadAction\",\"target\":[\"https:\\\/\\\/dana.com.br\\\/canaldana\\\/2022\\\/10\\\/21\\\/o-motor-do-carro-superaqueceu-o-que-fazer\\\/\"]}]},{\"@type\":\"BreadcrumbList\",\"@id\":\"https:\\\/\\\/dana.com.br\\\/canaldana\\\/2022\\\/10\\\/21\\\/o-motor-do-carro-superaqueceu-o-que-fazer\\\/#breadcrumb\",\"itemListElement\":[{\"@type\":\"ListItem\",\"position\":1,\"name\":\"Home\",\"item\":\"https:\\\/\\\/dana.com.br\\\/canaldana\\\/\"},{\"@type\":\"ListItem\",\"position\":2,\"name\":\"Mercado\",\"item\":\"https:\\\/\\\/dana.com.br\\\/canaldana\\\/mercado\\\/\"},{\"@type\":\"ListItem\",\"position\":3,\"name\":\"O motor do carro superaqueceu. O que fazer?\"}]},{\"@type\":\"WebSite\",\"@id\":\"https:\\\/\\\/dana.com.br\\\/canaldana\\\/#website\",\"url\":\"https:\\\/\\\/dana.com.br\\\/canaldana\\\/\",\"name\":\"Canal Dana\",\"description\":\"Informativo com as principais not\u00edcias da ind\u00fastria automotiva\",\"potentialAction\":[{\"@type\":\"SearchAction\",\"target\":{\"@type\":\"EntryPoint\",\"urlTemplate\":\"https:\\\/\\\/dana.com.br\\\/canaldana\\\/?s={search_term_string}\"},\"query-input\":{\"@type\":\"PropertyValueSpecification\",\"valueRequired\":true,\"valueName\":\"search_term_string\"}}],\"inLanguage\":\"pt-BR\"},{\"@type\":\"Person\",\"@id\":\"https:\\\/\\\/dana.com.br\\\/canaldana\\\/#\\\/schema\\\/person\\\/3c21f22f56fcf3bc46b94bc60ea4fef6\",\"name\":\"Canal Dana\",\"image\":{\"@type\":\"ImageObject\",\"inLanguage\":\"pt-BR\",\"@id\":\"https:\\\/\\\/secure.gravatar.com\\\/avatar\\\/420aaf9278582877d9018637c6817617705899d2858d7572ef0fe59a6b6454b4?s=96&d=mm&r=g\",\"url\":\"https:\\\/\\\/secure.gravatar.com\\\/avatar\\\/420aaf9278582877d9018637c6817617705899d2858d7572ef0fe59a6b6454b4?s=96&d=mm&r=g\",\"contentUrl\":\"https:\\\/\\\/secure.gravatar.com\\\/avatar\\\/420aaf9278582877d9018637c6817617705899d2858d7572ef0fe59a6b6454b4?s=96&d=mm&r=g\",\"caption\":\"Canal Dana\"},\"url\":\"https:\\\/\\\/dana.com.br\\\/canaldana\\\/author\\\/cdeditor\\\/\"}]}<\/script>\n<!-- \/ Yoast SEO plugin. -->","yoast_head_json":{"title":"O motor do carro superaqueceu. O que fazer? - Canal Dana","robots":{"index":"index","follow":"follow","max-snippet":"max-snippet:-1","max-image-preview":"max-image-preview:large","max-video-preview":"max-video-preview:-1"},"canonical":"https:\/\/dana.com.br\/canaldana\/2022\/10\/21\/o-motor-do-carro-superaqueceu-o-que-fazer\/","og_locale":"pt_BR","og_type":"article","og_title":"O motor do carro superaqueceu. O que fazer? - Canal Dana","og_description":"O Estado de S. Paulo &nbsp; Acena j\u00e1 foi mais comum no passado, mas ainda hoje \u00e9 poss\u00edvel se deparar com ve\u00edculos parados no acostamento de estradas (principalmente em trechos de serra) com o cap\u00f4 aberto envolto em vapor d\u2019\u00e1gua. A cena descreve o caso cl\u00e1ssico de superaquecimento do motor, que poderia ser evitado com\u2026 Leia mais \u00bb","og_url":"https:\/\/dana.com.br\/canaldana\/2022\/10\/21\/o-motor-do-carro-superaqueceu-o-que-fazer\/","og_site_name":"Canal Dana","article_published_time":"2022-10-21T11:44:24+00:00","author":"Canal Dana","twitter_card":"summary_large_image","twitter_misc":{"Escrito por":"Canal Dana","Est. tempo de leitura":"2 minutos"},"schema":{"@context":"https:\/\/schema.org","@graph":[{"@type":"Article","@id":"https:\/\/dana.com.br\/canaldana\/2022\/10\/21\/o-motor-do-carro-superaqueceu-o-que-fazer\/#article","isPartOf":{"@id":"https:\/\/dana.com.br\/canaldana\/2022\/10\/21\/o-motor-do-carro-superaqueceu-o-que-fazer\/"},"author":{"name":"Canal Dana","@id":"https:\/\/dana.com.br\/canaldana\/#\/schema\/person\/3c21f22f56fcf3bc46b94bc60ea4fef6"},"headline":"O motor do carro superaqueceu. O que fazer?","datePublished":"2022-10-21T11:44:24+00:00","mainEntityOfPage":{"@id":"https:\/\/dana.com.br\/canaldana\/2022\/10\/21\/o-motor-do-carro-superaqueceu-o-que-fazer\/"},"wordCount":493,"articleSection":["Mercado"],"inLanguage":"pt-BR"},{"@type":"WebPage","@id":"https:\/\/dana.com.br\/canaldana\/2022\/10\/21\/o-motor-do-carro-superaqueceu-o-que-fazer\/","url":"https:\/\/dana.com.br\/canaldana\/2022\/10\/21\/o-motor-do-carro-superaqueceu-o-que-fazer\/","name":"O motor do carro superaqueceu. O que fazer? - Canal Dana","isPartOf":{"@id":"https:\/\/dana.com.br\/canaldana\/#website"},"datePublished":"2022-10-21T11:44:24+00:00","author":{"@id":"https:\/\/dana.com.br\/canaldana\/#\/schema\/person\/3c21f22f56fcf3bc46b94bc60ea4fef6"},"breadcrumb":{"@id":"https:\/\/dana.com.br\/canaldana\/2022\/10\/21\/o-motor-do-carro-superaqueceu-o-que-fazer\/#breadcrumb"},"inLanguage":"pt-BR","potentialAction":[{"@type":"ReadAction","target":["https:\/\/dana.com.br\/canaldana\/2022\/10\/21\/o-motor-do-carro-superaqueceu-o-que-fazer\/"]}]},{"@type":"BreadcrumbList","@id":"https:\/\/dana.com.br\/canaldana\/2022\/10\/21\/o-motor-do-carro-superaqueceu-o-que-fazer\/#breadcrumb","itemListElement":[{"@type":"ListItem","position":1,"name":"Home","item":"https:\/\/dana.com.br\/canaldana\/"},{"@type":"ListItem","position":2,"name":"Mercado","item":"https:\/\/dana.com.br\/canaldana\/mercado\/"},{"@type":"ListItem","position":3,"name":"O motor do carro superaqueceu. O que fazer?"}]},{"@type":"WebSite","@id":"https:\/\/dana.com.br\/canaldana\/#website","url":"https:\/\/dana.com.br\/canaldana\/","name":"Canal Dana","description":"Informativo com as principais not\u00edcias da ind\u00fastria automotiva","potentialAction":[{"@type":"SearchAction","target":{"@type":"EntryPoint","urlTemplate":"https:\/\/dana.com.br\/canaldana\/?s={search_term_string}"},"query-input":{"@type":"PropertyValueSpecification","valueRequired":true,"valueName":"search_term_string"}}],"inLanguage":"pt-BR"},{"@type":"Person","@id":"https:\/\/dana.com.br\/canaldana\/#\/schema\/person\/3c21f22f56fcf3bc46b94bc60ea4fef6","name":"Canal Dana","image":{"@type":"ImageObject","inLanguage":"pt-BR","@id":"https:\/\/secure.gravatar.com\/avatar\/420aaf9278582877d9018637c6817617705899d2858d7572ef0fe59a6b6454b4?s=96&d=mm&r=g","url":"https:\/\/secure.gravatar.com\/avatar\/420aaf9278582877d9018637c6817617705899d2858d7572ef0fe59a6b6454b4?s=96&d=mm&r=g","contentUrl":"https:\/\/secure.gravatar.com\/avatar\/420aaf9278582877d9018637c6817617705899d2858d7572ef0fe59a6b6454b4?s=96&d=mm&r=g","caption":"Canal Dana"},"url":"https:\/\/dana.com.br\/canaldana\/author\/cdeditor\/"}]}},"_links":{"self":[{"href":"https:\/\/dana.com.br\/canaldana\/wp-json\/wp\/v2\/posts\/61733","targetHints":{"allow":["GET"]}}],"collection":[{"href":"https:\/\/dana.com.br\/canaldana\/wp-json\/wp\/v2\/posts"}],"about":[{"href":"https:\/\/dana.com.br\/canaldana\/wp-json\/wp\/v2\/types\/post"}],"author":[{"embeddable":true,"href":"https:\/\/dana.com.br\/canaldana\/wp-json\/wp\/v2\/users\/3"}],"replies":[{"embeddable":true,"href":"https:\/\/dana.com.br\/canaldana\/wp-json\/wp\/v2\/comments?post=61733"}],"version-history":[{"count":0,"href":"https:\/\/dana.com.br\/canaldana\/wp-json\/wp\/v2\/posts\/61733\/revisions"}],"wp:attachment":[{"href":"https:\/\/dana.com.br\/canaldana\/wp-json\/wp\/v2\/media?parent=61733"}],"wp:term":[{"taxonomy":"category","embeddable":true,"href":"https:\/\/dana.com.br\/canaldana\/wp-json\/wp\/v2\/categories?post=61733"},{"taxonomy":"post_tag","embeddable":true,"href":"https:\/\/dana.com.br\/canaldana\/wp-json\/wp\/v2\/tags?post=61733"}],"curies":[{"name":"wp","href":"https:\/\/api.w.org\/{rel}","templated":true}]}}