{"id":61589,"date":"2022-10-14T09:15:56","date_gmt":"2022-10-14T12:15:56","guid":{"rendered":"https:\/\/dana.com.br\/canaldana\/?p=61589"},"modified":"2022-10-14T09:15:56","modified_gmt":"2022-10-14T12:15:56","slug":"mercado-internacional-do-diesel-e-o-cambio-pressionam-os-precos-domesticos-diz-abicom","status":"publish","type":"post","link":"https:\/\/dana.com.br\/canaldana\/2022\/10\/14\/mercado-internacional-do-diesel-e-o-cambio-pressionam-os-precos-domesticos-diz-abicom\/","title":{"rendered":"Mercado internacional do diesel e o c\u00e2mbio pressionam os pre\u00e7os dom\u00e9sticos, diz ABICOM"},"content":{"rendered":"<p><em>Frota &amp; Cia <\/em><\/p>\n<p>&nbsp;<\/p>\n<p>A Associa\u00e7\u00e3o Brasileira dos Importadores de Combust\u00edveis (Abicom) revelou, em seu informe mensal, que o mercado internacional do diesel e o c\u00e2mbio pressionam os pre\u00e7os dom\u00e9sticos. Assim, a arbitragem est\u00e1 desfavor\u00e1vel para importa\u00e7\u00f5es.<\/p>\n<p>&nbsp;<\/p>\n<p>O diesel no mercado brasileiro deveria subir R$ 0,62 por litro para ficar alinhado aos valores cobrados no mercado internacional, segundo a associa\u00e7\u00e3o.<\/p>\n<p>&nbsp;<\/p>\n<p>A entidade viu uma defasagem de 11% no pre\u00e7o do combust\u00edvel \u2013 que tende a subir ainda mais globalmente por conta da chegada do inverno no Hemisf\u00e9rio Norte, conforme relat\u00f3rio di\u00e1rio da Abicom divulgado na sexta-feira (7).<\/p>\n<p>&nbsp;<\/p>\n<p>O petr\u00f3leo passou a subir no mundo inteiro depois que a Organiza\u00e7\u00e3o dos Pa\u00edses Exportadores de Petr\u00f3leo e aliados (Opep+) decidiu cortar sua produ\u00e7\u00e3o em 2 milh\u00f5es de barris di\u00e1rios.<\/p>\n<p>&nbsp;<\/p>\n<p>De acordo com a Abicom, a gasolina tamb\u00e9m est\u00e1 com o pre\u00e7o defasado em rela\u00e7\u00e3o ao do Golfo do M\u00e9xico. Neste caso, a diferen\u00e7a chega a 9%, o que criaria a necessidade de um reajuste de R$ 0,32 por litro nas refinarias.<\/p>\n<p>&nbsp;<\/p>\n<p>As \u00faltimas altera\u00e7\u00f5es de pre\u00e7os anunciadas pela Petrobras foram realizados h\u00e1 18 dias, no caso do diesel, e h\u00e1 36 dias, no caso da gasolina. Ambos foram de queda, de 4,07% e 4,8%, respectivamente.<\/p>\n<p>&nbsp;<\/p>\n<p>Recentemente o presidente Jair Bolsonaro disse que espera sentir brevemente queda no pre\u00e7o do diesel com importa\u00e7\u00e3o.\u00a0 Existe uma tens\u00e3o entre Bolsonaro e a dire\u00e7\u00e3o da Petrobras para segurar os pre\u00e7os at\u00e9 o fim do 2.\u00ba turno das elei\u00e7\u00f5es. (Frota &amp; Cia\/Victor Fagarassi)<\/p>\n","protected":false},"excerpt":{"rendered":"<p>Frota &amp; Cia &nbsp; A Associa\u00e7\u00e3o Brasileira dos Importadores de Combust\u00edveis (Abicom) revelou, em seu informe mensal, que o mercado internacional do diesel e o c\u00e2mbio pressionam os pre\u00e7os dom\u00e9sticos. Assim, a arbitragem est\u00e1 desfavor\u00e1vel para importa\u00e7\u00f5es. &nbsp; O diesel no mercado brasileiro deveria subir R$ 0,62 por litro para ficar alinhado aos valores cobrados\u2026 <a class=\"readmore\" href=\"https:\/\/dana.com.br\/canaldana\/2022\/10\/14\/mercado-internacional-do-diesel-e-o-cambio-pressionam-os-precos-domesticos-diz-abicom\/\">Leia mais \u00bb<\/a><\/p>\n","protected":false},"author":3,"featured_media":0,"comment_status":"closed","ping_status":"closed","sticky":false,"template":"","format":"standard","meta":{"_acf_changed":false,"footnotes":""},"categories":[79],"tags":[],"class_list":["post-61589","post","type-post","status-publish","format-standard","hentry","category-mercado"],"acf":[],"yoast_head":"<!-- This site is optimized with the Yoast SEO plugin v27.3 - https:\/\/yoast.com\/product\/yoast-seo-wordpress\/ -->\n<title>Mercado internacional do diesel e o c\u00e2mbio pressionam os pre\u00e7os dom\u00e9sticos, diz ABICOM - Canal Dana<\/title>\n<meta name=\"robots\" content=\"index, follow, max-snippet:-1, max-image-preview:large, max-video-preview:-1\" \/>\n<link rel=\"canonical\" href=\"https:\/\/dana.com.br\/canaldana\/2022\/10\/14\/mercado-internacional-do-diesel-e-o-cambio-pressionam-os-precos-domesticos-diz-abicom\/\" \/>\n<meta property=\"og:locale\" content=\"pt_BR\" \/>\n<meta property=\"og:type\" content=\"article\" \/>\n<meta property=\"og:title\" content=\"Mercado internacional do diesel e o c\u00e2mbio pressionam os pre\u00e7os dom\u00e9sticos, diz ABICOM - Canal Dana\" \/>\n<meta property=\"og:description\" content=\"Frota &amp; Cia &nbsp; A Associa\u00e7\u00e3o Brasileira dos Importadores de Combust\u00edveis (Abicom) revelou, em seu informe mensal, que o mercado internacional do diesel e o c\u00e2mbio pressionam os pre\u00e7os dom\u00e9sticos. Assim, a arbitragem est\u00e1 desfavor\u00e1vel para importa\u00e7\u00f5es. &nbsp; O diesel no mercado brasileiro deveria subir R$ 0,62 por litro para ficar alinhado aos valores cobrados\u2026 Leia mais \u00bb\" \/>\n<meta property=\"og:url\" content=\"https:\/\/dana.com.br\/canaldana\/2022\/10\/14\/mercado-internacional-do-diesel-e-o-cambio-pressionam-os-precos-domesticos-diz-abicom\/\" \/>\n<meta property=\"og:site_name\" content=\"Canal Dana\" \/>\n<meta property=\"article:published_time\" content=\"2022-10-14T12:15:56+00:00\" \/>\n<meta name=\"author\" content=\"Canal Dana\" \/>\n<meta name=\"twitter:card\" content=\"summary_large_image\" \/>\n<meta name=\"twitter:label1\" content=\"Escrito por\" \/>\n\t<meta name=\"twitter:data1\" content=\"Canal Dana\" \/>\n\t<meta name=\"twitter:label2\" content=\"Est. tempo de leitura\" \/>\n\t<meta name=\"twitter:data2\" content=\"1 minuto\" \/>\n<script type=\"application\/ld+json\" class=\"yoast-schema-graph\">{\"@context\":\"https:\\\/\\\/schema.org\",\"@graph\":[{\"@type\":\"Article\",\"@id\":\"https:\\\/\\\/dana.com.br\\\/canaldana\\\/2022\\\/10\\\/14\\\/mercado-internacional-do-diesel-e-o-cambio-pressionam-os-precos-domesticos-diz-abicom\\\/#article\",\"isPartOf\":{\"@id\":\"https:\\\/\\\/dana.com.br\\\/canaldana\\\/2022\\\/10\\\/14\\\/mercado-internacional-do-diesel-e-o-cambio-pressionam-os-precos-domesticos-diz-abicom\\\/\"},\"author\":{\"name\":\"Canal Dana\",\"@id\":\"https:\\\/\\\/dana.com.br\\\/canaldana\\\/#\\\/schema\\\/person\\\/3c21f22f56fcf3bc46b94bc60ea4fef6\"},\"headline\":\"Mercado internacional do diesel e o c\u00e2mbio pressionam os pre\u00e7os dom\u00e9sticos, diz ABICOM\",\"datePublished\":\"2022-10-14T12:15:56+00:00\",\"mainEntityOfPage\":{\"@id\":\"https:\\\/\\\/dana.com.br\\\/canaldana\\\/2022\\\/10\\\/14\\\/mercado-internacional-do-diesel-e-o-cambio-pressionam-os-precos-domesticos-diz-abicom\\\/\"},\"wordCount\":290,\"articleSection\":[\"Mercado\"],\"inLanguage\":\"pt-BR\"},{\"@type\":\"WebPage\",\"@id\":\"https:\\\/\\\/dana.com.br\\\/canaldana\\\/2022\\\/10\\\/14\\\/mercado-internacional-do-diesel-e-o-cambio-pressionam-os-precos-domesticos-diz-abicom\\\/\",\"url\":\"https:\\\/\\\/dana.com.br\\\/canaldana\\\/2022\\\/10\\\/14\\\/mercado-internacional-do-diesel-e-o-cambio-pressionam-os-precos-domesticos-diz-abicom\\\/\",\"name\":\"Mercado internacional do diesel e o c\u00e2mbio pressionam os pre\u00e7os dom\u00e9sticos, diz ABICOM - Canal Dana\",\"isPartOf\":{\"@id\":\"https:\\\/\\\/dana.com.br\\\/canaldana\\\/#website\"},\"datePublished\":\"2022-10-14T12:15:56+00:00\",\"author\":{\"@id\":\"https:\\\/\\\/dana.com.br\\\/canaldana\\\/#\\\/schema\\\/person\\\/3c21f22f56fcf3bc46b94bc60ea4fef6\"},\"breadcrumb\":{\"@id\":\"https:\\\/\\\/dana.com.br\\\/canaldana\\\/2022\\\/10\\\/14\\\/mercado-internacional-do-diesel-e-o-cambio-pressionam-os-precos-domesticos-diz-abicom\\\/#breadcrumb\"},\"inLanguage\":\"pt-BR\",\"potentialAction\":[{\"@type\":\"ReadAction\",\"target\":[\"https:\\\/\\\/dana.com.br\\\/canaldana\\\/2022\\\/10\\\/14\\\/mercado-internacional-do-diesel-e-o-cambio-pressionam-os-precos-domesticos-diz-abicom\\\/\"]}]},{\"@type\":\"BreadcrumbList\",\"@id\":\"https:\\\/\\\/dana.com.br\\\/canaldana\\\/2022\\\/10\\\/14\\\/mercado-internacional-do-diesel-e-o-cambio-pressionam-os-precos-domesticos-diz-abicom\\\/#breadcrumb\",\"itemListElement\":[{\"@type\":\"ListItem\",\"position\":1,\"name\":\"Home\",\"item\":\"https:\\\/\\\/dana.com.br\\\/canaldana\\\/\"},{\"@type\":\"ListItem\",\"position\":2,\"name\":\"Mercado\",\"item\":\"https:\\\/\\\/dana.com.br\\\/canaldana\\\/mercado\\\/\"},{\"@type\":\"ListItem\",\"position\":3,\"name\":\"Mercado internacional do diesel e o c\u00e2mbio pressionam os pre\u00e7os dom\u00e9sticos, diz ABICOM\"}]},{\"@type\":\"WebSite\",\"@id\":\"https:\\\/\\\/dana.com.br\\\/canaldana\\\/#website\",\"url\":\"https:\\\/\\\/dana.com.br\\\/canaldana\\\/\",\"name\":\"Canal Dana\",\"description\":\"Informativo com as principais not\u00edcias da ind\u00fastria automotiva\",\"potentialAction\":[{\"@type\":\"SearchAction\",\"target\":{\"@type\":\"EntryPoint\",\"urlTemplate\":\"https:\\\/\\\/dana.com.br\\\/canaldana\\\/?s={search_term_string}\"},\"query-input\":{\"@type\":\"PropertyValueSpecification\",\"valueRequired\":true,\"valueName\":\"search_term_string\"}}],\"inLanguage\":\"pt-BR\"},{\"@type\":\"Person\",\"@id\":\"https:\\\/\\\/dana.com.br\\\/canaldana\\\/#\\\/schema\\\/person\\\/3c21f22f56fcf3bc46b94bc60ea4fef6\",\"name\":\"Canal Dana\",\"image\":{\"@type\":\"ImageObject\",\"inLanguage\":\"pt-BR\",\"@id\":\"https:\\\/\\\/secure.gravatar.com\\\/avatar\\\/420aaf9278582877d9018637c6817617705899d2858d7572ef0fe59a6b6454b4?s=96&d=mm&r=g\",\"url\":\"https:\\\/\\\/secure.gravatar.com\\\/avatar\\\/420aaf9278582877d9018637c6817617705899d2858d7572ef0fe59a6b6454b4?s=96&d=mm&r=g\",\"contentUrl\":\"https:\\\/\\\/secure.gravatar.com\\\/avatar\\\/420aaf9278582877d9018637c6817617705899d2858d7572ef0fe59a6b6454b4?s=96&d=mm&r=g\",\"caption\":\"Canal Dana\"},\"url\":\"https:\\\/\\\/dana.com.br\\\/canaldana\\\/author\\\/cdeditor\\\/\"}]}<\/script>\n<!-- \/ Yoast SEO plugin. -->","yoast_head_json":{"title":"Mercado internacional do diesel e o c\u00e2mbio pressionam os pre\u00e7os dom\u00e9sticos, diz ABICOM - Canal Dana","robots":{"index":"index","follow":"follow","max-snippet":"max-snippet:-1","max-image-preview":"max-image-preview:large","max-video-preview":"max-video-preview:-1"},"canonical":"https:\/\/dana.com.br\/canaldana\/2022\/10\/14\/mercado-internacional-do-diesel-e-o-cambio-pressionam-os-precos-domesticos-diz-abicom\/","og_locale":"pt_BR","og_type":"article","og_title":"Mercado internacional do diesel e o c\u00e2mbio pressionam os pre\u00e7os dom\u00e9sticos, diz ABICOM - Canal Dana","og_description":"Frota &amp; Cia &nbsp; A Associa\u00e7\u00e3o Brasileira dos Importadores de Combust\u00edveis (Abicom) revelou, em seu informe mensal, que o mercado internacional do diesel e o c\u00e2mbio pressionam os pre\u00e7os dom\u00e9sticos. Assim, a arbitragem est\u00e1 desfavor\u00e1vel para importa\u00e7\u00f5es. &nbsp; O diesel no mercado brasileiro deveria subir R$ 0,62 por litro para ficar alinhado aos valores cobrados\u2026 Leia mais \u00bb","og_url":"https:\/\/dana.com.br\/canaldana\/2022\/10\/14\/mercado-internacional-do-diesel-e-o-cambio-pressionam-os-precos-domesticos-diz-abicom\/","og_site_name":"Canal Dana","article_published_time":"2022-10-14T12:15:56+00:00","author":"Canal Dana","twitter_card":"summary_large_image","twitter_misc":{"Escrito por":"Canal Dana","Est. tempo de leitura":"1 minuto"},"schema":{"@context":"https:\/\/schema.org","@graph":[{"@type":"Article","@id":"https:\/\/dana.com.br\/canaldana\/2022\/10\/14\/mercado-internacional-do-diesel-e-o-cambio-pressionam-os-precos-domesticos-diz-abicom\/#article","isPartOf":{"@id":"https:\/\/dana.com.br\/canaldana\/2022\/10\/14\/mercado-internacional-do-diesel-e-o-cambio-pressionam-os-precos-domesticos-diz-abicom\/"},"author":{"name":"Canal Dana","@id":"https:\/\/dana.com.br\/canaldana\/#\/schema\/person\/3c21f22f56fcf3bc46b94bc60ea4fef6"},"headline":"Mercado internacional do diesel e o c\u00e2mbio pressionam os pre\u00e7os dom\u00e9sticos, diz ABICOM","datePublished":"2022-10-14T12:15:56+00:00","mainEntityOfPage":{"@id":"https:\/\/dana.com.br\/canaldana\/2022\/10\/14\/mercado-internacional-do-diesel-e-o-cambio-pressionam-os-precos-domesticos-diz-abicom\/"},"wordCount":290,"articleSection":["Mercado"],"inLanguage":"pt-BR"},{"@type":"WebPage","@id":"https:\/\/dana.com.br\/canaldana\/2022\/10\/14\/mercado-internacional-do-diesel-e-o-cambio-pressionam-os-precos-domesticos-diz-abicom\/","url":"https:\/\/dana.com.br\/canaldana\/2022\/10\/14\/mercado-internacional-do-diesel-e-o-cambio-pressionam-os-precos-domesticos-diz-abicom\/","name":"Mercado internacional do diesel e o c\u00e2mbio pressionam os pre\u00e7os dom\u00e9sticos, diz ABICOM - Canal Dana","isPartOf":{"@id":"https:\/\/dana.com.br\/canaldana\/#website"},"datePublished":"2022-10-14T12:15:56+00:00","author":{"@id":"https:\/\/dana.com.br\/canaldana\/#\/schema\/person\/3c21f22f56fcf3bc46b94bc60ea4fef6"},"breadcrumb":{"@id":"https:\/\/dana.com.br\/canaldana\/2022\/10\/14\/mercado-internacional-do-diesel-e-o-cambio-pressionam-os-precos-domesticos-diz-abicom\/#breadcrumb"},"inLanguage":"pt-BR","potentialAction":[{"@type":"ReadAction","target":["https:\/\/dana.com.br\/canaldana\/2022\/10\/14\/mercado-internacional-do-diesel-e-o-cambio-pressionam-os-precos-domesticos-diz-abicom\/"]}]},{"@type":"BreadcrumbList","@id":"https:\/\/dana.com.br\/canaldana\/2022\/10\/14\/mercado-internacional-do-diesel-e-o-cambio-pressionam-os-precos-domesticos-diz-abicom\/#breadcrumb","itemListElement":[{"@type":"ListItem","position":1,"name":"Home","item":"https:\/\/dana.com.br\/canaldana\/"},{"@type":"ListItem","position":2,"name":"Mercado","item":"https:\/\/dana.com.br\/canaldana\/mercado\/"},{"@type":"ListItem","position":3,"name":"Mercado internacional do diesel e o c\u00e2mbio pressionam os pre\u00e7os dom\u00e9sticos, diz ABICOM"}]},{"@type":"WebSite","@id":"https:\/\/dana.com.br\/canaldana\/#website","url":"https:\/\/dana.com.br\/canaldana\/","name":"Canal Dana","description":"Informativo com as principais not\u00edcias da ind\u00fastria automotiva","potentialAction":[{"@type":"SearchAction","target":{"@type":"EntryPoint","urlTemplate":"https:\/\/dana.com.br\/canaldana\/?s={search_term_string}"},"query-input":{"@type":"PropertyValueSpecification","valueRequired":true,"valueName":"search_term_string"}}],"inLanguage":"pt-BR"},{"@type":"Person","@id":"https:\/\/dana.com.br\/canaldana\/#\/schema\/person\/3c21f22f56fcf3bc46b94bc60ea4fef6","name":"Canal Dana","image":{"@type":"ImageObject","inLanguage":"pt-BR","@id":"https:\/\/secure.gravatar.com\/avatar\/420aaf9278582877d9018637c6817617705899d2858d7572ef0fe59a6b6454b4?s=96&d=mm&r=g","url":"https:\/\/secure.gravatar.com\/avatar\/420aaf9278582877d9018637c6817617705899d2858d7572ef0fe59a6b6454b4?s=96&d=mm&r=g","contentUrl":"https:\/\/secure.gravatar.com\/avatar\/420aaf9278582877d9018637c6817617705899d2858d7572ef0fe59a6b6454b4?s=96&d=mm&r=g","caption":"Canal Dana"},"url":"https:\/\/dana.com.br\/canaldana\/author\/cdeditor\/"}]}},"_links":{"self":[{"href":"https:\/\/dana.com.br\/canaldana\/wp-json\/wp\/v2\/posts\/61589","targetHints":{"allow":["GET"]}}],"collection":[{"href":"https:\/\/dana.com.br\/canaldana\/wp-json\/wp\/v2\/posts"}],"about":[{"href":"https:\/\/dana.com.br\/canaldana\/wp-json\/wp\/v2\/types\/post"}],"author":[{"embeddable":true,"href":"https:\/\/dana.com.br\/canaldana\/wp-json\/wp\/v2\/users\/3"}],"replies":[{"embeddable":true,"href":"https:\/\/dana.com.br\/canaldana\/wp-json\/wp\/v2\/comments?post=61589"}],"version-history":[{"count":0,"href":"https:\/\/dana.com.br\/canaldana\/wp-json\/wp\/v2\/posts\/61589\/revisions"}],"wp:attachment":[{"href":"https:\/\/dana.com.br\/canaldana\/wp-json\/wp\/v2\/media?parent=61589"}],"wp:term":[{"taxonomy":"category","embeddable":true,"href":"https:\/\/dana.com.br\/canaldana\/wp-json\/wp\/v2\/categories?post=61589"},{"taxonomy":"post_tag","embeddable":true,"href":"https:\/\/dana.com.br\/canaldana\/wp-json\/wp\/v2\/tags?post=61589"}],"curies":[{"name":"wp","href":"https:\/\/api.w.org\/{rel}","templated":true}]}}