{"id":61516,"date":"2022-10-11T08:26:54","date_gmt":"2022-10-11T11:26:54","guid":{"rendered":"https:\/\/dana.com.br\/canaldana\/?p=61516"},"modified":"2022-10-11T08:26:54","modified_gmt":"2022-10-11T11:26:54","slug":"mopar-customiza-o-fiat-fastback","status":"publish","type":"post","link":"https:\/\/dana.com.br\/canaldana\/2022\/10\/11\/mopar-customiza-o-fiat-fastback\/","title":{"rendered":"Mopar customiza o Fiat Fastback"},"content":{"rendered":"<p><em>Blog do Ricardo Ribas<\/em><\/p>\n<p>&nbsp;<\/p>\n<p>Assim como aconteceu com o Jeep Renegade e a Fiat Toro, para citar exemplos recentes, a Mopar preparou um show car \u00fanico a partir do Fiat Fastback. O mais novo SUV coup\u00e9 do mercado foi equipado com acess\u00f3rios originais e itens exclusivos. O resultado foi uma customiza\u00e7\u00e3o que n\u00e3o apenas apresenta caminhos para o cliente que busca personalizar o carro como tamb\u00e9m refor\u00e7a o design esportivo e sofisticado do Fastback.<\/p>\n<p>&nbsp;<\/p>\n<p>O portif\u00f3lio de acess\u00f3rios Mopar para o mais novo lan\u00e7amento da Fiat \u00e9 formado por 35 itens, dos quais quatro foram escolhidos para esse conceito moparizado. S\u00e3o eles: tapete de borda elevada \u2013 uma bem-vinda prote\u00e7\u00e3o ao enorme porta-malas de 600 litros \u2013, tapetes de borracha com carpete para o assoalho (esses tapetes t\u00eam elementos gr\u00e1ficos do interior do Fastback), protetores de soleira e pel\u00edcula 3M nos vidros.<\/p>\n<p>&nbsp;<\/p>\n<p>Como destaques na lista de acess\u00f3rios originais Mopar dispon\u00edveis para o p\u00fablico tamb\u00e9m podemos citar rodas de liga leve escuras de 17 polegadas, frisos pintados, adesivos de cap\u00f4, parafuso antifurto para as rodas, trava para estepe, pel\u00edcula antivandalismo, entre outros. E a rela\u00e7\u00e3o vai aumentar em breve para ainda mais op\u00e7\u00f5es para o cliente, como frisos pintados e engate reboque integrado.<\/p>\n<p>&nbsp;<\/p>\n<p>Em pleno desenvolvimento, este \u00faltimo item \u00e9 in\u00e9dito em modelos da Fiat e foi instalado de forma experimental no Fastback da Mopar. Por ficar embutido no para-choque traseiro, exibe visual mais harmonioso e entrega muita seguran\u00e7a pois al\u00e9m de a lan\u00e7a ser remov\u00edvel, ela n\u00e3o prejudica o \u00e2ngulo de sa\u00edda do ve\u00edculo, evitando raspadas em rampas, por exemplo.<\/p>\n<p>&nbsp;<\/p>\n<p>O show car nasceu a partir de uma vers\u00e3o Limited Edition Powered by Abarth na cor Preto Vulcano, que recebeu a pintura de uma faixa Azul Mopar na linha de cintura (incluindo o logotipo Mopar nos para-lamas dianteiros) e de cinza fosco na metade inferior da carroceria. As rodas foram trocadas por um jogo aro 19\u201d e tala 8,5\u201d, com pneus de perfil baixo, na medida 235\/40 ZR19. A suspens\u00e3o ganhou molas e amortecedores recalibrados. A pegada mais esportiva tamb\u00e9m se apresenta no difusor de escape, que permite escolher um ronco mais agressivo e o recurso Pedal Fast Delay, que torna mais r\u00e1pida a resposta do acelerador.<\/p>\n<p>&nbsp;<\/p>\n<p>Por dentro, salta aos olhos o revestimento bicolor com apliques em couro claro no painel, portas e volante. Os bancos combinam couro e Alcantara. H\u00e1 ainda uma discreta ilumina\u00e7\u00e3o no tom Azul Mopar no assoalho dianteiro e no painel. No porta-malas, al\u00e9m do pr\u00e1tico e elegante tapete de borda elevada, h\u00e1 um subwoofer JBL que pode ser retirado e usado externamente como uma caixa de som Bluetooth.<\/p>\n<p>&nbsp;<\/p>\n<p><strong>Pacotes atraentes de revis\u00f5es<\/strong><\/p>\n<p>&nbsp;<\/p>\n<p>Ainda dentro do escopo da Mopar, respons\u00e1vel por todo o p\u00f3s-vendas da Fiat, o Fastback ser\u00e1 um carro acess\u00edvel para se manter. Com tr\u00eas anos de garantia, o novo SUV coup\u00e9 tem a cesta de pe\u00e7as mais acess\u00edvel entre os concorrentes (at\u00e9 47% melhor nas vers\u00f5es com motor Turbo 200 e at\u00e9 38% melhor na vers\u00e3o com o Turbo 270).<\/p>\n<p>&nbsp;<\/p>\n<p>O Fiat Fastback ainda possui tr\u00eas op\u00e7\u00f5es de pacotes de manuten\u00e7\u00e3o com utiliza\u00e7\u00e3o de pe\u00e7as genu\u00ednas que podem ser adquiridos junto com o ve\u00edculo, oferecendo mais conveni\u00eancia ao cliente. O plano Tranquilidade \u00e9 o inicial e inclui tr\u00eas revis\u00f5es programadas. J\u00e1 o Prote\u00e7\u00e3o traz, al\u00e9m das revis\u00f5es, a cobertura de itens de desgaste, palhetas de para-brisa, oxissanitiza\u00e7\u00e3o, alinhamento e balanceamento. Por sua vez, o pacote Seguran\u00e7a inclui todos os itens do plano anterior mais um ano de garantia adicional. (Blog do Ricardo Ribas)<\/p>\n","protected":false},"excerpt":{"rendered":"<p>Blog do Ricardo Ribas &nbsp; Assim como aconteceu com o Jeep Renegade e a Fiat Toro, para citar exemplos recentes, a Mopar preparou um show car \u00fanico a partir do Fiat Fastback. O mais novo SUV coup\u00e9 do mercado foi equipado com acess\u00f3rios originais e itens exclusivos. O resultado foi uma customiza\u00e7\u00e3o que n\u00e3o apenas\u2026 <a class=\"readmore\" href=\"https:\/\/dana.com.br\/canaldana\/2022\/10\/11\/mopar-customiza-o-fiat-fastback\/\">Leia mais \u00bb<\/a><\/p>\n","protected":false},"author":3,"featured_media":0,"comment_status":"closed","ping_status":"closed","sticky":false,"template":"","format":"standard","meta":{"_acf_changed":false,"footnotes":""},"categories":[79],"tags":[],"class_list":["post-61516","post","type-post","status-publish","format-standard","hentry","category-mercado"],"acf":[],"yoast_head":"<!-- This site is optimized with the Yoast SEO plugin v27.3 - https:\/\/yoast.com\/product\/yoast-seo-wordpress\/ -->\n<title>Mopar customiza o Fiat Fastback - Canal Dana<\/title>\n<meta name=\"robots\" content=\"index, follow, max-snippet:-1, max-image-preview:large, max-video-preview:-1\" \/>\n<link rel=\"canonical\" href=\"https:\/\/dana.com.br\/canaldana\/2022\/10\/11\/mopar-customiza-o-fiat-fastback\/\" \/>\n<meta property=\"og:locale\" content=\"pt_BR\" \/>\n<meta property=\"og:type\" content=\"article\" \/>\n<meta property=\"og:title\" content=\"Mopar customiza o Fiat Fastback - Canal Dana\" \/>\n<meta property=\"og:description\" content=\"Blog do Ricardo Ribas &nbsp; Assim como aconteceu com o Jeep Renegade e a Fiat Toro, para citar exemplos recentes, a Mopar preparou um show car \u00fanico a partir do Fiat Fastback. O mais novo SUV coup\u00e9 do mercado foi equipado com acess\u00f3rios originais e itens exclusivos. O resultado foi uma customiza\u00e7\u00e3o que n\u00e3o apenas\u2026 Leia mais \u00bb\" \/>\n<meta property=\"og:url\" content=\"https:\/\/dana.com.br\/canaldana\/2022\/10\/11\/mopar-customiza-o-fiat-fastback\/\" \/>\n<meta property=\"og:site_name\" content=\"Canal Dana\" \/>\n<meta property=\"article:published_time\" content=\"2022-10-11T11:26:54+00:00\" \/>\n<meta name=\"author\" content=\"Canal Dana\" \/>\n<meta name=\"twitter:card\" content=\"summary_large_image\" \/>\n<meta name=\"twitter:label1\" content=\"Escrito por\" \/>\n\t<meta name=\"twitter:data1\" content=\"Canal Dana\" \/>\n\t<meta name=\"twitter:label2\" content=\"Est. tempo de leitura\" \/>\n\t<meta name=\"twitter:data2\" content=\"4 minutos\" \/>\n<script type=\"application\/ld+json\" class=\"yoast-schema-graph\">{\"@context\":\"https:\\\/\\\/schema.org\",\"@graph\":[{\"@type\":\"Article\",\"@id\":\"https:\\\/\\\/dana.com.br\\\/canaldana\\\/2022\\\/10\\\/11\\\/mopar-customiza-o-fiat-fastback\\\/#article\",\"isPartOf\":{\"@id\":\"https:\\\/\\\/dana.com.br\\\/canaldana\\\/2022\\\/10\\\/11\\\/mopar-customiza-o-fiat-fastback\\\/\"},\"author\":{\"name\":\"Canal Dana\",\"@id\":\"https:\\\/\\\/dana.com.br\\\/canaldana\\\/#\\\/schema\\\/person\\\/3c21f22f56fcf3bc46b94bc60ea4fef6\"},\"headline\":\"Mopar customiza o Fiat Fastback\",\"datePublished\":\"2022-10-11T11:26:54+00:00\",\"mainEntityOfPage\":{\"@id\":\"https:\\\/\\\/dana.com.br\\\/canaldana\\\/2022\\\/10\\\/11\\\/mopar-customiza-o-fiat-fastback\\\/\"},\"wordCount\":640,\"articleSection\":[\"Mercado\"],\"inLanguage\":\"pt-BR\"},{\"@type\":\"WebPage\",\"@id\":\"https:\\\/\\\/dana.com.br\\\/canaldana\\\/2022\\\/10\\\/11\\\/mopar-customiza-o-fiat-fastback\\\/\",\"url\":\"https:\\\/\\\/dana.com.br\\\/canaldana\\\/2022\\\/10\\\/11\\\/mopar-customiza-o-fiat-fastback\\\/\",\"name\":\"Mopar customiza o Fiat Fastback - Canal Dana\",\"isPartOf\":{\"@id\":\"https:\\\/\\\/dana.com.br\\\/canaldana\\\/#website\"},\"datePublished\":\"2022-10-11T11:26:54+00:00\",\"author\":{\"@id\":\"https:\\\/\\\/dana.com.br\\\/canaldana\\\/#\\\/schema\\\/person\\\/3c21f22f56fcf3bc46b94bc60ea4fef6\"},\"breadcrumb\":{\"@id\":\"https:\\\/\\\/dana.com.br\\\/canaldana\\\/2022\\\/10\\\/11\\\/mopar-customiza-o-fiat-fastback\\\/#breadcrumb\"},\"inLanguage\":\"pt-BR\",\"potentialAction\":[{\"@type\":\"ReadAction\",\"target\":[\"https:\\\/\\\/dana.com.br\\\/canaldana\\\/2022\\\/10\\\/11\\\/mopar-customiza-o-fiat-fastback\\\/\"]}]},{\"@type\":\"BreadcrumbList\",\"@id\":\"https:\\\/\\\/dana.com.br\\\/canaldana\\\/2022\\\/10\\\/11\\\/mopar-customiza-o-fiat-fastback\\\/#breadcrumb\",\"itemListElement\":[{\"@type\":\"ListItem\",\"position\":1,\"name\":\"Home\",\"item\":\"https:\\\/\\\/dana.com.br\\\/canaldana\\\/\"},{\"@type\":\"ListItem\",\"position\":2,\"name\":\"Mercado\",\"item\":\"https:\\\/\\\/dana.com.br\\\/canaldana\\\/mercado\\\/\"},{\"@type\":\"ListItem\",\"position\":3,\"name\":\"Mopar customiza o Fiat Fastback\"}]},{\"@type\":\"WebSite\",\"@id\":\"https:\\\/\\\/dana.com.br\\\/canaldana\\\/#website\",\"url\":\"https:\\\/\\\/dana.com.br\\\/canaldana\\\/\",\"name\":\"Canal Dana\",\"description\":\"Informativo com as principais not\u00edcias da ind\u00fastria automotiva\",\"potentialAction\":[{\"@type\":\"SearchAction\",\"target\":{\"@type\":\"EntryPoint\",\"urlTemplate\":\"https:\\\/\\\/dana.com.br\\\/canaldana\\\/?s={search_term_string}\"},\"query-input\":{\"@type\":\"PropertyValueSpecification\",\"valueRequired\":true,\"valueName\":\"search_term_string\"}}],\"inLanguage\":\"pt-BR\"},{\"@type\":\"Person\",\"@id\":\"https:\\\/\\\/dana.com.br\\\/canaldana\\\/#\\\/schema\\\/person\\\/3c21f22f56fcf3bc46b94bc60ea4fef6\",\"name\":\"Canal Dana\",\"image\":{\"@type\":\"ImageObject\",\"inLanguage\":\"pt-BR\",\"@id\":\"https:\\\/\\\/secure.gravatar.com\\\/avatar\\\/420aaf9278582877d9018637c6817617705899d2858d7572ef0fe59a6b6454b4?s=96&d=mm&r=g\",\"url\":\"https:\\\/\\\/secure.gravatar.com\\\/avatar\\\/420aaf9278582877d9018637c6817617705899d2858d7572ef0fe59a6b6454b4?s=96&d=mm&r=g\",\"contentUrl\":\"https:\\\/\\\/secure.gravatar.com\\\/avatar\\\/420aaf9278582877d9018637c6817617705899d2858d7572ef0fe59a6b6454b4?s=96&d=mm&r=g\",\"caption\":\"Canal Dana\"},\"url\":\"https:\\\/\\\/dana.com.br\\\/canaldana\\\/author\\\/cdeditor\\\/\"}]}<\/script>\n<!-- \/ Yoast SEO plugin. -->","yoast_head_json":{"title":"Mopar customiza o Fiat Fastback - Canal Dana","robots":{"index":"index","follow":"follow","max-snippet":"max-snippet:-1","max-image-preview":"max-image-preview:large","max-video-preview":"max-video-preview:-1"},"canonical":"https:\/\/dana.com.br\/canaldana\/2022\/10\/11\/mopar-customiza-o-fiat-fastback\/","og_locale":"pt_BR","og_type":"article","og_title":"Mopar customiza o Fiat Fastback - Canal Dana","og_description":"Blog do Ricardo Ribas &nbsp; Assim como aconteceu com o Jeep Renegade e a Fiat Toro, para citar exemplos recentes, a Mopar preparou um show car \u00fanico a partir do Fiat Fastback. O mais novo SUV coup\u00e9 do mercado foi equipado com acess\u00f3rios originais e itens exclusivos. O resultado foi uma customiza\u00e7\u00e3o que n\u00e3o apenas\u2026 Leia mais \u00bb","og_url":"https:\/\/dana.com.br\/canaldana\/2022\/10\/11\/mopar-customiza-o-fiat-fastback\/","og_site_name":"Canal Dana","article_published_time":"2022-10-11T11:26:54+00:00","author":"Canal Dana","twitter_card":"summary_large_image","twitter_misc":{"Escrito por":"Canal Dana","Est. tempo de leitura":"4 minutos"},"schema":{"@context":"https:\/\/schema.org","@graph":[{"@type":"Article","@id":"https:\/\/dana.com.br\/canaldana\/2022\/10\/11\/mopar-customiza-o-fiat-fastback\/#article","isPartOf":{"@id":"https:\/\/dana.com.br\/canaldana\/2022\/10\/11\/mopar-customiza-o-fiat-fastback\/"},"author":{"name":"Canal Dana","@id":"https:\/\/dana.com.br\/canaldana\/#\/schema\/person\/3c21f22f56fcf3bc46b94bc60ea4fef6"},"headline":"Mopar customiza o Fiat Fastback","datePublished":"2022-10-11T11:26:54+00:00","mainEntityOfPage":{"@id":"https:\/\/dana.com.br\/canaldana\/2022\/10\/11\/mopar-customiza-o-fiat-fastback\/"},"wordCount":640,"articleSection":["Mercado"],"inLanguage":"pt-BR"},{"@type":"WebPage","@id":"https:\/\/dana.com.br\/canaldana\/2022\/10\/11\/mopar-customiza-o-fiat-fastback\/","url":"https:\/\/dana.com.br\/canaldana\/2022\/10\/11\/mopar-customiza-o-fiat-fastback\/","name":"Mopar customiza o Fiat Fastback - Canal Dana","isPartOf":{"@id":"https:\/\/dana.com.br\/canaldana\/#website"},"datePublished":"2022-10-11T11:26:54+00:00","author":{"@id":"https:\/\/dana.com.br\/canaldana\/#\/schema\/person\/3c21f22f56fcf3bc46b94bc60ea4fef6"},"breadcrumb":{"@id":"https:\/\/dana.com.br\/canaldana\/2022\/10\/11\/mopar-customiza-o-fiat-fastback\/#breadcrumb"},"inLanguage":"pt-BR","potentialAction":[{"@type":"ReadAction","target":["https:\/\/dana.com.br\/canaldana\/2022\/10\/11\/mopar-customiza-o-fiat-fastback\/"]}]},{"@type":"BreadcrumbList","@id":"https:\/\/dana.com.br\/canaldana\/2022\/10\/11\/mopar-customiza-o-fiat-fastback\/#breadcrumb","itemListElement":[{"@type":"ListItem","position":1,"name":"Home","item":"https:\/\/dana.com.br\/canaldana\/"},{"@type":"ListItem","position":2,"name":"Mercado","item":"https:\/\/dana.com.br\/canaldana\/mercado\/"},{"@type":"ListItem","position":3,"name":"Mopar customiza o Fiat Fastback"}]},{"@type":"WebSite","@id":"https:\/\/dana.com.br\/canaldana\/#website","url":"https:\/\/dana.com.br\/canaldana\/","name":"Canal Dana","description":"Informativo com as principais not\u00edcias da ind\u00fastria automotiva","potentialAction":[{"@type":"SearchAction","target":{"@type":"EntryPoint","urlTemplate":"https:\/\/dana.com.br\/canaldana\/?s={search_term_string}"},"query-input":{"@type":"PropertyValueSpecification","valueRequired":true,"valueName":"search_term_string"}}],"inLanguage":"pt-BR"},{"@type":"Person","@id":"https:\/\/dana.com.br\/canaldana\/#\/schema\/person\/3c21f22f56fcf3bc46b94bc60ea4fef6","name":"Canal Dana","image":{"@type":"ImageObject","inLanguage":"pt-BR","@id":"https:\/\/secure.gravatar.com\/avatar\/420aaf9278582877d9018637c6817617705899d2858d7572ef0fe59a6b6454b4?s=96&d=mm&r=g","url":"https:\/\/secure.gravatar.com\/avatar\/420aaf9278582877d9018637c6817617705899d2858d7572ef0fe59a6b6454b4?s=96&d=mm&r=g","contentUrl":"https:\/\/secure.gravatar.com\/avatar\/420aaf9278582877d9018637c6817617705899d2858d7572ef0fe59a6b6454b4?s=96&d=mm&r=g","caption":"Canal Dana"},"url":"https:\/\/dana.com.br\/canaldana\/author\/cdeditor\/"}]}},"_links":{"self":[{"href":"https:\/\/dana.com.br\/canaldana\/wp-json\/wp\/v2\/posts\/61516","targetHints":{"allow":["GET"]}}],"collection":[{"href":"https:\/\/dana.com.br\/canaldana\/wp-json\/wp\/v2\/posts"}],"about":[{"href":"https:\/\/dana.com.br\/canaldana\/wp-json\/wp\/v2\/types\/post"}],"author":[{"embeddable":true,"href":"https:\/\/dana.com.br\/canaldana\/wp-json\/wp\/v2\/users\/3"}],"replies":[{"embeddable":true,"href":"https:\/\/dana.com.br\/canaldana\/wp-json\/wp\/v2\/comments?post=61516"}],"version-history":[{"count":0,"href":"https:\/\/dana.com.br\/canaldana\/wp-json\/wp\/v2\/posts\/61516\/revisions"}],"wp:attachment":[{"href":"https:\/\/dana.com.br\/canaldana\/wp-json\/wp\/v2\/media?parent=61516"}],"wp:term":[{"taxonomy":"category","embeddable":true,"href":"https:\/\/dana.com.br\/canaldana\/wp-json\/wp\/v2\/categories?post=61516"},{"taxonomy":"post_tag","embeddable":true,"href":"https:\/\/dana.com.br\/canaldana\/wp-json\/wp\/v2\/tags?post=61516"}],"curies":[{"name":"wp","href":"https:\/\/api.w.org\/{rel}","templated":true}]}}