{"id":61435,"date":"2022-10-06T08:55:50","date_gmt":"2022-10-06T11:55:50","guid":{"rendered":"https:\/\/dana.com.br\/canaldana\/?p=61435"},"modified":"2022-10-06T08:55:50","modified_gmt":"2022-10-06T11:55:50","slug":"petrobras-sofre-pressao-para-segurar-precos-ate-o-2o-turno","status":"publish","type":"post","link":"https:\/\/dana.com.br\/canaldana\/2022\/10\/06\/petrobras-sofre-pressao-para-segurar-precos-ate-o-2o-turno\/","title":{"rendered":"Petrobras sofre press\u00e3o para segurar pre\u00e7os at\u00e9 o 2\u00ba turno"},"content":{"rendered":"<p><em>O Estado de S. Paulo\u00a0 <\/em><\/p>\n<p>&nbsp;<\/p>\n<p>Membros da diretoria da Petrobras receberam uma sinaliza\u00e7\u00e3o do governo Bolsonaro para que n\u00e3o haja reajuste no pre\u00e7o dos combust\u00edveis at\u00e9 a realiza\u00e7\u00e3o do 2.\u00ba turno das elei\u00e7\u00f5es, em 30 de outubro. Essa press\u00e3o sobre a petroleira foi ampliada depois que a Organiza\u00e7\u00e3o dos Pa\u00edses Exportadores de Petr\u00f3leo (Opep+) anunciou o corte na produ\u00e7\u00e3o de 2 milh\u00f5es de barris de petr\u00f3leo por dia a partir de novembro, o que j\u00e1 provocou alta dos pre\u00e7os no mercado internacional. Esse \u00e9 o maior corte desde abril de 2020, quando a pandemia de covid come\u00e7ou.<\/p>\n<p>&nbsp;<\/p>\n<p>A investida do governo foi revelada pelo portal G1 e confirmada pelo Estad\u00e3o. Em tese, pela atual pol\u00edtica de paridade de pre\u00e7os, a Petrobras deveria repassar o aumento de custos com a compra do petr\u00f3leo para os valores cobrados no mercado interno. O corte no pre\u00e7o dos combust\u00edveis realizado nos \u00faltimos meses, por\u00e9m, se transformou em bandeira pol\u00edtica do presidente Jair Bolsonaro, que tenta a reelei\u00e7\u00e3o.<\/p>\n<p>&nbsp;<\/p>\n<p>Em parte, a redu\u00e7\u00e3o dos pre\u00e7os se deve ao corte de impostos nos Estados, j\u00e1 que o governo federal j\u00e1 tinha zerado suas al\u00edquotas. A raz\u00e3o principal, no entanto, que puxou os pre\u00e7os para baixo foi a queda do pre\u00e7o do petr\u00f3leo, que oscilava at\u00e9 dias atr\u00e1s em cerca de US$ 87 o barril. Ontem, o do tipo Brent (que serve de refer\u00eancia para o Brasil) subiu 1,71% nos contratos para entrega em novembro, batendo em US$ 93,37. Especialistas no setor veem risco de que, nos pr\u00f3ximos dias, o pre\u00e7o suba para a casa dos US$ 100.<\/p>\n<p>&nbsp;<\/p>\n<p>Segundo o TD Securities, o corte anunciado pela Opep+ superou as expectativas, o que apoiou os pre\u00e7os negociados ontem. J\u00e1 a analista Roberta Caselli, da Global X, afirmou que a redu\u00e7\u00e3o na produ\u00e7\u00e3o di\u00e1ria de petr\u00f3leo pode renovar preocupa\u00e7\u00f5es com a varia\u00e7\u00e3o da infla\u00e7\u00e3o. O corte corresponde a cerca de 1% da oferta global da commodity. (O Estado de S. Paulo\/Andr\u00e9 Borges)<\/p>\n","protected":false},"excerpt":{"rendered":"<p>O Estado de S. Paulo\u00a0 &nbsp; Membros da diretoria da Petrobras receberam uma sinaliza\u00e7\u00e3o do governo Bolsonaro para que n\u00e3o haja reajuste no pre\u00e7o dos combust\u00edveis at\u00e9 a realiza\u00e7\u00e3o do 2.\u00ba turno das elei\u00e7\u00f5es, em 30 de outubro. Essa press\u00e3o sobre a petroleira foi ampliada depois que a Organiza\u00e7\u00e3o dos Pa\u00edses Exportadores de Petr\u00f3leo (Opep+)\u2026 <a class=\"readmore\" href=\"https:\/\/dana.com.br\/canaldana\/2022\/10\/06\/petrobras-sofre-pressao-para-segurar-precos-ate-o-2o-turno\/\">Leia mais \u00bb<\/a><\/p>\n","protected":false},"author":3,"featured_media":0,"comment_status":"closed","ping_status":"closed","sticky":false,"template":"","format":"standard","meta":{"_acf_changed":false,"footnotes":""},"categories":[79],"tags":[],"class_list":["post-61435","post","type-post","status-publish","format-standard","hentry","category-mercado"],"acf":[],"yoast_head":"<!-- This site is optimized with the Yoast SEO plugin v27.3 - https:\/\/yoast.com\/product\/yoast-seo-wordpress\/ -->\n<title>Petrobras sofre press\u00e3o para segurar pre\u00e7os at\u00e9 o 2\u00ba turno - Canal Dana<\/title>\n<meta name=\"robots\" content=\"index, follow, max-snippet:-1, max-image-preview:large, max-video-preview:-1\" \/>\n<link rel=\"canonical\" href=\"https:\/\/dana.com.br\/canaldana\/2022\/10\/06\/petrobras-sofre-pressao-para-segurar-precos-ate-o-2o-turno\/\" \/>\n<meta property=\"og:locale\" content=\"pt_BR\" \/>\n<meta property=\"og:type\" content=\"article\" \/>\n<meta property=\"og:title\" content=\"Petrobras sofre press\u00e3o para segurar pre\u00e7os at\u00e9 o 2\u00ba turno - Canal Dana\" \/>\n<meta property=\"og:description\" content=\"O Estado de S. Paulo\u00a0 &nbsp; Membros da diretoria da Petrobras receberam uma sinaliza\u00e7\u00e3o do governo Bolsonaro para que n\u00e3o haja reajuste no pre\u00e7o dos combust\u00edveis at\u00e9 a realiza\u00e7\u00e3o do 2.\u00ba turno das elei\u00e7\u00f5es, em 30 de outubro. Essa press\u00e3o sobre a petroleira foi ampliada depois que a Organiza\u00e7\u00e3o dos Pa\u00edses Exportadores de Petr\u00f3leo (Opep+)\u2026 Leia mais \u00bb\" \/>\n<meta property=\"og:url\" content=\"https:\/\/dana.com.br\/canaldana\/2022\/10\/06\/petrobras-sofre-pressao-para-segurar-precos-ate-o-2o-turno\/\" \/>\n<meta property=\"og:site_name\" content=\"Canal Dana\" \/>\n<meta property=\"article:published_time\" content=\"2022-10-06T11:55:50+00:00\" \/>\n<meta name=\"author\" content=\"Canal Dana\" \/>\n<meta name=\"twitter:card\" content=\"summary_large_image\" \/>\n<meta name=\"twitter:label1\" content=\"Escrito por\" \/>\n\t<meta name=\"twitter:data1\" content=\"Canal Dana\" \/>\n\t<meta name=\"twitter:label2\" content=\"Est. tempo de leitura\" \/>\n\t<meta name=\"twitter:data2\" content=\"2 minutos\" \/>\n<script type=\"application\/ld+json\" class=\"yoast-schema-graph\">{\"@context\":\"https:\\\/\\\/schema.org\",\"@graph\":[{\"@type\":\"Article\",\"@id\":\"https:\\\/\\\/dana.com.br\\\/canaldana\\\/2022\\\/10\\\/06\\\/petrobras-sofre-pressao-para-segurar-precos-ate-o-2o-turno\\\/#article\",\"isPartOf\":{\"@id\":\"https:\\\/\\\/dana.com.br\\\/canaldana\\\/2022\\\/10\\\/06\\\/petrobras-sofre-pressao-para-segurar-precos-ate-o-2o-turno\\\/\"},\"author\":{\"name\":\"Canal Dana\",\"@id\":\"https:\\\/\\\/dana.com.br\\\/canaldana\\\/#\\\/schema\\\/person\\\/3c21f22f56fcf3bc46b94bc60ea4fef6\"},\"headline\":\"Petrobras sofre press\u00e3o para segurar pre\u00e7os at\u00e9 o 2\u00ba turno\",\"datePublished\":\"2022-10-06T11:55:50+00:00\",\"mainEntityOfPage\":{\"@id\":\"https:\\\/\\\/dana.com.br\\\/canaldana\\\/2022\\\/10\\\/06\\\/petrobras-sofre-pressao-para-segurar-precos-ate-o-2o-turno\\\/\"},\"wordCount\":371,\"articleSection\":[\"Mercado\"],\"inLanguage\":\"pt-BR\"},{\"@type\":\"WebPage\",\"@id\":\"https:\\\/\\\/dana.com.br\\\/canaldana\\\/2022\\\/10\\\/06\\\/petrobras-sofre-pressao-para-segurar-precos-ate-o-2o-turno\\\/\",\"url\":\"https:\\\/\\\/dana.com.br\\\/canaldana\\\/2022\\\/10\\\/06\\\/petrobras-sofre-pressao-para-segurar-precos-ate-o-2o-turno\\\/\",\"name\":\"Petrobras sofre press\u00e3o para segurar pre\u00e7os at\u00e9 o 2\u00ba turno - Canal Dana\",\"isPartOf\":{\"@id\":\"https:\\\/\\\/dana.com.br\\\/canaldana\\\/#website\"},\"datePublished\":\"2022-10-06T11:55:50+00:00\",\"author\":{\"@id\":\"https:\\\/\\\/dana.com.br\\\/canaldana\\\/#\\\/schema\\\/person\\\/3c21f22f56fcf3bc46b94bc60ea4fef6\"},\"breadcrumb\":{\"@id\":\"https:\\\/\\\/dana.com.br\\\/canaldana\\\/2022\\\/10\\\/06\\\/petrobras-sofre-pressao-para-segurar-precos-ate-o-2o-turno\\\/#breadcrumb\"},\"inLanguage\":\"pt-BR\",\"potentialAction\":[{\"@type\":\"ReadAction\",\"target\":[\"https:\\\/\\\/dana.com.br\\\/canaldana\\\/2022\\\/10\\\/06\\\/petrobras-sofre-pressao-para-segurar-precos-ate-o-2o-turno\\\/\"]}]},{\"@type\":\"BreadcrumbList\",\"@id\":\"https:\\\/\\\/dana.com.br\\\/canaldana\\\/2022\\\/10\\\/06\\\/petrobras-sofre-pressao-para-segurar-precos-ate-o-2o-turno\\\/#breadcrumb\",\"itemListElement\":[{\"@type\":\"ListItem\",\"position\":1,\"name\":\"Home\",\"item\":\"https:\\\/\\\/dana.com.br\\\/canaldana\\\/\"},{\"@type\":\"ListItem\",\"position\":2,\"name\":\"Mercado\",\"item\":\"https:\\\/\\\/dana.com.br\\\/canaldana\\\/mercado\\\/\"},{\"@type\":\"ListItem\",\"position\":3,\"name\":\"Petrobras sofre press\u00e3o para segurar pre\u00e7os at\u00e9 o 2\u00ba turno\"}]},{\"@type\":\"WebSite\",\"@id\":\"https:\\\/\\\/dana.com.br\\\/canaldana\\\/#website\",\"url\":\"https:\\\/\\\/dana.com.br\\\/canaldana\\\/\",\"name\":\"Canal Dana\",\"description\":\"Informativo com as principais not\u00edcias da ind\u00fastria automotiva\",\"potentialAction\":[{\"@type\":\"SearchAction\",\"target\":{\"@type\":\"EntryPoint\",\"urlTemplate\":\"https:\\\/\\\/dana.com.br\\\/canaldana\\\/?s={search_term_string}\"},\"query-input\":{\"@type\":\"PropertyValueSpecification\",\"valueRequired\":true,\"valueName\":\"search_term_string\"}}],\"inLanguage\":\"pt-BR\"},{\"@type\":\"Person\",\"@id\":\"https:\\\/\\\/dana.com.br\\\/canaldana\\\/#\\\/schema\\\/person\\\/3c21f22f56fcf3bc46b94bc60ea4fef6\",\"name\":\"Canal Dana\",\"image\":{\"@type\":\"ImageObject\",\"inLanguage\":\"pt-BR\",\"@id\":\"https:\\\/\\\/secure.gravatar.com\\\/avatar\\\/420aaf9278582877d9018637c6817617705899d2858d7572ef0fe59a6b6454b4?s=96&d=mm&r=g\",\"url\":\"https:\\\/\\\/secure.gravatar.com\\\/avatar\\\/420aaf9278582877d9018637c6817617705899d2858d7572ef0fe59a6b6454b4?s=96&d=mm&r=g\",\"contentUrl\":\"https:\\\/\\\/secure.gravatar.com\\\/avatar\\\/420aaf9278582877d9018637c6817617705899d2858d7572ef0fe59a6b6454b4?s=96&d=mm&r=g\",\"caption\":\"Canal Dana\"},\"url\":\"https:\\\/\\\/dana.com.br\\\/canaldana\\\/author\\\/cdeditor\\\/\"}]}<\/script>\n<!-- \/ Yoast SEO plugin. -->","yoast_head_json":{"title":"Petrobras sofre press\u00e3o para segurar pre\u00e7os at\u00e9 o 2\u00ba turno - Canal Dana","robots":{"index":"index","follow":"follow","max-snippet":"max-snippet:-1","max-image-preview":"max-image-preview:large","max-video-preview":"max-video-preview:-1"},"canonical":"https:\/\/dana.com.br\/canaldana\/2022\/10\/06\/petrobras-sofre-pressao-para-segurar-precos-ate-o-2o-turno\/","og_locale":"pt_BR","og_type":"article","og_title":"Petrobras sofre press\u00e3o para segurar pre\u00e7os at\u00e9 o 2\u00ba turno - Canal Dana","og_description":"O Estado de S. Paulo\u00a0 &nbsp; Membros da diretoria da Petrobras receberam uma sinaliza\u00e7\u00e3o do governo Bolsonaro para que n\u00e3o haja reajuste no pre\u00e7o dos combust\u00edveis at\u00e9 a realiza\u00e7\u00e3o do 2.\u00ba turno das elei\u00e7\u00f5es, em 30 de outubro. Essa press\u00e3o sobre a petroleira foi ampliada depois que a Organiza\u00e7\u00e3o dos Pa\u00edses Exportadores de Petr\u00f3leo (Opep+)\u2026 Leia mais \u00bb","og_url":"https:\/\/dana.com.br\/canaldana\/2022\/10\/06\/petrobras-sofre-pressao-para-segurar-precos-ate-o-2o-turno\/","og_site_name":"Canal Dana","article_published_time":"2022-10-06T11:55:50+00:00","author":"Canal Dana","twitter_card":"summary_large_image","twitter_misc":{"Escrito por":"Canal Dana","Est. tempo de leitura":"2 minutos"},"schema":{"@context":"https:\/\/schema.org","@graph":[{"@type":"Article","@id":"https:\/\/dana.com.br\/canaldana\/2022\/10\/06\/petrobras-sofre-pressao-para-segurar-precos-ate-o-2o-turno\/#article","isPartOf":{"@id":"https:\/\/dana.com.br\/canaldana\/2022\/10\/06\/petrobras-sofre-pressao-para-segurar-precos-ate-o-2o-turno\/"},"author":{"name":"Canal Dana","@id":"https:\/\/dana.com.br\/canaldana\/#\/schema\/person\/3c21f22f56fcf3bc46b94bc60ea4fef6"},"headline":"Petrobras sofre press\u00e3o para segurar pre\u00e7os at\u00e9 o 2\u00ba turno","datePublished":"2022-10-06T11:55:50+00:00","mainEntityOfPage":{"@id":"https:\/\/dana.com.br\/canaldana\/2022\/10\/06\/petrobras-sofre-pressao-para-segurar-precos-ate-o-2o-turno\/"},"wordCount":371,"articleSection":["Mercado"],"inLanguage":"pt-BR"},{"@type":"WebPage","@id":"https:\/\/dana.com.br\/canaldana\/2022\/10\/06\/petrobras-sofre-pressao-para-segurar-precos-ate-o-2o-turno\/","url":"https:\/\/dana.com.br\/canaldana\/2022\/10\/06\/petrobras-sofre-pressao-para-segurar-precos-ate-o-2o-turno\/","name":"Petrobras sofre press\u00e3o para segurar pre\u00e7os at\u00e9 o 2\u00ba turno - Canal Dana","isPartOf":{"@id":"https:\/\/dana.com.br\/canaldana\/#website"},"datePublished":"2022-10-06T11:55:50+00:00","author":{"@id":"https:\/\/dana.com.br\/canaldana\/#\/schema\/person\/3c21f22f56fcf3bc46b94bc60ea4fef6"},"breadcrumb":{"@id":"https:\/\/dana.com.br\/canaldana\/2022\/10\/06\/petrobras-sofre-pressao-para-segurar-precos-ate-o-2o-turno\/#breadcrumb"},"inLanguage":"pt-BR","potentialAction":[{"@type":"ReadAction","target":["https:\/\/dana.com.br\/canaldana\/2022\/10\/06\/petrobras-sofre-pressao-para-segurar-precos-ate-o-2o-turno\/"]}]},{"@type":"BreadcrumbList","@id":"https:\/\/dana.com.br\/canaldana\/2022\/10\/06\/petrobras-sofre-pressao-para-segurar-precos-ate-o-2o-turno\/#breadcrumb","itemListElement":[{"@type":"ListItem","position":1,"name":"Home","item":"https:\/\/dana.com.br\/canaldana\/"},{"@type":"ListItem","position":2,"name":"Mercado","item":"https:\/\/dana.com.br\/canaldana\/mercado\/"},{"@type":"ListItem","position":3,"name":"Petrobras sofre press\u00e3o para segurar pre\u00e7os at\u00e9 o 2\u00ba turno"}]},{"@type":"WebSite","@id":"https:\/\/dana.com.br\/canaldana\/#website","url":"https:\/\/dana.com.br\/canaldana\/","name":"Canal Dana","description":"Informativo com as principais not\u00edcias da ind\u00fastria automotiva","potentialAction":[{"@type":"SearchAction","target":{"@type":"EntryPoint","urlTemplate":"https:\/\/dana.com.br\/canaldana\/?s={search_term_string}"},"query-input":{"@type":"PropertyValueSpecification","valueRequired":true,"valueName":"search_term_string"}}],"inLanguage":"pt-BR"},{"@type":"Person","@id":"https:\/\/dana.com.br\/canaldana\/#\/schema\/person\/3c21f22f56fcf3bc46b94bc60ea4fef6","name":"Canal Dana","image":{"@type":"ImageObject","inLanguage":"pt-BR","@id":"https:\/\/secure.gravatar.com\/avatar\/420aaf9278582877d9018637c6817617705899d2858d7572ef0fe59a6b6454b4?s=96&d=mm&r=g","url":"https:\/\/secure.gravatar.com\/avatar\/420aaf9278582877d9018637c6817617705899d2858d7572ef0fe59a6b6454b4?s=96&d=mm&r=g","contentUrl":"https:\/\/secure.gravatar.com\/avatar\/420aaf9278582877d9018637c6817617705899d2858d7572ef0fe59a6b6454b4?s=96&d=mm&r=g","caption":"Canal Dana"},"url":"https:\/\/dana.com.br\/canaldana\/author\/cdeditor\/"}]}},"_links":{"self":[{"href":"https:\/\/dana.com.br\/canaldana\/wp-json\/wp\/v2\/posts\/61435","targetHints":{"allow":["GET"]}}],"collection":[{"href":"https:\/\/dana.com.br\/canaldana\/wp-json\/wp\/v2\/posts"}],"about":[{"href":"https:\/\/dana.com.br\/canaldana\/wp-json\/wp\/v2\/types\/post"}],"author":[{"embeddable":true,"href":"https:\/\/dana.com.br\/canaldana\/wp-json\/wp\/v2\/users\/3"}],"replies":[{"embeddable":true,"href":"https:\/\/dana.com.br\/canaldana\/wp-json\/wp\/v2\/comments?post=61435"}],"version-history":[{"count":0,"href":"https:\/\/dana.com.br\/canaldana\/wp-json\/wp\/v2\/posts\/61435\/revisions"}],"wp:attachment":[{"href":"https:\/\/dana.com.br\/canaldana\/wp-json\/wp\/v2\/media?parent=61435"}],"wp:term":[{"taxonomy":"category","embeddable":true,"href":"https:\/\/dana.com.br\/canaldana\/wp-json\/wp\/v2\/categories?post=61435"},{"taxonomy":"post_tag","embeddable":true,"href":"https:\/\/dana.com.br\/canaldana\/wp-json\/wp\/v2\/tags?post=61435"}],"curies":[{"name":"wp","href":"https:\/\/api.w.org\/{rel}","templated":true}]}}