{"id":61368,"date":"2022-10-04T08:45:44","date_gmt":"2022-10-04T11:45:44","guid":{"rendered":"https:\/\/dana.com.br\/canaldana\/?p=61368"},"modified":"2022-10-04T08:45:44","modified_gmt":"2022-10-04T11:45:44","slug":"primeiro-veiculo-de-7-eixos-movido-100-a-gas-natural-realiza-viagem-inaugural","status":"publish","type":"post","link":"https:\/\/dana.com.br\/canaldana\/2022\/10\/04\/primeiro-veiculo-de-7-eixos-movido-100-a-gas-natural-realiza-viagem-inaugural\/","title":{"rendered":"Primeiro ve\u00edculo de 7 eixos movido 100% a g\u00e1s natural realiza viagem inaugural"},"content":{"rendered":"<p><em>Blog do Ricardo Ribas<\/em><\/p>\n<p>&nbsp;<\/p>\n<p>A CMPC tornou-se pioneira no Brasil ao realizar o transporte de produtos em ve\u00edculo a g\u00e1s natural (GNV). A primeira viagem nacional feita por um caminh\u00e3o de 7 eixos movido por esse combust\u00edvel ocorreu neste m\u00eas de setembro e levou uma carga de celulose da unidade de Gua\u00edba (RS) at\u00e9 um dos clientes da companhia, localizado na cidade de Limeira, no interior paulista. Com capacidade para carregamento de at\u00e9 39 toneladas, a novidade proporciona uma op\u00e7\u00e3o mais sustent\u00e1vel para atender as rotas que a CMPC opera no pa\u00eds.<\/p>\n<p>&nbsp;<\/p>\n<p>Em compara\u00e7\u00e3o a ve\u00edculos similares movidos \u00e0 combust\u00e3o (\u00f3leo diesel), o caminh\u00e3o utilizado apresenta uma redu\u00e7\u00e3o de 17% na emiss\u00e3o de CO2 e diminui\u00e7\u00e3o de 95% na gera\u00e7\u00e3o de material particulado (proveniente da queima do combust\u00edvel). A companhia j\u00e1 estuda implementar mais ve\u00edculos com essa caracter\u00edstica e expandir a frota futuramente. A CMPC possui em seu prop\u00f3sito a sustentabilidade como pilar, buscando sempre a melhoria cont\u00ednua de seus processos e os tornando cada vez mais alinhados com as melhores e mais modernas pr\u00e1ticas ambientais aplicadas por empresas no mundo todo.<\/p>\n<p>&nbsp;<\/p>\n<p>\u201cEste \u00e9 um momento importante para a CMPC. Sempre mantemos o olhar atento para iniciativas que reduzam nossa pegada de carbono. Muito nos orgulha sermos a primeira empresa no pa\u00eds a realizar uma viagem com g\u00e1s natural nesse tipo de ve\u00edculo, o que refor\u00e7a nosso compromisso com as melhores pr\u00e1ticas de ESG\u201d, afirma Mauricio Harger, diretor-geral da CMPC. \u201cA\u00e7\u00f5es como essa se conectam cada vez mais com o que estamos desenvolvendo no BioCMPC, o maior projeto de sustentabilidade da hist\u00f3ria do RS com mais de 30 iniciativas ligadas diretamente ao tema\u201d, completa Harger. (Blog do Ricardo Ribas)<\/p>\n","protected":false},"excerpt":{"rendered":"<p>Blog do Ricardo Ribas &nbsp; A CMPC tornou-se pioneira no Brasil ao realizar o transporte de produtos em ve\u00edculo a g\u00e1s natural (GNV). A primeira viagem nacional feita por um caminh\u00e3o de 7 eixos movido por esse combust\u00edvel ocorreu neste m\u00eas de setembro e levou uma carga de celulose da unidade de Gua\u00edba (RS) at\u00e9\u2026 <a class=\"readmore\" href=\"https:\/\/dana.com.br\/canaldana\/2022\/10\/04\/primeiro-veiculo-de-7-eixos-movido-100-a-gas-natural-realiza-viagem-inaugural\/\">Leia mais \u00bb<\/a><\/p>\n","protected":false},"author":3,"featured_media":0,"comment_status":"closed","ping_status":"closed","sticky":false,"template":"","format":"standard","meta":{"_acf_changed":false,"footnotes":""},"categories":[79],"tags":[],"class_list":["post-61368","post","type-post","status-publish","format-standard","hentry","category-mercado"],"acf":[],"yoast_head":"<!-- This site is optimized with the Yoast SEO plugin v27.3 - https:\/\/yoast.com\/product\/yoast-seo-wordpress\/ -->\n<title>Primeiro ve\u00edculo de 7 eixos movido 100% a g\u00e1s natural realiza viagem inaugural - Canal Dana<\/title>\n<meta name=\"robots\" content=\"index, follow, max-snippet:-1, max-image-preview:large, max-video-preview:-1\" \/>\n<link rel=\"canonical\" href=\"https:\/\/dana.com.br\/canaldana\/2022\/10\/04\/primeiro-veiculo-de-7-eixos-movido-100-a-gas-natural-realiza-viagem-inaugural\/\" \/>\n<meta property=\"og:locale\" content=\"pt_BR\" \/>\n<meta property=\"og:type\" content=\"article\" \/>\n<meta property=\"og:title\" content=\"Primeiro ve\u00edculo de 7 eixos movido 100% a g\u00e1s natural realiza viagem inaugural - Canal Dana\" \/>\n<meta property=\"og:description\" content=\"Blog do Ricardo Ribas &nbsp; A CMPC tornou-se pioneira no Brasil ao realizar o transporte de produtos em ve\u00edculo a g\u00e1s natural (GNV). A primeira viagem nacional feita por um caminh\u00e3o de 7 eixos movido por esse combust\u00edvel ocorreu neste m\u00eas de setembro e levou uma carga de celulose da unidade de Gua\u00edba (RS) at\u00e9\u2026 Leia mais \u00bb\" \/>\n<meta property=\"og:url\" content=\"https:\/\/dana.com.br\/canaldana\/2022\/10\/04\/primeiro-veiculo-de-7-eixos-movido-100-a-gas-natural-realiza-viagem-inaugural\/\" \/>\n<meta property=\"og:site_name\" content=\"Canal Dana\" \/>\n<meta property=\"article:published_time\" content=\"2022-10-04T11:45:44+00:00\" \/>\n<meta name=\"author\" content=\"Canal Dana\" \/>\n<meta name=\"twitter:card\" content=\"summary_large_image\" \/>\n<meta name=\"twitter:label1\" content=\"Escrito por\" \/>\n\t<meta name=\"twitter:data1\" content=\"Canal Dana\" \/>\n\t<meta name=\"twitter:label2\" content=\"Est. tempo de leitura\" \/>\n\t<meta name=\"twitter:data2\" content=\"2 minutos\" \/>\n<script type=\"application\/ld+json\" class=\"yoast-schema-graph\">{\"@context\":\"https:\\\/\\\/schema.org\",\"@graph\":[{\"@type\":\"Article\",\"@id\":\"https:\\\/\\\/dana.com.br\\\/canaldana\\\/2022\\\/10\\\/04\\\/primeiro-veiculo-de-7-eixos-movido-100-a-gas-natural-realiza-viagem-inaugural\\\/#article\",\"isPartOf\":{\"@id\":\"https:\\\/\\\/dana.com.br\\\/canaldana\\\/2022\\\/10\\\/04\\\/primeiro-veiculo-de-7-eixos-movido-100-a-gas-natural-realiza-viagem-inaugural\\\/\"},\"author\":{\"name\":\"Canal Dana\",\"@id\":\"https:\\\/\\\/dana.com.br\\\/canaldana\\\/#\\\/schema\\\/person\\\/3c21f22f56fcf3bc46b94bc60ea4fef6\"},\"headline\":\"Primeiro ve\u00edculo de 7 eixos movido 100% a g\u00e1s natural realiza viagem inaugural\",\"datePublished\":\"2022-10-04T11:45:44+00:00\",\"mainEntityOfPage\":{\"@id\":\"https:\\\/\\\/dana.com.br\\\/canaldana\\\/2022\\\/10\\\/04\\\/primeiro-veiculo-de-7-eixos-movido-100-a-gas-natural-realiza-viagem-inaugural\\\/\"},\"wordCount\":318,\"articleSection\":[\"Mercado\"],\"inLanguage\":\"pt-BR\"},{\"@type\":\"WebPage\",\"@id\":\"https:\\\/\\\/dana.com.br\\\/canaldana\\\/2022\\\/10\\\/04\\\/primeiro-veiculo-de-7-eixos-movido-100-a-gas-natural-realiza-viagem-inaugural\\\/\",\"url\":\"https:\\\/\\\/dana.com.br\\\/canaldana\\\/2022\\\/10\\\/04\\\/primeiro-veiculo-de-7-eixos-movido-100-a-gas-natural-realiza-viagem-inaugural\\\/\",\"name\":\"Primeiro ve\u00edculo de 7 eixos movido 100% a g\u00e1s natural realiza viagem inaugural - Canal Dana\",\"isPartOf\":{\"@id\":\"https:\\\/\\\/dana.com.br\\\/canaldana\\\/#website\"},\"datePublished\":\"2022-10-04T11:45:44+00:00\",\"author\":{\"@id\":\"https:\\\/\\\/dana.com.br\\\/canaldana\\\/#\\\/schema\\\/person\\\/3c21f22f56fcf3bc46b94bc60ea4fef6\"},\"breadcrumb\":{\"@id\":\"https:\\\/\\\/dana.com.br\\\/canaldana\\\/2022\\\/10\\\/04\\\/primeiro-veiculo-de-7-eixos-movido-100-a-gas-natural-realiza-viagem-inaugural\\\/#breadcrumb\"},\"inLanguage\":\"pt-BR\",\"potentialAction\":[{\"@type\":\"ReadAction\",\"target\":[\"https:\\\/\\\/dana.com.br\\\/canaldana\\\/2022\\\/10\\\/04\\\/primeiro-veiculo-de-7-eixos-movido-100-a-gas-natural-realiza-viagem-inaugural\\\/\"]}]},{\"@type\":\"BreadcrumbList\",\"@id\":\"https:\\\/\\\/dana.com.br\\\/canaldana\\\/2022\\\/10\\\/04\\\/primeiro-veiculo-de-7-eixos-movido-100-a-gas-natural-realiza-viagem-inaugural\\\/#breadcrumb\",\"itemListElement\":[{\"@type\":\"ListItem\",\"position\":1,\"name\":\"Home\",\"item\":\"https:\\\/\\\/dana.com.br\\\/canaldana\\\/\"},{\"@type\":\"ListItem\",\"position\":2,\"name\":\"Mercado\",\"item\":\"https:\\\/\\\/dana.com.br\\\/canaldana\\\/mercado\\\/\"},{\"@type\":\"ListItem\",\"position\":3,\"name\":\"Primeiro ve\u00edculo de 7 eixos movido 100% a g\u00e1s natural realiza viagem inaugural\"}]},{\"@type\":\"WebSite\",\"@id\":\"https:\\\/\\\/dana.com.br\\\/canaldana\\\/#website\",\"url\":\"https:\\\/\\\/dana.com.br\\\/canaldana\\\/\",\"name\":\"Canal Dana\",\"description\":\"Informativo com as principais not\u00edcias da ind\u00fastria automotiva\",\"potentialAction\":[{\"@type\":\"SearchAction\",\"target\":{\"@type\":\"EntryPoint\",\"urlTemplate\":\"https:\\\/\\\/dana.com.br\\\/canaldana\\\/?s={search_term_string}\"},\"query-input\":{\"@type\":\"PropertyValueSpecification\",\"valueRequired\":true,\"valueName\":\"search_term_string\"}}],\"inLanguage\":\"pt-BR\"},{\"@type\":\"Person\",\"@id\":\"https:\\\/\\\/dana.com.br\\\/canaldana\\\/#\\\/schema\\\/person\\\/3c21f22f56fcf3bc46b94bc60ea4fef6\",\"name\":\"Canal Dana\",\"image\":{\"@type\":\"ImageObject\",\"inLanguage\":\"pt-BR\",\"@id\":\"https:\\\/\\\/secure.gravatar.com\\\/avatar\\\/420aaf9278582877d9018637c6817617705899d2858d7572ef0fe59a6b6454b4?s=96&d=mm&r=g\",\"url\":\"https:\\\/\\\/secure.gravatar.com\\\/avatar\\\/420aaf9278582877d9018637c6817617705899d2858d7572ef0fe59a6b6454b4?s=96&d=mm&r=g\",\"contentUrl\":\"https:\\\/\\\/secure.gravatar.com\\\/avatar\\\/420aaf9278582877d9018637c6817617705899d2858d7572ef0fe59a6b6454b4?s=96&d=mm&r=g\",\"caption\":\"Canal Dana\"},\"url\":\"https:\\\/\\\/dana.com.br\\\/canaldana\\\/author\\\/cdeditor\\\/\"}]}<\/script>\n<!-- \/ Yoast SEO plugin. -->","yoast_head_json":{"title":"Primeiro ve\u00edculo de 7 eixos movido 100% a g\u00e1s natural realiza viagem inaugural - Canal Dana","robots":{"index":"index","follow":"follow","max-snippet":"max-snippet:-1","max-image-preview":"max-image-preview:large","max-video-preview":"max-video-preview:-1"},"canonical":"https:\/\/dana.com.br\/canaldana\/2022\/10\/04\/primeiro-veiculo-de-7-eixos-movido-100-a-gas-natural-realiza-viagem-inaugural\/","og_locale":"pt_BR","og_type":"article","og_title":"Primeiro ve\u00edculo de 7 eixos movido 100% a g\u00e1s natural realiza viagem inaugural - Canal Dana","og_description":"Blog do Ricardo Ribas &nbsp; A CMPC tornou-se pioneira no Brasil ao realizar o transporte de produtos em ve\u00edculo a g\u00e1s natural (GNV). A primeira viagem nacional feita por um caminh\u00e3o de 7 eixos movido por esse combust\u00edvel ocorreu neste m\u00eas de setembro e levou uma carga de celulose da unidade de Gua\u00edba (RS) at\u00e9\u2026 Leia mais \u00bb","og_url":"https:\/\/dana.com.br\/canaldana\/2022\/10\/04\/primeiro-veiculo-de-7-eixos-movido-100-a-gas-natural-realiza-viagem-inaugural\/","og_site_name":"Canal Dana","article_published_time":"2022-10-04T11:45:44+00:00","author":"Canal Dana","twitter_card":"summary_large_image","twitter_misc":{"Escrito por":"Canal Dana","Est. tempo de leitura":"2 minutos"},"schema":{"@context":"https:\/\/schema.org","@graph":[{"@type":"Article","@id":"https:\/\/dana.com.br\/canaldana\/2022\/10\/04\/primeiro-veiculo-de-7-eixos-movido-100-a-gas-natural-realiza-viagem-inaugural\/#article","isPartOf":{"@id":"https:\/\/dana.com.br\/canaldana\/2022\/10\/04\/primeiro-veiculo-de-7-eixos-movido-100-a-gas-natural-realiza-viagem-inaugural\/"},"author":{"name":"Canal Dana","@id":"https:\/\/dana.com.br\/canaldana\/#\/schema\/person\/3c21f22f56fcf3bc46b94bc60ea4fef6"},"headline":"Primeiro ve\u00edculo de 7 eixos movido 100% a g\u00e1s natural realiza viagem inaugural","datePublished":"2022-10-04T11:45:44+00:00","mainEntityOfPage":{"@id":"https:\/\/dana.com.br\/canaldana\/2022\/10\/04\/primeiro-veiculo-de-7-eixos-movido-100-a-gas-natural-realiza-viagem-inaugural\/"},"wordCount":318,"articleSection":["Mercado"],"inLanguage":"pt-BR"},{"@type":"WebPage","@id":"https:\/\/dana.com.br\/canaldana\/2022\/10\/04\/primeiro-veiculo-de-7-eixos-movido-100-a-gas-natural-realiza-viagem-inaugural\/","url":"https:\/\/dana.com.br\/canaldana\/2022\/10\/04\/primeiro-veiculo-de-7-eixos-movido-100-a-gas-natural-realiza-viagem-inaugural\/","name":"Primeiro ve\u00edculo de 7 eixos movido 100% a g\u00e1s natural realiza viagem inaugural - Canal Dana","isPartOf":{"@id":"https:\/\/dana.com.br\/canaldana\/#website"},"datePublished":"2022-10-04T11:45:44+00:00","author":{"@id":"https:\/\/dana.com.br\/canaldana\/#\/schema\/person\/3c21f22f56fcf3bc46b94bc60ea4fef6"},"breadcrumb":{"@id":"https:\/\/dana.com.br\/canaldana\/2022\/10\/04\/primeiro-veiculo-de-7-eixos-movido-100-a-gas-natural-realiza-viagem-inaugural\/#breadcrumb"},"inLanguage":"pt-BR","potentialAction":[{"@type":"ReadAction","target":["https:\/\/dana.com.br\/canaldana\/2022\/10\/04\/primeiro-veiculo-de-7-eixos-movido-100-a-gas-natural-realiza-viagem-inaugural\/"]}]},{"@type":"BreadcrumbList","@id":"https:\/\/dana.com.br\/canaldana\/2022\/10\/04\/primeiro-veiculo-de-7-eixos-movido-100-a-gas-natural-realiza-viagem-inaugural\/#breadcrumb","itemListElement":[{"@type":"ListItem","position":1,"name":"Home","item":"https:\/\/dana.com.br\/canaldana\/"},{"@type":"ListItem","position":2,"name":"Mercado","item":"https:\/\/dana.com.br\/canaldana\/mercado\/"},{"@type":"ListItem","position":3,"name":"Primeiro ve\u00edculo de 7 eixos movido 100% a g\u00e1s natural realiza viagem inaugural"}]},{"@type":"WebSite","@id":"https:\/\/dana.com.br\/canaldana\/#website","url":"https:\/\/dana.com.br\/canaldana\/","name":"Canal Dana","description":"Informativo com as principais not\u00edcias da ind\u00fastria automotiva","potentialAction":[{"@type":"SearchAction","target":{"@type":"EntryPoint","urlTemplate":"https:\/\/dana.com.br\/canaldana\/?s={search_term_string}"},"query-input":{"@type":"PropertyValueSpecification","valueRequired":true,"valueName":"search_term_string"}}],"inLanguage":"pt-BR"},{"@type":"Person","@id":"https:\/\/dana.com.br\/canaldana\/#\/schema\/person\/3c21f22f56fcf3bc46b94bc60ea4fef6","name":"Canal Dana","image":{"@type":"ImageObject","inLanguage":"pt-BR","@id":"https:\/\/secure.gravatar.com\/avatar\/420aaf9278582877d9018637c6817617705899d2858d7572ef0fe59a6b6454b4?s=96&d=mm&r=g","url":"https:\/\/secure.gravatar.com\/avatar\/420aaf9278582877d9018637c6817617705899d2858d7572ef0fe59a6b6454b4?s=96&d=mm&r=g","contentUrl":"https:\/\/secure.gravatar.com\/avatar\/420aaf9278582877d9018637c6817617705899d2858d7572ef0fe59a6b6454b4?s=96&d=mm&r=g","caption":"Canal Dana"},"url":"https:\/\/dana.com.br\/canaldana\/author\/cdeditor\/"}]}},"_links":{"self":[{"href":"https:\/\/dana.com.br\/canaldana\/wp-json\/wp\/v2\/posts\/61368","targetHints":{"allow":["GET"]}}],"collection":[{"href":"https:\/\/dana.com.br\/canaldana\/wp-json\/wp\/v2\/posts"}],"about":[{"href":"https:\/\/dana.com.br\/canaldana\/wp-json\/wp\/v2\/types\/post"}],"author":[{"embeddable":true,"href":"https:\/\/dana.com.br\/canaldana\/wp-json\/wp\/v2\/users\/3"}],"replies":[{"embeddable":true,"href":"https:\/\/dana.com.br\/canaldana\/wp-json\/wp\/v2\/comments?post=61368"}],"version-history":[{"count":0,"href":"https:\/\/dana.com.br\/canaldana\/wp-json\/wp\/v2\/posts\/61368\/revisions"}],"wp:attachment":[{"href":"https:\/\/dana.com.br\/canaldana\/wp-json\/wp\/v2\/media?parent=61368"}],"wp:term":[{"taxonomy":"category","embeddable":true,"href":"https:\/\/dana.com.br\/canaldana\/wp-json\/wp\/v2\/categories?post=61368"},{"taxonomy":"post_tag","embeddable":true,"href":"https:\/\/dana.com.br\/canaldana\/wp-json\/wp\/v2\/tags?post=61368"}],"curies":[{"name":"wp","href":"https:\/\/api.w.org\/{rel}","templated":true}]}}