{"id":61285,"date":"2022-09-29T08:19:58","date_gmt":"2022-09-29T11:19:58","guid":{"rendered":"https:\/\/dana.com.br\/canaldana\/?p=61285"},"modified":"2022-09-29T08:19:58","modified_gmt":"2022-09-29T11:19:58","slug":"para-petrobras-plano-de-investimento-nao-depende-de-resultado-de-eleicao","status":"publish","type":"post","link":"https:\/\/dana.com.br\/canaldana\/2022\/09\/29\/para-petrobras-plano-de-investimento-nao-depende-de-resultado-de-eleicao\/","title":{"rendered":"Para Petrobras, plano de investimento n\u00e3o depende de resultado de elei\u00e7\u00e3o"},"content":{"rendered":"<p><em>O Estado de S. Paulo <\/em><\/p>\n<p>&nbsp;<\/p>\n<p>A Petrobras est\u00e1 finalizando o seu plano de investimento para o per\u00edodo de 2023 a 2027 e prev\u00ea divulg\u00e1-lo ao mercado no fim de novembro, informou ontem o diretor de Governan\u00e7a e Conformidade da estatal, Salvador Dahan, ap\u00f3s participar de um painel na Rio, Oil &amp; Gas 2022. Ele descartou qualquer impacto do resultado das elei\u00e7\u00f5es presidenciais deste ano na elabora\u00e7\u00e3o dos planos.<\/p>\n<p>&nbsp;<\/p>\n<p>\u201cAs nossas decis\u00f5es s\u00e3o pautadas pelas equipes t\u00e9cnicas, que submetem as suas propostas em um processo que vem acontecendo h\u00e1 muitos meses. Ent\u00e3o, n\u00e3o tem nenhuma decis\u00e3o do plano que possa ser afetada pelo resultado da elei\u00e7\u00e3o\u201d, afirmou o executivo.<\/p>\n<p>&nbsp;<\/p>\n<p>De acordo com Dahan, a \u00faltima palavra sobre o plano ainda ter\u00e1 de ser dada pelo conselho de administra\u00e7\u00e3o da companhia, que foi renovado em agosto, inclusive com a elei\u00e7\u00e3o de dois nomes indicados pelo governo Bolsonaro que chegaram a ser rejeitados pelos \u00f3rg\u00e3os de controle interno da Petrobras (os comit\u00eas de elegibilidade e de pessoas).<\/p>\n<p>&nbsp;<\/p>\n<p>\u201cAcho que \u00e9 assunto superado, j\u00e1 foi debatido exaustivamente. O mais importante \u00e9 que a governan\u00e7a da Petrobras tem suas defini\u00e7\u00f5es, tanto o regimento interno como no estatuto e na Lei das Estatais, e esses processos foram seguidos\u201d, argumentou.<\/p>\n<p>&nbsp;<\/p>\n<p><strong>Pr\u00e9-sal<\/strong><\/p>\n<p>&nbsp;<\/p>\n<p>Segundo ele, o foco da estatal continua no pr\u00e9-sal, mas tamb\u00e9m est\u00e3o previstos investimentos no segmento de refino. \u201cEle (o plano) vem com a mesma consist\u00eancia que n\u00f3s apresentamos nos \u00faltimos anos, \u00e9 um plano que tem foco no Brasil, com o desenvolvimento nas \u00e1reas do pr\u00e9-sal, e com bastante investimento, n\u00e3o apenas em explora\u00e7\u00e3o e produ\u00e7\u00e3o, mas tamb\u00e9m no downstream\u201d, disse Dahan.<\/p>\n<p>&nbsp;<\/p>\n<p>Segundo ele, o plano ainda est\u00e1 sendo desenhado e n\u00e3o \u00e9 poss\u00edvel divulgar o valor que ser\u00e1 investido, ou se j\u00e1 incluir\u00e1 novos projetos para a diversifica\u00e7\u00e3o dos neg\u00f3cios da estatal diante da transi\u00e7\u00e3o energ\u00e9tica, como usinas e\u00f3licas offshore.<\/p>\n<p>&nbsp;<\/p>\n<p>\u201cDo ponto de vista de transi\u00e7\u00e3o energ\u00e9tica, a gente pretende prosseguir consistentemente com aquilo que a gente j\u00e1 fez, olhar projetos de descarboniza\u00e7\u00e3o focados no desenvolvimento de produtos renov\u00e1veis e, obviamente, buscando a transi\u00e7\u00e3o atrav\u00e9s da diversifica\u00e7\u00e3o rent\u00e1vel, ou seja, quais novos neg\u00f3cios ou atividades a Petrobras pretende focar imaginando um universo de longo prazo\u201d, explicou o executivo. (O Estado de S. Paulo\/Denise Luna)<\/p>\n","protected":false},"excerpt":{"rendered":"<p>O Estado de S. Paulo &nbsp; A Petrobras est\u00e1 finalizando o seu plano de investimento para o per\u00edodo de 2023 a 2027 e prev\u00ea divulg\u00e1-lo ao mercado no fim de novembro, informou ontem o diretor de Governan\u00e7a e Conformidade da estatal, Salvador Dahan, ap\u00f3s participar de um painel na Rio, Oil &amp; Gas 2022. Ele\u2026 <a class=\"readmore\" href=\"https:\/\/dana.com.br\/canaldana\/2022\/09\/29\/para-petrobras-plano-de-investimento-nao-depende-de-resultado-de-eleicao\/\">Leia mais \u00bb<\/a><\/p>\n","protected":false},"author":3,"featured_media":0,"comment_status":"closed","ping_status":"closed","sticky":false,"template":"","format":"standard","meta":{"_acf_changed":false,"footnotes":""},"categories":[79],"tags":[],"class_list":["post-61285","post","type-post","status-publish","format-standard","hentry","category-mercado"],"acf":[],"yoast_head":"<!-- This site is optimized with the Yoast SEO plugin v27.3 - https:\/\/yoast.com\/product\/yoast-seo-wordpress\/ -->\n<title>Para Petrobras, plano de investimento n\u00e3o depende de resultado de elei\u00e7\u00e3o - Canal Dana<\/title>\n<meta name=\"robots\" content=\"index, follow, max-snippet:-1, max-image-preview:large, max-video-preview:-1\" \/>\n<link rel=\"canonical\" href=\"https:\/\/dana.com.br\/canaldana\/2022\/09\/29\/para-petrobras-plano-de-investimento-nao-depende-de-resultado-de-eleicao\/\" \/>\n<meta property=\"og:locale\" content=\"pt_BR\" \/>\n<meta property=\"og:type\" content=\"article\" \/>\n<meta property=\"og:title\" content=\"Para Petrobras, plano de investimento n\u00e3o depende de resultado de elei\u00e7\u00e3o - Canal Dana\" \/>\n<meta property=\"og:description\" content=\"O Estado de S. Paulo &nbsp; A Petrobras est\u00e1 finalizando o seu plano de investimento para o per\u00edodo de 2023 a 2027 e prev\u00ea divulg\u00e1-lo ao mercado no fim de novembro, informou ontem o diretor de Governan\u00e7a e Conformidade da estatal, Salvador Dahan, ap\u00f3s participar de um painel na Rio, Oil &amp; Gas 2022. Ele\u2026 Leia mais \u00bb\" \/>\n<meta property=\"og:url\" content=\"https:\/\/dana.com.br\/canaldana\/2022\/09\/29\/para-petrobras-plano-de-investimento-nao-depende-de-resultado-de-eleicao\/\" \/>\n<meta property=\"og:site_name\" content=\"Canal Dana\" \/>\n<meta property=\"article:published_time\" content=\"2022-09-29T11:19:58+00:00\" \/>\n<meta name=\"author\" content=\"Canal Dana\" \/>\n<meta name=\"twitter:card\" content=\"summary_large_image\" \/>\n<meta name=\"twitter:label1\" content=\"Escrito por\" \/>\n\t<meta name=\"twitter:data1\" content=\"Canal Dana\" \/>\n\t<meta name=\"twitter:label2\" content=\"Est. tempo de leitura\" \/>\n\t<meta name=\"twitter:data2\" content=\"2 minutos\" \/>\n<script type=\"application\/ld+json\" class=\"yoast-schema-graph\">{\"@context\":\"https:\\\/\\\/schema.org\",\"@graph\":[{\"@type\":\"Article\",\"@id\":\"https:\\\/\\\/dana.com.br\\\/canaldana\\\/2022\\\/09\\\/29\\\/para-petrobras-plano-de-investimento-nao-depende-de-resultado-de-eleicao\\\/#article\",\"isPartOf\":{\"@id\":\"https:\\\/\\\/dana.com.br\\\/canaldana\\\/2022\\\/09\\\/29\\\/para-petrobras-plano-de-investimento-nao-depende-de-resultado-de-eleicao\\\/\"},\"author\":{\"name\":\"Canal Dana\",\"@id\":\"https:\\\/\\\/dana.com.br\\\/canaldana\\\/#\\\/schema\\\/person\\\/3c21f22f56fcf3bc46b94bc60ea4fef6\"},\"headline\":\"Para Petrobras, plano de investimento n\u00e3o depende de resultado de elei\u00e7\u00e3o\",\"datePublished\":\"2022-09-29T11:19:58+00:00\",\"mainEntityOfPage\":{\"@id\":\"https:\\\/\\\/dana.com.br\\\/canaldana\\\/2022\\\/09\\\/29\\\/para-petrobras-plano-de-investimento-nao-depende-de-resultado-de-eleicao\\\/\"},\"wordCount\":431,\"articleSection\":[\"Mercado\"],\"inLanguage\":\"pt-BR\"},{\"@type\":\"WebPage\",\"@id\":\"https:\\\/\\\/dana.com.br\\\/canaldana\\\/2022\\\/09\\\/29\\\/para-petrobras-plano-de-investimento-nao-depende-de-resultado-de-eleicao\\\/\",\"url\":\"https:\\\/\\\/dana.com.br\\\/canaldana\\\/2022\\\/09\\\/29\\\/para-petrobras-plano-de-investimento-nao-depende-de-resultado-de-eleicao\\\/\",\"name\":\"Para Petrobras, plano de investimento n\u00e3o depende de resultado de elei\u00e7\u00e3o - Canal Dana\",\"isPartOf\":{\"@id\":\"https:\\\/\\\/dana.com.br\\\/canaldana\\\/#website\"},\"datePublished\":\"2022-09-29T11:19:58+00:00\",\"author\":{\"@id\":\"https:\\\/\\\/dana.com.br\\\/canaldana\\\/#\\\/schema\\\/person\\\/3c21f22f56fcf3bc46b94bc60ea4fef6\"},\"breadcrumb\":{\"@id\":\"https:\\\/\\\/dana.com.br\\\/canaldana\\\/2022\\\/09\\\/29\\\/para-petrobras-plano-de-investimento-nao-depende-de-resultado-de-eleicao\\\/#breadcrumb\"},\"inLanguage\":\"pt-BR\",\"potentialAction\":[{\"@type\":\"ReadAction\",\"target\":[\"https:\\\/\\\/dana.com.br\\\/canaldana\\\/2022\\\/09\\\/29\\\/para-petrobras-plano-de-investimento-nao-depende-de-resultado-de-eleicao\\\/\"]}]},{\"@type\":\"BreadcrumbList\",\"@id\":\"https:\\\/\\\/dana.com.br\\\/canaldana\\\/2022\\\/09\\\/29\\\/para-petrobras-plano-de-investimento-nao-depende-de-resultado-de-eleicao\\\/#breadcrumb\",\"itemListElement\":[{\"@type\":\"ListItem\",\"position\":1,\"name\":\"Home\",\"item\":\"https:\\\/\\\/dana.com.br\\\/canaldana\\\/\"},{\"@type\":\"ListItem\",\"position\":2,\"name\":\"Mercado\",\"item\":\"https:\\\/\\\/dana.com.br\\\/canaldana\\\/mercado\\\/\"},{\"@type\":\"ListItem\",\"position\":3,\"name\":\"Para Petrobras, plano de investimento n\u00e3o depende de resultado de elei\u00e7\u00e3o\"}]},{\"@type\":\"WebSite\",\"@id\":\"https:\\\/\\\/dana.com.br\\\/canaldana\\\/#website\",\"url\":\"https:\\\/\\\/dana.com.br\\\/canaldana\\\/\",\"name\":\"Canal Dana\",\"description\":\"Informativo com as principais not\u00edcias da ind\u00fastria automotiva\",\"potentialAction\":[{\"@type\":\"SearchAction\",\"target\":{\"@type\":\"EntryPoint\",\"urlTemplate\":\"https:\\\/\\\/dana.com.br\\\/canaldana\\\/?s={search_term_string}\"},\"query-input\":{\"@type\":\"PropertyValueSpecification\",\"valueRequired\":true,\"valueName\":\"search_term_string\"}}],\"inLanguage\":\"pt-BR\"},{\"@type\":\"Person\",\"@id\":\"https:\\\/\\\/dana.com.br\\\/canaldana\\\/#\\\/schema\\\/person\\\/3c21f22f56fcf3bc46b94bc60ea4fef6\",\"name\":\"Canal Dana\",\"image\":{\"@type\":\"ImageObject\",\"inLanguage\":\"pt-BR\",\"@id\":\"https:\\\/\\\/secure.gravatar.com\\\/avatar\\\/420aaf9278582877d9018637c6817617705899d2858d7572ef0fe59a6b6454b4?s=96&d=mm&r=g\",\"url\":\"https:\\\/\\\/secure.gravatar.com\\\/avatar\\\/420aaf9278582877d9018637c6817617705899d2858d7572ef0fe59a6b6454b4?s=96&d=mm&r=g\",\"contentUrl\":\"https:\\\/\\\/secure.gravatar.com\\\/avatar\\\/420aaf9278582877d9018637c6817617705899d2858d7572ef0fe59a6b6454b4?s=96&d=mm&r=g\",\"caption\":\"Canal Dana\"},\"url\":\"https:\\\/\\\/dana.com.br\\\/canaldana\\\/author\\\/cdeditor\\\/\"}]}<\/script>\n<!-- \/ Yoast SEO plugin. -->","yoast_head_json":{"title":"Para Petrobras, plano de investimento n\u00e3o depende de resultado de elei\u00e7\u00e3o - Canal Dana","robots":{"index":"index","follow":"follow","max-snippet":"max-snippet:-1","max-image-preview":"max-image-preview:large","max-video-preview":"max-video-preview:-1"},"canonical":"https:\/\/dana.com.br\/canaldana\/2022\/09\/29\/para-petrobras-plano-de-investimento-nao-depende-de-resultado-de-eleicao\/","og_locale":"pt_BR","og_type":"article","og_title":"Para Petrobras, plano de investimento n\u00e3o depende de resultado de elei\u00e7\u00e3o - Canal Dana","og_description":"O Estado de S. Paulo &nbsp; A Petrobras est\u00e1 finalizando o seu plano de investimento para o per\u00edodo de 2023 a 2027 e prev\u00ea divulg\u00e1-lo ao mercado no fim de novembro, informou ontem o diretor de Governan\u00e7a e Conformidade da estatal, Salvador Dahan, ap\u00f3s participar de um painel na Rio, Oil &amp; Gas 2022. Ele\u2026 Leia mais \u00bb","og_url":"https:\/\/dana.com.br\/canaldana\/2022\/09\/29\/para-petrobras-plano-de-investimento-nao-depende-de-resultado-de-eleicao\/","og_site_name":"Canal Dana","article_published_time":"2022-09-29T11:19:58+00:00","author":"Canal Dana","twitter_card":"summary_large_image","twitter_misc":{"Escrito por":"Canal Dana","Est. tempo de leitura":"2 minutos"},"schema":{"@context":"https:\/\/schema.org","@graph":[{"@type":"Article","@id":"https:\/\/dana.com.br\/canaldana\/2022\/09\/29\/para-petrobras-plano-de-investimento-nao-depende-de-resultado-de-eleicao\/#article","isPartOf":{"@id":"https:\/\/dana.com.br\/canaldana\/2022\/09\/29\/para-petrobras-plano-de-investimento-nao-depende-de-resultado-de-eleicao\/"},"author":{"name":"Canal Dana","@id":"https:\/\/dana.com.br\/canaldana\/#\/schema\/person\/3c21f22f56fcf3bc46b94bc60ea4fef6"},"headline":"Para Petrobras, plano de investimento n\u00e3o depende de resultado de elei\u00e7\u00e3o","datePublished":"2022-09-29T11:19:58+00:00","mainEntityOfPage":{"@id":"https:\/\/dana.com.br\/canaldana\/2022\/09\/29\/para-petrobras-plano-de-investimento-nao-depende-de-resultado-de-eleicao\/"},"wordCount":431,"articleSection":["Mercado"],"inLanguage":"pt-BR"},{"@type":"WebPage","@id":"https:\/\/dana.com.br\/canaldana\/2022\/09\/29\/para-petrobras-plano-de-investimento-nao-depende-de-resultado-de-eleicao\/","url":"https:\/\/dana.com.br\/canaldana\/2022\/09\/29\/para-petrobras-plano-de-investimento-nao-depende-de-resultado-de-eleicao\/","name":"Para Petrobras, plano de investimento n\u00e3o depende de resultado de elei\u00e7\u00e3o - Canal Dana","isPartOf":{"@id":"https:\/\/dana.com.br\/canaldana\/#website"},"datePublished":"2022-09-29T11:19:58+00:00","author":{"@id":"https:\/\/dana.com.br\/canaldana\/#\/schema\/person\/3c21f22f56fcf3bc46b94bc60ea4fef6"},"breadcrumb":{"@id":"https:\/\/dana.com.br\/canaldana\/2022\/09\/29\/para-petrobras-plano-de-investimento-nao-depende-de-resultado-de-eleicao\/#breadcrumb"},"inLanguage":"pt-BR","potentialAction":[{"@type":"ReadAction","target":["https:\/\/dana.com.br\/canaldana\/2022\/09\/29\/para-petrobras-plano-de-investimento-nao-depende-de-resultado-de-eleicao\/"]}]},{"@type":"BreadcrumbList","@id":"https:\/\/dana.com.br\/canaldana\/2022\/09\/29\/para-petrobras-plano-de-investimento-nao-depende-de-resultado-de-eleicao\/#breadcrumb","itemListElement":[{"@type":"ListItem","position":1,"name":"Home","item":"https:\/\/dana.com.br\/canaldana\/"},{"@type":"ListItem","position":2,"name":"Mercado","item":"https:\/\/dana.com.br\/canaldana\/mercado\/"},{"@type":"ListItem","position":3,"name":"Para Petrobras, plano de investimento n\u00e3o depende de resultado de elei\u00e7\u00e3o"}]},{"@type":"WebSite","@id":"https:\/\/dana.com.br\/canaldana\/#website","url":"https:\/\/dana.com.br\/canaldana\/","name":"Canal Dana","description":"Informativo com as principais not\u00edcias da ind\u00fastria automotiva","potentialAction":[{"@type":"SearchAction","target":{"@type":"EntryPoint","urlTemplate":"https:\/\/dana.com.br\/canaldana\/?s={search_term_string}"},"query-input":{"@type":"PropertyValueSpecification","valueRequired":true,"valueName":"search_term_string"}}],"inLanguage":"pt-BR"},{"@type":"Person","@id":"https:\/\/dana.com.br\/canaldana\/#\/schema\/person\/3c21f22f56fcf3bc46b94bc60ea4fef6","name":"Canal Dana","image":{"@type":"ImageObject","inLanguage":"pt-BR","@id":"https:\/\/secure.gravatar.com\/avatar\/420aaf9278582877d9018637c6817617705899d2858d7572ef0fe59a6b6454b4?s=96&d=mm&r=g","url":"https:\/\/secure.gravatar.com\/avatar\/420aaf9278582877d9018637c6817617705899d2858d7572ef0fe59a6b6454b4?s=96&d=mm&r=g","contentUrl":"https:\/\/secure.gravatar.com\/avatar\/420aaf9278582877d9018637c6817617705899d2858d7572ef0fe59a6b6454b4?s=96&d=mm&r=g","caption":"Canal Dana"},"url":"https:\/\/dana.com.br\/canaldana\/author\/cdeditor\/"}]}},"_links":{"self":[{"href":"https:\/\/dana.com.br\/canaldana\/wp-json\/wp\/v2\/posts\/61285","targetHints":{"allow":["GET"]}}],"collection":[{"href":"https:\/\/dana.com.br\/canaldana\/wp-json\/wp\/v2\/posts"}],"about":[{"href":"https:\/\/dana.com.br\/canaldana\/wp-json\/wp\/v2\/types\/post"}],"author":[{"embeddable":true,"href":"https:\/\/dana.com.br\/canaldana\/wp-json\/wp\/v2\/users\/3"}],"replies":[{"embeddable":true,"href":"https:\/\/dana.com.br\/canaldana\/wp-json\/wp\/v2\/comments?post=61285"}],"version-history":[{"count":0,"href":"https:\/\/dana.com.br\/canaldana\/wp-json\/wp\/v2\/posts\/61285\/revisions"}],"wp:attachment":[{"href":"https:\/\/dana.com.br\/canaldana\/wp-json\/wp\/v2\/media?parent=61285"}],"wp:term":[{"taxonomy":"category","embeddable":true,"href":"https:\/\/dana.com.br\/canaldana\/wp-json\/wp\/v2\/categories?post=61285"},{"taxonomy":"post_tag","embeddable":true,"href":"https:\/\/dana.com.br\/canaldana\/wp-json\/wp\/v2\/tags?post=61285"}],"curies":[{"name":"wp","href":"https:\/\/api.w.org\/{rel}","templated":true}]}}