{"id":61279,"date":"2022-09-29T08:17:02","date_gmt":"2022-09-29T11:17:02","guid":{"rendered":"https:\/\/dana.com.br\/canaldana\/?p=61279"},"modified":"2022-09-29T08:17:02","modified_gmt":"2022-09-29T11:17:02","slug":"byd-torna-se-parceira-da-mobility-solutions-auto-trade-company-na-jordania","status":"publish","type":"post","link":"https:\/\/dana.com.br\/canaldana\/2022\/09\/29\/byd-torna-se-parceira-da-mobility-solutions-auto-trade-company-na-jordania\/","title":{"rendered":"BYD torna-se parceira da Mobility Solutions Auto Trade Company na Jord\u00e2nia"},"content":{"rendered":"<p><em>Blog do Ricardo Ribas<\/em><\/p>\n<p>&nbsp;<\/p>\n<p>A BYD fechou uma parceria com a Bustami &amp; Saheb Trading Company (BSTC), um importante grupo de concession\u00e1rias automotivas na Jord\u00e2nia, para fornecer em conjunto ve\u00edculos el\u00e9tricos para o mercado jordaniano. A BYD e a Mobility Solutions Auto Trade Company (MSTC), subsidi\u00e1ria de vendas de ve\u00edculos el\u00e9tricos da BSTC, realizaram uma cerim\u00f4nia online de assinatura na sede global da BYD, em Shenzhen, e na sede da BSTC, em Amman.<\/p>\n<p>&nbsp;<\/p>\n<p>Ap\u00f3s d\u00e9cadas de inova\u00e7\u00e3o, a BYD dominou as tecnologias centrais de toda a cadeia industrial dos ve\u00edculos el\u00e9tricos, tais como baterias, motores el\u00e9tricos, controladores eletr\u00f4nicos e semicondutores automotivos, fornecendo novas solu\u00e7\u00f5es globais de energia para o mundo. Atualmente, a abrang\u00eancia dos ve\u00edculos el\u00e9tricos da BYD cobre 6 continentes, mais de 70 pa\u00edses e regi\u00f5es, e mais de 400 cidades.<\/p>\n<p>&nbsp;<\/p>\n<p>No primeiro semestre de 2022, seu volume de vendas de el\u00e9tricos ultrapassou 640.000 unidades, com um aumento de 300% comparado com o mesmo per\u00edodo do ano anterior. A BYD atendeu mais de 2,4 milh\u00f5es de clientes e permanece como a marca l\u00edder em vendas de ve\u00edculos de el\u00e9tricos na China por nove anos consecutivos.<\/p>\n<p>&nbsp;<\/p>\n<p>A Bustami &amp; Saheb Trading Company tem mais de 50 anos de legado, reputa\u00e7\u00e3o e experi\u00eancia em neg\u00f3cios automotivos. O grupo foi pioneiro no fornecimento dos mais recentes produtos automotivos inovadores, tecnol\u00f3gicos e sustent\u00e1veis para o mercado da Jord\u00e2nia, com valores distintos de excel\u00eancia, pioneirismo e confiabilidade. Em parceria com a BYD, o grupo aspira a ser o primeiro fornecedor de mobilidade dos mais avan\u00e7ados ve\u00edculos el\u00e9tricos, para atender \u00e0 transforma\u00e7\u00e3o tecnol\u00f3gica na Jord\u00e2nia.<\/p>\n<p>&nbsp;<\/p>\n<p>\u201cEstamos muito satisfeitos em trabalhar com uma empresa de destaque como a MSTC\u201d, disse Huang Zhixue, Gerente Geral da Divis\u00e3o de Vendas de Autom\u00f3veis da BYD Oriente M\u00e9dio e \u00c1frica. \u201cTrabalharemos juntos para lan\u00e7ar uma variedade de ve\u00edculos el\u00e9tricos da BYD na Jord\u00e2nia. Acredito que nossa tecnologia l\u00edder e o servi\u00e7o de qualidade oferecido pela MSTC oferecer\u00e3o aos consumidores jordanianos melhor mobilidade e experi\u00eancia de compra\u201d. acrescenta Zhixue.<\/p>\n<p>&nbsp;<\/p>\n<p>Rami Al-Saheb, Presidente do Conselho de Administra\u00e7\u00e3o da BSTC, concluiu: \u201cO alto custo do combust\u00edvel na Jord\u00e2nia, atualmente o quarto mais caro do mundo, combinado com regulamenta\u00e7\u00f5es governamentais favor\u00e1veis, fez dos ve\u00edculos el\u00e9tricos um dos segmentos de crescimento mais r\u00e1pidos no mercado automobil\u00edstico da regi\u00e3o. BYD \u00e9 a marca internacional pioneira no campo das energias renov\u00e1veis, e com nossa experi\u00eancia combinada, estamos a caminho de fazer uma hist\u00f3ria de sucesso aqui na Jord\u00e2nia\u201d. (Blog do Ricardo Ribas)<\/p>\n","protected":false},"excerpt":{"rendered":"<p>Blog do Ricardo Ribas &nbsp; A BYD fechou uma parceria com a Bustami &amp; Saheb Trading Company (BSTC), um importante grupo de concession\u00e1rias automotivas na Jord\u00e2nia, para fornecer em conjunto ve\u00edculos el\u00e9tricos para o mercado jordaniano. A BYD e a Mobility Solutions Auto Trade Company (MSTC), subsidi\u00e1ria de vendas de ve\u00edculos el\u00e9tricos da BSTC, realizaram\u2026 <a class=\"readmore\" href=\"https:\/\/dana.com.br\/canaldana\/2022\/09\/29\/byd-torna-se-parceira-da-mobility-solutions-auto-trade-company-na-jordania\/\">Leia mais \u00bb<\/a><\/p>\n","protected":false},"author":3,"featured_media":0,"comment_status":"closed","ping_status":"closed","sticky":false,"template":"","format":"standard","meta":{"_acf_changed":false,"footnotes":""},"categories":[79],"tags":[],"class_list":["post-61279","post","type-post","status-publish","format-standard","hentry","category-mercado"],"acf":[],"yoast_head":"<!-- This site is optimized with the Yoast SEO plugin v27.3 - https:\/\/yoast.com\/product\/yoast-seo-wordpress\/ -->\n<title>BYD torna-se parceira da Mobility Solutions Auto Trade Company na Jord\u00e2nia - Canal Dana<\/title>\n<meta name=\"robots\" content=\"index, follow, max-snippet:-1, max-image-preview:large, max-video-preview:-1\" \/>\n<link rel=\"canonical\" href=\"https:\/\/dana.com.br\/canaldana\/2022\/09\/29\/byd-torna-se-parceira-da-mobility-solutions-auto-trade-company-na-jordania\/\" \/>\n<meta property=\"og:locale\" content=\"pt_BR\" \/>\n<meta property=\"og:type\" content=\"article\" \/>\n<meta property=\"og:title\" content=\"BYD torna-se parceira da Mobility Solutions Auto Trade Company na Jord\u00e2nia - Canal Dana\" \/>\n<meta property=\"og:description\" content=\"Blog do Ricardo Ribas &nbsp; A BYD fechou uma parceria com a Bustami &amp; Saheb Trading Company (BSTC), um importante grupo de concession\u00e1rias automotivas na Jord\u00e2nia, para fornecer em conjunto ve\u00edculos el\u00e9tricos para o mercado jordaniano. A BYD e a Mobility Solutions Auto Trade Company (MSTC), subsidi\u00e1ria de vendas de ve\u00edculos el\u00e9tricos da BSTC, realizaram\u2026 Leia mais \u00bb\" \/>\n<meta property=\"og:url\" content=\"https:\/\/dana.com.br\/canaldana\/2022\/09\/29\/byd-torna-se-parceira-da-mobility-solutions-auto-trade-company-na-jordania\/\" \/>\n<meta property=\"og:site_name\" content=\"Canal Dana\" \/>\n<meta property=\"article:published_time\" content=\"2022-09-29T11:17:02+00:00\" \/>\n<meta name=\"author\" content=\"Canal Dana\" \/>\n<meta name=\"twitter:card\" content=\"summary_large_image\" \/>\n<meta name=\"twitter:label1\" content=\"Escrito por\" \/>\n\t<meta name=\"twitter:data1\" content=\"Canal Dana\" \/>\n\t<meta name=\"twitter:label2\" content=\"Est. tempo de leitura\" \/>\n\t<meta name=\"twitter:data2\" content=\"2 minutos\" \/>\n<script type=\"application\/ld+json\" class=\"yoast-schema-graph\">{\"@context\":\"https:\\\/\\\/schema.org\",\"@graph\":[{\"@type\":\"Article\",\"@id\":\"https:\\\/\\\/dana.com.br\\\/canaldana\\\/2022\\\/09\\\/29\\\/byd-torna-se-parceira-da-mobility-solutions-auto-trade-company-na-jordania\\\/#article\",\"isPartOf\":{\"@id\":\"https:\\\/\\\/dana.com.br\\\/canaldana\\\/2022\\\/09\\\/29\\\/byd-torna-se-parceira-da-mobility-solutions-auto-trade-company-na-jordania\\\/\"},\"author\":{\"name\":\"Canal Dana\",\"@id\":\"https:\\\/\\\/dana.com.br\\\/canaldana\\\/#\\\/schema\\\/person\\\/3c21f22f56fcf3bc46b94bc60ea4fef6\"},\"headline\":\"BYD torna-se parceira da Mobility Solutions Auto Trade Company na Jord\u00e2nia\",\"datePublished\":\"2022-09-29T11:17:02+00:00\",\"mainEntityOfPage\":{\"@id\":\"https:\\\/\\\/dana.com.br\\\/canaldana\\\/2022\\\/09\\\/29\\\/byd-torna-se-parceira-da-mobility-solutions-auto-trade-company-na-jordania\\\/\"},\"wordCount\":478,\"articleSection\":[\"Mercado\"],\"inLanguage\":\"pt-BR\"},{\"@type\":\"WebPage\",\"@id\":\"https:\\\/\\\/dana.com.br\\\/canaldana\\\/2022\\\/09\\\/29\\\/byd-torna-se-parceira-da-mobility-solutions-auto-trade-company-na-jordania\\\/\",\"url\":\"https:\\\/\\\/dana.com.br\\\/canaldana\\\/2022\\\/09\\\/29\\\/byd-torna-se-parceira-da-mobility-solutions-auto-trade-company-na-jordania\\\/\",\"name\":\"BYD torna-se parceira da Mobility Solutions Auto Trade Company na Jord\u00e2nia - Canal Dana\",\"isPartOf\":{\"@id\":\"https:\\\/\\\/dana.com.br\\\/canaldana\\\/#website\"},\"datePublished\":\"2022-09-29T11:17:02+00:00\",\"author\":{\"@id\":\"https:\\\/\\\/dana.com.br\\\/canaldana\\\/#\\\/schema\\\/person\\\/3c21f22f56fcf3bc46b94bc60ea4fef6\"},\"breadcrumb\":{\"@id\":\"https:\\\/\\\/dana.com.br\\\/canaldana\\\/2022\\\/09\\\/29\\\/byd-torna-se-parceira-da-mobility-solutions-auto-trade-company-na-jordania\\\/#breadcrumb\"},\"inLanguage\":\"pt-BR\",\"potentialAction\":[{\"@type\":\"ReadAction\",\"target\":[\"https:\\\/\\\/dana.com.br\\\/canaldana\\\/2022\\\/09\\\/29\\\/byd-torna-se-parceira-da-mobility-solutions-auto-trade-company-na-jordania\\\/\"]}]},{\"@type\":\"BreadcrumbList\",\"@id\":\"https:\\\/\\\/dana.com.br\\\/canaldana\\\/2022\\\/09\\\/29\\\/byd-torna-se-parceira-da-mobility-solutions-auto-trade-company-na-jordania\\\/#breadcrumb\",\"itemListElement\":[{\"@type\":\"ListItem\",\"position\":1,\"name\":\"Home\",\"item\":\"https:\\\/\\\/dana.com.br\\\/canaldana\\\/\"},{\"@type\":\"ListItem\",\"position\":2,\"name\":\"Mercado\",\"item\":\"https:\\\/\\\/dana.com.br\\\/canaldana\\\/mercado\\\/\"},{\"@type\":\"ListItem\",\"position\":3,\"name\":\"BYD torna-se parceira da Mobility Solutions Auto Trade Company na Jord\u00e2nia\"}]},{\"@type\":\"WebSite\",\"@id\":\"https:\\\/\\\/dana.com.br\\\/canaldana\\\/#website\",\"url\":\"https:\\\/\\\/dana.com.br\\\/canaldana\\\/\",\"name\":\"Canal Dana\",\"description\":\"Informativo com as principais not\u00edcias da ind\u00fastria automotiva\",\"potentialAction\":[{\"@type\":\"SearchAction\",\"target\":{\"@type\":\"EntryPoint\",\"urlTemplate\":\"https:\\\/\\\/dana.com.br\\\/canaldana\\\/?s={search_term_string}\"},\"query-input\":{\"@type\":\"PropertyValueSpecification\",\"valueRequired\":true,\"valueName\":\"search_term_string\"}}],\"inLanguage\":\"pt-BR\"},{\"@type\":\"Person\",\"@id\":\"https:\\\/\\\/dana.com.br\\\/canaldana\\\/#\\\/schema\\\/person\\\/3c21f22f56fcf3bc46b94bc60ea4fef6\",\"name\":\"Canal Dana\",\"image\":{\"@type\":\"ImageObject\",\"inLanguage\":\"pt-BR\",\"@id\":\"https:\\\/\\\/secure.gravatar.com\\\/avatar\\\/420aaf9278582877d9018637c6817617705899d2858d7572ef0fe59a6b6454b4?s=96&d=mm&r=g\",\"url\":\"https:\\\/\\\/secure.gravatar.com\\\/avatar\\\/420aaf9278582877d9018637c6817617705899d2858d7572ef0fe59a6b6454b4?s=96&d=mm&r=g\",\"contentUrl\":\"https:\\\/\\\/secure.gravatar.com\\\/avatar\\\/420aaf9278582877d9018637c6817617705899d2858d7572ef0fe59a6b6454b4?s=96&d=mm&r=g\",\"caption\":\"Canal Dana\"},\"url\":\"https:\\\/\\\/dana.com.br\\\/canaldana\\\/author\\\/cdeditor\\\/\"}]}<\/script>\n<!-- \/ Yoast SEO plugin. -->","yoast_head_json":{"title":"BYD torna-se parceira da Mobility Solutions Auto Trade Company na Jord\u00e2nia - Canal Dana","robots":{"index":"index","follow":"follow","max-snippet":"max-snippet:-1","max-image-preview":"max-image-preview:large","max-video-preview":"max-video-preview:-1"},"canonical":"https:\/\/dana.com.br\/canaldana\/2022\/09\/29\/byd-torna-se-parceira-da-mobility-solutions-auto-trade-company-na-jordania\/","og_locale":"pt_BR","og_type":"article","og_title":"BYD torna-se parceira da Mobility Solutions Auto Trade Company na Jord\u00e2nia - Canal Dana","og_description":"Blog do Ricardo Ribas &nbsp; A BYD fechou uma parceria com a Bustami &amp; Saheb Trading Company (BSTC), um importante grupo de concession\u00e1rias automotivas na Jord\u00e2nia, para fornecer em conjunto ve\u00edculos el\u00e9tricos para o mercado jordaniano. A BYD e a Mobility Solutions Auto Trade Company (MSTC), subsidi\u00e1ria de vendas de ve\u00edculos el\u00e9tricos da BSTC, realizaram\u2026 Leia mais \u00bb","og_url":"https:\/\/dana.com.br\/canaldana\/2022\/09\/29\/byd-torna-se-parceira-da-mobility-solutions-auto-trade-company-na-jordania\/","og_site_name":"Canal Dana","article_published_time":"2022-09-29T11:17:02+00:00","author":"Canal Dana","twitter_card":"summary_large_image","twitter_misc":{"Escrito por":"Canal Dana","Est. tempo de leitura":"2 minutos"},"schema":{"@context":"https:\/\/schema.org","@graph":[{"@type":"Article","@id":"https:\/\/dana.com.br\/canaldana\/2022\/09\/29\/byd-torna-se-parceira-da-mobility-solutions-auto-trade-company-na-jordania\/#article","isPartOf":{"@id":"https:\/\/dana.com.br\/canaldana\/2022\/09\/29\/byd-torna-se-parceira-da-mobility-solutions-auto-trade-company-na-jordania\/"},"author":{"name":"Canal Dana","@id":"https:\/\/dana.com.br\/canaldana\/#\/schema\/person\/3c21f22f56fcf3bc46b94bc60ea4fef6"},"headline":"BYD torna-se parceira da Mobility Solutions Auto Trade Company na Jord\u00e2nia","datePublished":"2022-09-29T11:17:02+00:00","mainEntityOfPage":{"@id":"https:\/\/dana.com.br\/canaldana\/2022\/09\/29\/byd-torna-se-parceira-da-mobility-solutions-auto-trade-company-na-jordania\/"},"wordCount":478,"articleSection":["Mercado"],"inLanguage":"pt-BR"},{"@type":"WebPage","@id":"https:\/\/dana.com.br\/canaldana\/2022\/09\/29\/byd-torna-se-parceira-da-mobility-solutions-auto-trade-company-na-jordania\/","url":"https:\/\/dana.com.br\/canaldana\/2022\/09\/29\/byd-torna-se-parceira-da-mobility-solutions-auto-trade-company-na-jordania\/","name":"BYD torna-se parceira da Mobility Solutions Auto Trade Company na Jord\u00e2nia - Canal Dana","isPartOf":{"@id":"https:\/\/dana.com.br\/canaldana\/#website"},"datePublished":"2022-09-29T11:17:02+00:00","author":{"@id":"https:\/\/dana.com.br\/canaldana\/#\/schema\/person\/3c21f22f56fcf3bc46b94bc60ea4fef6"},"breadcrumb":{"@id":"https:\/\/dana.com.br\/canaldana\/2022\/09\/29\/byd-torna-se-parceira-da-mobility-solutions-auto-trade-company-na-jordania\/#breadcrumb"},"inLanguage":"pt-BR","potentialAction":[{"@type":"ReadAction","target":["https:\/\/dana.com.br\/canaldana\/2022\/09\/29\/byd-torna-se-parceira-da-mobility-solutions-auto-trade-company-na-jordania\/"]}]},{"@type":"BreadcrumbList","@id":"https:\/\/dana.com.br\/canaldana\/2022\/09\/29\/byd-torna-se-parceira-da-mobility-solutions-auto-trade-company-na-jordania\/#breadcrumb","itemListElement":[{"@type":"ListItem","position":1,"name":"Home","item":"https:\/\/dana.com.br\/canaldana\/"},{"@type":"ListItem","position":2,"name":"Mercado","item":"https:\/\/dana.com.br\/canaldana\/mercado\/"},{"@type":"ListItem","position":3,"name":"BYD torna-se parceira da Mobility Solutions Auto Trade Company na Jord\u00e2nia"}]},{"@type":"WebSite","@id":"https:\/\/dana.com.br\/canaldana\/#website","url":"https:\/\/dana.com.br\/canaldana\/","name":"Canal Dana","description":"Informativo com as principais not\u00edcias da ind\u00fastria automotiva","potentialAction":[{"@type":"SearchAction","target":{"@type":"EntryPoint","urlTemplate":"https:\/\/dana.com.br\/canaldana\/?s={search_term_string}"},"query-input":{"@type":"PropertyValueSpecification","valueRequired":true,"valueName":"search_term_string"}}],"inLanguage":"pt-BR"},{"@type":"Person","@id":"https:\/\/dana.com.br\/canaldana\/#\/schema\/person\/3c21f22f56fcf3bc46b94bc60ea4fef6","name":"Canal Dana","image":{"@type":"ImageObject","inLanguage":"pt-BR","@id":"https:\/\/secure.gravatar.com\/avatar\/420aaf9278582877d9018637c6817617705899d2858d7572ef0fe59a6b6454b4?s=96&d=mm&r=g","url":"https:\/\/secure.gravatar.com\/avatar\/420aaf9278582877d9018637c6817617705899d2858d7572ef0fe59a6b6454b4?s=96&d=mm&r=g","contentUrl":"https:\/\/secure.gravatar.com\/avatar\/420aaf9278582877d9018637c6817617705899d2858d7572ef0fe59a6b6454b4?s=96&d=mm&r=g","caption":"Canal Dana"},"url":"https:\/\/dana.com.br\/canaldana\/author\/cdeditor\/"}]}},"_links":{"self":[{"href":"https:\/\/dana.com.br\/canaldana\/wp-json\/wp\/v2\/posts\/61279","targetHints":{"allow":["GET"]}}],"collection":[{"href":"https:\/\/dana.com.br\/canaldana\/wp-json\/wp\/v2\/posts"}],"about":[{"href":"https:\/\/dana.com.br\/canaldana\/wp-json\/wp\/v2\/types\/post"}],"author":[{"embeddable":true,"href":"https:\/\/dana.com.br\/canaldana\/wp-json\/wp\/v2\/users\/3"}],"replies":[{"embeddable":true,"href":"https:\/\/dana.com.br\/canaldana\/wp-json\/wp\/v2\/comments?post=61279"}],"version-history":[{"count":0,"href":"https:\/\/dana.com.br\/canaldana\/wp-json\/wp\/v2\/posts\/61279\/revisions"}],"wp:attachment":[{"href":"https:\/\/dana.com.br\/canaldana\/wp-json\/wp\/v2\/media?parent=61279"}],"wp:term":[{"taxonomy":"category","embeddable":true,"href":"https:\/\/dana.com.br\/canaldana\/wp-json\/wp\/v2\/categories?post=61279"},{"taxonomy":"post_tag","embeddable":true,"href":"https:\/\/dana.com.br\/canaldana\/wp-json\/wp\/v2\/tags?post=61279"}],"curies":[{"name":"wp","href":"https:\/\/api.w.org\/{rel}","templated":true}]}}