{"id":61156,"date":"2022-09-23T09:44:14","date_gmt":"2022-09-23T12:44:14","guid":{"rendered":"https:\/\/dana.com.br\/canaldana\/?p=61156"},"modified":"2022-09-23T09:44:14","modified_gmt":"2022-09-23T12:44:14","slug":"empresas-de-transporte-publico-avaliam-que-reducao-do-diesel-tem-pouco-impacto","status":"publish","type":"post","link":"https:\/\/dana.com.br\/canaldana\/2022\/09\/23\/empresas-de-transporte-publico-avaliam-que-reducao-do-diesel-tem-pouco-impacto\/","title":{"rendered":"Empresas de transporte p\u00fablico avaliam que redu\u00e7\u00e3o do diesel tem pouco impacto"},"content":{"rendered":"<p><em>Blog do Caminhoneiro<\/em><\/p>\n<p>&nbsp;<\/p>\n<p>Corte de 12,84% alivia, mas n\u00e3o soluciona o impacto do combust\u00edvel no setor, segundo a NTU; diesel ainda acumula alta de 46% s\u00f3 este ano e responde por um ter\u00e7o do custo do servi\u00e7o.<\/p>\n<p>&nbsp;<\/p>\n<p>Apesar de a Petrobras ter anunciado tr\u00eas cortes no pre\u00e7o do diesel vendido nas refinarias desde agosto, que somam 12,84% de redu\u00e7\u00e3o, o impacto positivo sobre os custos do transporte p\u00fablico ainda \u00e9 pequeno e gera pouco al\u00edvio sobre a press\u00e3o inflacion\u00e1ria que incide sobre o setor, segundo a Associa\u00e7\u00e3o Nacional das Empresas de Transportes Urbanos \u2013 NTU.<\/p>\n<p>&nbsp;<\/p>\n<p>A entidade lembra que, apesar da queda, o combust\u00edvel ainda acumula alta de 46% somente este ano e segue num dos patamares mais altos da s\u00e9rie hist\u00f3rica. O diesel \u00e9 o segundo maior custo do setor de transporte coletivo urbano por \u00f4nibus, respondendo por 32,8% no custo total do setor, ficando atr\u00e1s somente do custo de m\u00e3o de obra, que \u00e9 de 50% em m\u00e9dia.<\/p>\n<p>&nbsp;<\/p>\n<p>&#8220;Um ter\u00e7o do custo do transporte vem do diesel, e isso se reflete nas tarifas. S\u00f3 que as altas acumuladas desde o ano passado superam em muitas essas recentes redu\u00e7\u00f5es. Para sonharmos com algum efeito positivo sobre as tarifas, precisar\u00edamos de cortes mais expressivos no custo do diesel. \u00c9 preciso ainda levar em conta a situa\u00e7\u00e3o daquelas cidades que est\u00e3o com as tarifas represadas desde o in\u00edcio da pandemia e, portanto, com desequil\u00edbrios econ\u00f4mico-financeiros a recuperar&#8221;, afirma Francisco Christovam, presidente-executivo da NTU. Segundo o Anu\u00e1rio NTU 2021-2022, os sistemas organizados de transporte p\u00fablico por \u00f4nibus urbano tiveram uma perda acumulada de cerca de R\uff04 31 bilh\u00f5es, do in\u00edcio da pandemia a agosto deste ano, decorrente da perda de passageiros e da necessidade de manter uma oferta de servi\u00e7o acima da demanda, devido \u00e0s medidas de distanciamento social.<\/p>\n<p>&nbsp;<\/p>\n<p>Segundo o presidente da NTU, os aumentos do diesel entre junho do ano passado e maio deste ano, da ordem de 80,9%, impactaram em 26,5% a tarifa p\u00fablica dos \u00f4nibus urbanos, em m\u00e9dia. Mas esse aumento de custo n\u00e3o precisa ser repassado ao passageiro pagante se for assumido pelo poder p\u00fablico, que contrata as empresas operadoras e \u00e9 respons\u00e1vel pela presta\u00e7\u00e3o dos servi\u00e7os.<\/p>\n<p>&nbsp;<\/p>\n<p>&#8220;Custo \u00e9 uma quest\u00e3o de engenharia e de economia, enquanto a decis\u00e3o sobre aumento ou redu\u00e7\u00e3o da tarifa \u00e9 uma quest\u00e3o pol\u00edtica e social, \u00e9 ato discricion\u00e1rio do prefeito ou do governador, no caso das linhas intermunicipais&#8221;, destaca Francisco Christovam. &#8220;Se o poder p\u00fablico fixar um valor de tarifa no mesmo patamar da remunera\u00e7\u00e3o devida \u00e0s empresas, a conta estar\u00e1 equilibrada. Se a tarifa p\u00fablica ficar abaixo da tarifa de remunera\u00e7\u00e3o, que deve cobrir os custos do servi\u00e7o, o prefeito ou governador ter\u00e3o que subsidiar os passageiros e, se necess\u00e1rio, buscar as chamadas receitas extra tarif\u00e1rias. O que as empresas t\u00eam que fazer \u00e9 buscar efici\u00eancia e servi\u00e7o ao menor custo poss\u00edvel, mas cabe ao poder p\u00fablico garantir o equil\u00edbrio econ\u00f4mico-financeiro dos contratos das operadoras, sob pena de comprometer a qualidade e a pr\u00f3pria continuidade do servi\u00e7o&#8221;.<\/p>\n<p>&nbsp;<\/p>\n<p>A NTU defende a aplica\u00e7\u00e3o, no c\u00e1lculo das tarifas, da diretriz estabelecida na Pol\u00edtica Nacional de Mobilidade Urbana (Lei 12.587\/2012), que prev\u00ea a separa\u00e7\u00e3o da tarifa p\u00fablica, paga pelo passageiro, da tarifa de remunera\u00e7\u00e3o, a ser paga \u00e0s empresas, e que deve cobrir os custos da opera\u00e7\u00e3o. Eventuais diferen\u00e7as seriam subsidiadas pelo poder p\u00fablico, como j\u00e1 ocorre, em mais de 250 cidades, sendo que, em 51 munic\u00edpios, essa separa\u00e7\u00e3o tarif\u00e1ria j\u00e1 ocorre de modo permanente. (Blog do Caminhoneiro)<\/p>\n","protected":false},"excerpt":{"rendered":"<p>Blog do Caminhoneiro &nbsp; Corte de 12,84% alivia, mas n\u00e3o soluciona o impacto do combust\u00edvel no setor, segundo a NTU; diesel ainda acumula alta de 46% s\u00f3 este ano e responde por um ter\u00e7o do custo do servi\u00e7o. &nbsp; Apesar de a Petrobras ter anunciado tr\u00eas cortes no pre\u00e7o do diesel vendido nas refinarias desde\u2026 <a class=\"readmore\" href=\"https:\/\/dana.com.br\/canaldana\/2022\/09\/23\/empresas-de-transporte-publico-avaliam-que-reducao-do-diesel-tem-pouco-impacto\/\">Leia mais \u00bb<\/a><\/p>\n","protected":false},"author":3,"featured_media":0,"comment_status":"closed","ping_status":"closed","sticky":false,"template":"","format":"standard","meta":{"_acf_changed":false,"footnotes":""},"categories":[79],"tags":[],"class_list":["post-61156","post","type-post","status-publish","format-standard","hentry","category-mercado"],"acf":[],"yoast_head":"<!-- This site is optimized with the Yoast SEO plugin v27.3 - https:\/\/yoast.com\/product\/yoast-seo-wordpress\/ -->\n<title>Empresas de transporte p\u00fablico avaliam que redu\u00e7\u00e3o do diesel tem pouco impacto - Canal Dana<\/title>\n<meta name=\"robots\" content=\"index, follow, max-snippet:-1, max-image-preview:large, max-video-preview:-1\" \/>\n<link rel=\"canonical\" href=\"https:\/\/dana.com.br\/canaldana\/2022\/09\/23\/empresas-de-transporte-publico-avaliam-que-reducao-do-diesel-tem-pouco-impacto\/\" \/>\n<meta property=\"og:locale\" content=\"pt_BR\" \/>\n<meta property=\"og:type\" content=\"article\" \/>\n<meta property=\"og:title\" content=\"Empresas de transporte p\u00fablico avaliam que redu\u00e7\u00e3o do diesel tem pouco impacto - Canal Dana\" \/>\n<meta property=\"og:description\" content=\"Blog do Caminhoneiro &nbsp; Corte de 12,84% alivia, mas n\u00e3o soluciona o impacto do combust\u00edvel no setor, segundo a NTU; diesel ainda acumula alta de 46% s\u00f3 este ano e responde por um ter\u00e7o do custo do servi\u00e7o. &nbsp; Apesar de a Petrobras ter anunciado tr\u00eas cortes no pre\u00e7o do diesel vendido nas refinarias desde\u2026 Leia mais \u00bb\" \/>\n<meta property=\"og:url\" content=\"https:\/\/dana.com.br\/canaldana\/2022\/09\/23\/empresas-de-transporte-publico-avaliam-que-reducao-do-diesel-tem-pouco-impacto\/\" \/>\n<meta property=\"og:site_name\" content=\"Canal Dana\" \/>\n<meta property=\"article:published_time\" content=\"2022-09-23T12:44:14+00:00\" \/>\n<meta name=\"author\" content=\"Canal Dana\" \/>\n<meta name=\"twitter:card\" content=\"summary_large_image\" \/>\n<meta name=\"twitter:label1\" content=\"Escrito por\" \/>\n\t<meta name=\"twitter:data1\" content=\"Canal Dana\" \/>\n\t<meta name=\"twitter:label2\" content=\"Est. tempo de leitura\" \/>\n\t<meta name=\"twitter:data2\" content=\"3 minutos\" \/>\n<script type=\"application\/ld+json\" class=\"yoast-schema-graph\">{\"@context\":\"https:\\\/\\\/schema.org\",\"@graph\":[{\"@type\":\"Article\",\"@id\":\"https:\\\/\\\/dana.com.br\\\/canaldana\\\/2022\\\/09\\\/23\\\/empresas-de-transporte-publico-avaliam-que-reducao-do-diesel-tem-pouco-impacto\\\/#article\",\"isPartOf\":{\"@id\":\"https:\\\/\\\/dana.com.br\\\/canaldana\\\/2022\\\/09\\\/23\\\/empresas-de-transporte-publico-avaliam-que-reducao-do-diesel-tem-pouco-impacto\\\/\"},\"author\":{\"name\":\"Canal Dana\",\"@id\":\"https:\\\/\\\/dana.com.br\\\/canaldana\\\/#\\\/schema\\\/person\\\/3c21f22f56fcf3bc46b94bc60ea4fef6\"},\"headline\":\"Empresas de transporte p\u00fablico avaliam que redu\u00e7\u00e3o do diesel tem pouco impacto\",\"datePublished\":\"2022-09-23T12:44:14+00:00\",\"mainEntityOfPage\":{\"@id\":\"https:\\\/\\\/dana.com.br\\\/canaldana\\\/2022\\\/09\\\/23\\\/empresas-de-transporte-publico-avaliam-que-reducao-do-diesel-tem-pouco-impacto\\\/\"},\"wordCount\":647,\"articleSection\":[\"Mercado\"],\"inLanguage\":\"pt-BR\"},{\"@type\":\"WebPage\",\"@id\":\"https:\\\/\\\/dana.com.br\\\/canaldana\\\/2022\\\/09\\\/23\\\/empresas-de-transporte-publico-avaliam-que-reducao-do-diesel-tem-pouco-impacto\\\/\",\"url\":\"https:\\\/\\\/dana.com.br\\\/canaldana\\\/2022\\\/09\\\/23\\\/empresas-de-transporte-publico-avaliam-que-reducao-do-diesel-tem-pouco-impacto\\\/\",\"name\":\"Empresas de transporte p\u00fablico avaliam que redu\u00e7\u00e3o do diesel tem pouco impacto - Canal Dana\",\"isPartOf\":{\"@id\":\"https:\\\/\\\/dana.com.br\\\/canaldana\\\/#website\"},\"datePublished\":\"2022-09-23T12:44:14+00:00\",\"author\":{\"@id\":\"https:\\\/\\\/dana.com.br\\\/canaldana\\\/#\\\/schema\\\/person\\\/3c21f22f56fcf3bc46b94bc60ea4fef6\"},\"breadcrumb\":{\"@id\":\"https:\\\/\\\/dana.com.br\\\/canaldana\\\/2022\\\/09\\\/23\\\/empresas-de-transporte-publico-avaliam-que-reducao-do-diesel-tem-pouco-impacto\\\/#breadcrumb\"},\"inLanguage\":\"pt-BR\",\"potentialAction\":[{\"@type\":\"ReadAction\",\"target\":[\"https:\\\/\\\/dana.com.br\\\/canaldana\\\/2022\\\/09\\\/23\\\/empresas-de-transporte-publico-avaliam-que-reducao-do-diesel-tem-pouco-impacto\\\/\"]}]},{\"@type\":\"BreadcrumbList\",\"@id\":\"https:\\\/\\\/dana.com.br\\\/canaldana\\\/2022\\\/09\\\/23\\\/empresas-de-transporte-publico-avaliam-que-reducao-do-diesel-tem-pouco-impacto\\\/#breadcrumb\",\"itemListElement\":[{\"@type\":\"ListItem\",\"position\":1,\"name\":\"Home\",\"item\":\"https:\\\/\\\/dana.com.br\\\/canaldana\\\/\"},{\"@type\":\"ListItem\",\"position\":2,\"name\":\"Mercado\",\"item\":\"https:\\\/\\\/dana.com.br\\\/canaldana\\\/mercado\\\/\"},{\"@type\":\"ListItem\",\"position\":3,\"name\":\"Empresas de transporte p\u00fablico avaliam que redu\u00e7\u00e3o do diesel tem pouco impacto\"}]},{\"@type\":\"WebSite\",\"@id\":\"https:\\\/\\\/dana.com.br\\\/canaldana\\\/#website\",\"url\":\"https:\\\/\\\/dana.com.br\\\/canaldana\\\/\",\"name\":\"Canal Dana\",\"description\":\"Informativo com as principais not\u00edcias da ind\u00fastria automotiva\",\"potentialAction\":[{\"@type\":\"SearchAction\",\"target\":{\"@type\":\"EntryPoint\",\"urlTemplate\":\"https:\\\/\\\/dana.com.br\\\/canaldana\\\/?s={search_term_string}\"},\"query-input\":{\"@type\":\"PropertyValueSpecification\",\"valueRequired\":true,\"valueName\":\"search_term_string\"}}],\"inLanguage\":\"pt-BR\"},{\"@type\":\"Person\",\"@id\":\"https:\\\/\\\/dana.com.br\\\/canaldana\\\/#\\\/schema\\\/person\\\/3c21f22f56fcf3bc46b94bc60ea4fef6\",\"name\":\"Canal Dana\",\"image\":{\"@type\":\"ImageObject\",\"inLanguage\":\"pt-BR\",\"@id\":\"https:\\\/\\\/secure.gravatar.com\\\/avatar\\\/420aaf9278582877d9018637c6817617705899d2858d7572ef0fe59a6b6454b4?s=96&d=mm&r=g\",\"url\":\"https:\\\/\\\/secure.gravatar.com\\\/avatar\\\/420aaf9278582877d9018637c6817617705899d2858d7572ef0fe59a6b6454b4?s=96&d=mm&r=g\",\"contentUrl\":\"https:\\\/\\\/secure.gravatar.com\\\/avatar\\\/420aaf9278582877d9018637c6817617705899d2858d7572ef0fe59a6b6454b4?s=96&d=mm&r=g\",\"caption\":\"Canal Dana\"},\"url\":\"https:\\\/\\\/dana.com.br\\\/canaldana\\\/author\\\/cdeditor\\\/\"}]}<\/script>\n<!-- \/ Yoast SEO plugin. -->","yoast_head_json":{"title":"Empresas de transporte p\u00fablico avaliam que redu\u00e7\u00e3o do diesel tem pouco impacto - Canal Dana","robots":{"index":"index","follow":"follow","max-snippet":"max-snippet:-1","max-image-preview":"max-image-preview:large","max-video-preview":"max-video-preview:-1"},"canonical":"https:\/\/dana.com.br\/canaldana\/2022\/09\/23\/empresas-de-transporte-publico-avaliam-que-reducao-do-diesel-tem-pouco-impacto\/","og_locale":"pt_BR","og_type":"article","og_title":"Empresas de transporte p\u00fablico avaliam que redu\u00e7\u00e3o do diesel tem pouco impacto - Canal Dana","og_description":"Blog do Caminhoneiro &nbsp; Corte de 12,84% alivia, mas n\u00e3o soluciona o impacto do combust\u00edvel no setor, segundo a NTU; diesel ainda acumula alta de 46% s\u00f3 este ano e responde por um ter\u00e7o do custo do servi\u00e7o. &nbsp; Apesar de a Petrobras ter anunciado tr\u00eas cortes no pre\u00e7o do diesel vendido nas refinarias desde\u2026 Leia mais \u00bb","og_url":"https:\/\/dana.com.br\/canaldana\/2022\/09\/23\/empresas-de-transporte-publico-avaliam-que-reducao-do-diesel-tem-pouco-impacto\/","og_site_name":"Canal Dana","article_published_time":"2022-09-23T12:44:14+00:00","author":"Canal Dana","twitter_card":"summary_large_image","twitter_misc":{"Escrito por":"Canal Dana","Est. tempo de leitura":"3 minutos"},"schema":{"@context":"https:\/\/schema.org","@graph":[{"@type":"Article","@id":"https:\/\/dana.com.br\/canaldana\/2022\/09\/23\/empresas-de-transporte-publico-avaliam-que-reducao-do-diesel-tem-pouco-impacto\/#article","isPartOf":{"@id":"https:\/\/dana.com.br\/canaldana\/2022\/09\/23\/empresas-de-transporte-publico-avaliam-que-reducao-do-diesel-tem-pouco-impacto\/"},"author":{"name":"Canal Dana","@id":"https:\/\/dana.com.br\/canaldana\/#\/schema\/person\/3c21f22f56fcf3bc46b94bc60ea4fef6"},"headline":"Empresas de transporte p\u00fablico avaliam que redu\u00e7\u00e3o do diesel tem pouco impacto","datePublished":"2022-09-23T12:44:14+00:00","mainEntityOfPage":{"@id":"https:\/\/dana.com.br\/canaldana\/2022\/09\/23\/empresas-de-transporte-publico-avaliam-que-reducao-do-diesel-tem-pouco-impacto\/"},"wordCount":647,"articleSection":["Mercado"],"inLanguage":"pt-BR"},{"@type":"WebPage","@id":"https:\/\/dana.com.br\/canaldana\/2022\/09\/23\/empresas-de-transporte-publico-avaliam-que-reducao-do-diesel-tem-pouco-impacto\/","url":"https:\/\/dana.com.br\/canaldana\/2022\/09\/23\/empresas-de-transporte-publico-avaliam-que-reducao-do-diesel-tem-pouco-impacto\/","name":"Empresas de transporte p\u00fablico avaliam que redu\u00e7\u00e3o do diesel tem pouco impacto - Canal Dana","isPartOf":{"@id":"https:\/\/dana.com.br\/canaldana\/#website"},"datePublished":"2022-09-23T12:44:14+00:00","author":{"@id":"https:\/\/dana.com.br\/canaldana\/#\/schema\/person\/3c21f22f56fcf3bc46b94bc60ea4fef6"},"breadcrumb":{"@id":"https:\/\/dana.com.br\/canaldana\/2022\/09\/23\/empresas-de-transporte-publico-avaliam-que-reducao-do-diesel-tem-pouco-impacto\/#breadcrumb"},"inLanguage":"pt-BR","potentialAction":[{"@type":"ReadAction","target":["https:\/\/dana.com.br\/canaldana\/2022\/09\/23\/empresas-de-transporte-publico-avaliam-que-reducao-do-diesel-tem-pouco-impacto\/"]}]},{"@type":"BreadcrumbList","@id":"https:\/\/dana.com.br\/canaldana\/2022\/09\/23\/empresas-de-transporte-publico-avaliam-que-reducao-do-diesel-tem-pouco-impacto\/#breadcrumb","itemListElement":[{"@type":"ListItem","position":1,"name":"Home","item":"https:\/\/dana.com.br\/canaldana\/"},{"@type":"ListItem","position":2,"name":"Mercado","item":"https:\/\/dana.com.br\/canaldana\/mercado\/"},{"@type":"ListItem","position":3,"name":"Empresas de transporte p\u00fablico avaliam que redu\u00e7\u00e3o do diesel tem pouco impacto"}]},{"@type":"WebSite","@id":"https:\/\/dana.com.br\/canaldana\/#website","url":"https:\/\/dana.com.br\/canaldana\/","name":"Canal Dana","description":"Informativo com as principais not\u00edcias da ind\u00fastria automotiva","potentialAction":[{"@type":"SearchAction","target":{"@type":"EntryPoint","urlTemplate":"https:\/\/dana.com.br\/canaldana\/?s={search_term_string}"},"query-input":{"@type":"PropertyValueSpecification","valueRequired":true,"valueName":"search_term_string"}}],"inLanguage":"pt-BR"},{"@type":"Person","@id":"https:\/\/dana.com.br\/canaldana\/#\/schema\/person\/3c21f22f56fcf3bc46b94bc60ea4fef6","name":"Canal Dana","image":{"@type":"ImageObject","inLanguage":"pt-BR","@id":"https:\/\/secure.gravatar.com\/avatar\/420aaf9278582877d9018637c6817617705899d2858d7572ef0fe59a6b6454b4?s=96&d=mm&r=g","url":"https:\/\/secure.gravatar.com\/avatar\/420aaf9278582877d9018637c6817617705899d2858d7572ef0fe59a6b6454b4?s=96&d=mm&r=g","contentUrl":"https:\/\/secure.gravatar.com\/avatar\/420aaf9278582877d9018637c6817617705899d2858d7572ef0fe59a6b6454b4?s=96&d=mm&r=g","caption":"Canal Dana"},"url":"https:\/\/dana.com.br\/canaldana\/author\/cdeditor\/"}]}},"_links":{"self":[{"href":"https:\/\/dana.com.br\/canaldana\/wp-json\/wp\/v2\/posts\/61156","targetHints":{"allow":["GET"]}}],"collection":[{"href":"https:\/\/dana.com.br\/canaldana\/wp-json\/wp\/v2\/posts"}],"about":[{"href":"https:\/\/dana.com.br\/canaldana\/wp-json\/wp\/v2\/types\/post"}],"author":[{"embeddable":true,"href":"https:\/\/dana.com.br\/canaldana\/wp-json\/wp\/v2\/users\/3"}],"replies":[{"embeddable":true,"href":"https:\/\/dana.com.br\/canaldana\/wp-json\/wp\/v2\/comments?post=61156"}],"version-history":[{"count":0,"href":"https:\/\/dana.com.br\/canaldana\/wp-json\/wp\/v2\/posts\/61156\/revisions"}],"wp:attachment":[{"href":"https:\/\/dana.com.br\/canaldana\/wp-json\/wp\/v2\/media?parent=61156"}],"wp:term":[{"taxonomy":"category","embeddable":true,"href":"https:\/\/dana.com.br\/canaldana\/wp-json\/wp\/v2\/categories?post=61156"},{"taxonomy":"post_tag","embeddable":true,"href":"https:\/\/dana.com.br\/canaldana\/wp-json\/wp\/v2\/tags?post=61156"}],"curies":[{"name":"wp","href":"https:\/\/api.w.org\/{rel}","templated":true}]}}