{"id":61154,"date":"2022-09-23T09:43:30","date_gmt":"2022-09-23T12:43:30","guid":{"rendered":"https:\/\/dana.com.br\/canaldana\/?p=61154"},"modified":"2022-09-23T09:43:30","modified_gmt":"2022-09-23T12:43:30","slug":"fundicao-tupy-vai-fechar-planta-de-maua-no-dia-30","status":"publish","type":"post","link":"https:\/\/dana.com.br\/canaldana\/2022\/09\/23\/fundicao-tupy-vai-fechar-planta-de-maua-no-dia-30\/","title":{"rendered":"Fundi\u00e7\u00e3o Tupy vai fechar planta de Mau\u00e1 no dia 30"},"content":{"rendered":"<p><em>Di\u00e1rio do Grande ABC <\/em><\/p>\n<p>&nbsp;<\/p>\n<p>Mais uma m\u00e1 not\u00edcia aflige os trabalhadores do parque industrial do Grande ABC. Ap\u00f3s Toyota e Mercedes-Benz divulgarem que realizar\u00e3o demiss\u00f5es em suas plantas de S\u00e3o Bernardo, agora a fundi\u00e7\u00e3o Tupy, que produz componentes estruturais em ferro fundido, anunciou anteontem (20) para os seus 220 funcion\u00e1rios da filial de Mau\u00e1 que as atividades da unidade ser\u00e3o encerradas no dia 30 de setembro.<\/p>\n<p>&nbsp;<\/p>\n<p>Os trabalhadores poder\u00e3o optar pela transfer\u00eancia para a matriz em Joinville, Santa Catarina, ou para a filial em Betim, Minas Gerais. A cidade catarinense fica a 562 quil\u00f4metros de Mau\u00e1; j\u00e1 a mineira, distante 572 km do Grande ABC.<\/p>\n<p>&nbsp;<\/p>\n<p>Inaugurada em 1998, quando a Tupy adquiriu a fundi\u00e7\u00e3o da Cofap, a unidade paulista at\u00e9 2017 fundia blocos de motores automotivos de caminh\u00f5es, ou seja, produzia todo o &#8220;esqueleto&#8221; externo no qual as pe\u00e7as eram inseridas.<\/p>\n<p>&nbsp;<\/p>\n<p>Atualmente, a f\u00e1brica instalada no n\u00famero 424 da Avenida Manoel da Nobrega, em Capuava, se ocupa com servi\u00e7os chamados de &#8221;&#8221;rebarba&#8221;&#8221;, como acess\u00f3rios e acabamentos. A unidade \u00e9 bem menor que a matriz, que emprega 10 mil trabalhadores, e a filial mineira, com 4.000.<\/p>\n<p>&nbsp;<\/p>\n<p>Na manh\u00e3 da \u00faltima quarta-feira (21), o Sindicato dos Metal\u00fargicos de Santo Andr\u00e9 e Mau\u00e1 reuniu a categoria em assembleia na entrada da empresa para repassar o comunicado da Tupy, a qual o Di\u00e1rio teve acesso.<\/p>\n<p>&nbsp;<\/p>\n<p>Para os trabalhadores que n\u00e3o t\u00eam estabilidade (s\u00e3o cerca de 40), caso n\u00e3o queiram se mudar, foi oferecido seis meses da manuten\u00e7\u00e3o do conv\u00eanio m\u00e9dico, al\u00e9m de seis meses de vale-compras de R$ 1.200 e tr\u00eas sal\u00e1rios nominais, al\u00e9m das verbas rescis\u00f3rias.<\/p>\n<p>&nbsp;<\/p>\n<p>J\u00e1 para os que possuem estabilidade (por terem sofrido algum acidente de trabalho ou adquirido problema de sa\u00fade em virtude dele), n\u00e3o h\u00e1 uma proposta formalizada. De acordo com o sindicato, a empresa est\u00e1 focada nas transfer\u00eancias, em um primeiro momento. Dos cerca de 180 trabalhadores com estabilidade, 45 optaram por Betim, 24 por Joinville e os demais ainda n\u00e3o se decidiram ou n\u00e3o poder\u00e3o ir.<\/p>\n<p>&nbsp;<\/p>\n<p><strong>Incertezas<\/strong><\/p>\n<p>&nbsp;<\/p>\n<p>O clima na empresa \u00e9 de apreens\u00e3o. Vander Aparecido de Oliveira tem 45 anos, 19 deles de empresa. Ele trabalha como esmerilhador de pe\u00e7a, faz o acabamento do bloco de motor. O funcion\u00e1rio diz que &#8220;alguns est\u00e3o aceitando a transfer\u00eancia porque est\u00e3o se sentindo pressionados, a empresa chega e diz: &#8221;&#8221;voc\u00ea vai ser transferido ou vai ser mandado embora. E a\u00ed?&#8221;&#8221; O cara acaba ficando com medo e aceita&#8221;.<\/p>\n<p>&nbsp;<\/p>\n<p>J\u00e1 Elias Alves \u00e9 controlador de processo ou facilitador. Segundo ele, &#8220;um encarregado&#8221;. Tem 45 anos, 23 na Tupy. Mais da metade da vida dedicada \u00e0 empresa. Ele aceitou a mudan\u00e7a, mas teme que a companhia n\u00e3o disponibilize o espa\u00e7o que precisa ter para exercer sua atividade profissional.<\/p>\n<p>&nbsp;<\/p>\n<p>&#8220;Tenho estabilidade at\u00e9 a aposentadoria, pois manuseava benzeno. Hoje, n\u00e3o posso ter acesso ao ch\u00e3o de f\u00e1brica, pois tenho problema em ter contato com produtos qu\u00edmicos. Escolhi ir para Betim, at\u00e9 porque n\u00e3o consigo emprego fora daqui, apesar de ser t\u00e9cnico de enfermagem.&#8221;<\/p>\n<p>&nbsp;<\/p>\n<p>Alves explica o porqu\u00ea. &#8220;Sou reprovado em todo exame admissional pelo n\u00famero baixo de plaquetas no sangue. Disseram que l\u00e1 (na outra filial) vai ter uma sala para mim, um espa\u00e7o semelhante ao que eu tenho aqui para eu trabalhar. V\u00e3o ver se v\u00e3o cumprir isso l\u00e1 mesmo&#8230; Ser\u00e1 que vou ficar &#8221;&#8221;ao Deus dar\u00e1&#8221;&#8221;? Aqui fico dentro de uma sala, ser\u00e1 que l\u00e1 ficarei tamb\u00e9m? H\u00e1 outro rapaz que trabalha comigo que tem v\u00e1rios pinos na coluna. Se ele n\u00e3o trabalhar na sala, vai fazer o que?&#8221;, indaga.<\/p>\n<p>&nbsp;<\/p>\n<p>No documento enviado ao sindicato, a Tupy disse que a todos os funcion\u00e1rios que optarem por permanecer na empresa oferecer\u00e1 aux\u00edlios para mudan\u00e7a, aluguel, b\u00f4nus de um sal\u00e1rio nominal, hospedagem por at\u00e9 30 dias, passagens e ajuda financeira para retorno (em caso de demiss\u00e3o sem justa causa em at\u00e9 12 meses).<\/p>\n<p>&nbsp;<\/p>\n<p>C\u00edcero Martinha, presidente do sindicato, afirmou que &#8220;n\u00f3s estamos agora conversando com os trabalhadores, abrimos um atendimento a partir das 9h desta quinta-feira (hoje), inclusive na parte jur\u00eddica, para a gente tamb\u00e9m ir comunicando o andamento de todo este processo para a empresa&#8221;.<\/p>\n<p>&nbsp;<\/p>\n<p>Sivaldo Spirro, secret\u00e1rio financeiro da entidade, alegou que uma das raz\u00f5es para o fechamento da filial de Mau\u00e1 s\u00e3o os gastos maiores que os das outras plantas. &#8220;A empresa alega que o custo em Joinville \u00e9 muito menor, inclusive salarial e de benef\u00edcios. N\u00f3s aqui sempre tivemos uma condi\u00e7\u00e3o melhor de sal\u00e1rio, de PLR (Participa\u00e7\u00e3o nos Lucros e Resultados). Eles est\u00e3o hoje ganhando muito mais produzindo nesses outros lugares.&#8221;<\/p>\n<p>&nbsp;<\/p>\n<p>Em nota, a empresa confirmou &#8220;que, no pr\u00f3ximo dia 30 de setembro, seguir\u00e1 com a transfer\u00eancia das atividades remanescentes da planta de Mau\u00e1 para as plantas localizadas nas cidades de Joinville e Betim. Todos os colaboradores que ainda atuam na opera\u00e7\u00e3o receberam oferta de transfer\u00eancia para as estas unidades \u00ad Minas Gerais e Santa Catarina. A Tupy refor\u00e7a que o sindicato e a empresa est\u00e3o acompanhando e orientando os colaboradores de forma ainda mais pr\u00f3xima, neste momento de transi\u00e7\u00e3o&#8221;.<\/p>\n<p>&nbsp;<\/p>\n<p>O Di\u00e1rio tentou ouvir a Prefeitura de Mau\u00e1, mas n\u00e3o obteve retorno. (Di\u00e1rio do Grande ABC\/Tomaz de Alvarenga)<\/p>\n","protected":false},"excerpt":{"rendered":"<p>Di\u00e1rio do Grande ABC &nbsp; Mais uma m\u00e1 not\u00edcia aflige os trabalhadores do parque industrial do Grande ABC. Ap\u00f3s Toyota e Mercedes-Benz divulgarem que realizar\u00e3o demiss\u00f5es em suas plantas de S\u00e3o Bernardo, agora a fundi\u00e7\u00e3o Tupy, que produz componentes estruturais em ferro fundido, anunciou anteontem (20) para os seus 220 funcion\u00e1rios da filial de Mau\u00e1\u2026 <a class=\"readmore\" href=\"https:\/\/dana.com.br\/canaldana\/2022\/09\/23\/fundicao-tupy-vai-fechar-planta-de-maua-no-dia-30\/\">Leia mais \u00bb<\/a><\/p>\n","protected":false},"author":3,"featured_media":0,"comment_status":"closed","ping_status":"closed","sticky":false,"template":"","format":"standard","meta":{"_acf_changed":false,"footnotes":""},"categories":[79],"tags":[],"class_list":["post-61154","post","type-post","status-publish","format-standard","hentry","category-mercado"],"acf":[],"yoast_head":"<!-- This site is optimized with the Yoast SEO plugin v27.3 - https:\/\/yoast.com\/product\/yoast-seo-wordpress\/ -->\n<title>Fundi\u00e7\u00e3o Tupy vai fechar planta de Mau\u00e1 no dia 30 - Canal Dana<\/title>\n<meta name=\"robots\" content=\"index, follow, max-snippet:-1, max-image-preview:large, max-video-preview:-1\" \/>\n<link rel=\"canonical\" href=\"https:\/\/dana.com.br\/canaldana\/2022\/09\/23\/fundicao-tupy-vai-fechar-planta-de-maua-no-dia-30\/\" \/>\n<meta property=\"og:locale\" content=\"pt_BR\" \/>\n<meta property=\"og:type\" content=\"article\" \/>\n<meta property=\"og:title\" content=\"Fundi\u00e7\u00e3o Tupy vai fechar planta de Mau\u00e1 no dia 30 - Canal Dana\" \/>\n<meta property=\"og:description\" content=\"Di\u00e1rio do Grande ABC &nbsp; Mais uma m\u00e1 not\u00edcia aflige os trabalhadores do parque industrial do Grande ABC. Ap\u00f3s Toyota e Mercedes-Benz divulgarem que realizar\u00e3o demiss\u00f5es em suas plantas de S\u00e3o Bernardo, agora a fundi\u00e7\u00e3o Tupy, que produz componentes estruturais em ferro fundido, anunciou anteontem (20) para os seus 220 funcion\u00e1rios da filial de Mau\u00e1\u2026 Leia mais \u00bb\" \/>\n<meta property=\"og:url\" content=\"https:\/\/dana.com.br\/canaldana\/2022\/09\/23\/fundicao-tupy-vai-fechar-planta-de-maua-no-dia-30\/\" \/>\n<meta property=\"og:site_name\" content=\"Canal Dana\" \/>\n<meta property=\"article:published_time\" content=\"2022-09-23T12:43:30+00:00\" \/>\n<meta name=\"author\" content=\"Canal Dana\" \/>\n<meta name=\"twitter:card\" content=\"summary_large_image\" \/>\n<meta name=\"twitter:label1\" content=\"Escrito por\" \/>\n\t<meta name=\"twitter:data1\" content=\"Canal Dana\" \/>\n\t<meta name=\"twitter:label2\" content=\"Est. tempo de leitura\" \/>\n\t<meta name=\"twitter:data2\" content=\"5 minutos\" \/>\n<script type=\"application\/ld+json\" class=\"yoast-schema-graph\">{\"@context\":\"https:\\\/\\\/schema.org\",\"@graph\":[{\"@type\":\"Article\",\"@id\":\"https:\\\/\\\/dana.com.br\\\/canaldana\\\/2022\\\/09\\\/23\\\/fundicao-tupy-vai-fechar-planta-de-maua-no-dia-30\\\/#article\",\"isPartOf\":{\"@id\":\"https:\\\/\\\/dana.com.br\\\/canaldana\\\/2022\\\/09\\\/23\\\/fundicao-tupy-vai-fechar-planta-de-maua-no-dia-30\\\/\"},\"author\":{\"name\":\"Canal Dana\",\"@id\":\"https:\\\/\\\/dana.com.br\\\/canaldana\\\/#\\\/schema\\\/person\\\/3c21f22f56fcf3bc46b94bc60ea4fef6\"},\"headline\":\"Fundi\u00e7\u00e3o Tupy vai fechar planta de Mau\u00e1 no dia 30\",\"datePublished\":\"2022-09-23T12:43:30+00:00\",\"mainEntityOfPage\":{\"@id\":\"https:\\\/\\\/dana.com.br\\\/canaldana\\\/2022\\\/09\\\/23\\\/fundicao-tupy-vai-fechar-planta-de-maua-no-dia-30\\\/\"},\"wordCount\":931,\"articleSection\":[\"Mercado\"],\"inLanguage\":\"pt-BR\"},{\"@type\":\"WebPage\",\"@id\":\"https:\\\/\\\/dana.com.br\\\/canaldana\\\/2022\\\/09\\\/23\\\/fundicao-tupy-vai-fechar-planta-de-maua-no-dia-30\\\/\",\"url\":\"https:\\\/\\\/dana.com.br\\\/canaldana\\\/2022\\\/09\\\/23\\\/fundicao-tupy-vai-fechar-planta-de-maua-no-dia-30\\\/\",\"name\":\"Fundi\u00e7\u00e3o Tupy vai fechar planta de Mau\u00e1 no dia 30 - Canal Dana\",\"isPartOf\":{\"@id\":\"https:\\\/\\\/dana.com.br\\\/canaldana\\\/#website\"},\"datePublished\":\"2022-09-23T12:43:30+00:00\",\"author\":{\"@id\":\"https:\\\/\\\/dana.com.br\\\/canaldana\\\/#\\\/schema\\\/person\\\/3c21f22f56fcf3bc46b94bc60ea4fef6\"},\"breadcrumb\":{\"@id\":\"https:\\\/\\\/dana.com.br\\\/canaldana\\\/2022\\\/09\\\/23\\\/fundicao-tupy-vai-fechar-planta-de-maua-no-dia-30\\\/#breadcrumb\"},\"inLanguage\":\"pt-BR\",\"potentialAction\":[{\"@type\":\"ReadAction\",\"target\":[\"https:\\\/\\\/dana.com.br\\\/canaldana\\\/2022\\\/09\\\/23\\\/fundicao-tupy-vai-fechar-planta-de-maua-no-dia-30\\\/\"]}]},{\"@type\":\"BreadcrumbList\",\"@id\":\"https:\\\/\\\/dana.com.br\\\/canaldana\\\/2022\\\/09\\\/23\\\/fundicao-tupy-vai-fechar-planta-de-maua-no-dia-30\\\/#breadcrumb\",\"itemListElement\":[{\"@type\":\"ListItem\",\"position\":1,\"name\":\"Home\",\"item\":\"https:\\\/\\\/dana.com.br\\\/canaldana\\\/\"},{\"@type\":\"ListItem\",\"position\":2,\"name\":\"Mercado\",\"item\":\"https:\\\/\\\/dana.com.br\\\/canaldana\\\/mercado\\\/\"},{\"@type\":\"ListItem\",\"position\":3,\"name\":\"Fundi\u00e7\u00e3o Tupy vai fechar planta de Mau\u00e1 no dia 30\"}]},{\"@type\":\"WebSite\",\"@id\":\"https:\\\/\\\/dana.com.br\\\/canaldana\\\/#website\",\"url\":\"https:\\\/\\\/dana.com.br\\\/canaldana\\\/\",\"name\":\"Canal Dana\",\"description\":\"Informativo com as principais not\u00edcias da ind\u00fastria automotiva\",\"potentialAction\":[{\"@type\":\"SearchAction\",\"target\":{\"@type\":\"EntryPoint\",\"urlTemplate\":\"https:\\\/\\\/dana.com.br\\\/canaldana\\\/?s={search_term_string}\"},\"query-input\":{\"@type\":\"PropertyValueSpecification\",\"valueRequired\":true,\"valueName\":\"search_term_string\"}}],\"inLanguage\":\"pt-BR\"},{\"@type\":\"Person\",\"@id\":\"https:\\\/\\\/dana.com.br\\\/canaldana\\\/#\\\/schema\\\/person\\\/3c21f22f56fcf3bc46b94bc60ea4fef6\",\"name\":\"Canal Dana\",\"image\":{\"@type\":\"ImageObject\",\"inLanguage\":\"pt-BR\",\"@id\":\"https:\\\/\\\/secure.gravatar.com\\\/avatar\\\/420aaf9278582877d9018637c6817617705899d2858d7572ef0fe59a6b6454b4?s=96&d=mm&r=g\",\"url\":\"https:\\\/\\\/secure.gravatar.com\\\/avatar\\\/420aaf9278582877d9018637c6817617705899d2858d7572ef0fe59a6b6454b4?s=96&d=mm&r=g\",\"contentUrl\":\"https:\\\/\\\/secure.gravatar.com\\\/avatar\\\/420aaf9278582877d9018637c6817617705899d2858d7572ef0fe59a6b6454b4?s=96&d=mm&r=g\",\"caption\":\"Canal Dana\"},\"url\":\"https:\\\/\\\/dana.com.br\\\/canaldana\\\/author\\\/cdeditor\\\/\"}]}<\/script>\n<!-- \/ Yoast SEO plugin. -->","yoast_head_json":{"title":"Fundi\u00e7\u00e3o Tupy vai fechar planta de Mau\u00e1 no dia 30 - Canal Dana","robots":{"index":"index","follow":"follow","max-snippet":"max-snippet:-1","max-image-preview":"max-image-preview:large","max-video-preview":"max-video-preview:-1"},"canonical":"https:\/\/dana.com.br\/canaldana\/2022\/09\/23\/fundicao-tupy-vai-fechar-planta-de-maua-no-dia-30\/","og_locale":"pt_BR","og_type":"article","og_title":"Fundi\u00e7\u00e3o Tupy vai fechar planta de Mau\u00e1 no dia 30 - Canal Dana","og_description":"Di\u00e1rio do Grande ABC &nbsp; Mais uma m\u00e1 not\u00edcia aflige os trabalhadores do parque industrial do Grande ABC. Ap\u00f3s Toyota e Mercedes-Benz divulgarem que realizar\u00e3o demiss\u00f5es em suas plantas de S\u00e3o Bernardo, agora a fundi\u00e7\u00e3o Tupy, que produz componentes estruturais em ferro fundido, anunciou anteontem (20) para os seus 220 funcion\u00e1rios da filial de Mau\u00e1\u2026 Leia mais \u00bb","og_url":"https:\/\/dana.com.br\/canaldana\/2022\/09\/23\/fundicao-tupy-vai-fechar-planta-de-maua-no-dia-30\/","og_site_name":"Canal Dana","article_published_time":"2022-09-23T12:43:30+00:00","author":"Canal Dana","twitter_card":"summary_large_image","twitter_misc":{"Escrito por":"Canal Dana","Est. tempo de leitura":"5 minutos"},"schema":{"@context":"https:\/\/schema.org","@graph":[{"@type":"Article","@id":"https:\/\/dana.com.br\/canaldana\/2022\/09\/23\/fundicao-tupy-vai-fechar-planta-de-maua-no-dia-30\/#article","isPartOf":{"@id":"https:\/\/dana.com.br\/canaldana\/2022\/09\/23\/fundicao-tupy-vai-fechar-planta-de-maua-no-dia-30\/"},"author":{"name":"Canal Dana","@id":"https:\/\/dana.com.br\/canaldana\/#\/schema\/person\/3c21f22f56fcf3bc46b94bc60ea4fef6"},"headline":"Fundi\u00e7\u00e3o Tupy vai fechar planta de Mau\u00e1 no dia 30","datePublished":"2022-09-23T12:43:30+00:00","mainEntityOfPage":{"@id":"https:\/\/dana.com.br\/canaldana\/2022\/09\/23\/fundicao-tupy-vai-fechar-planta-de-maua-no-dia-30\/"},"wordCount":931,"articleSection":["Mercado"],"inLanguage":"pt-BR"},{"@type":"WebPage","@id":"https:\/\/dana.com.br\/canaldana\/2022\/09\/23\/fundicao-tupy-vai-fechar-planta-de-maua-no-dia-30\/","url":"https:\/\/dana.com.br\/canaldana\/2022\/09\/23\/fundicao-tupy-vai-fechar-planta-de-maua-no-dia-30\/","name":"Fundi\u00e7\u00e3o Tupy vai fechar planta de Mau\u00e1 no dia 30 - Canal Dana","isPartOf":{"@id":"https:\/\/dana.com.br\/canaldana\/#website"},"datePublished":"2022-09-23T12:43:30+00:00","author":{"@id":"https:\/\/dana.com.br\/canaldana\/#\/schema\/person\/3c21f22f56fcf3bc46b94bc60ea4fef6"},"breadcrumb":{"@id":"https:\/\/dana.com.br\/canaldana\/2022\/09\/23\/fundicao-tupy-vai-fechar-planta-de-maua-no-dia-30\/#breadcrumb"},"inLanguage":"pt-BR","potentialAction":[{"@type":"ReadAction","target":["https:\/\/dana.com.br\/canaldana\/2022\/09\/23\/fundicao-tupy-vai-fechar-planta-de-maua-no-dia-30\/"]}]},{"@type":"BreadcrumbList","@id":"https:\/\/dana.com.br\/canaldana\/2022\/09\/23\/fundicao-tupy-vai-fechar-planta-de-maua-no-dia-30\/#breadcrumb","itemListElement":[{"@type":"ListItem","position":1,"name":"Home","item":"https:\/\/dana.com.br\/canaldana\/"},{"@type":"ListItem","position":2,"name":"Mercado","item":"https:\/\/dana.com.br\/canaldana\/mercado\/"},{"@type":"ListItem","position":3,"name":"Fundi\u00e7\u00e3o Tupy vai fechar planta de Mau\u00e1 no dia 30"}]},{"@type":"WebSite","@id":"https:\/\/dana.com.br\/canaldana\/#website","url":"https:\/\/dana.com.br\/canaldana\/","name":"Canal Dana","description":"Informativo com as principais not\u00edcias da ind\u00fastria automotiva","potentialAction":[{"@type":"SearchAction","target":{"@type":"EntryPoint","urlTemplate":"https:\/\/dana.com.br\/canaldana\/?s={search_term_string}"},"query-input":{"@type":"PropertyValueSpecification","valueRequired":true,"valueName":"search_term_string"}}],"inLanguage":"pt-BR"},{"@type":"Person","@id":"https:\/\/dana.com.br\/canaldana\/#\/schema\/person\/3c21f22f56fcf3bc46b94bc60ea4fef6","name":"Canal Dana","image":{"@type":"ImageObject","inLanguage":"pt-BR","@id":"https:\/\/secure.gravatar.com\/avatar\/420aaf9278582877d9018637c6817617705899d2858d7572ef0fe59a6b6454b4?s=96&d=mm&r=g","url":"https:\/\/secure.gravatar.com\/avatar\/420aaf9278582877d9018637c6817617705899d2858d7572ef0fe59a6b6454b4?s=96&d=mm&r=g","contentUrl":"https:\/\/secure.gravatar.com\/avatar\/420aaf9278582877d9018637c6817617705899d2858d7572ef0fe59a6b6454b4?s=96&d=mm&r=g","caption":"Canal Dana"},"url":"https:\/\/dana.com.br\/canaldana\/author\/cdeditor\/"}]}},"_links":{"self":[{"href":"https:\/\/dana.com.br\/canaldana\/wp-json\/wp\/v2\/posts\/61154","targetHints":{"allow":["GET"]}}],"collection":[{"href":"https:\/\/dana.com.br\/canaldana\/wp-json\/wp\/v2\/posts"}],"about":[{"href":"https:\/\/dana.com.br\/canaldana\/wp-json\/wp\/v2\/types\/post"}],"author":[{"embeddable":true,"href":"https:\/\/dana.com.br\/canaldana\/wp-json\/wp\/v2\/users\/3"}],"replies":[{"embeddable":true,"href":"https:\/\/dana.com.br\/canaldana\/wp-json\/wp\/v2\/comments?post=61154"}],"version-history":[{"count":0,"href":"https:\/\/dana.com.br\/canaldana\/wp-json\/wp\/v2\/posts\/61154\/revisions"}],"wp:attachment":[{"href":"https:\/\/dana.com.br\/canaldana\/wp-json\/wp\/v2\/media?parent=61154"}],"wp:term":[{"taxonomy":"category","embeddable":true,"href":"https:\/\/dana.com.br\/canaldana\/wp-json\/wp\/v2\/categories?post=61154"},{"taxonomy":"post_tag","embeddable":true,"href":"https:\/\/dana.com.br\/canaldana\/wp-json\/wp\/v2\/tags?post=61154"}],"curies":[{"name":"wp","href":"https:\/\/api.w.org\/{rel}","templated":true}]}}