{"id":61099,"date":"2022-09-21T08:39:57","date_gmt":"2022-09-21T11:39:57","guid":{"rendered":"https:\/\/dana.com.br\/canaldana\/?p=61099"},"modified":"2022-09-21T08:39:57","modified_gmt":"2022-09-21T11:39:57","slug":"mercado-ve-meta-de-inflacao-em-xeque","status":"publish","type":"post","link":"https:\/\/dana.com.br\/canaldana\/2022\/09\/21\/mercado-ve-meta-de-inflacao-em-xeque\/","title":{"rendered":"Mercado v\u00ea meta de infla\u00e7\u00e3o em xeque"},"content":{"rendered":"<p><em>O Estado de S. Paulo\u00a0 <\/em><\/p>\n<p>&nbsp;<\/p>\n<p>A mudan\u00e7a do arcabou\u00e7o fiscal j\u00e1 indicada tanto por Luiz In\u00e1cio Lula da Silva (PT) quanto por Jair Bolsonaro (PL), que lideram as pesquisas de inten\u00e7\u00e3o de voto \u00e0 Presid\u00eancia, pode colocar em xeque o cumprimento das metas de infla\u00e7\u00e3o nos pr\u00f3ximos anos. Com a perspectiva de uma \u00e2ncora menos austera e de infla\u00e7\u00e3o global mais elevada, economistas ouvidos pelo Estad\u00e3o\/broadcast avaliam que passou a ser incerta a viabilidade de um alvo de 3%, mesmo no longo prazo.<\/p>\n<p>&nbsp;<\/p>\n<p>No geral, a avalia\u00e7\u00e3o \u00e9 de que a redu\u00e7\u00e3o gradual das metas de infla\u00e7\u00e3o a partir de 2019 \u2013 a partir do n\u00edvel de 4,5%, que vigorou de 2005 a 2018 \u2013 foi possibilitada pela previsibilidade fiscal criada pelo teto dos gastos e pelo ambiente de menor infla\u00e7\u00e3o global desde meados da d\u00e9cada de 2010. Agora, a perspectiva de mudan\u00e7a do arcabou\u00e7o fiscal do Pa\u00eds, com vistas \u00e0 amplia\u00e7\u00e3o de despesas, e o aumento da infla\u00e7\u00e3o mundial podem impedir o cumprimento do alvo.<\/p>\n<p>&nbsp;<\/p>\n<p>\u201cA perspectiva de que a pol\u00edtica fiscal ser\u00e1 menos austera do que o sinalizado algum tempo atr\u00e1s com o teto de gastos e o nosso pr\u00f3prio hist\u00f3rico de infla\u00e7\u00e3o n\u00e3o corroboram uma leitura de IPCA migrando para 3%\u201d, diz o economista da Tend\u00eancias Consultoria Integrada Silvio Campos Neto. A casa espera IPCA de 5% em 2023 e desacelera\u00e7\u00e3o da infla\u00e7\u00e3o a 4%, em 2024, e 3,5% em 2025 \u2013 acima do centro da meta em ambos os casos (de 3%).<\/p>\n<p>&nbsp;<\/p>\n<p>Ainda longe de ser um consenso, essa perspectiva j\u00e1 come\u00e7a a aparecer nas expectativas do mercado coletadas pelo pr\u00f3prio Banco Central. Embora as medianas do relat\u00f3rio Focus indiquem a converg\u00eancia do IPCA para o centro da meta em 2025 e 2026, as m\u00e9dias da pesquisa j\u00e1 sugerem, respectivamente, uma infla\u00e7\u00e3o de 3,28% e 3,27% nesses anos \u2013 mais de 0,25 ponto porcentual acima do alvo.<\/p>\n<p>&nbsp;<\/p>\n<p>A economista-chefe do Credit Suisse no Brasil, Solange Srour, reconhece que h\u00e1 muito ceticismo sobre se a meta de 3% \u00e9 vi\u00e1vel para o Pa\u00eds, considerando que as reformas fiscais n\u00e3o foram finalizadas e que o mundo vai conviver com infla\u00e7\u00e3o mais alta pelo menos por mais um ano. A economista acrescenta que a discuss\u00e3o sobre a viabilidade da meta \u00e9 diferente aqui e no exterior.<\/p>\n<p>&nbsp;<\/p>\n<p>\u201cH\u00e1 inseguran\u00e7a em rela\u00e7\u00e3o a atingir a meta. Entendo que essa discuss\u00e3o est\u00e1 no mundo inteiro, j\u00e1 que as proje\u00e7\u00f5es de infla\u00e7\u00e3o para Europa e EUA no ano que vem tamb\u00e9m est\u00e3o acima da meta. Mas, apesar da autonomia do BC, o trabalho de converg\u00eancia para a meta depende da \u00e2ncora fiscal por aqui. A discuss\u00e3o sobre viabilidade da meta de 3% no Brasil \u00e9 diferente do debate sobre a meta de 2% nos EUA\u201d, avalia. Segundo Srour, a melhora inflacion\u00e1ria recente diz respeito \u00e0 \u201cparte f\u00e1cil\u201d, ligada a decis\u00f5es pol\u00edticas e ao pre\u00e7o do petr\u00f3leo no mercado internacional.<\/p>\n<p>&nbsp;<\/p>\n<p>J\u00e1 o superintendente de pesquisa macroecon\u00f4mica do Santander Brasil, Mauricio Oreng, espera redu\u00e7\u00e3o do IPCA para o centro do alvo, de 3%, em 2024, mas reconhece que os riscos s\u00e3o de converg\u00eancia mais lenta. Para ele, a agenda de pol\u00edtica fiscal a ser adotada por Executivo e Congresso a partir de 2023 vai sinalizar a possibilidade de cumprimento da meta.<\/p>\n<p>&nbsp;<\/p>\n<p>O cen\u00e1rio de converg\u00eancia da infla\u00e7\u00e3o considerado pelo Santander leva em conta tr\u00eas anos consecutivos de taxas de juros restritivas, com uma Selic que encerra 2022 nos atuais 13,75% para recuar a 12%, no fim de 2023, e a 9% em 2024. (O Estado de S. Paulo\/C\u00edcero Cotrim e Tha\u00eds Barcellos)<\/p>\n","protected":false},"excerpt":{"rendered":"<p>O Estado de S. Paulo\u00a0 &nbsp; A mudan\u00e7a do arcabou\u00e7o fiscal j\u00e1 indicada tanto por Luiz In\u00e1cio Lula da Silva (PT) quanto por Jair Bolsonaro (PL), que lideram as pesquisas de inten\u00e7\u00e3o de voto \u00e0 Presid\u00eancia, pode colocar em xeque o cumprimento das metas de infla\u00e7\u00e3o nos pr\u00f3ximos anos. Com a perspectiva de uma \u00e2ncora\u2026 <a class=\"readmore\" href=\"https:\/\/dana.com.br\/canaldana\/2022\/09\/21\/mercado-ve-meta-de-inflacao-em-xeque\/\">Leia mais \u00bb<\/a><\/p>\n","protected":false},"author":3,"featured_media":0,"comment_status":"closed","ping_status":"closed","sticky":false,"template":"","format":"standard","meta":{"_acf_changed":false,"footnotes":""},"categories":[79],"tags":[],"class_list":["post-61099","post","type-post","status-publish","format-standard","hentry","category-mercado"],"acf":[],"yoast_head":"<!-- This site is optimized with the Yoast SEO plugin v27.3 - https:\/\/yoast.com\/product\/yoast-seo-wordpress\/ -->\n<title>Mercado v\u00ea meta de infla\u00e7\u00e3o em xeque - Canal Dana<\/title>\n<meta name=\"robots\" content=\"index, follow, max-snippet:-1, max-image-preview:large, max-video-preview:-1\" \/>\n<link rel=\"canonical\" href=\"https:\/\/dana.com.br\/canaldana\/2022\/09\/21\/mercado-ve-meta-de-inflacao-em-xeque\/\" \/>\n<meta property=\"og:locale\" content=\"pt_BR\" \/>\n<meta property=\"og:type\" content=\"article\" \/>\n<meta property=\"og:title\" content=\"Mercado v\u00ea meta de infla\u00e7\u00e3o em xeque - Canal Dana\" \/>\n<meta property=\"og:description\" content=\"O Estado de S. Paulo\u00a0 &nbsp; A mudan\u00e7a do arcabou\u00e7o fiscal j\u00e1 indicada tanto por Luiz In\u00e1cio Lula da Silva (PT) quanto por Jair Bolsonaro (PL), que lideram as pesquisas de inten\u00e7\u00e3o de voto \u00e0 Presid\u00eancia, pode colocar em xeque o cumprimento das metas de infla\u00e7\u00e3o nos pr\u00f3ximos anos. Com a perspectiva de uma \u00e2ncora\u2026 Leia mais \u00bb\" \/>\n<meta property=\"og:url\" content=\"https:\/\/dana.com.br\/canaldana\/2022\/09\/21\/mercado-ve-meta-de-inflacao-em-xeque\/\" \/>\n<meta property=\"og:site_name\" content=\"Canal Dana\" \/>\n<meta property=\"article:published_time\" content=\"2022-09-21T11:39:57+00:00\" \/>\n<meta name=\"author\" content=\"Canal Dana\" \/>\n<meta name=\"twitter:card\" content=\"summary_large_image\" \/>\n<meta name=\"twitter:label1\" content=\"Escrito por\" \/>\n\t<meta name=\"twitter:data1\" content=\"Canal Dana\" \/>\n\t<meta name=\"twitter:label2\" content=\"Est. tempo de leitura\" \/>\n\t<meta name=\"twitter:data2\" content=\"3 minutos\" \/>\n<script type=\"application\/ld+json\" class=\"yoast-schema-graph\">{\"@context\":\"https:\\\/\\\/schema.org\",\"@graph\":[{\"@type\":\"Article\",\"@id\":\"https:\\\/\\\/dana.com.br\\\/canaldana\\\/2022\\\/09\\\/21\\\/mercado-ve-meta-de-inflacao-em-xeque\\\/#article\",\"isPartOf\":{\"@id\":\"https:\\\/\\\/dana.com.br\\\/canaldana\\\/2022\\\/09\\\/21\\\/mercado-ve-meta-de-inflacao-em-xeque\\\/\"},\"author\":{\"name\":\"Canal Dana\",\"@id\":\"https:\\\/\\\/dana.com.br\\\/canaldana\\\/#\\\/schema\\\/person\\\/3c21f22f56fcf3bc46b94bc60ea4fef6\"},\"headline\":\"Mercado v\u00ea meta de infla\u00e7\u00e3o em xeque\",\"datePublished\":\"2022-09-21T11:39:57+00:00\",\"mainEntityOfPage\":{\"@id\":\"https:\\\/\\\/dana.com.br\\\/canaldana\\\/2022\\\/09\\\/21\\\/mercado-ve-meta-de-inflacao-em-xeque\\\/\"},\"wordCount\":629,\"articleSection\":[\"Mercado\"],\"inLanguage\":\"pt-BR\"},{\"@type\":\"WebPage\",\"@id\":\"https:\\\/\\\/dana.com.br\\\/canaldana\\\/2022\\\/09\\\/21\\\/mercado-ve-meta-de-inflacao-em-xeque\\\/\",\"url\":\"https:\\\/\\\/dana.com.br\\\/canaldana\\\/2022\\\/09\\\/21\\\/mercado-ve-meta-de-inflacao-em-xeque\\\/\",\"name\":\"Mercado v\u00ea meta de infla\u00e7\u00e3o em xeque - Canal Dana\",\"isPartOf\":{\"@id\":\"https:\\\/\\\/dana.com.br\\\/canaldana\\\/#website\"},\"datePublished\":\"2022-09-21T11:39:57+00:00\",\"author\":{\"@id\":\"https:\\\/\\\/dana.com.br\\\/canaldana\\\/#\\\/schema\\\/person\\\/3c21f22f56fcf3bc46b94bc60ea4fef6\"},\"breadcrumb\":{\"@id\":\"https:\\\/\\\/dana.com.br\\\/canaldana\\\/2022\\\/09\\\/21\\\/mercado-ve-meta-de-inflacao-em-xeque\\\/#breadcrumb\"},\"inLanguage\":\"pt-BR\",\"potentialAction\":[{\"@type\":\"ReadAction\",\"target\":[\"https:\\\/\\\/dana.com.br\\\/canaldana\\\/2022\\\/09\\\/21\\\/mercado-ve-meta-de-inflacao-em-xeque\\\/\"]}]},{\"@type\":\"BreadcrumbList\",\"@id\":\"https:\\\/\\\/dana.com.br\\\/canaldana\\\/2022\\\/09\\\/21\\\/mercado-ve-meta-de-inflacao-em-xeque\\\/#breadcrumb\",\"itemListElement\":[{\"@type\":\"ListItem\",\"position\":1,\"name\":\"Home\",\"item\":\"https:\\\/\\\/dana.com.br\\\/canaldana\\\/\"},{\"@type\":\"ListItem\",\"position\":2,\"name\":\"Mercado\",\"item\":\"https:\\\/\\\/dana.com.br\\\/canaldana\\\/mercado\\\/\"},{\"@type\":\"ListItem\",\"position\":3,\"name\":\"Mercado v\u00ea meta de infla\u00e7\u00e3o em xeque\"}]},{\"@type\":\"WebSite\",\"@id\":\"https:\\\/\\\/dana.com.br\\\/canaldana\\\/#website\",\"url\":\"https:\\\/\\\/dana.com.br\\\/canaldana\\\/\",\"name\":\"Canal Dana\",\"description\":\"Informativo com as principais not\u00edcias da ind\u00fastria automotiva\",\"potentialAction\":[{\"@type\":\"SearchAction\",\"target\":{\"@type\":\"EntryPoint\",\"urlTemplate\":\"https:\\\/\\\/dana.com.br\\\/canaldana\\\/?s={search_term_string}\"},\"query-input\":{\"@type\":\"PropertyValueSpecification\",\"valueRequired\":true,\"valueName\":\"search_term_string\"}}],\"inLanguage\":\"pt-BR\"},{\"@type\":\"Person\",\"@id\":\"https:\\\/\\\/dana.com.br\\\/canaldana\\\/#\\\/schema\\\/person\\\/3c21f22f56fcf3bc46b94bc60ea4fef6\",\"name\":\"Canal Dana\",\"image\":{\"@type\":\"ImageObject\",\"inLanguage\":\"pt-BR\",\"@id\":\"https:\\\/\\\/secure.gravatar.com\\\/avatar\\\/420aaf9278582877d9018637c6817617705899d2858d7572ef0fe59a6b6454b4?s=96&d=mm&r=g\",\"url\":\"https:\\\/\\\/secure.gravatar.com\\\/avatar\\\/420aaf9278582877d9018637c6817617705899d2858d7572ef0fe59a6b6454b4?s=96&d=mm&r=g\",\"contentUrl\":\"https:\\\/\\\/secure.gravatar.com\\\/avatar\\\/420aaf9278582877d9018637c6817617705899d2858d7572ef0fe59a6b6454b4?s=96&d=mm&r=g\",\"caption\":\"Canal Dana\"},\"url\":\"https:\\\/\\\/dana.com.br\\\/canaldana\\\/author\\\/cdeditor\\\/\"}]}<\/script>\n<!-- \/ Yoast SEO plugin. -->","yoast_head_json":{"title":"Mercado v\u00ea meta de infla\u00e7\u00e3o em xeque - Canal Dana","robots":{"index":"index","follow":"follow","max-snippet":"max-snippet:-1","max-image-preview":"max-image-preview:large","max-video-preview":"max-video-preview:-1"},"canonical":"https:\/\/dana.com.br\/canaldana\/2022\/09\/21\/mercado-ve-meta-de-inflacao-em-xeque\/","og_locale":"pt_BR","og_type":"article","og_title":"Mercado v\u00ea meta de infla\u00e7\u00e3o em xeque - Canal Dana","og_description":"O Estado de S. Paulo\u00a0 &nbsp; A mudan\u00e7a do arcabou\u00e7o fiscal j\u00e1 indicada tanto por Luiz In\u00e1cio Lula da Silva (PT) quanto por Jair Bolsonaro (PL), que lideram as pesquisas de inten\u00e7\u00e3o de voto \u00e0 Presid\u00eancia, pode colocar em xeque o cumprimento das metas de infla\u00e7\u00e3o nos pr\u00f3ximos anos. Com a perspectiva de uma \u00e2ncora\u2026 Leia mais \u00bb","og_url":"https:\/\/dana.com.br\/canaldana\/2022\/09\/21\/mercado-ve-meta-de-inflacao-em-xeque\/","og_site_name":"Canal Dana","article_published_time":"2022-09-21T11:39:57+00:00","author":"Canal Dana","twitter_card":"summary_large_image","twitter_misc":{"Escrito por":"Canal Dana","Est. tempo de leitura":"3 minutos"},"schema":{"@context":"https:\/\/schema.org","@graph":[{"@type":"Article","@id":"https:\/\/dana.com.br\/canaldana\/2022\/09\/21\/mercado-ve-meta-de-inflacao-em-xeque\/#article","isPartOf":{"@id":"https:\/\/dana.com.br\/canaldana\/2022\/09\/21\/mercado-ve-meta-de-inflacao-em-xeque\/"},"author":{"name":"Canal Dana","@id":"https:\/\/dana.com.br\/canaldana\/#\/schema\/person\/3c21f22f56fcf3bc46b94bc60ea4fef6"},"headline":"Mercado v\u00ea meta de infla\u00e7\u00e3o em xeque","datePublished":"2022-09-21T11:39:57+00:00","mainEntityOfPage":{"@id":"https:\/\/dana.com.br\/canaldana\/2022\/09\/21\/mercado-ve-meta-de-inflacao-em-xeque\/"},"wordCount":629,"articleSection":["Mercado"],"inLanguage":"pt-BR"},{"@type":"WebPage","@id":"https:\/\/dana.com.br\/canaldana\/2022\/09\/21\/mercado-ve-meta-de-inflacao-em-xeque\/","url":"https:\/\/dana.com.br\/canaldana\/2022\/09\/21\/mercado-ve-meta-de-inflacao-em-xeque\/","name":"Mercado v\u00ea meta de infla\u00e7\u00e3o em xeque - Canal Dana","isPartOf":{"@id":"https:\/\/dana.com.br\/canaldana\/#website"},"datePublished":"2022-09-21T11:39:57+00:00","author":{"@id":"https:\/\/dana.com.br\/canaldana\/#\/schema\/person\/3c21f22f56fcf3bc46b94bc60ea4fef6"},"breadcrumb":{"@id":"https:\/\/dana.com.br\/canaldana\/2022\/09\/21\/mercado-ve-meta-de-inflacao-em-xeque\/#breadcrumb"},"inLanguage":"pt-BR","potentialAction":[{"@type":"ReadAction","target":["https:\/\/dana.com.br\/canaldana\/2022\/09\/21\/mercado-ve-meta-de-inflacao-em-xeque\/"]}]},{"@type":"BreadcrumbList","@id":"https:\/\/dana.com.br\/canaldana\/2022\/09\/21\/mercado-ve-meta-de-inflacao-em-xeque\/#breadcrumb","itemListElement":[{"@type":"ListItem","position":1,"name":"Home","item":"https:\/\/dana.com.br\/canaldana\/"},{"@type":"ListItem","position":2,"name":"Mercado","item":"https:\/\/dana.com.br\/canaldana\/mercado\/"},{"@type":"ListItem","position":3,"name":"Mercado v\u00ea meta de infla\u00e7\u00e3o em xeque"}]},{"@type":"WebSite","@id":"https:\/\/dana.com.br\/canaldana\/#website","url":"https:\/\/dana.com.br\/canaldana\/","name":"Canal Dana","description":"Informativo com as principais not\u00edcias da ind\u00fastria automotiva","potentialAction":[{"@type":"SearchAction","target":{"@type":"EntryPoint","urlTemplate":"https:\/\/dana.com.br\/canaldana\/?s={search_term_string}"},"query-input":{"@type":"PropertyValueSpecification","valueRequired":true,"valueName":"search_term_string"}}],"inLanguage":"pt-BR"},{"@type":"Person","@id":"https:\/\/dana.com.br\/canaldana\/#\/schema\/person\/3c21f22f56fcf3bc46b94bc60ea4fef6","name":"Canal Dana","image":{"@type":"ImageObject","inLanguage":"pt-BR","@id":"https:\/\/secure.gravatar.com\/avatar\/420aaf9278582877d9018637c6817617705899d2858d7572ef0fe59a6b6454b4?s=96&d=mm&r=g","url":"https:\/\/secure.gravatar.com\/avatar\/420aaf9278582877d9018637c6817617705899d2858d7572ef0fe59a6b6454b4?s=96&d=mm&r=g","contentUrl":"https:\/\/secure.gravatar.com\/avatar\/420aaf9278582877d9018637c6817617705899d2858d7572ef0fe59a6b6454b4?s=96&d=mm&r=g","caption":"Canal Dana"},"url":"https:\/\/dana.com.br\/canaldana\/author\/cdeditor\/"}]}},"_links":{"self":[{"href":"https:\/\/dana.com.br\/canaldana\/wp-json\/wp\/v2\/posts\/61099","targetHints":{"allow":["GET"]}}],"collection":[{"href":"https:\/\/dana.com.br\/canaldana\/wp-json\/wp\/v2\/posts"}],"about":[{"href":"https:\/\/dana.com.br\/canaldana\/wp-json\/wp\/v2\/types\/post"}],"author":[{"embeddable":true,"href":"https:\/\/dana.com.br\/canaldana\/wp-json\/wp\/v2\/users\/3"}],"replies":[{"embeddable":true,"href":"https:\/\/dana.com.br\/canaldana\/wp-json\/wp\/v2\/comments?post=61099"}],"version-history":[{"count":0,"href":"https:\/\/dana.com.br\/canaldana\/wp-json\/wp\/v2\/posts\/61099\/revisions"}],"wp:attachment":[{"href":"https:\/\/dana.com.br\/canaldana\/wp-json\/wp\/v2\/media?parent=61099"}],"wp:term":[{"taxonomy":"category","embeddable":true,"href":"https:\/\/dana.com.br\/canaldana\/wp-json\/wp\/v2\/categories?post=61099"},{"taxonomy":"post_tag","embeddable":true,"href":"https:\/\/dana.com.br\/canaldana\/wp-json\/wp\/v2\/tags?post=61099"}],"curies":[{"name":"wp","href":"https:\/\/api.w.org\/{rel}","templated":true}]}}