{"id":61097,"date":"2022-09-21T08:39:21","date_gmt":"2022-09-21T11:39:21","guid":{"rendered":"https:\/\/dana.com.br\/canaldana\/?p=61097"},"modified":"2022-09-21T08:39:21","modified_gmt":"2022-09-21T11:39:21","slug":"porto-de-itajai-recebe-688-veiculos-importados-das-montadoras-bmw-e-gm","status":"publish","type":"post","link":"https:\/\/dana.com.br\/canaldana\/2022\/09\/21\/porto-de-itajai-recebe-688-veiculos-importados-das-montadoras-bmw-e-gm\/","title":{"rendered":"Porto de Itaja\u00ed recebe 688 ve\u00edculos importados das montadoras BMW e GM"},"content":{"rendered":"<p><em>Portal Prefeitura de Itaja\u00ed<\/em><\/p>\n<p>&nbsp;<\/p>\n<p>Nesta \u00faltima segunda-feira (19), o navio de cargas Roll On Roll Off California Highway atracou no cais p\u00fablico do Porto de Itaja\u00ed com 688 ve\u00edculos importados, sendo 129 modelos da montadora alem\u00e3 BMW e 559 modelos da montadora General Motors do Brasil (GM). Esta \u00e9 a s\u00e9tima carga do tipo recebida neste ano. A previs\u00e3o \u00e9 que essas opera\u00e7\u00f5es ocorram mensalmente.<\/p>\n<p>&nbsp;<\/p>\n<p>Vindo de Santos (SP), o navio California Highway possui bandeira do Panam\u00e1. A embarca\u00e7\u00e3o para transporte de cargas sobre rodas tem 199,97 metros de comprimento por 32,26 metros de largura. O processo de descida dos carros at\u00e9 o p\u00e1tio pode levar em m\u00e9dia de cinco horas, dependendo da quantidade.<\/p>\n<p>&nbsp;<\/p>\n<p>Segundo a Coordenadoria de Opera\u00e7\u00f5es e Intelig\u00eancia da Fiscaliza\u00e7\u00e3o da Superintend\u00eancia do Porto de Itaja\u00ed, o peso total dos ve\u00edculos que foram transportados at\u00e9 o Porto de Itaja\u00ed \u00e9 de 1.138 toneladas. Ao desatracar do cais p\u00fablico, a embarca\u00e7\u00e3o segue seu trajeto mar\u00edtimo com destino ao porto de Dock Sud, na Argentina.<\/p>\n<p>&nbsp;<\/p>\n<p>\u201cQueremos proporcionar ao Porto de Itaja\u00ed inova\u00e7\u00e3o e aprimoramento em todas as \u00e1reas operacionais, com seguran\u00e7a e excel\u00eancia. A efici\u00eancia operacional \u00e9 oriunda de uma grande uni\u00e3o de for\u00e7as, a qual nos proporcionou o frequente recebimento de ve\u00edculos com este tipo de opera\u00e7\u00e3o\u201d, destaca F\u00e1bio da Veiga, superintendente do Porto de Itaja\u00ed.<\/p>\n<p>&nbsp;<\/p>\n<p>A \u00faltima atraca\u00e7\u00e3o realizada com o sistema Roll On Roll Off no Porto de Itaja\u00ed ocorreu no dia 20 de agosto com o navio Columbia Highway.<\/p>\n<p>&nbsp;<\/p>\n<p>\u201cNos \u00faltimos meses somos refer\u00eancia nacional neste tipo de opera\u00e7\u00e3o, a qual contribui para intensificar a economia regional, estadual e nacional. Para realizar este tipo de opera\u00e7\u00e3o, contamos com uma excelente equipe, com profissionais que realizam o trabalho com responsabilidade e capacita\u00e7\u00e3o\u201d, ressalta o prefeito de Itaja\u00ed, Volnei Morastoni.<\/p>\n<p>&nbsp;<\/p>\n<p>O procedimento realizado ap\u00f3s o desembarque consiste no deslocamento dos ve\u00edculos para os p\u00e1tios da ValePort e do Recinto Alfandegado Cont\u00edguo (RAC), onde eles passam por vistoria. Depois disso, os autom\u00f3veis s\u00e3o embarcados em caminh\u00f5es-cegonhas com destino a outras cidades e estados do Brasil. (Portal Prefeitura de Itaja\u00ed)<\/p>\n","protected":false},"excerpt":{"rendered":"<p>Portal Prefeitura de Itaja\u00ed &nbsp; Nesta \u00faltima segunda-feira (19), o navio de cargas Roll On Roll Off California Highway atracou no cais p\u00fablico do Porto de Itaja\u00ed com 688 ve\u00edculos importados, sendo 129 modelos da montadora alem\u00e3 BMW e 559 modelos da montadora General Motors do Brasil (GM). Esta \u00e9 a s\u00e9tima carga do tipo\u2026 <a class=\"readmore\" href=\"https:\/\/dana.com.br\/canaldana\/2022\/09\/21\/porto-de-itajai-recebe-688-veiculos-importados-das-montadoras-bmw-e-gm\/\">Leia mais \u00bb<\/a><\/p>\n","protected":false},"author":3,"featured_media":0,"comment_status":"closed","ping_status":"closed","sticky":false,"template":"","format":"standard","meta":{"_acf_changed":false,"footnotes":""},"categories":[79],"tags":[],"class_list":["post-61097","post","type-post","status-publish","format-standard","hentry","category-mercado"],"acf":[],"yoast_head":"<!-- This site is optimized with the Yoast SEO plugin v27.3 - https:\/\/yoast.com\/product\/yoast-seo-wordpress\/ -->\n<title>Porto de Itaja\u00ed recebe 688 ve\u00edculos importados das montadoras BMW e GM - Canal Dana<\/title>\n<meta name=\"robots\" content=\"index, follow, max-snippet:-1, max-image-preview:large, max-video-preview:-1\" \/>\n<link rel=\"canonical\" href=\"https:\/\/dana.com.br\/canaldana\/2022\/09\/21\/porto-de-itajai-recebe-688-veiculos-importados-das-montadoras-bmw-e-gm\/\" \/>\n<meta property=\"og:locale\" content=\"pt_BR\" \/>\n<meta property=\"og:type\" content=\"article\" \/>\n<meta property=\"og:title\" content=\"Porto de Itaja\u00ed recebe 688 ve\u00edculos importados das montadoras BMW e GM - Canal Dana\" \/>\n<meta property=\"og:description\" content=\"Portal Prefeitura de Itaja\u00ed &nbsp; Nesta \u00faltima segunda-feira (19), o navio de cargas Roll On Roll Off California Highway atracou no cais p\u00fablico do Porto de Itaja\u00ed com 688 ve\u00edculos importados, sendo 129 modelos da montadora alem\u00e3 BMW e 559 modelos da montadora General Motors do Brasil (GM). Esta \u00e9 a s\u00e9tima carga do tipo\u2026 Leia mais \u00bb\" \/>\n<meta property=\"og:url\" content=\"https:\/\/dana.com.br\/canaldana\/2022\/09\/21\/porto-de-itajai-recebe-688-veiculos-importados-das-montadoras-bmw-e-gm\/\" \/>\n<meta property=\"og:site_name\" content=\"Canal Dana\" \/>\n<meta property=\"article:published_time\" content=\"2022-09-21T11:39:21+00:00\" \/>\n<meta name=\"author\" content=\"Canal Dana\" \/>\n<meta name=\"twitter:card\" content=\"summary_large_image\" \/>\n<meta name=\"twitter:label1\" content=\"Escrito por\" \/>\n\t<meta name=\"twitter:data1\" content=\"Canal Dana\" \/>\n\t<meta name=\"twitter:label2\" content=\"Est. tempo de leitura\" \/>\n\t<meta name=\"twitter:data2\" content=\"2 minutos\" \/>\n<script type=\"application\/ld+json\" class=\"yoast-schema-graph\">{\"@context\":\"https:\\\/\\\/schema.org\",\"@graph\":[{\"@type\":\"Article\",\"@id\":\"https:\\\/\\\/dana.com.br\\\/canaldana\\\/2022\\\/09\\\/21\\\/porto-de-itajai-recebe-688-veiculos-importados-das-montadoras-bmw-e-gm\\\/#article\",\"isPartOf\":{\"@id\":\"https:\\\/\\\/dana.com.br\\\/canaldana\\\/2022\\\/09\\\/21\\\/porto-de-itajai-recebe-688-veiculos-importados-das-montadoras-bmw-e-gm\\\/\"},\"author\":{\"name\":\"Canal Dana\",\"@id\":\"https:\\\/\\\/dana.com.br\\\/canaldana\\\/#\\\/schema\\\/person\\\/3c21f22f56fcf3bc46b94bc60ea4fef6\"},\"headline\":\"Porto de Itaja\u00ed recebe 688 ve\u00edculos importados das montadoras BMW e GM\",\"datePublished\":\"2022-09-21T11:39:21+00:00\",\"mainEntityOfPage\":{\"@id\":\"https:\\\/\\\/dana.com.br\\\/canaldana\\\/2022\\\/09\\\/21\\\/porto-de-itajai-recebe-688-veiculos-importados-das-montadoras-bmw-e-gm\\\/\"},\"wordCount\":385,\"articleSection\":[\"Mercado\"],\"inLanguage\":\"pt-BR\"},{\"@type\":\"WebPage\",\"@id\":\"https:\\\/\\\/dana.com.br\\\/canaldana\\\/2022\\\/09\\\/21\\\/porto-de-itajai-recebe-688-veiculos-importados-das-montadoras-bmw-e-gm\\\/\",\"url\":\"https:\\\/\\\/dana.com.br\\\/canaldana\\\/2022\\\/09\\\/21\\\/porto-de-itajai-recebe-688-veiculos-importados-das-montadoras-bmw-e-gm\\\/\",\"name\":\"Porto de Itaja\u00ed recebe 688 ve\u00edculos importados das montadoras BMW e GM - Canal Dana\",\"isPartOf\":{\"@id\":\"https:\\\/\\\/dana.com.br\\\/canaldana\\\/#website\"},\"datePublished\":\"2022-09-21T11:39:21+00:00\",\"author\":{\"@id\":\"https:\\\/\\\/dana.com.br\\\/canaldana\\\/#\\\/schema\\\/person\\\/3c21f22f56fcf3bc46b94bc60ea4fef6\"},\"breadcrumb\":{\"@id\":\"https:\\\/\\\/dana.com.br\\\/canaldana\\\/2022\\\/09\\\/21\\\/porto-de-itajai-recebe-688-veiculos-importados-das-montadoras-bmw-e-gm\\\/#breadcrumb\"},\"inLanguage\":\"pt-BR\",\"potentialAction\":[{\"@type\":\"ReadAction\",\"target\":[\"https:\\\/\\\/dana.com.br\\\/canaldana\\\/2022\\\/09\\\/21\\\/porto-de-itajai-recebe-688-veiculos-importados-das-montadoras-bmw-e-gm\\\/\"]}]},{\"@type\":\"BreadcrumbList\",\"@id\":\"https:\\\/\\\/dana.com.br\\\/canaldana\\\/2022\\\/09\\\/21\\\/porto-de-itajai-recebe-688-veiculos-importados-das-montadoras-bmw-e-gm\\\/#breadcrumb\",\"itemListElement\":[{\"@type\":\"ListItem\",\"position\":1,\"name\":\"Home\",\"item\":\"https:\\\/\\\/dana.com.br\\\/canaldana\\\/\"},{\"@type\":\"ListItem\",\"position\":2,\"name\":\"Mercado\",\"item\":\"https:\\\/\\\/dana.com.br\\\/canaldana\\\/mercado\\\/\"},{\"@type\":\"ListItem\",\"position\":3,\"name\":\"Porto de Itaja\u00ed recebe 688 ve\u00edculos importados das montadoras BMW e GM\"}]},{\"@type\":\"WebSite\",\"@id\":\"https:\\\/\\\/dana.com.br\\\/canaldana\\\/#website\",\"url\":\"https:\\\/\\\/dana.com.br\\\/canaldana\\\/\",\"name\":\"Canal Dana\",\"description\":\"Informativo com as principais not\u00edcias da ind\u00fastria automotiva\",\"potentialAction\":[{\"@type\":\"SearchAction\",\"target\":{\"@type\":\"EntryPoint\",\"urlTemplate\":\"https:\\\/\\\/dana.com.br\\\/canaldana\\\/?s={search_term_string}\"},\"query-input\":{\"@type\":\"PropertyValueSpecification\",\"valueRequired\":true,\"valueName\":\"search_term_string\"}}],\"inLanguage\":\"pt-BR\"},{\"@type\":\"Person\",\"@id\":\"https:\\\/\\\/dana.com.br\\\/canaldana\\\/#\\\/schema\\\/person\\\/3c21f22f56fcf3bc46b94bc60ea4fef6\",\"name\":\"Canal Dana\",\"image\":{\"@type\":\"ImageObject\",\"inLanguage\":\"pt-BR\",\"@id\":\"https:\\\/\\\/secure.gravatar.com\\\/avatar\\\/420aaf9278582877d9018637c6817617705899d2858d7572ef0fe59a6b6454b4?s=96&d=mm&r=g\",\"url\":\"https:\\\/\\\/secure.gravatar.com\\\/avatar\\\/420aaf9278582877d9018637c6817617705899d2858d7572ef0fe59a6b6454b4?s=96&d=mm&r=g\",\"contentUrl\":\"https:\\\/\\\/secure.gravatar.com\\\/avatar\\\/420aaf9278582877d9018637c6817617705899d2858d7572ef0fe59a6b6454b4?s=96&d=mm&r=g\",\"caption\":\"Canal Dana\"},\"url\":\"https:\\\/\\\/dana.com.br\\\/canaldana\\\/author\\\/cdeditor\\\/\"}]}<\/script>\n<!-- \/ Yoast SEO plugin. -->","yoast_head_json":{"title":"Porto de Itaja\u00ed recebe 688 ve\u00edculos importados das montadoras BMW e GM - Canal Dana","robots":{"index":"index","follow":"follow","max-snippet":"max-snippet:-1","max-image-preview":"max-image-preview:large","max-video-preview":"max-video-preview:-1"},"canonical":"https:\/\/dana.com.br\/canaldana\/2022\/09\/21\/porto-de-itajai-recebe-688-veiculos-importados-das-montadoras-bmw-e-gm\/","og_locale":"pt_BR","og_type":"article","og_title":"Porto de Itaja\u00ed recebe 688 ve\u00edculos importados das montadoras BMW e GM - Canal Dana","og_description":"Portal Prefeitura de Itaja\u00ed &nbsp; Nesta \u00faltima segunda-feira (19), o navio de cargas Roll On Roll Off California Highway atracou no cais p\u00fablico do Porto de Itaja\u00ed com 688 ve\u00edculos importados, sendo 129 modelos da montadora alem\u00e3 BMW e 559 modelos da montadora General Motors do Brasil (GM). Esta \u00e9 a s\u00e9tima carga do tipo\u2026 Leia mais \u00bb","og_url":"https:\/\/dana.com.br\/canaldana\/2022\/09\/21\/porto-de-itajai-recebe-688-veiculos-importados-das-montadoras-bmw-e-gm\/","og_site_name":"Canal Dana","article_published_time":"2022-09-21T11:39:21+00:00","author":"Canal Dana","twitter_card":"summary_large_image","twitter_misc":{"Escrito por":"Canal Dana","Est. tempo de leitura":"2 minutos"},"schema":{"@context":"https:\/\/schema.org","@graph":[{"@type":"Article","@id":"https:\/\/dana.com.br\/canaldana\/2022\/09\/21\/porto-de-itajai-recebe-688-veiculos-importados-das-montadoras-bmw-e-gm\/#article","isPartOf":{"@id":"https:\/\/dana.com.br\/canaldana\/2022\/09\/21\/porto-de-itajai-recebe-688-veiculos-importados-das-montadoras-bmw-e-gm\/"},"author":{"name":"Canal Dana","@id":"https:\/\/dana.com.br\/canaldana\/#\/schema\/person\/3c21f22f56fcf3bc46b94bc60ea4fef6"},"headline":"Porto de Itaja\u00ed recebe 688 ve\u00edculos importados das montadoras BMW e GM","datePublished":"2022-09-21T11:39:21+00:00","mainEntityOfPage":{"@id":"https:\/\/dana.com.br\/canaldana\/2022\/09\/21\/porto-de-itajai-recebe-688-veiculos-importados-das-montadoras-bmw-e-gm\/"},"wordCount":385,"articleSection":["Mercado"],"inLanguage":"pt-BR"},{"@type":"WebPage","@id":"https:\/\/dana.com.br\/canaldana\/2022\/09\/21\/porto-de-itajai-recebe-688-veiculos-importados-das-montadoras-bmw-e-gm\/","url":"https:\/\/dana.com.br\/canaldana\/2022\/09\/21\/porto-de-itajai-recebe-688-veiculos-importados-das-montadoras-bmw-e-gm\/","name":"Porto de Itaja\u00ed recebe 688 ve\u00edculos importados das montadoras BMW e GM - Canal Dana","isPartOf":{"@id":"https:\/\/dana.com.br\/canaldana\/#website"},"datePublished":"2022-09-21T11:39:21+00:00","author":{"@id":"https:\/\/dana.com.br\/canaldana\/#\/schema\/person\/3c21f22f56fcf3bc46b94bc60ea4fef6"},"breadcrumb":{"@id":"https:\/\/dana.com.br\/canaldana\/2022\/09\/21\/porto-de-itajai-recebe-688-veiculos-importados-das-montadoras-bmw-e-gm\/#breadcrumb"},"inLanguage":"pt-BR","potentialAction":[{"@type":"ReadAction","target":["https:\/\/dana.com.br\/canaldana\/2022\/09\/21\/porto-de-itajai-recebe-688-veiculos-importados-das-montadoras-bmw-e-gm\/"]}]},{"@type":"BreadcrumbList","@id":"https:\/\/dana.com.br\/canaldana\/2022\/09\/21\/porto-de-itajai-recebe-688-veiculos-importados-das-montadoras-bmw-e-gm\/#breadcrumb","itemListElement":[{"@type":"ListItem","position":1,"name":"Home","item":"https:\/\/dana.com.br\/canaldana\/"},{"@type":"ListItem","position":2,"name":"Mercado","item":"https:\/\/dana.com.br\/canaldana\/mercado\/"},{"@type":"ListItem","position":3,"name":"Porto de Itaja\u00ed recebe 688 ve\u00edculos importados das montadoras BMW e GM"}]},{"@type":"WebSite","@id":"https:\/\/dana.com.br\/canaldana\/#website","url":"https:\/\/dana.com.br\/canaldana\/","name":"Canal Dana","description":"Informativo com as principais not\u00edcias da ind\u00fastria automotiva","potentialAction":[{"@type":"SearchAction","target":{"@type":"EntryPoint","urlTemplate":"https:\/\/dana.com.br\/canaldana\/?s={search_term_string}"},"query-input":{"@type":"PropertyValueSpecification","valueRequired":true,"valueName":"search_term_string"}}],"inLanguage":"pt-BR"},{"@type":"Person","@id":"https:\/\/dana.com.br\/canaldana\/#\/schema\/person\/3c21f22f56fcf3bc46b94bc60ea4fef6","name":"Canal Dana","image":{"@type":"ImageObject","inLanguage":"pt-BR","@id":"https:\/\/secure.gravatar.com\/avatar\/420aaf9278582877d9018637c6817617705899d2858d7572ef0fe59a6b6454b4?s=96&d=mm&r=g","url":"https:\/\/secure.gravatar.com\/avatar\/420aaf9278582877d9018637c6817617705899d2858d7572ef0fe59a6b6454b4?s=96&d=mm&r=g","contentUrl":"https:\/\/secure.gravatar.com\/avatar\/420aaf9278582877d9018637c6817617705899d2858d7572ef0fe59a6b6454b4?s=96&d=mm&r=g","caption":"Canal Dana"},"url":"https:\/\/dana.com.br\/canaldana\/author\/cdeditor\/"}]}},"_links":{"self":[{"href":"https:\/\/dana.com.br\/canaldana\/wp-json\/wp\/v2\/posts\/61097","targetHints":{"allow":["GET"]}}],"collection":[{"href":"https:\/\/dana.com.br\/canaldana\/wp-json\/wp\/v2\/posts"}],"about":[{"href":"https:\/\/dana.com.br\/canaldana\/wp-json\/wp\/v2\/types\/post"}],"author":[{"embeddable":true,"href":"https:\/\/dana.com.br\/canaldana\/wp-json\/wp\/v2\/users\/3"}],"replies":[{"embeddable":true,"href":"https:\/\/dana.com.br\/canaldana\/wp-json\/wp\/v2\/comments?post=61097"}],"version-history":[{"count":0,"href":"https:\/\/dana.com.br\/canaldana\/wp-json\/wp\/v2\/posts\/61097\/revisions"}],"wp:attachment":[{"href":"https:\/\/dana.com.br\/canaldana\/wp-json\/wp\/v2\/media?parent=61097"}],"wp:term":[{"taxonomy":"category","embeddable":true,"href":"https:\/\/dana.com.br\/canaldana\/wp-json\/wp\/v2\/categories?post=61097"},{"taxonomy":"post_tag","embeddable":true,"href":"https:\/\/dana.com.br\/canaldana\/wp-json\/wp\/v2\/tags?post=61097"}],"curies":[{"name":"wp","href":"https:\/\/api.w.org\/{rel}","templated":true}]}}