{"id":61095,"date":"2022-09-21T08:38:52","date_gmt":"2022-09-21T11:38:52","guid":{"rendered":"https:\/\/dana.com.br\/canaldana\/?p=61095"},"modified":"2022-09-21T08:38:52","modified_gmt":"2022-09-21T11:38:52","slug":"kia-brasil-anuncia-precos-do-niro-hev","status":"publish","type":"post","link":"https:\/\/dana.com.br\/canaldana\/2022\/09\/21\/kia-brasil-anuncia-precos-do-niro-hev\/","title":{"rendered":"Kia Brasil anuncia pre\u00e7os do Niro HEV"},"content":{"rendered":"<p><em>Motor Mais<\/em><\/p>\n<p>&nbsp;<\/p>\n<p>A Kia Brasil anunciou os pre\u00e7os do Niro HEV, cujo in\u00edcio de venda no mercado brasileiro come\u00e7a na primeira semana de outubro: a vers\u00e3o EX ser\u00e1 comercializada por R$ 204.990,00 e a vers\u00e3o SX Prestige por R$ 239.990,00. Em ambas, a pintura met\u00e1lica ou perolizada ter\u00e1 acr\u00e9scimo de R$ 2.800,00.<\/p>\n<p>&nbsp;<\/p>\n<p>Terceiro modelo do programa de eletrifica\u00e7\u00e3o da Kia no pa\u00eds, o Niro HEV traz motor Kappa PE, de 1.6 litro, com inje\u00e7\u00e3o direta, \u00e0 gasolina, e bateria de pol\u00edmero de l\u00edtio-ion, que proporciona pot\u00eancia combinada de 141 cavalos a 5.700 rpm e torque de 27 kgf.m a 4.000 rpm. Sua transmiss\u00e3o autom\u00e1tica \u00e9 de 6 velocidades. (Motor Mais)<\/p>\n","protected":false},"excerpt":{"rendered":"<p>Motor Mais &nbsp; A Kia Brasil anunciou os pre\u00e7os do Niro HEV, cujo in\u00edcio de venda no mercado brasileiro come\u00e7a na primeira semana de outubro: a vers\u00e3o EX ser\u00e1 comercializada por R$ 204.990,00 e a vers\u00e3o SX Prestige por R$ 239.990,00. Em ambas, a pintura met\u00e1lica ou perolizada ter\u00e1 acr\u00e9scimo de R$ 2.800,00. &nbsp; Terceiro\u2026 <a class=\"readmore\" href=\"https:\/\/dana.com.br\/canaldana\/2022\/09\/21\/kia-brasil-anuncia-precos-do-niro-hev\/\">Leia mais \u00bb<\/a><\/p>\n","protected":false},"author":3,"featured_media":0,"comment_status":"closed","ping_status":"closed","sticky":false,"template":"","format":"standard","meta":{"_acf_changed":false,"footnotes":""},"categories":[79],"tags":[],"class_list":["post-61095","post","type-post","status-publish","format-standard","hentry","category-mercado"],"acf":[],"yoast_head":"<!-- This site is optimized with the Yoast SEO plugin v27.3 - https:\/\/yoast.com\/product\/yoast-seo-wordpress\/ -->\n<title>Kia Brasil anuncia pre\u00e7os do Niro HEV - Canal Dana<\/title>\n<meta name=\"robots\" content=\"index, follow, max-snippet:-1, max-image-preview:large, max-video-preview:-1\" \/>\n<link rel=\"canonical\" href=\"https:\/\/dana.com.br\/canaldana\/2022\/09\/21\/kia-brasil-anuncia-precos-do-niro-hev\/\" \/>\n<meta property=\"og:locale\" content=\"pt_BR\" \/>\n<meta property=\"og:type\" content=\"article\" \/>\n<meta property=\"og:title\" content=\"Kia Brasil anuncia pre\u00e7os do Niro HEV - Canal Dana\" \/>\n<meta property=\"og:description\" content=\"Motor Mais &nbsp; A Kia Brasil anunciou os pre\u00e7os do Niro HEV, cujo in\u00edcio de venda no mercado brasileiro come\u00e7a na primeira semana de outubro: a vers\u00e3o EX ser\u00e1 comercializada por R$ 204.990,00 e a vers\u00e3o SX Prestige por R$ 239.990,00. Em ambas, a pintura met\u00e1lica ou perolizada ter\u00e1 acr\u00e9scimo de R$ 2.800,00. &nbsp; Terceiro\u2026 Leia mais \u00bb\" \/>\n<meta property=\"og:url\" content=\"https:\/\/dana.com.br\/canaldana\/2022\/09\/21\/kia-brasil-anuncia-precos-do-niro-hev\/\" \/>\n<meta property=\"og:site_name\" content=\"Canal Dana\" \/>\n<meta property=\"article:published_time\" content=\"2022-09-21T11:38:52+00:00\" \/>\n<meta name=\"author\" content=\"Canal Dana\" \/>\n<meta name=\"twitter:card\" content=\"summary_large_image\" \/>\n<meta name=\"twitter:label1\" content=\"Escrito por\" \/>\n\t<meta name=\"twitter:data1\" content=\"Canal Dana\" \/>\n\t<meta name=\"twitter:label2\" content=\"Est. tempo de leitura\" \/>\n\t<meta name=\"twitter:data2\" content=\"1 minuto\" \/>\n<script type=\"application\/ld+json\" class=\"yoast-schema-graph\">{\"@context\":\"https:\\\/\\\/schema.org\",\"@graph\":[{\"@type\":\"Article\",\"@id\":\"https:\\\/\\\/dana.com.br\\\/canaldana\\\/2022\\\/09\\\/21\\\/kia-brasil-anuncia-precos-do-niro-hev\\\/#article\",\"isPartOf\":{\"@id\":\"https:\\\/\\\/dana.com.br\\\/canaldana\\\/2022\\\/09\\\/21\\\/kia-brasil-anuncia-precos-do-niro-hev\\\/\"},\"author\":{\"name\":\"Canal Dana\",\"@id\":\"https:\\\/\\\/dana.com.br\\\/canaldana\\\/#\\\/schema\\\/person\\\/3c21f22f56fcf3bc46b94bc60ea4fef6\"},\"headline\":\"Kia Brasil anuncia pre\u00e7os do Niro HEV\",\"datePublished\":\"2022-09-21T11:38:52+00:00\",\"mainEntityOfPage\":{\"@id\":\"https:\\\/\\\/dana.com.br\\\/canaldana\\\/2022\\\/09\\\/21\\\/kia-brasil-anuncia-precos-do-niro-hev\\\/\"},\"wordCount\":125,\"articleSection\":[\"Mercado\"],\"inLanguage\":\"pt-BR\"},{\"@type\":\"WebPage\",\"@id\":\"https:\\\/\\\/dana.com.br\\\/canaldana\\\/2022\\\/09\\\/21\\\/kia-brasil-anuncia-precos-do-niro-hev\\\/\",\"url\":\"https:\\\/\\\/dana.com.br\\\/canaldana\\\/2022\\\/09\\\/21\\\/kia-brasil-anuncia-precos-do-niro-hev\\\/\",\"name\":\"Kia Brasil anuncia pre\u00e7os do Niro HEV - Canal Dana\",\"isPartOf\":{\"@id\":\"https:\\\/\\\/dana.com.br\\\/canaldana\\\/#website\"},\"datePublished\":\"2022-09-21T11:38:52+00:00\",\"author\":{\"@id\":\"https:\\\/\\\/dana.com.br\\\/canaldana\\\/#\\\/schema\\\/person\\\/3c21f22f56fcf3bc46b94bc60ea4fef6\"},\"breadcrumb\":{\"@id\":\"https:\\\/\\\/dana.com.br\\\/canaldana\\\/2022\\\/09\\\/21\\\/kia-brasil-anuncia-precos-do-niro-hev\\\/#breadcrumb\"},\"inLanguage\":\"pt-BR\",\"potentialAction\":[{\"@type\":\"ReadAction\",\"target\":[\"https:\\\/\\\/dana.com.br\\\/canaldana\\\/2022\\\/09\\\/21\\\/kia-brasil-anuncia-precos-do-niro-hev\\\/\"]}]},{\"@type\":\"BreadcrumbList\",\"@id\":\"https:\\\/\\\/dana.com.br\\\/canaldana\\\/2022\\\/09\\\/21\\\/kia-brasil-anuncia-precos-do-niro-hev\\\/#breadcrumb\",\"itemListElement\":[{\"@type\":\"ListItem\",\"position\":1,\"name\":\"Home\",\"item\":\"https:\\\/\\\/dana.com.br\\\/canaldana\\\/\"},{\"@type\":\"ListItem\",\"position\":2,\"name\":\"Mercado\",\"item\":\"https:\\\/\\\/dana.com.br\\\/canaldana\\\/mercado\\\/\"},{\"@type\":\"ListItem\",\"position\":3,\"name\":\"Kia Brasil anuncia pre\u00e7os do Niro HEV\"}]},{\"@type\":\"WebSite\",\"@id\":\"https:\\\/\\\/dana.com.br\\\/canaldana\\\/#website\",\"url\":\"https:\\\/\\\/dana.com.br\\\/canaldana\\\/\",\"name\":\"Canal Dana\",\"description\":\"Informativo com as principais not\u00edcias da ind\u00fastria automotiva\",\"potentialAction\":[{\"@type\":\"SearchAction\",\"target\":{\"@type\":\"EntryPoint\",\"urlTemplate\":\"https:\\\/\\\/dana.com.br\\\/canaldana\\\/?s={search_term_string}\"},\"query-input\":{\"@type\":\"PropertyValueSpecification\",\"valueRequired\":true,\"valueName\":\"search_term_string\"}}],\"inLanguage\":\"pt-BR\"},{\"@type\":\"Person\",\"@id\":\"https:\\\/\\\/dana.com.br\\\/canaldana\\\/#\\\/schema\\\/person\\\/3c21f22f56fcf3bc46b94bc60ea4fef6\",\"name\":\"Canal Dana\",\"image\":{\"@type\":\"ImageObject\",\"inLanguage\":\"pt-BR\",\"@id\":\"https:\\\/\\\/secure.gravatar.com\\\/avatar\\\/420aaf9278582877d9018637c6817617705899d2858d7572ef0fe59a6b6454b4?s=96&d=mm&r=g\",\"url\":\"https:\\\/\\\/secure.gravatar.com\\\/avatar\\\/420aaf9278582877d9018637c6817617705899d2858d7572ef0fe59a6b6454b4?s=96&d=mm&r=g\",\"contentUrl\":\"https:\\\/\\\/secure.gravatar.com\\\/avatar\\\/420aaf9278582877d9018637c6817617705899d2858d7572ef0fe59a6b6454b4?s=96&d=mm&r=g\",\"caption\":\"Canal Dana\"},\"url\":\"https:\\\/\\\/dana.com.br\\\/canaldana\\\/author\\\/cdeditor\\\/\"}]}<\/script>\n<!-- \/ Yoast SEO plugin. -->","yoast_head_json":{"title":"Kia Brasil anuncia pre\u00e7os do Niro HEV - Canal Dana","robots":{"index":"index","follow":"follow","max-snippet":"max-snippet:-1","max-image-preview":"max-image-preview:large","max-video-preview":"max-video-preview:-1"},"canonical":"https:\/\/dana.com.br\/canaldana\/2022\/09\/21\/kia-brasil-anuncia-precos-do-niro-hev\/","og_locale":"pt_BR","og_type":"article","og_title":"Kia Brasil anuncia pre\u00e7os do Niro HEV - Canal Dana","og_description":"Motor Mais &nbsp; A Kia Brasil anunciou os pre\u00e7os do Niro HEV, cujo in\u00edcio de venda no mercado brasileiro come\u00e7a na primeira semana de outubro: a vers\u00e3o EX ser\u00e1 comercializada por R$ 204.990,00 e a vers\u00e3o SX Prestige por R$ 239.990,00. Em ambas, a pintura met\u00e1lica ou perolizada ter\u00e1 acr\u00e9scimo de R$ 2.800,00. &nbsp; Terceiro\u2026 Leia mais \u00bb","og_url":"https:\/\/dana.com.br\/canaldana\/2022\/09\/21\/kia-brasil-anuncia-precos-do-niro-hev\/","og_site_name":"Canal Dana","article_published_time":"2022-09-21T11:38:52+00:00","author":"Canal Dana","twitter_card":"summary_large_image","twitter_misc":{"Escrito por":"Canal Dana","Est. tempo de leitura":"1 minuto"},"schema":{"@context":"https:\/\/schema.org","@graph":[{"@type":"Article","@id":"https:\/\/dana.com.br\/canaldana\/2022\/09\/21\/kia-brasil-anuncia-precos-do-niro-hev\/#article","isPartOf":{"@id":"https:\/\/dana.com.br\/canaldana\/2022\/09\/21\/kia-brasil-anuncia-precos-do-niro-hev\/"},"author":{"name":"Canal Dana","@id":"https:\/\/dana.com.br\/canaldana\/#\/schema\/person\/3c21f22f56fcf3bc46b94bc60ea4fef6"},"headline":"Kia Brasil anuncia pre\u00e7os do Niro HEV","datePublished":"2022-09-21T11:38:52+00:00","mainEntityOfPage":{"@id":"https:\/\/dana.com.br\/canaldana\/2022\/09\/21\/kia-brasil-anuncia-precos-do-niro-hev\/"},"wordCount":125,"articleSection":["Mercado"],"inLanguage":"pt-BR"},{"@type":"WebPage","@id":"https:\/\/dana.com.br\/canaldana\/2022\/09\/21\/kia-brasil-anuncia-precos-do-niro-hev\/","url":"https:\/\/dana.com.br\/canaldana\/2022\/09\/21\/kia-brasil-anuncia-precos-do-niro-hev\/","name":"Kia Brasil anuncia pre\u00e7os do Niro HEV - Canal Dana","isPartOf":{"@id":"https:\/\/dana.com.br\/canaldana\/#website"},"datePublished":"2022-09-21T11:38:52+00:00","author":{"@id":"https:\/\/dana.com.br\/canaldana\/#\/schema\/person\/3c21f22f56fcf3bc46b94bc60ea4fef6"},"breadcrumb":{"@id":"https:\/\/dana.com.br\/canaldana\/2022\/09\/21\/kia-brasil-anuncia-precos-do-niro-hev\/#breadcrumb"},"inLanguage":"pt-BR","potentialAction":[{"@type":"ReadAction","target":["https:\/\/dana.com.br\/canaldana\/2022\/09\/21\/kia-brasil-anuncia-precos-do-niro-hev\/"]}]},{"@type":"BreadcrumbList","@id":"https:\/\/dana.com.br\/canaldana\/2022\/09\/21\/kia-brasil-anuncia-precos-do-niro-hev\/#breadcrumb","itemListElement":[{"@type":"ListItem","position":1,"name":"Home","item":"https:\/\/dana.com.br\/canaldana\/"},{"@type":"ListItem","position":2,"name":"Mercado","item":"https:\/\/dana.com.br\/canaldana\/mercado\/"},{"@type":"ListItem","position":3,"name":"Kia Brasil anuncia pre\u00e7os do Niro HEV"}]},{"@type":"WebSite","@id":"https:\/\/dana.com.br\/canaldana\/#website","url":"https:\/\/dana.com.br\/canaldana\/","name":"Canal Dana","description":"Informativo com as principais not\u00edcias da ind\u00fastria automotiva","potentialAction":[{"@type":"SearchAction","target":{"@type":"EntryPoint","urlTemplate":"https:\/\/dana.com.br\/canaldana\/?s={search_term_string}"},"query-input":{"@type":"PropertyValueSpecification","valueRequired":true,"valueName":"search_term_string"}}],"inLanguage":"pt-BR"},{"@type":"Person","@id":"https:\/\/dana.com.br\/canaldana\/#\/schema\/person\/3c21f22f56fcf3bc46b94bc60ea4fef6","name":"Canal Dana","image":{"@type":"ImageObject","inLanguage":"pt-BR","@id":"https:\/\/secure.gravatar.com\/avatar\/420aaf9278582877d9018637c6817617705899d2858d7572ef0fe59a6b6454b4?s=96&d=mm&r=g","url":"https:\/\/secure.gravatar.com\/avatar\/420aaf9278582877d9018637c6817617705899d2858d7572ef0fe59a6b6454b4?s=96&d=mm&r=g","contentUrl":"https:\/\/secure.gravatar.com\/avatar\/420aaf9278582877d9018637c6817617705899d2858d7572ef0fe59a6b6454b4?s=96&d=mm&r=g","caption":"Canal Dana"},"url":"https:\/\/dana.com.br\/canaldana\/author\/cdeditor\/"}]}},"_links":{"self":[{"href":"https:\/\/dana.com.br\/canaldana\/wp-json\/wp\/v2\/posts\/61095","targetHints":{"allow":["GET"]}}],"collection":[{"href":"https:\/\/dana.com.br\/canaldana\/wp-json\/wp\/v2\/posts"}],"about":[{"href":"https:\/\/dana.com.br\/canaldana\/wp-json\/wp\/v2\/types\/post"}],"author":[{"embeddable":true,"href":"https:\/\/dana.com.br\/canaldana\/wp-json\/wp\/v2\/users\/3"}],"replies":[{"embeddable":true,"href":"https:\/\/dana.com.br\/canaldana\/wp-json\/wp\/v2\/comments?post=61095"}],"version-history":[{"count":0,"href":"https:\/\/dana.com.br\/canaldana\/wp-json\/wp\/v2\/posts\/61095\/revisions"}],"wp:attachment":[{"href":"https:\/\/dana.com.br\/canaldana\/wp-json\/wp\/v2\/media?parent=61095"}],"wp:term":[{"taxonomy":"category","embeddable":true,"href":"https:\/\/dana.com.br\/canaldana\/wp-json\/wp\/v2\/categories?post=61095"},{"taxonomy":"post_tag","embeddable":true,"href":"https:\/\/dana.com.br\/canaldana\/wp-json\/wp\/v2\/tags?post=61095"}],"curies":[{"name":"wp","href":"https:\/\/api.w.org\/{rel}","templated":true}]}}