{"id":61025,"date":"2022-09-19T09:33:37","date_gmt":"2022-09-19T12:33:37","guid":{"rendered":"https:\/\/dana.com.br\/canaldana\/?p=61025"},"modified":"2022-09-19T09:33:37","modified_gmt":"2022-09-19T12:33:37","slug":"economia-do-brasil-cresceu-bem-abaixo-da-media-global-na-pandemia","status":"publish","type":"post","link":"https:\/\/dana.com.br\/canaldana\/2022\/09\/19\/economia-do-brasil-cresceu-bem-abaixo-da-media-global-na-pandemia\/","title":{"rendered":"Economia do Brasil cresceu bem abaixo da m\u00e9dia global na pandemia"},"content":{"rendered":"<p>O Estado de S. Paulo<\/p>\n<p>O Brasil ocupa a 32.\u00aa posi\u00e7\u00e3o num ranking de crescimento econ\u00f4mico de 50 pa\u00edses nos \u00faltimos tr\u00eas anos. Entre 2019 e 2021, o Produto Interno Brasileiro (PIB) cresceu 0,59% ao ano, ante m\u00e9dia mundial de 1,54%, de acordo com c\u00e1lculos do economista Sergio Gobetti, feitos a pedido do Estad\u00e3o, a partir de dados do Fundo Monet\u00e1rio Internacional (FMI).<\/p>\n<p>Nesse per\u00edodo, que abarcou os anos da pandemia da covid19, a economia dos EUA cresceu 1,45% ao ano; os pa\u00edses da Zona do Euro, 1,25%; e a \u00c1sia, 2,17%. A China, epicentro da pandemia, cresceu 5,4% ao ano no \u00faltimo tri\u00eanio. As compara\u00e7\u00f5es contrariam argumentos da atual equipe econ\u00f4mica, que tem ressaltado dados favor\u00e1veis sobre a economia brasileira em ano eleitoral.<\/p>\n<p>A situa\u00e7\u00e3o \u00e9 ainda pior quando se analisa a m\u00e9dia em dez anos (2012-2021): avan\u00e7o de 0,33% ao ano, quinto pior desempenho entre 50 pa\u00edses, \u00e0 frente apenas de Gr\u00e9cia, Ucr\u00e2nia, Argentina e It\u00e1lia. \u201cCostum\u00e1vamos falar que os anos 1980 haviam sido a d\u00e9cada perdida pelo fato de a economia brasileira ter crescido menos de 2% ao ano, mas agora descobrimos que a verdadeira d\u00e9cada perdida \u00e9 a que estamos vivendo\u201d, diz Gobetti.<\/p>\n<p>Mesmo que o PIB cres\u00e7a perto dos 3% estimados pelo ministro da Economia, Paulo Guedes, o ritmo ser\u00e1 inferior ao do resto do mundo, segundo proje\u00e7\u00f5es do FMI, que estima expans\u00e3o de 3,2% para a economia mundial em 2022. Oficialmente, o Minist\u00e9rio da Economia projeta alta de 2,7% neste ano.<\/p>\n<p>A s\u00e9rie hist\u00f3rica do FMI revela que, em compara\u00e7\u00e3o \u00e0 economia global, a melhor fase para o Pa\u00eds nas \u00faltimas duas d\u00e9cadas foi na segunda metade dos anos 2000, entre 2007 e 2010, quando o PIB brasileiro cresceu 4,6% ao ano, ante 1,87% no mundo. O resultado veio a despeito da crise de 2008, devido \u00e0 combina\u00e7\u00e3o entre uma grande expans\u00e3o do mercado consumidor dom\u00e9stico e o \u201cboom\u201d das commodities.<\/p>\n<p>Chance perdida<\/p>\n<p>No per\u00edodo do governo Lula, segundo economistas, o Pa\u00eds n\u00e3o soube aproveitar essa bonan\u00e7a para fazer reformas que garantissem o aumento da produtividade, essencial para o crescimento. Entre 2015 e 2018, o crescimento m\u00e9dio brasileiro foi de 0,96%, enquanto a economia mundial estava em expans\u00e3o de 2,96% e a da Am\u00e9rica Latina, de 2,22%.<\/p>\n<p>Hoje, a expans\u00e3o do PIB se beneficia de uma alta capacidade ociosa na economia. De acordo com Br\u00e1ulio Borges, economista da Funda\u00e7\u00e3o Get\u00falio Vargas e da LCA Consultores, h\u00e1 sete anos a economia brasileira vem operando abaixo do seu n\u00edvel potencial. O PIB potencial \u00e9 o n\u00edvel de crescimento que pode ser obtido com a plena utiliza\u00e7\u00e3o dos recursos dispon\u00edveis, sem press\u00f5es inflacion\u00e1rias.<\/p>\n<p>H\u00e1 mais de uma d\u00e9cada, por exemplo, a economia crescia a 4% ao ano e o PIB potencial, a 3%, o que estava criando um estrangulamento da capacidade produtiva. Hoje o PIB potencial cresce pouco e o PIB efetivo menos ainda, mesmo tendo margem para crescer bem mais no curto prazo. \u201cCom esse n\u00edvel de ociosidade h\u00e1 tanto tempo, era de se esperar que a economia brasileira estivesse crescendo bem mais do que a de outros pa\u00edses\u201d, avalia Gobetti.<\/p>\n<p>Vit\u00f3ria de Pirro<\/p>\n<p>O avan\u00e7o atual \u00e9 visto com desconfian\u00e7a. \u201c\u00c9 muito mais f\u00e1cil crescer 3%, como parece estar acontecendo agora, quando se tem excesso de ociosidade\u201d, diz ele. Para ele, essa \u00e9 uma \u201cvit\u00f3ria de Pirro\u201d. Um per\u00edodo t\u00e3o longo da economia operando abaixo do pleno emprego pode trazer impactos persistentes sobre o potencial de crescimento daqui em diante \u2013 fen\u00f4meno que os economistas t\u00eam chamado de \u201ccicatrizes\u201d.<\/p>\n<p>Os ind\u00edcios podem ser observados no mercado de trabalho. Entre eles est\u00e1 a fuga de \u201cc\u00e9rebros\u201d, os brasileiros qualificados que buscam oportunidades no exterior. O desemprego de longa dura\u00e7\u00e3o tamb\u00e9m reduz o potencial de crescimento. \u201cSe uma pessoa fica dois, tr\u00eas anos fora do mercado, sem adquirir nenhuma habilidade, a reinser\u00e7\u00e3o fica muito mais dif\u00edcil\u201d, ressalta Borges. Na pr\u00e1tica, ou a pessoa vai para a informalidade ou passa a exigir do governo algum tipo de prote\u00e7\u00e3o.<\/p>\n<p>Nessa situa\u00e7\u00e3o, as empresas tamb\u00e9m come\u00e7am a reduzir investimentos. Outra consequ\u00eancia \u00e9 o rebaixamento de expectativas dos agentes econ\u00f4micos. As pessoas come\u00e7am a ficar mais avessas ao risco, sem querer empreender.<\/p>\n<p>Est\u00edmulo eleitoreiro<\/p>\n<p>Para Borges, a economia est\u00e1 surpreendendo em 2022. Mas essa melhora no curto prazo tem sido feita \u00e0 base de medidas eleitoreiras, como a libera\u00e7\u00e3o de recursos do FGTS e os recursos da PEC Kamikaze, que despejou R$ 41 bilh\u00f5es para o pagamento de benef\u00edcios sociais.<\/p>\n<p>A inc\u00f3gnita \u00e9 como vai se comportar o PIB em 2023. Enquanto a equipe econ\u00f4mica comemora dados no curto prazo e projeta alta de 2,5% para o ano que vem, o mercado estima avan\u00e7o bem mais modesto, de 0,5%. Borges lembra que a produtividade vem caindo e que o investimento em infraestrutura nos \u00faltimos tr\u00eas anos est\u00e1 em torno de 1,7% do PIB% ao ano, enquanto deveria estar ao redor de 4%.<\/p>\n<p>O economista da FGV alerta tamb\u00e9m para o impacto negativo das reformas que n\u00e3o foram feitas, como a tribut\u00e1ria, al\u00e9m do que chama de contrarreformas, como a bomba fiscal que foi constru\u00edda para 2023, que dever\u00e1 exigir aumento da carga tribut\u00e1ria no futuro. \u201cSem sustentabilidade fiscal, \u00e9 dif\u00edcil ter uma trajet\u00f3ria de crescimento sustent\u00e1vel digna do nome\u201d. (O Estado de S. Paulo\/Adriana Fernandes)<\/p>\n","protected":false},"excerpt":{"rendered":"<p>O Estado de S. Paulo O Brasil ocupa a 32.\u00aa posi\u00e7\u00e3o num ranking de crescimento econ\u00f4mico de 50 pa\u00edses nos \u00faltimos tr\u00eas anos. Entre 2019 e 2021, o Produto Interno Brasileiro (PIB) cresceu 0,59% ao ano, ante m\u00e9dia mundial de 1,54%, de acordo com c\u00e1lculos do economista Sergio Gobetti, feitos a pedido do Estad\u00e3o, a\u2026 <a class=\"readmore\" href=\"https:\/\/dana.com.br\/canaldana\/2022\/09\/19\/economia-do-brasil-cresceu-bem-abaixo-da-media-global-na-pandemia\/\">Leia mais \u00bb<\/a><\/p>\n","protected":false},"author":3,"featured_media":0,"comment_status":"closed","ping_status":"closed","sticky":false,"template":"","format":"standard","meta":{"_acf_changed":false,"footnotes":""},"categories":[79],"tags":[],"class_list":["post-61025","post","type-post","status-publish","format-standard","hentry","category-mercado"],"acf":[],"yoast_head":"<!-- This site is optimized with the Yoast SEO plugin v27.3 - https:\/\/yoast.com\/product\/yoast-seo-wordpress\/ -->\n<title>Economia do Brasil cresceu bem abaixo da m\u00e9dia global na pandemia - Canal Dana<\/title>\n<meta name=\"robots\" content=\"index, follow, max-snippet:-1, max-image-preview:large, max-video-preview:-1\" \/>\n<link rel=\"canonical\" href=\"https:\/\/dana.com.br\/canaldana\/2022\/09\/19\/economia-do-brasil-cresceu-bem-abaixo-da-media-global-na-pandemia\/\" \/>\n<meta property=\"og:locale\" content=\"pt_BR\" \/>\n<meta property=\"og:type\" content=\"article\" \/>\n<meta property=\"og:title\" content=\"Economia do Brasil cresceu bem abaixo da m\u00e9dia global na pandemia - Canal Dana\" \/>\n<meta property=\"og:description\" content=\"O Estado de S. Paulo O Brasil ocupa a 32.\u00aa posi\u00e7\u00e3o num ranking de crescimento econ\u00f4mico de 50 pa\u00edses nos \u00faltimos tr\u00eas anos. Entre 2019 e 2021, o Produto Interno Brasileiro (PIB) cresceu 0,59% ao ano, ante m\u00e9dia mundial de 1,54%, de acordo com c\u00e1lculos do economista Sergio Gobetti, feitos a pedido do Estad\u00e3o, a\u2026 Leia mais \u00bb\" \/>\n<meta property=\"og:url\" content=\"https:\/\/dana.com.br\/canaldana\/2022\/09\/19\/economia-do-brasil-cresceu-bem-abaixo-da-media-global-na-pandemia\/\" \/>\n<meta property=\"og:site_name\" content=\"Canal Dana\" \/>\n<meta property=\"article:published_time\" content=\"2022-09-19T12:33:37+00:00\" \/>\n<meta name=\"author\" content=\"Canal Dana\" \/>\n<meta name=\"twitter:card\" content=\"summary_large_image\" \/>\n<meta name=\"twitter:label1\" content=\"Escrito por\" \/>\n\t<meta name=\"twitter:data1\" content=\"Canal Dana\" \/>\n\t<meta name=\"twitter:label2\" content=\"Est. tempo de leitura\" \/>\n\t<meta name=\"twitter:data2\" content=\"5 minutos\" \/>\n<script type=\"application\/ld+json\" class=\"yoast-schema-graph\">{\"@context\":\"https:\\\/\\\/schema.org\",\"@graph\":[{\"@type\":\"Article\",\"@id\":\"https:\\\/\\\/dana.com.br\\\/canaldana\\\/2022\\\/09\\\/19\\\/economia-do-brasil-cresceu-bem-abaixo-da-media-global-na-pandemia\\\/#article\",\"isPartOf\":{\"@id\":\"https:\\\/\\\/dana.com.br\\\/canaldana\\\/2022\\\/09\\\/19\\\/economia-do-brasil-cresceu-bem-abaixo-da-media-global-na-pandemia\\\/\"},\"author\":{\"name\":\"Canal Dana\",\"@id\":\"https:\\\/\\\/dana.com.br\\\/canaldana\\\/#\\\/schema\\\/person\\\/3c21f22f56fcf3bc46b94bc60ea4fef6\"},\"headline\":\"Economia do Brasil cresceu bem abaixo da m\u00e9dia global na pandemia\",\"datePublished\":\"2022-09-19T12:33:37+00:00\",\"mainEntityOfPage\":{\"@id\":\"https:\\\/\\\/dana.com.br\\\/canaldana\\\/2022\\\/09\\\/19\\\/economia-do-brasil-cresceu-bem-abaixo-da-media-global-na-pandemia\\\/\"},\"wordCount\":930,\"articleSection\":[\"Mercado\"],\"inLanguage\":\"pt-BR\"},{\"@type\":\"WebPage\",\"@id\":\"https:\\\/\\\/dana.com.br\\\/canaldana\\\/2022\\\/09\\\/19\\\/economia-do-brasil-cresceu-bem-abaixo-da-media-global-na-pandemia\\\/\",\"url\":\"https:\\\/\\\/dana.com.br\\\/canaldana\\\/2022\\\/09\\\/19\\\/economia-do-brasil-cresceu-bem-abaixo-da-media-global-na-pandemia\\\/\",\"name\":\"Economia do Brasil cresceu bem abaixo da m\u00e9dia global na pandemia - Canal Dana\",\"isPartOf\":{\"@id\":\"https:\\\/\\\/dana.com.br\\\/canaldana\\\/#website\"},\"datePublished\":\"2022-09-19T12:33:37+00:00\",\"author\":{\"@id\":\"https:\\\/\\\/dana.com.br\\\/canaldana\\\/#\\\/schema\\\/person\\\/3c21f22f56fcf3bc46b94bc60ea4fef6\"},\"breadcrumb\":{\"@id\":\"https:\\\/\\\/dana.com.br\\\/canaldana\\\/2022\\\/09\\\/19\\\/economia-do-brasil-cresceu-bem-abaixo-da-media-global-na-pandemia\\\/#breadcrumb\"},\"inLanguage\":\"pt-BR\",\"potentialAction\":[{\"@type\":\"ReadAction\",\"target\":[\"https:\\\/\\\/dana.com.br\\\/canaldana\\\/2022\\\/09\\\/19\\\/economia-do-brasil-cresceu-bem-abaixo-da-media-global-na-pandemia\\\/\"]}]},{\"@type\":\"BreadcrumbList\",\"@id\":\"https:\\\/\\\/dana.com.br\\\/canaldana\\\/2022\\\/09\\\/19\\\/economia-do-brasil-cresceu-bem-abaixo-da-media-global-na-pandemia\\\/#breadcrumb\",\"itemListElement\":[{\"@type\":\"ListItem\",\"position\":1,\"name\":\"Home\",\"item\":\"https:\\\/\\\/dana.com.br\\\/canaldana\\\/\"},{\"@type\":\"ListItem\",\"position\":2,\"name\":\"Mercado\",\"item\":\"https:\\\/\\\/dana.com.br\\\/canaldana\\\/mercado\\\/\"},{\"@type\":\"ListItem\",\"position\":3,\"name\":\"Economia do Brasil cresceu bem abaixo da m\u00e9dia global na pandemia\"}]},{\"@type\":\"WebSite\",\"@id\":\"https:\\\/\\\/dana.com.br\\\/canaldana\\\/#website\",\"url\":\"https:\\\/\\\/dana.com.br\\\/canaldana\\\/\",\"name\":\"Canal Dana\",\"description\":\"Informativo com as principais not\u00edcias da ind\u00fastria automotiva\",\"potentialAction\":[{\"@type\":\"SearchAction\",\"target\":{\"@type\":\"EntryPoint\",\"urlTemplate\":\"https:\\\/\\\/dana.com.br\\\/canaldana\\\/?s={search_term_string}\"},\"query-input\":{\"@type\":\"PropertyValueSpecification\",\"valueRequired\":true,\"valueName\":\"search_term_string\"}}],\"inLanguage\":\"pt-BR\"},{\"@type\":\"Person\",\"@id\":\"https:\\\/\\\/dana.com.br\\\/canaldana\\\/#\\\/schema\\\/person\\\/3c21f22f56fcf3bc46b94bc60ea4fef6\",\"name\":\"Canal Dana\",\"image\":{\"@type\":\"ImageObject\",\"inLanguage\":\"pt-BR\",\"@id\":\"https:\\\/\\\/secure.gravatar.com\\\/avatar\\\/420aaf9278582877d9018637c6817617705899d2858d7572ef0fe59a6b6454b4?s=96&d=mm&r=g\",\"url\":\"https:\\\/\\\/secure.gravatar.com\\\/avatar\\\/420aaf9278582877d9018637c6817617705899d2858d7572ef0fe59a6b6454b4?s=96&d=mm&r=g\",\"contentUrl\":\"https:\\\/\\\/secure.gravatar.com\\\/avatar\\\/420aaf9278582877d9018637c6817617705899d2858d7572ef0fe59a6b6454b4?s=96&d=mm&r=g\",\"caption\":\"Canal Dana\"},\"url\":\"https:\\\/\\\/dana.com.br\\\/canaldana\\\/author\\\/cdeditor\\\/\"}]}<\/script>\n<!-- \/ Yoast SEO plugin. -->","yoast_head_json":{"title":"Economia do Brasil cresceu bem abaixo da m\u00e9dia global na pandemia - Canal Dana","robots":{"index":"index","follow":"follow","max-snippet":"max-snippet:-1","max-image-preview":"max-image-preview:large","max-video-preview":"max-video-preview:-1"},"canonical":"https:\/\/dana.com.br\/canaldana\/2022\/09\/19\/economia-do-brasil-cresceu-bem-abaixo-da-media-global-na-pandemia\/","og_locale":"pt_BR","og_type":"article","og_title":"Economia do Brasil cresceu bem abaixo da m\u00e9dia global na pandemia - Canal Dana","og_description":"O Estado de S. Paulo O Brasil ocupa a 32.\u00aa posi\u00e7\u00e3o num ranking de crescimento econ\u00f4mico de 50 pa\u00edses nos \u00faltimos tr\u00eas anos. Entre 2019 e 2021, o Produto Interno Brasileiro (PIB) cresceu 0,59% ao ano, ante m\u00e9dia mundial de 1,54%, de acordo com c\u00e1lculos do economista Sergio Gobetti, feitos a pedido do Estad\u00e3o, a\u2026 Leia mais \u00bb","og_url":"https:\/\/dana.com.br\/canaldana\/2022\/09\/19\/economia-do-brasil-cresceu-bem-abaixo-da-media-global-na-pandemia\/","og_site_name":"Canal Dana","article_published_time":"2022-09-19T12:33:37+00:00","author":"Canal Dana","twitter_card":"summary_large_image","twitter_misc":{"Escrito por":"Canal Dana","Est. tempo de leitura":"5 minutos"},"schema":{"@context":"https:\/\/schema.org","@graph":[{"@type":"Article","@id":"https:\/\/dana.com.br\/canaldana\/2022\/09\/19\/economia-do-brasil-cresceu-bem-abaixo-da-media-global-na-pandemia\/#article","isPartOf":{"@id":"https:\/\/dana.com.br\/canaldana\/2022\/09\/19\/economia-do-brasil-cresceu-bem-abaixo-da-media-global-na-pandemia\/"},"author":{"name":"Canal Dana","@id":"https:\/\/dana.com.br\/canaldana\/#\/schema\/person\/3c21f22f56fcf3bc46b94bc60ea4fef6"},"headline":"Economia do Brasil cresceu bem abaixo da m\u00e9dia global na pandemia","datePublished":"2022-09-19T12:33:37+00:00","mainEntityOfPage":{"@id":"https:\/\/dana.com.br\/canaldana\/2022\/09\/19\/economia-do-brasil-cresceu-bem-abaixo-da-media-global-na-pandemia\/"},"wordCount":930,"articleSection":["Mercado"],"inLanguage":"pt-BR"},{"@type":"WebPage","@id":"https:\/\/dana.com.br\/canaldana\/2022\/09\/19\/economia-do-brasil-cresceu-bem-abaixo-da-media-global-na-pandemia\/","url":"https:\/\/dana.com.br\/canaldana\/2022\/09\/19\/economia-do-brasil-cresceu-bem-abaixo-da-media-global-na-pandemia\/","name":"Economia do Brasil cresceu bem abaixo da m\u00e9dia global na pandemia - Canal Dana","isPartOf":{"@id":"https:\/\/dana.com.br\/canaldana\/#website"},"datePublished":"2022-09-19T12:33:37+00:00","author":{"@id":"https:\/\/dana.com.br\/canaldana\/#\/schema\/person\/3c21f22f56fcf3bc46b94bc60ea4fef6"},"breadcrumb":{"@id":"https:\/\/dana.com.br\/canaldana\/2022\/09\/19\/economia-do-brasil-cresceu-bem-abaixo-da-media-global-na-pandemia\/#breadcrumb"},"inLanguage":"pt-BR","potentialAction":[{"@type":"ReadAction","target":["https:\/\/dana.com.br\/canaldana\/2022\/09\/19\/economia-do-brasil-cresceu-bem-abaixo-da-media-global-na-pandemia\/"]}]},{"@type":"BreadcrumbList","@id":"https:\/\/dana.com.br\/canaldana\/2022\/09\/19\/economia-do-brasil-cresceu-bem-abaixo-da-media-global-na-pandemia\/#breadcrumb","itemListElement":[{"@type":"ListItem","position":1,"name":"Home","item":"https:\/\/dana.com.br\/canaldana\/"},{"@type":"ListItem","position":2,"name":"Mercado","item":"https:\/\/dana.com.br\/canaldana\/mercado\/"},{"@type":"ListItem","position":3,"name":"Economia do Brasil cresceu bem abaixo da m\u00e9dia global na pandemia"}]},{"@type":"WebSite","@id":"https:\/\/dana.com.br\/canaldana\/#website","url":"https:\/\/dana.com.br\/canaldana\/","name":"Canal Dana","description":"Informativo com as principais not\u00edcias da ind\u00fastria automotiva","potentialAction":[{"@type":"SearchAction","target":{"@type":"EntryPoint","urlTemplate":"https:\/\/dana.com.br\/canaldana\/?s={search_term_string}"},"query-input":{"@type":"PropertyValueSpecification","valueRequired":true,"valueName":"search_term_string"}}],"inLanguage":"pt-BR"},{"@type":"Person","@id":"https:\/\/dana.com.br\/canaldana\/#\/schema\/person\/3c21f22f56fcf3bc46b94bc60ea4fef6","name":"Canal Dana","image":{"@type":"ImageObject","inLanguage":"pt-BR","@id":"https:\/\/secure.gravatar.com\/avatar\/420aaf9278582877d9018637c6817617705899d2858d7572ef0fe59a6b6454b4?s=96&d=mm&r=g","url":"https:\/\/secure.gravatar.com\/avatar\/420aaf9278582877d9018637c6817617705899d2858d7572ef0fe59a6b6454b4?s=96&d=mm&r=g","contentUrl":"https:\/\/secure.gravatar.com\/avatar\/420aaf9278582877d9018637c6817617705899d2858d7572ef0fe59a6b6454b4?s=96&d=mm&r=g","caption":"Canal Dana"},"url":"https:\/\/dana.com.br\/canaldana\/author\/cdeditor\/"}]}},"_links":{"self":[{"href":"https:\/\/dana.com.br\/canaldana\/wp-json\/wp\/v2\/posts\/61025","targetHints":{"allow":["GET"]}}],"collection":[{"href":"https:\/\/dana.com.br\/canaldana\/wp-json\/wp\/v2\/posts"}],"about":[{"href":"https:\/\/dana.com.br\/canaldana\/wp-json\/wp\/v2\/types\/post"}],"author":[{"embeddable":true,"href":"https:\/\/dana.com.br\/canaldana\/wp-json\/wp\/v2\/users\/3"}],"replies":[{"embeddable":true,"href":"https:\/\/dana.com.br\/canaldana\/wp-json\/wp\/v2\/comments?post=61025"}],"version-history":[{"count":0,"href":"https:\/\/dana.com.br\/canaldana\/wp-json\/wp\/v2\/posts\/61025\/revisions"}],"wp:attachment":[{"href":"https:\/\/dana.com.br\/canaldana\/wp-json\/wp\/v2\/media?parent=61025"}],"wp:term":[{"taxonomy":"category","embeddable":true,"href":"https:\/\/dana.com.br\/canaldana\/wp-json\/wp\/v2\/categories?post=61025"},{"taxonomy":"post_tag","embeddable":true,"href":"https:\/\/dana.com.br\/canaldana\/wp-json\/wp\/v2\/tags?post=61025"}],"curies":[{"name":"wp","href":"https:\/\/api.w.org\/{rel}","templated":true}]}}