{"id":60748,"date":"2022-09-05T08:57:48","date_gmt":"2022-09-05T11:57:48","guid":{"rendered":"https:\/\/dana.com.br\/canaldana\/?p=60748"},"modified":"2022-09-05T08:57:48","modified_gmt":"2022-09-05T11:57:48","slug":"brasil-aumenta-vendas-de-caminhoes-no-mes-de-agosto-mas-reduz-em-volume-acumulado","status":"publish","type":"post","link":"https:\/\/dana.com.br\/canaldana\/2022\/09\/05\/brasil-aumenta-vendas-de-caminhoes-no-mes-de-agosto-mas-reduz-em-volume-acumulado\/","title":{"rendered":"Brasil aumenta vendas de caminh\u00f5es no m\u00eas de agosto, mas reduz em volume acumulado"},"content":{"rendered":"<p><em>Truck &amp; Bus Builder Am\u00e9rica do Sul<\/em><\/p>\n<p>&nbsp;<\/p>\n<p>A ind\u00fastria automobil\u00edstica brasileira registrou em agosto a venda de 12.301 caminh\u00f5es, com crescimento de 8,61% sobre as 11.326 unidades vendidas em julho, mas com retra\u00e7\u00e3o de 1,48% sobre o volume de 12.650 registrado em 2021, conforme dados divulgados pela FENABRAVE (Federa\u00e7\u00e3o Nacional da Distribui\u00e7\u00e3o de Ve\u00edculos Automotores). No total acumulado durante ano, as vendas atingiram 80.933 unidades, com redu\u00e7\u00e3o de 1,48% em compara\u00e7\u00e3o com aos 82.146 ve\u00edculos vendidos de janeiro a agosto de 2021.<\/p>\n<p>&nbsp;<\/p>\n<p>No segmento de \u00f4nibus, foram licenciadas 2.050 unidades, com aumento de 26,23% em rela\u00e7\u00e3o \u00e0s 1.621 unidades vendidas em agosto do ano passado e de 31,33% em compara\u00e7\u00e3o com o volume de 1.561 ve\u00edculos vendidos em julho de 2022. Em vendas acumuladas, de janeiro a agosto fora 12.799 ve\u00edculos, com alta de 2,44% sobre os 12.494 \u00f4nibus vendidos em igual per\u00edodo de 2021.<\/p>\n<p>&nbsp;<\/p>\n<p>Os segmentos de caminh\u00f5es e de \u00f4nibus mantiveram o mesmo cen\u00e1rio dos \u00faltimos meses, com pequena vantagem da Volkswagen Caminh\u00f5es e \u00d4nibus sobre a Mercedes-Benz no segmento de caminh\u00f5es e dom\u00ednio absoluto da Mercedes-Benz em vendas de \u00f4nibus. Em caminh\u00f5es, a vantagem da VWCO \u00e9 de apenas 1,93% (23.622 unidades (29,19% de participa\u00e7\u00e3o), contra 22.059 unidades (27,26%) da Mercedes-Benz)29,19%. Em \u00f4nibus, a Mercedes-Benz possui vantagem de 31,97% sobre a Volkswagen (6.888 unidades e 53,81% de participa\u00e7\u00e3o de mercado contra 2.796 unidades e 21,84% da VW).<\/p>\n<p>&nbsp;<\/p>\n<p>Enquanto Volkswagen Caminh\u00f5es e \u00d4nibus e Mercedes-Benz dividem lideran\u00e7a do mercado, a Volvo e a DAF lutam pelo t\u00edtulo de caminh\u00e3o mais vendido do mercado brasileiro. Nos \u00faltimos meses essa disputa \u00e9 mantida pelas duas marcas, com vantagem para o modelo Volvo FH 540 que, de janeiro a agosto deste ano, vendeu 5.381 unidades, seguido pelo DAF XF que mant\u00e9m a vice-lideran\u00e7a, com 4.011 unidades, seguido pelo VW Delivery 11.180 na terceira posi\u00e7\u00e3o, com 3.812 unidades. (Truck &amp; Bus Builder Am\u00e9rica do Sul)<\/p>\n","protected":false},"excerpt":{"rendered":"<p>Truck &amp; Bus Builder Am\u00e9rica do Sul &nbsp; A ind\u00fastria automobil\u00edstica brasileira registrou em agosto a venda de 12.301 caminh\u00f5es, com crescimento de 8,61% sobre as 11.326 unidades vendidas em julho, mas com retra\u00e7\u00e3o de 1,48% sobre o volume de 12.650 registrado em 2021, conforme dados divulgados pela FENABRAVE (Federa\u00e7\u00e3o Nacional da Distribui\u00e7\u00e3o de Ve\u00edculos\u2026 <a class=\"readmore\" href=\"https:\/\/dana.com.br\/canaldana\/2022\/09\/05\/brasil-aumenta-vendas-de-caminhoes-no-mes-de-agosto-mas-reduz-em-volume-acumulado\/\">Leia mais \u00bb<\/a><\/p>\n","protected":false},"author":3,"featured_media":0,"comment_status":"closed","ping_status":"closed","sticky":false,"template":"","format":"standard","meta":{"_acf_changed":false,"footnotes":""},"categories":[61],"tags":[],"class_list":["post-60748","post","type-post","status-publish","format-standard","hentry","category-destaques"],"acf":[],"yoast_head":"<!-- This site is optimized with the Yoast SEO plugin v27.3 - https:\/\/yoast.com\/product\/yoast-seo-wordpress\/ -->\n<title>Brasil aumenta vendas de caminh\u00f5es no m\u00eas de agosto, mas reduz em volume acumulado - Canal Dana<\/title>\n<meta name=\"robots\" content=\"index, follow, max-snippet:-1, max-image-preview:large, max-video-preview:-1\" \/>\n<link rel=\"canonical\" href=\"https:\/\/dana.com.br\/canaldana\/2022\/09\/05\/brasil-aumenta-vendas-de-caminhoes-no-mes-de-agosto-mas-reduz-em-volume-acumulado\/\" \/>\n<meta property=\"og:locale\" content=\"pt_BR\" \/>\n<meta property=\"og:type\" content=\"article\" \/>\n<meta property=\"og:title\" content=\"Brasil aumenta vendas de caminh\u00f5es no m\u00eas de agosto, mas reduz em volume acumulado - Canal Dana\" \/>\n<meta property=\"og:description\" content=\"Truck &amp; Bus Builder Am\u00e9rica do Sul &nbsp; A ind\u00fastria automobil\u00edstica brasileira registrou em agosto a venda de 12.301 caminh\u00f5es, com crescimento de 8,61% sobre as 11.326 unidades vendidas em julho, mas com retra\u00e7\u00e3o de 1,48% sobre o volume de 12.650 registrado em 2021, conforme dados divulgados pela FENABRAVE (Federa\u00e7\u00e3o Nacional da Distribui\u00e7\u00e3o de Ve\u00edculos\u2026 Leia mais \u00bb\" \/>\n<meta property=\"og:url\" content=\"https:\/\/dana.com.br\/canaldana\/2022\/09\/05\/brasil-aumenta-vendas-de-caminhoes-no-mes-de-agosto-mas-reduz-em-volume-acumulado\/\" \/>\n<meta property=\"og:site_name\" content=\"Canal Dana\" \/>\n<meta property=\"article:published_time\" content=\"2022-09-05T11:57:48+00:00\" \/>\n<meta name=\"author\" content=\"Canal Dana\" \/>\n<meta name=\"twitter:card\" content=\"summary_large_image\" \/>\n<meta name=\"twitter:label1\" content=\"Escrito por\" \/>\n\t<meta name=\"twitter:data1\" content=\"Canal Dana\" \/>\n\t<meta name=\"twitter:label2\" content=\"Est. tempo de leitura\" \/>\n\t<meta name=\"twitter:data2\" content=\"2 minutos\" \/>\n<script type=\"application\/ld+json\" class=\"yoast-schema-graph\">{\"@context\":\"https:\\\/\\\/schema.org\",\"@graph\":[{\"@type\":\"Article\",\"@id\":\"https:\\\/\\\/dana.com.br\\\/canaldana\\\/2022\\\/09\\\/05\\\/brasil-aumenta-vendas-de-caminhoes-no-mes-de-agosto-mas-reduz-em-volume-acumulado\\\/#article\",\"isPartOf\":{\"@id\":\"https:\\\/\\\/dana.com.br\\\/canaldana\\\/2022\\\/09\\\/05\\\/brasil-aumenta-vendas-de-caminhoes-no-mes-de-agosto-mas-reduz-em-volume-acumulado\\\/\"},\"author\":{\"name\":\"Canal Dana\",\"@id\":\"https:\\\/\\\/dana.com.br\\\/canaldana\\\/#\\\/schema\\\/person\\\/3c21f22f56fcf3bc46b94bc60ea4fef6\"},\"headline\":\"Brasil aumenta vendas de caminh\u00f5es no m\u00eas de agosto, mas reduz em volume acumulado\",\"datePublished\":\"2022-09-05T11:57:48+00:00\",\"mainEntityOfPage\":{\"@id\":\"https:\\\/\\\/dana.com.br\\\/canaldana\\\/2022\\\/09\\\/05\\\/brasil-aumenta-vendas-de-caminhoes-no-mes-de-agosto-mas-reduz-em-volume-acumulado\\\/\"},\"wordCount\":328,\"articleSection\":[\"Destaques\"],\"inLanguage\":\"pt-BR\"},{\"@type\":\"WebPage\",\"@id\":\"https:\\\/\\\/dana.com.br\\\/canaldana\\\/2022\\\/09\\\/05\\\/brasil-aumenta-vendas-de-caminhoes-no-mes-de-agosto-mas-reduz-em-volume-acumulado\\\/\",\"url\":\"https:\\\/\\\/dana.com.br\\\/canaldana\\\/2022\\\/09\\\/05\\\/brasil-aumenta-vendas-de-caminhoes-no-mes-de-agosto-mas-reduz-em-volume-acumulado\\\/\",\"name\":\"Brasil aumenta vendas de caminh\u00f5es no m\u00eas de agosto, mas reduz em volume acumulado - Canal Dana\",\"isPartOf\":{\"@id\":\"https:\\\/\\\/dana.com.br\\\/canaldana\\\/#website\"},\"datePublished\":\"2022-09-05T11:57:48+00:00\",\"author\":{\"@id\":\"https:\\\/\\\/dana.com.br\\\/canaldana\\\/#\\\/schema\\\/person\\\/3c21f22f56fcf3bc46b94bc60ea4fef6\"},\"breadcrumb\":{\"@id\":\"https:\\\/\\\/dana.com.br\\\/canaldana\\\/2022\\\/09\\\/05\\\/brasil-aumenta-vendas-de-caminhoes-no-mes-de-agosto-mas-reduz-em-volume-acumulado\\\/#breadcrumb\"},\"inLanguage\":\"pt-BR\",\"potentialAction\":[{\"@type\":\"ReadAction\",\"target\":[\"https:\\\/\\\/dana.com.br\\\/canaldana\\\/2022\\\/09\\\/05\\\/brasil-aumenta-vendas-de-caminhoes-no-mes-de-agosto-mas-reduz-em-volume-acumulado\\\/\"]}]},{\"@type\":\"BreadcrumbList\",\"@id\":\"https:\\\/\\\/dana.com.br\\\/canaldana\\\/2022\\\/09\\\/05\\\/brasil-aumenta-vendas-de-caminhoes-no-mes-de-agosto-mas-reduz-em-volume-acumulado\\\/#breadcrumb\",\"itemListElement\":[{\"@type\":\"ListItem\",\"position\":1,\"name\":\"Home\",\"item\":\"https:\\\/\\\/dana.com.br\\\/canaldana\\\/\"},{\"@type\":\"ListItem\",\"position\":2,\"name\":\"Destaques\",\"item\":\"https:\\\/\\\/dana.com.br\\\/canaldana\\\/destaques\\\/\"},{\"@type\":\"ListItem\",\"position\":3,\"name\":\"Brasil aumenta vendas de caminh\u00f5es no m\u00eas de agosto, mas reduz em volume acumulado\"}]},{\"@type\":\"WebSite\",\"@id\":\"https:\\\/\\\/dana.com.br\\\/canaldana\\\/#website\",\"url\":\"https:\\\/\\\/dana.com.br\\\/canaldana\\\/\",\"name\":\"Canal Dana\",\"description\":\"Informativo com as principais not\u00edcias da ind\u00fastria automotiva\",\"potentialAction\":[{\"@type\":\"SearchAction\",\"target\":{\"@type\":\"EntryPoint\",\"urlTemplate\":\"https:\\\/\\\/dana.com.br\\\/canaldana\\\/?s={search_term_string}\"},\"query-input\":{\"@type\":\"PropertyValueSpecification\",\"valueRequired\":true,\"valueName\":\"search_term_string\"}}],\"inLanguage\":\"pt-BR\"},{\"@type\":\"Person\",\"@id\":\"https:\\\/\\\/dana.com.br\\\/canaldana\\\/#\\\/schema\\\/person\\\/3c21f22f56fcf3bc46b94bc60ea4fef6\",\"name\":\"Canal Dana\",\"image\":{\"@type\":\"ImageObject\",\"inLanguage\":\"pt-BR\",\"@id\":\"https:\\\/\\\/secure.gravatar.com\\\/avatar\\\/420aaf9278582877d9018637c6817617705899d2858d7572ef0fe59a6b6454b4?s=96&d=mm&r=g\",\"url\":\"https:\\\/\\\/secure.gravatar.com\\\/avatar\\\/420aaf9278582877d9018637c6817617705899d2858d7572ef0fe59a6b6454b4?s=96&d=mm&r=g\",\"contentUrl\":\"https:\\\/\\\/secure.gravatar.com\\\/avatar\\\/420aaf9278582877d9018637c6817617705899d2858d7572ef0fe59a6b6454b4?s=96&d=mm&r=g\",\"caption\":\"Canal Dana\"},\"url\":\"https:\\\/\\\/dana.com.br\\\/canaldana\\\/author\\\/cdeditor\\\/\"}]}<\/script>\n<!-- \/ Yoast SEO plugin. -->","yoast_head_json":{"title":"Brasil aumenta vendas de caminh\u00f5es no m\u00eas de agosto, mas reduz em volume acumulado - Canal Dana","robots":{"index":"index","follow":"follow","max-snippet":"max-snippet:-1","max-image-preview":"max-image-preview:large","max-video-preview":"max-video-preview:-1"},"canonical":"https:\/\/dana.com.br\/canaldana\/2022\/09\/05\/brasil-aumenta-vendas-de-caminhoes-no-mes-de-agosto-mas-reduz-em-volume-acumulado\/","og_locale":"pt_BR","og_type":"article","og_title":"Brasil aumenta vendas de caminh\u00f5es no m\u00eas de agosto, mas reduz em volume acumulado - Canal Dana","og_description":"Truck &amp; Bus Builder Am\u00e9rica do Sul &nbsp; A ind\u00fastria automobil\u00edstica brasileira registrou em agosto a venda de 12.301 caminh\u00f5es, com crescimento de 8,61% sobre as 11.326 unidades vendidas em julho, mas com retra\u00e7\u00e3o de 1,48% sobre o volume de 12.650 registrado em 2021, conforme dados divulgados pela FENABRAVE (Federa\u00e7\u00e3o Nacional da Distribui\u00e7\u00e3o de Ve\u00edculos\u2026 Leia mais \u00bb","og_url":"https:\/\/dana.com.br\/canaldana\/2022\/09\/05\/brasil-aumenta-vendas-de-caminhoes-no-mes-de-agosto-mas-reduz-em-volume-acumulado\/","og_site_name":"Canal Dana","article_published_time":"2022-09-05T11:57:48+00:00","author":"Canal Dana","twitter_card":"summary_large_image","twitter_misc":{"Escrito por":"Canal Dana","Est. tempo de leitura":"2 minutos"},"schema":{"@context":"https:\/\/schema.org","@graph":[{"@type":"Article","@id":"https:\/\/dana.com.br\/canaldana\/2022\/09\/05\/brasil-aumenta-vendas-de-caminhoes-no-mes-de-agosto-mas-reduz-em-volume-acumulado\/#article","isPartOf":{"@id":"https:\/\/dana.com.br\/canaldana\/2022\/09\/05\/brasil-aumenta-vendas-de-caminhoes-no-mes-de-agosto-mas-reduz-em-volume-acumulado\/"},"author":{"name":"Canal Dana","@id":"https:\/\/dana.com.br\/canaldana\/#\/schema\/person\/3c21f22f56fcf3bc46b94bc60ea4fef6"},"headline":"Brasil aumenta vendas de caminh\u00f5es no m\u00eas de agosto, mas reduz em volume acumulado","datePublished":"2022-09-05T11:57:48+00:00","mainEntityOfPage":{"@id":"https:\/\/dana.com.br\/canaldana\/2022\/09\/05\/brasil-aumenta-vendas-de-caminhoes-no-mes-de-agosto-mas-reduz-em-volume-acumulado\/"},"wordCount":328,"articleSection":["Destaques"],"inLanguage":"pt-BR"},{"@type":"WebPage","@id":"https:\/\/dana.com.br\/canaldana\/2022\/09\/05\/brasil-aumenta-vendas-de-caminhoes-no-mes-de-agosto-mas-reduz-em-volume-acumulado\/","url":"https:\/\/dana.com.br\/canaldana\/2022\/09\/05\/brasil-aumenta-vendas-de-caminhoes-no-mes-de-agosto-mas-reduz-em-volume-acumulado\/","name":"Brasil aumenta vendas de caminh\u00f5es no m\u00eas de agosto, mas reduz em volume acumulado - Canal Dana","isPartOf":{"@id":"https:\/\/dana.com.br\/canaldana\/#website"},"datePublished":"2022-09-05T11:57:48+00:00","author":{"@id":"https:\/\/dana.com.br\/canaldana\/#\/schema\/person\/3c21f22f56fcf3bc46b94bc60ea4fef6"},"breadcrumb":{"@id":"https:\/\/dana.com.br\/canaldana\/2022\/09\/05\/brasil-aumenta-vendas-de-caminhoes-no-mes-de-agosto-mas-reduz-em-volume-acumulado\/#breadcrumb"},"inLanguage":"pt-BR","potentialAction":[{"@type":"ReadAction","target":["https:\/\/dana.com.br\/canaldana\/2022\/09\/05\/brasil-aumenta-vendas-de-caminhoes-no-mes-de-agosto-mas-reduz-em-volume-acumulado\/"]}]},{"@type":"BreadcrumbList","@id":"https:\/\/dana.com.br\/canaldana\/2022\/09\/05\/brasil-aumenta-vendas-de-caminhoes-no-mes-de-agosto-mas-reduz-em-volume-acumulado\/#breadcrumb","itemListElement":[{"@type":"ListItem","position":1,"name":"Home","item":"https:\/\/dana.com.br\/canaldana\/"},{"@type":"ListItem","position":2,"name":"Destaques","item":"https:\/\/dana.com.br\/canaldana\/destaques\/"},{"@type":"ListItem","position":3,"name":"Brasil aumenta vendas de caminh\u00f5es no m\u00eas de agosto, mas reduz em volume acumulado"}]},{"@type":"WebSite","@id":"https:\/\/dana.com.br\/canaldana\/#website","url":"https:\/\/dana.com.br\/canaldana\/","name":"Canal Dana","description":"Informativo com as principais not\u00edcias da ind\u00fastria automotiva","potentialAction":[{"@type":"SearchAction","target":{"@type":"EntryPoint","urlTemplate":"https:\/\/dana.com.br\/canaldana\/?s={search_term_string}"},"query-input":{"@type":"PropertyValueSpecification","valueRequired":true,"valueName":"search_term_string"}}],"inLanguage":"pt-BR"},{"@type":"Person","@id":"https:\/\/dana.com.br\/canaldana\/#\/schema\/person\/3c21f22f56fcf3bc46b94bc60ea4fef6","name":"Canal Dana","image":{"@type":"ImageObject","inLanguage":"pt-BR","@id":"https:\/\/secure.gravatar.com\/avatar\/420aaf9278582877d9018637c6817617705899d2858d7572ef0fe59a6b6454b4?s=96&d=mm&r=g","url":"https:\/\/secure.gravatar.com\/avatar\/420aaf9278582877d9018637c6817617705899d2858d7572ef0fe59a6b6454b4?s=96&d=mm&r=g","contentUrl":"https:\/\/secure.gravatar.com\/avatar\/420aaf9278582877d9018637c6817617705899d2858d7572ef0fe59a6b6454b4?s=96&d=mm&r=g","caption":"Canal Dana"},"url":"https:\/\/dana.com.br\/canaldana\/author\/cdeditor\/"}]}},"_links":{"self":[{"href":"https:\/\/dana.com.br\/canaldana\/wp-json\/wp\/v2\/posts\/60748","targetHints":{"allow":["GET"]}}],"collection":[{"href":"https:\/\/dana.com.br\/canaldana\/wp-json\/wp\/v2\/posts"}],"about":[{"href":"https:\/\/dana.com.br\/canaldana\/wp-json\/wp\/v2\/types\/post"}],"author":[{"embeddable":true,"href":"https:\/\/dana.com.br\/canaldana\/wp-json\/wp\/v2\/users\/3"}],"replies":[{"embeddable":true,"href":"https:\/\/dana.com.br\/canaldana\/wp-json\/wp\/v2\/comments?post=60748"}],"version-history":[{"count":0,"href":"https:\/\/dana.com.br\/canaldana\/wp-json\/wp\/v2\/posts\/60748\/revisions"}],"wp:attachment":[{"href":"https:\/\/dana.com.br\/canaldana\/wp-json\/wp\/v2\/media?parent=60748"}],"wp:term":[{"taxonomy":"category","embeddable":true,"href":"https:\/\/dana.com.br\/canaldana\/wp-json\/wp\/v2\/categories?post=60748"},{"taxonomy":"post_tag","embeddable":true,"href":"https:\/\/dana.com.br\/canaldana\/wp-json\/wp\/v2\/tags?post=60748"}],"curies":[{"name":"wp","href":"https:\/\/api.w.org\/{rel}","templated":true}]}}