{"id":60682,"date":"2022-09-01T09:33:13","date_gmt":"2022-09-01T12:33:13","guid":{"rendered":"https:\/\/dana.com.br\/canaldana\/?p=60682"},"modified":"2022-09-01T09:33:13","modified_gmt":"2022-09-01T12:33:13","slug":"desemprego-cai-e-depois-de-dois-anos-renda-media-tem-crescimento-real","status":"publish","type":"post","link":"https:\/\/dana.com.br\/canaldana\/2022\/09\/01\/desemprego-cai-e-depois-de-dois-anos-renda-media-tem-crescimento-real\/","title":{"rendered":"Desemprego cai e, depois de dois anos, renda m\u00e9dia tem crescimento real"},"content":{"rendered":"<p><em>O Estado de S. Paulo <\/em><\/p>\n<p>&nbsp;<\/p>\n<p>A taxa de desemprego confirmou a tend\u00eancia de queda em julho. O \u00edndice desceu de 10,5% no trimestre terminado em abril para 9,1% no encerrado em julho, o mais baixo desde o trimestre conclu\u00eddo em dezembro de 2015. Al\u00e9m disso, o rendimento m\u00e9dio dos trabalhadores ocupados teve eleva\u00e7\u00e3o real de 2,9% na compara\u00e7\u00e3o com o trimestre at\u00e9 abril, para R$ 2.693 (alta de R$ 75). A renda real n\u00e3o apresentava crescimento significativo desde o trimestre terminado em julho de 2020.<\/p>\n<p>&nbsp;<\/p>\n<p>Os dados fazem parte da Pesquisa Nacional por Amostra de Domic\u00edlios Cont\u00ednua (Pnad Cont\u00ednua) e foram divulgados ontem pelo Instituto Brasileiro de Geografia e Estat\u00edstica (IBGE). Conforme o levantamento, o n\u00famero de pessoas trabalhando no Brasil \u00e9 o maior j\u00e1 registrado, embora o contingente de trabalhadores informais tamb\u00e9m tenha alcan\u00e7ado novo recorde.<\/p>\n<p>&nbsp;<\/p>\n<p>A queda na taxa de desemprego reflete a din\u00e2mica mais robusta da atividade econ\u00f4mica, com efeitos da reabertura e dos impulsos fiscais concedidos pelo governo, avaliou o economista Jo\u00e3o Savignon, da gestora de recursos K\u00ednitro Capital. Ele prev\u00ea um novo recuo no desemprego no trimestre encerrado em agosto, com taxa entre 8,8% e 8,9%, mas com expectativa de perda de f\u00f4lego, chegando ao fim de 2022 em 8,6%.<\/p>\n<p>&nbsp;<\/p>\n<p>\u201cVamos ter efeitos defasados do ciclo de aperto monet\u00e1rio (eleva\u00e7\u00e3o dos juros) e desacelera\u00e7\u00e3o da atividade econ\u00f4mica global. Tudo isso vai desafiar essa melhora de curto prazo\u201d, justificou. \u201cA maior d\u00favida \u00e9 para o ano que vem. O mercado de trabalho deve ter uma recupera\u00e7\u00e3o mais devagar, com arrefecimento (de crescimento) do PIB a 0,5%, mas sem uma revers\u00e3o importante na taxa de desemprego, que deve ficar relativamente est\u00e1vel.\u201d<\/p>\n<p>&nbsp;<\/p>\n<p><strong>Aumento de renda<\/strong><\/p>\n<p>&nbsp;<\/p>\n<p>Com mais pessoas trabalhando, a massa de sal\u00e1rios em circula\u00e7\u00e3o na economia aumentou em R$ 13,106 bilh\u00f5es em um trimestre, para R$ 260,699 bilh\u00f5es. Adriana Beringuy, coordenadora de Trabalho e Rendimento do IBGE, reconhece que a defla\u00e7\u00e3o registrada em julho (0,68%, de acordo com o IPCA) tamb\u00e9m pode ter ajudado o desempenho melhor da renda m\u00e9dia no trimestre. Ela ressalva que a renda nominal tamb\u00e9m subiu.<\/p>\n<p>&nbsp;<\/p>\n<p>Sem descontar a infla\u00e7\u00e3o no per\u00edodo, o rendimento m\u00e9dio cresceu 4,8% no trimestre terminado em julho ante o encerrado em abril. J\u00e1 na compara\u00e7\u00e3o com o trimestre terminado em julho de 2021, houve eleva\u00e7\u00e3o de 8% na renda m\u00e9dia nominal. Na compara\u00e7\u00e3o com o trimestre encerrado em julho do ano passado, por\u00e9m, a renda m\u00e9dia real caiu 2,9%, ou R$ 79. RECORDE DE INFORMAIS. Ainda h\u00e1 9,882 milh\u00f5es de pessoas em busca de uma vaga, mas esse \u00e9 o menor n\u00famero de desempregados desde o trimestre encerrado em janeiro de 2016. Em apenas um trimestre, 2,154 milh\u00f5es conseguiram um trabalho. A popula\u00e7\u00e3o ocupada alcan\u00e7ou um recorde de 98,666 milh\u00f5es de trabalhadores no per\u00edodo, mas o n\u00famero de postos informais atingiu o \u00e1pice, com 39,294 milh\u00f5es.<\/p>\n<p>&nbsp;<\/p>\n<p>\u201cO processo da expans\u00e3o da ocupa\u00e7\u00e3o est\u00e1 bastante disseminado pelas atividades\u201d, acrescentou Beringuy. \u201cNenhuma atividade dispensou\u201d. (O Estado de S. Paulo\/Daniela amorim e Guilherme Bianchini)<\/p>\n","protected":false},"excerpt":{"rendered":"<p>O Estado de S. Paulo &nbsp; A taxa de desemprego confirmou a tend\u00eancia de queda em julho. O \u00edndice desceu de 10,5% no trimestre terminado em abril para 9,1% no encerrado em julho, o mais baixo desde o trimestre conclu\u00eddo em dezembro de 2015. Al\u00e9m disso, o rendimento m\u00e9dio dos trabalhadores ocupados teve eleva\u00e7\u00e3o real\u2026 <a class=\"readmore\" href=\"https:\/\/dana.com.br\/canaldana\/2022\/09\/01\/desemprego-cai-e-depois-de-dois-anos-renda-media-tem-crescimento-real\/\">Leia mais \u00bb<\/a><\/p>\n","protected":false},"author":3,"featured_media":0,"comment_status":"closed","ping_status":"closed","sticky":false,"template":"","format":"standard","meta":{"_acf_changed":false,"footnotes":""},"categories":[79],"tags":[],"class_list":["post-60682","post","type-post","status-publish","format-standard","hentry","category-mercado"],"acf":[],"yoast_head":"<!-- This site is optimized with the Yoast SEO plugin v27.3 - https:\/\/yoast.com\/product\/yoast-seo-wordpress\/ -->\n<title>Desemprego cai e, depois de dois anos, renda m\u00e9dia tem crescimento real - Canal Dana<\/title>\n<meta name=\"robots\" content=\"index, follow, max-snippet:-1, max-image-preview:large, max-video-preview:-1\" \/>\n<link rel=\"canonical\" href=\"https:\/\/dana.com.br\/canaldana\/2022\/09\/01\/desemprego-cai-e-depois-de-dois-anos-renda-media-tem-crescimento-real\/\" \/>\n<meta property=\"og:locale\" content=\"pt_BR\" \/>\n<meta property=\"og:type\" content=\"article\" \/>\n<meta property=\"og:title\" content=\"Desemprego cai e, depois de dois anos, renda m\u00e9dia tem crescimento real - Canal Dana\" \/>\n<meta property=\"og:description\" content=\"O Estado de S. Paulo &nbsp; A taxa de desemprego confirmou a tend\u00eancia de queda em julho. O \u00edndice desceu de 10,5% no trimestre terminado em abril para 9,1% no encerrado em julho, o mais baixo desde o trimestre conclu\u00eddo em dezembro de 2015. Al\u00e9m disso, o rendimento m\u00e9dio dos trabalhadores ocupados teve eleva\u00e7\u00e3o real\u2026 Leia mais \u00bb\" \/>\n<meta property=\"og:url\" content=\"https:\/\/dana.com.br\/canaldana\/2022\/09\/01\/desemprego-cai-e-depois-de-dois-anos-renda-media-tem-crescimento-real\/\" \/>\n<meta property=\"og:site_name\" content=\"Canal Dana\" \/>\n<meta property=\"article:published_time\" content=\"2022-09-01T12:33:13+00:00\" \/>\n<meta name=\"author\" content=\"Canal Dana\" \/>\n<meta name=\"twitter:card\" content=\"summary_large_image\" \/>\n<meta name=\"twitter:label1\" content=\"Escrito por\" \/>\n\t<meta name=\"twitter:data1\" content=\"Canal Dana\" \/>\n\t<meta name=\"twitter:label2\" content=\"Est. tempo de leitura\" \/>\n\t<meta name=\"twitter:data2\" content=\"3 minutos\" \/>\n<script type=\"application\/ld+json\" class=\"yoast-schema-graph\">{\"@context\":\"https:\\\/\\\/schema.org\",\"@graph\":[{\"@type\":\"Article\",\"@id\":\"https:\\\/\\\/dana.com.br\\\/canaldana\\\/2022\\\/09\\\/01\\\/desemprego-cai-e-depois-de-dois-anos-renda-media-tem-crescimento-real\\\/#article\",\"isPartOf\":{\"@id\":\"https:\\\/\\\/dana.com.br\\\/canaldana\\\/2022\\\/09\\\/01\\\/desemprego-cai-e-depois-de-dois-anos-renda-media-tem-crescimento-real\\\/\"},\"author\":{\"name\":\"Canal Dana\",\"@id\":\"https:\\\/\\\/dana.com.br\\\/canaldana\\\/#\\\/schema\\\/person\\\/3c21f22f56fcf3bc46b94bc60ea4fef6\"},\"headline\":\"Desemprego cai e, depois de dois anos, renda m\u00e9dia tem crescimento real\",\"datePublished\":\"2022-09-01T12:33:13+00:00\",\"mainEntityOfPage\":{\"@id\":\"https:\\\/\\\/dana.com.br\\\/canaldana\\\/2022\\\/09\\\/01\\\/desemprego-cai-e-depois-de-dois-anos-renda-media-tem-crescimento-real\\\/\"},\"wordCount\":542,\"articleSection\":[\"Mercado\"],\"inLanguage\":\"pt-BR\"},{\"@type\":\"WebPage\",\"@id\":\"https:\\\/\\\/dana.com.br\\\/canaldana\\\/2022\\\/09\\\/01\\\/desemprego-cai-e-depois-de-dois-anos-renda-media-tem-crescimento-real\\\/\",\"url\":\"https:\\\/\\\/dana.com.br\\\/canaldana\\\/2022\\\/09\\\/01\\\/desemprego-cai-e-depois-de-dois-anos-renda-media-tem-crescimento-real\\\/\",\"name\":\"Desemprego cai e, depois de dois anos, renda m\u00e9dia tem crescimento real - Canal Dana\",\"isPartOf\":{\"@id\":\"https:\\\/\\\/dana.com.br\\\/canaldana\\\/#website\"},\"datePublished\":\"2022-09-01T12:33:13+00:00\",\"author\":{\"@id\":\"https:\\\/\\\/dana.com.br\\\/canaldana\\\/#\\\/schema\\\/person\\\/3c21f22f56fcf3bc46b94bc60ea4fef6\"},\"breadcrumb\":{\"@id\":\"https:\\\/\\\/dana.com.br\\\/canaldana\\\/2022\\\/09\\\/01\\\/desemprego-cai-e-depois-de-dois-anos-renda-media-tem-crescimento-real\\\/#breadcrumb\"},\"inLanguage\":\"pt-BR\",\"potentialAction\":[{\"@type\":\"ReadAction\",\"target\":[\"https:\\\/\\\/dana.com.br\\\/canaldana\\\/2022\\\/09\\\/01\\\/desemprego-cai-e-depois-de-dois-anos-renda-media-tem-crescimento-real\\\/\"]}]},{\"@type\":\"BreadcrumbList\",\"@id\":\"https:\\\/\\\/dana.com.br\\\/canaldana\\\/2022\\\/09\\\/01\\\/desemprego-cai-e-depois-de-dois-anos-renda-media-tem-crescimento-real\\\/#breadcrumb\",\"itemListElement\":[{\"@type\":\"ListItem\",\"position\":1,\"name\":\"Home\",\"item\":\"https:\\\/\\\/dana.com.br\\\/canaldana\\\/\"},{\"@type\":\"ListItem\",\"position\":2,\"name\":\"Mercado\",\"item\":\"https:\\\/\\\/dana.com.br\\\/canaldana\\\/mercado\\\/\"},{\"@type\":\"ListItem\",\"position\":3,\"name\":\"Desemprego cai e, depois de dois anos, renda m\u00e9dia tem crescimento real\"}]},{\"@type\":\"WebSite\",\"@id\":\"https:\\\/\\\/dana.com.br\\\/canaldana\\\/#website\",\"url\":\"https:\\\/\\\/dana.com.br\\\/canaldana\\\/\",\"name\":\"Canal Dana\",\"description\":\"Informativo com as principais not\u00edcias da ind\u00fastria automotiva\",\"potentialAction\":[{\"@type\":\"SearchAction\",\"target\":{\"@type\":\"EntryPoint\",\"urlTemplate\":\"https:\\\/\\\/dana.com.br\\\/canaldana\\\/?s={search_term_string}\"},\"query-input\":{\"@type\":\"PropertyValueSpecification\",\"valueRequired\":true,\"valueName\":\"search_term_string\"}}],\"inLanguage\":\"pt-BR\"},{\"@type\":\"Person\",\"@id\":\"https:\\\/\\\/dana.com.br\\\/canaldana\\\/#\\\/schema\\\/person\\\/3c21f22f56fcf3bc46b94bc60ea4fef6\",\"name\":\"Canal Dana\",\"image\":{\"@type\":\"ImageObject\",\"inLanguage\":\"pt-BR\",\"@id\":\"https:\\\/\\\/secure.gravatar.com\\\/avatar\\\/420aaf9278582877d9018637c6817617705899d2858d7572ef0fe59a6b6454b4?s=96&d=mm&r=g\",\"url\":\"https:\\\/\\\/secure.gravatar.com\\\/avatar\\\/420aaf9278582877d9018637c6817617705899d2858d7572ef0fe59a6b6454b4?s=96&d=mm&r=g\",\"contentUrl\":\"https:\\\/\\\/secure.gravatar.com\\\/avatar\\\/420aaf9278582877d9018637c6817617705899d2858d7572ef0fe59a6b6454b4?s=96&d=mm&r=g\",\"caption\":\"Canal Dana\"},\"url\":\"https:\\\/\\\/dana.com.br\\\/canaldana\\\/author\\\/cdeditor\\\/\"}]}<\/script>\n<!-- \/ Yoast SEO plugin. -->","yoast_head_json":{"title":"Desemprego cai e, depois de dois anos, renda m\u00e9dia tem crescimento real - Canal Dana","robots":{"index":"index","follow":"follow","max-snippet":"max-snippet:-1","max-image-preview":"max-image-preview:large","max-video-preview":"max-video-preview:-1"},"canonical":"https:\/\/dana.com.br\/canaldana\/2022\/09\/01\/desemprego-cai-e-depois-de-dois-anos-renda-media-tem-crescimento-real\/","og_locale":"pt_BR","og_type":"article","og_title":"Desemprego cai e, depois de dois anos, renda m\u00e9dia tem crescimento real - Canal Dana","og_description":"O Estado de S. Paulo &nbsp; A taxa de desemprego confirmou a tend\u00eancia de queda em julho. O \u00edndice desceu de 10,5% no trimestre terminado em abril para 9,1% no encerrado em julho, o mais baixo desde o trimestre conclu\u00eddo em dezembro de 2015. Al\u00e9m disso, o rendimento m\u00e9dio dos trabalhadores ocupados teve eleva\u00e7\u00e3o real\u2026 Leia mais \u00bb","og_url":"https:\/\/dana.com.br\/canaldana\/2022\/09\/01\/desemprego-cai-e-depois-de-dois-anos-renda-media-tem-crescimento-real\/","og_site_name":"Canal Dana","article_published_time":"2022-09-01T12:33:13+00:00","author":"Canal Dana","twitter_card":"summary_large_image","twitter_misc":{"Escrito por":"Canal Dana","Est. tempo de leitura":"3 minutos"},"schema":{"@context":"https:\/\/schema.org","@graph":[{"@type":"Article","@id":"https:\/\/dana.com.br\/canaldana\/2022\/09\/01\/desemprego-cai-e-depois-de-dois-anos-renda-media-tem-crescimento-real\/#article","isPartOf":{"@id":"https:\/\/dana.com.br\/canaldana\/2022\/09\/01\/desemprego-cai-e-depois-de-dois-anos-renda-media-tem-crescimento-real\/"},"author":{"name":"Canal Dana","@id":"https:\/\/dana.com.br\/canaldana\/#\/schema\/person\/3c21f22f56fcf3bc46b94bc60ea4fef6"},"headline":"Desemprego cai e, depois de dois anos, renda m\u00e9dia tem crescimento real","datePublished":"2022-09-01T12:33:13+00:00","mainEntityOfPage":{"@id":"https:\/\/dana.com.br\/canaldana\/2022\/09\/01\/desemprego-cai-e-depois-de-dois-anos-renda-media-tem-crescimento-real\/"},"wordCount":542,"articleSection":["Mercado"],"inLanguage":"pt-BR"},{"@type":"WebPage","@id":"https:\/\/dana.com.br\/canaldana\/2022\/09\/01\/desemprego-cai-e-depois-de-dois-anos-renda-media-tem-crescimento-real\/","url":"https:\/\/dana.com.br\/canaldana\/2022\/09\/01\/desemprego-cai-e-depois-de-dois-anos-renda-media-tem-crescimento-real\/","name":"Desemprego cai e, depois de dois anos, renda m\u00e9dia tem crescimento real - Canal Dana","isPartOf":{"@id":"https:\/\/dana.com.br\/canaldana\/#website"},"datePublished":"2022-09-01T12:33:13+00:00","author":{"@id":"https:\/\/dana.com.br\/canaldana\/#\/schema\/person\/3c21f22f56fcf3bc46b94bc60ea4fef6"},"breadcrumb":{"@id":"https:\/\/dana.com.br\/canaldana\/2022\/09\/01\/desemprego-cai-e-depois-de-dois-anos-renda-media-tem-crescimento-real\/#breadcrumb"},"inLanguage":"pt-BR","potentialAction":[{"@type":"ReadAction","target":["https:\/\/dana.com.br\/canaldana\/2022\/09\/01\/desemprego-cai-e-depois-de-dois-anos-renda-media-tem-crescimento-real\/"]}]},{"@type":"BreadcrumbList","@id":"https:\/\/dana.com.br\/canaldana\/2022\/09\/01\/desemprego-cai-e-depois-de-dois-anos-renda-media-tem-crescimento-real\/#breadcrumb","itemListElement":[{"@type":"ListItem","position":1,"name":"Home","item":"https:\/\/dana.com.br\/canaldana\/"},{"@type":"ListItem","position":2,"name":"Mercado","item":"https:\/\/dana.com.br\/canaldana\/mercado\/"},{"@type":"ListItem","position":3,"name":"Desemprego cai e, depois de dois anos, renda m\u00e9dia tem crescimento real"}]},{"@type":"WebSite","@id":"https:\/\/dana.com.br\/canaldana\/#website","url":"https:\/\/dana.com.br\/canaldana\/","name":"Canal Dana","description":"Informativo com as principais not\u00edcias da ind\u00fastria automotiva","potentialAction":[{"@type":"SearchAction","target":{"@type":"EntryPoint","urlTemplate":"https:\/\/dana.com.br\/canaldana\/?s={search_term_string}"},"query-input":{"@type":"PropertyValueSpecification","valueRequired":true,"valueName":"search_term_string"}}],"inLanguage":"pt-BR"},{"@type":"Person","@id":"https:\/\/dana.com.br\/canaldana\/#\/schema\/person\/3c21f22f56fcf3bc46b94bc60ea4fef6","name":"Canal Dana","image":{"@type":"ImageObject","inLanguage":"pt-BR","@id":"https:\/\/secure.gravatar.com\/avatar\/420aaf9278582877d9018637c6817617705899d2858d7572ef0fe59a6b6454b4?s=96&d=mm&r=g","url":"https:\/\/secure.gravatar.com\/avatar\/420aaf9278582877d9018637c6817617705899d2858d7572ef0fe59a6b6454b4?s=96&d=mm&r=g","contentUrl":"https:\/\/secure.gravatar.com\/avatar\/420aaf9278582877d9018637c6817617705899d2858d7572ef0fe59a6b6454b4?s=96&d=mm&r=g","caption":"Canal Dana"},"url":"https:\/\/dana.com.br\/canaldana\/author\/cdeditor\/"}]}},"_links":{"self":[{"href":"https:\/\/dana.com.br\/canaldana\/wp-json\/wp\/v2\/posts\/60682","targetHints":{"allow":["GET"]}}],"collection":[{"href":"https:\/\/dana.com.br\/canaldana\/wp-json\/wp\/v2\/posts"}],"about":[{"href":"https:\/\/dana.com.br\/canaldana\/wp-json\/wp\/v2\/types\/post"}],"author":[{"embeddable":true,"href":"https:\/\/dana.com.br\/canaldana\/wp-json\/wp\/v2\/users\/3"}],"replies":[{"embeddable":true,"href":"https:\/\/dana.com.br\/canaldana\/wp-json\/wp\/v2\/comments?post=60682"}],"version-history":[{"count":0,"href":"https:\/\/dana.com.br\/canaldana\/wp-json\/wp\/v2\/posts\/60682\/revisions"}],"wp:attachment":[{"href":"https:\/\/dana.com.br\/canaldana\/wp-json\/wp\/v2\/media?parent=60682"}],"wp:term":[{"taxonomy":"category","embeddable":true,"href":"https:\/\/dana.com.br\/canaldana\/wp-json\/wp\/v2\/categories?post=60682"},{"taxonomy":"post_tag","embeddable":true,"href":"https:\/\/dana.com.br\/canaldana\/wp-json\/wp\/v2\/tags?post=60682"}],"curies":[{"name":"wp","href":"https:\/\/api.w.org\/{rel}","templated":true}]}}