{"id":60678,"date":"2022-09-01T09:30:34","date_gmt":"2022-09-01T12:30:34","guid":{"rendered":"https:\/\/dana.com.br\/canaldana\/?p=60678"},"modified":"2022-09-01T09:30:34","modified_gmt":"2022-09-01T12:30:34","slug":"polo-automotivo-de-porto-real-volta-a-operar-em-dois-turnos-para-atender-a-demanda-do-novo-citroen-c3","status":"publish","type":"post","link":"https:\/\/dana.com.br\/canaldana\/2022\/09\/01\/polo-automotivo-de-porto-real-volta-a-operar-em-dois-turnos-para-atender-a-demanda-do-novo-citroen-c3\/","title":{"rendered":"Polo Automotivo de Porto Real volta a operar em dois turnos para atender \u00e0 demanda do Novo Citro\u00ebn C3"},"content":{"rendered":"<p><em>Motor Mais<\/em><\/p>\n<p>&nbsp;<\/p>\n<p>O Polo Automotivo da Stellantis em Porto Real (RJ) volta a operar em dois turnos de produ\u00e7\u00e3o a partir de outubro deste ano. Ser\u00e3o contratados 340 trabalhadores e trabalhadoras, que refor\u00e7ar\u00e3o o efetivo da f\u00e1brica para atender \u00e0 acelera\u00e7\u00e3o do ritmo de produ\u00e7\u00e3o projetado a partir do lan\u00e7amento do Novo Citro\u00ebn C3. Com estas contrata\u00e7\u00f5es, o n\u00famero de empregados sobe para 1.840 pessoas.<\/p>\n<p>&nbsp;<\/p>\n<p>O processo de atra\u00e7\u00e3o, sele\u00e7\u00e3o e capacita\u00e7\u00e3o j\u00e1 come\u00e7ou. De acordo com os princ\u00edpios de Diversidade &amp; Inclus\u00e3o aplicados pela Stellantis, as contrata\u00e7\u00f5es buscam equil\u00edbrio entre os g\u00eaneros e todos os grupos sociais, a fim de assegurar igualdade de oportunidades para todos os interessados em participar do processo. \u00c0 medida que ocorre a sele\u00e7\u00e3o, os trabalhadores v\u00e3o para o centro de forma\u00e7\u00e3o da planta, onde recebem capacita\u00e7\u00e3o te\u00f3rica e pr\u00e1tica.<\/p>\n<p>&nbsp;<\/p>\n<p>A unidade industrial de Porto Real da Stellantis, que re\u00fane uma f\u00e1brica de ve\u00edculos e uma de motores, foi inaugurada em fevereiro de 2001, e hoje produz os modelos Citro\u00ebn C4 Cactus e Peugeot 2008. A planta recebeu investimentos de cerca de R$ 220 milh\u00f5es para a implementa\u00e7\u00e3o de uma variante da nova plataforma global CMP (Common Modular Platform), que \u00e9 altamente flex\u00edvel e pode ser usada como base para a produ\u00e7\u00e3o de ve\u00edculos multienergia \u2013 a combust\u00e3o ou el\u00e9trica. Tamb\u00e9m apresenta menores n\u00edveis de vibra\u00e7\u00e3o e maior conforto ac\u00fastico e t\u00e9rmico.<\/p>\n<p>&nbsp;<\/p>\n<p><strong>Foco nas pessoas e na qualidade<\/strong><\/p>\n<p>&nbsp;<\/p>\n<p>O Novo Citro\u00ebn C3 tem o perfil de um modelo de alto volume mensal de vendas. E tudo est\u00e1 sendo preparado para que sua produ\u00e7\u00e3o seja um processo de alta confiabilidade, para que a qualidade do produto seja reconhecida pelo p\u00fablico desde o in\u00edcio. \u201cEstamos completamente focados na curva de produ\u00e7\u00e3o, para assegurar o sucesso do novo modelo, gerando impacto positivo por sua qualidade percept\u00edvel\u201d, disse Francis Ribeiro Jorge, o novo plant manager de Porto Real.<\/p>\n<p>&nbsp;<\/p>\n<p>\u201cAs pessoas s\u00e3o essenciais para que estes objetivos sejam alcan\u00e7ados. S\u00e3o as pessoas que fazem a diferen\u00e7a, por isto o processo de capacita\u00e7\u00e3o tem como foco desenvolver talentos e compet\u00eancias e engajar as equipes com o impulso de revitaliza\u00e7\u00e3o que a planta est\u00e1 vivendo\u201d, acrescentou.<\/p>\n<p>&nbsp;<\/p>\n<p><strong>Sobre o Citro\u00ebn C3<\/strong><\/p>\n<p>&nbsp;<\/p>\n<p>O Novo Citro\u00ebn C3 ser\u00e1 produzido em dois turnos no Polo Automotivo de Porto Real com sete vers\u00f5es \u2013 incluindo a s\u00e9rie especial First Edition \u2013 e tr\u00eas op\u00e7\u00f5es de trem de for\u00e7a para o Brasil: 1.0 Manual, 1.6 Manual e 1.6 Autom\u00e1tico. Na unidade tamb\u00e9m ser\u00e3o produzidas vers\u00f5es com motor 1.2 e 1.6 a gasolina, exclusivos para exporta\u00e7\u00e3o na Am\u00e9rica do Sul.<\/p>\n<p>&nbsp;<\/p>\n<p>Desenvolvido sobre a variante da plataforma modular CMP, o Novo C3 chega ao mercado com o maior porta-malas (315 litros) entre seus principais concorrentes, oferece o Citro\u00ebn Connect Touchscreen de 10\u2033 com Android Auto e Apple Carplay e muita atitude SUV, com 23 graus de \u00e2ngulo de entrada, 39 graus de \u00e2ngulo de sa\u00edda e 18 cent\u00edmetros de altura livre do solo. Haver\u00e1 mais de dez op\u00e7\u00f5es de combina\u00e7\u00f5es de cores e acabamentos, al\u00e9m de duas op\u00e7\u00f5es de teto bitom, outra exclusividade na categoria.<\/p>\n<p>&nbsp;<\/p>\n<p><strong>O novo Plant Manager de Porto Real<\/strong><\/p>\n<p>&nbsp;<\/p>\n<p>Francis Ribeiro Jorge acaba de assumir o posto de Plant Manager do Polo Automotivo Stellantis de Porto Real, aportando sua experi\u00eancia em gest\u00e3o de projetos, em engenharia de processo, manuten\u00e7\u00e3o e qualidade. Natural do interior de S\u00e3o Paulo, Francis \u00e9 formado em Engenharia de Produ\u00e7\u00e3o e iniciou sua carreira no setor de produ\u00e7\u00e3o de eletrodom\u00e9sticos em 2004 e, posteriormente, em 2009, ingressou no segmento de autope\u00e7as. O novo plant manager come\u00e7ou a trabalhar no grupo em 2013, como um dos precursores do Projeto Pernambuco, que deu origem ao Polo Automotivo de Goiana. Nesta planta, trabalhou em diversas fun\u00e7\u00f5es e \u00e1reas, como Engenharia de Processo, Manuten\u00e7\u00e3o e Qualidade. Antes de assumir a Unidade de Porto Real, Francis comandava o time de Qualidade Manufatura e Outbound Am\u00e9rica do Sul da Stellantis. (Motor Mais)<\/p>\n","protected":false},"excerpt":{"rendered":"<p>Motor Mais &nbsp; O Polo Automotivo da Stellantis em Porto Real (RJ) volta a operar em dois turnos de produ\u00e7\u00e3o a partir de outubro deste ano. Ser\u00e3o contratados 340 trabalhadores e trabalhadoras, que refor\u00e7ar\u00e3o o efetivo da f\u00e1brica para atender \u00e0 acelera\u00e7\u00e3o do ritmo de produ\u00e7\u00e3o projetado a partir do lan\u00e7amento do Novo Citro\u00ebn C3.\u2026 <a class=\"readmore\" href=\"https:\/\/dana.com.br\/canaldana\/2022\/09\/01\/polo-automotivo-de-porto-real-volta-a-operar-em-dois-turnos-para-atender-a-demanda-do-novo-citroen-c3\/\">Leia mais \u00bb<\/a><\/p>\n","protected":false},"author":3,"featured_media":0,"comment_status":"closed","ping_status":"closed","sticky":false,"template":"","format":"standard","meta":{"_acf_changed":false,"footnotes":""},"categories":[79],"tags":[],"class_list":["post-60678","post","type-post","status-publish","format-standard","hentry","category-mercado"],"acf":[],"yoast_head":"<!-- This site is optimized with the Yoast SEO plugin v27.3 - https:\/\/yoast.com\/product\/yoast-seo-wordpress\/ -->\n<title>Polo Automotivo de Porto Real volta a operar em dois turnos para atender \u00e0 demanda do Novo Citro\u00ebn C3 - Canal Dana<\/title>\n<meta name=\"robots\" content=\"index, follow, max-snippet:-1, max-image-preview:large, max-video-preview:-1\" \/>\n<link rel=\"canonical\" href=\"https:\/\/dana.com.br\/canaldana\/2022\/09\/01\/polo-automotivo-de-porto-real-volta-a-operar-em-dois-turnos-para-atender-a-demanda-do-novo-citroen-c3\/\" \/>\n<meta property=\"og:locale\" content=\"pt_BR\" \/>\n<meta property=\"og:type\" content=\"article\" \/>\n<meta property=\"og:title\" content=\"Polo Automotivo de Porto Real volta a operar em dois turnos para atender \u00e0 demanda do Novo Citro\u00ebn C3 - Canal Dana\" \/>\n<meta property=\"og:description\" content=\"Motor Mais &nbsp; O Polo Automotivo da Stellantis em Porto Real (RJ) volta a operar em dois turnos de produ\u00e7\u00e3o a partir de outubro deste ano. Ser\u00e3o contratados 340 trabalhadores e trabalhadoras, que refor\u00e7ar\u00e3o o efetivo da f\u00e1brica para atender \u00e0 acelera\u00e7\u00e3o do ritmo de produ\u00e7\u00e3o projetado a partir do lan\u00e7amento do Novo Citro\u00ebn C3.\u2026 Leia mais \u00bb\" \/>\n<meta property=\"og:url\" content=\"https:\/\/dana.com.br\/canaldana\/2022\/09\/01\/polo-automotivo-de-porto-real-volta-a-operar-em-dois-turnos-para-atender-a-demanda-do-novo-citroen-c3\/\" \/>\n<meta property=\"og:site_name\" content=\"Canal Dana\" \/>\n<meta property=\"article:published_time\" content=\"2022-09-01T12:30:34+00:00\" \/>\n<meta name=\"author\" content=\"Canal Dana\" \/>\n<meta name=\"twitter:card\" content=\"summary_large_image\" \/>\n<meta name=\"twitter:label1\" content=\"Escrito por\" \/>\n\t<meta name=\"twitter:data1\" content=\"Canal Dana\" \/>\n\t<meta name=\"twitter:label2\" content=\"Est. tempo de leitura\" \/>\n\t<meta name=\"twitter:data2\" content=\"4 minutos\" \/>\n<script type=\"application\/ld+json\" class=\"yoast-schema-graph\">{\"@context\":\"https:\\\/\\\/schema.org\",\"@graph\":[{\"@type\":\"Article\",\"@id\":\"https:\\\/\\\/dana.com.br\\\/canaldana\\\/2022\\\/09\\\/01\\\/polo-automotivo-de-porto-real-volta-a-operar-em-dois-turnos-para-atender-a-demanda-do-novo-citroen-c3\\\/#article\",\"isPartOf\":{\"@id\":\"https:\\\/\\\/dana.com.br\\\/canaldana\\\/2022\\\/09\\\/01\\\/polo-automotivo-de-porto-real-volta-a-operar-em-dois-turnos-para-atender-a-demanda-do-novo-citroen-c3\\\/\"},\"author\":{\"name\":\"Canal Dana\",\"@id\":\"https:\\\/\\\/dana.com.br\\\/canaldana\\\/#\\\/schema\\\/person\\\/3c21f22f56fcf3bc46b94bc60ea4fef6\"},\"headline\":\"Polo Automotivo de Porto Real volta a operar em dois turnos para atender \u00e0 demanda do Novo Citro\u00ebn C3\",\"datePublished\":\"2022-09-01T12:30:34+00:00\",\"mainEntityOfPage\":{\"@id\":\"https:\\\/\\\/dana.com.br\\\/canaldana\\\/2022\\\/09\\\/01\\\/polo-automotivo-de-porto-real-volta-a-operar-em-dois-turnos-para-atender-a-demanda-do-novo-citroen-c3\\\/\"},\"wordCount\":735,\"articleSection\":[\"Mercado\"],\"inLanguage\":\"pt-BR\"},{\"@type\":\"WebPage\",\"@id\":\"https:\\\/\\\/dana.com.br\\\/canaldana\\\/2022\\\/09\\\/01\\\/polo-automotivo-de-porto-real-volta-a-operar-em-dois-turnos-para-atender-a-demanda-do-novo-citroen-c3\\\/\",\"url\":\"https:\\\/\\\/dana.com.br\\\/canaldana\\\/2022\\\/09\\\/01\\\/polo-automotivo-de-porto-real-volta-a-operar-em-dois-turnos-para-atender-a-demanda-do-novo-citroen-c3\\\/\",\"name\":\"Polo Automotivo de Porto Real volta a operar em dois turnos para atender \u00e0 demanda do Novo Citro\u00ebn C3 - Canal Dana\",\"isPartOf\":{\"@id\":\"https:\\\/\\\/dana.com.br\\\/canaldana\\\/#website\"},\"datePublished\":\"2022-09-01T12:30:34+00:00\",\"author\":{\"@id\":\"https:\\\/\\\/dana.com.br\\\/canaldana\\\/#\\\/schema\\\/person\\\/3c21f22f56fcf3bc46b94bc60ea4fef6\"},\"breadcrumb\":{\"@id\":\"https:\\\/\\\/dana.com.br\\\/canaldana\\\/2022\\\/09\\\/01\\\/polo-automotivo-de-porto-real-volta-a-operar-em-dois-turnos-para-atender-a-demanda-do-novo-citroen-c3\\\/#breadcrumb\"},\"inLanguage\":\"pt-BR\",\"potentialAction\":[{\"@type\":\"ReadAction\",\"target\":[\"https:\\\/\\\/dana.com.br\\\/canaldana\\\/2022\\\/09\\\/01\\\/polo-automotivo-de-porto-real-volta-a-operar-em-dois-turnos-para-atender-a-demanda-do-novo-citroen-c3\\\/\"]}]},{\"@type\":\"BreadcrumbList\",\"@id\":\"https:\\\/\\\/dana.com.br\\\/canaldana\\\/2022\\\/09\\\/01\\\/polo-automotivo-de-porto-real-volta-a-operar-em-dois-turnos-para-atender-a-demanda-do-novo-citroen-c3\\\/#breadcrumb\",\"itemListElement\":[{\"@type\":\"ListItem\",\"position\":1,\"name\":\"Home\",\"item\":\"https:\\\/\\\/dana.com.br\\\/canaldana\\\/\"},{\"@type\":\"ListItem\",\"position\":2,\"name\":\"Mercado\",\"item\":\"https:\\\/\\\/dana.com.br\\\/canaldana\\\/mercado\\\/\"},{\"@type\":\"ListItem\",\"position\":3,\"name\":\"Polo Automotivo de Porto Real volta a operar em dois turnos para atender \u00e0 demanda do Novo Citro\u00ebn C3\"}]},{\"@type\":\"WebSite\",\"@id\":\"https:\\\/\\\/dana.com.br\\\/canaldana\\\/#website\",\"url\":\"https:\\\/\\\/dana.com.br\\\/canaldana\\\/\",\"name\":\"Canal Dana\",\"description\":\"Informativo com as principais not\u00edcias da ind\u00fastria automotiva\",\"potentialAction\":[{\"@type\":\"SearchAction\",\"target\":{\"@type\":\"EntryPoint\",\"urlTemplate\":\"https:\\\/\\\/dana.com.br\\\/canaldana\\\/?s={search_term_string}\"},\"query-input\":{\"@type\":\"PropertyValueSpecification\",\"valueRequired\":true,\"valueName\":\"search_term_string\"}}],\"inLanguage\":\"pt-BR\"},{\"@type\":\"Person\",\"@id\":\"https:\\\/\\\/dana.com.br\\\/canaldana\\\/#\\\/schema\\\/person\\\/3c21f22f56fcf3bc46b94bc60ea4fef6\",\"name\":\"Canal Dana\",\"image\":{\"@type\":\"ImageObject\",\"inLanguage\":\"pt-BR\",\"@id\":\"https:\\\/\\\/secure.gravatar.com\\\/avatar\\\/420aaf9278582877d9018637c6817617705899d2858d7572ef0fe59a6b6454b4?s=96&d=mm&r=g\",\"url\":\"https:\\\/\\\/secure.gravatar.com\\\/avatar\\\/420aaf9278582877d9018637c6817617705899d2858d7572ef0fe59a6b6454b4?s=96&d=mm&r=g\",\"contentUrl\":\"https:\\\/\\\/secure.gravatar.com\\\/avatar\\\/420aaf9278582877d9018637c6817617705899d2858d7572ef0fe59a6b6454b4?s=96&d=mm&r=g\",\"caption\":\"Canal Dana\"},\"url\":\"https:\\\/\\\/dana.com.br\\\/canaldana\\\/author\\\/cdeditor\\\/\"}]}<\/script>\n<!-- \/ Yoast SEO plugin. -->","yoast_head_json":{"title":"Polo Automotivo de Porto Real volta a operar em dois turnos para atender \u00e0 demanda do Novo Citro\u00ebn C3 - Canal Dana","robots":{"index":"index","follow":"follow","max-snippet":"max-snippet:-1","max-image-preview":"max-image-preview:large","max-video-preview":"max-video-preview:-1"},"canonical":"https:\/\/dana.com.br\/canaldana\/2022\/09\/01\/polo-automotivo-de-porto-real-volta-a-operar-em-dois-turnos-para-atender-a-demanda-do-novo-citroen-c3\/","og_locale":"pt_BR","og_type":"article","og_title":"Polo Automotivo de Porto Real volta a operar em dois turnos para atender \u00e0 demanda do Novo Citro\u00ebn C3 - Canal Dana","og_description":"Motor Mais &nbsp; O Polo Automotivo da Stellantis em Porto Real (RJ) volta a operar em dois turnos de produ\u00e7\u00e3o a partir de outubro deste ano. Ser\u00e3o contratados 340 trabalhadores e trabalhadoras, que refor\u00e7ar\u00e3o o efetivo da f\u00e1brica para atender \u00e0 acelera\u00e7\u00e3o do ritmo de produ\u00e7\u00e3o projetado a partir do lan\u00e7amento do Novo Citro\u00ebn C3.\u2026 Leia mais \u00bb","og_url":"https:\/\/dana.com.br\/canaldana\/2022\/09\/01\/polo-automotivo-de-porto-real-volta-a-operar-em-dois-turnos-para-atender-a-demanda-do-novo-citroen-c3\/","og_site_name":"Canal Dana","article_published_time":"2022-09-01T12:30:34+00:00","author":"Canal Dana","twitter_card":"summary_large_image","twitter_misc":{"Escrito por":"Canal Dana","Est. tempo de leitura":"4 minutos"},"schema":{"@context":"https:\/\/schema.org","@graph":[{"@type":"Article","@id":"https:\/\/dana.com.br\/canaldana\/2022\/09\/01\/polo-automotivo-de-porto-real-volta-a-operar-em-dois-turnos-para-atender-a-demanda-do-novo-citroen-c3\/#article","isPartOf":{"@id":"https:\/\/dana.com.br\/canaldana\/2022\/09\/01\/polo-automotivo-de-porto-real-volta-a-operar-em-dois-turnos-para-atender-a-demanda-do-novo-citroen-c3\/"},"author":{"name":"Canal Dana","@id":"https:\/\/dana.com.br\/canaldana\/#\/schema\/person\/3c21f22f56fcf3bc46b94bc60ea4fef6"},"headline":"Polo Automotivo de Porto Real volta a operar em dois turnos para atender \u00e0 demanda do Novo Citro\u00ebn C3","datePublished":"2022-09-01T12:30:34+00:00","mainEntityOfPage":{"@id":"https:\/\/dana.com.br\/canaldana\/2022\/09\/01\/polo-automotivo-de-porto-real-volta-a-operar-em-dois-turnos-para-atender-a-demanda-do-novo-citroen-c3\/"},"wordCount":735,"articleSection":["Mercado"],"inLanguage":"pt-BR"},{"@type":"WebPage","@id":"https:\/\/dana.com.br\/canaldana\/2022\/09\/01\/polo-automotivo-de-porto-real-volta-a-operar-em-dois-turnos-para-atender-a-demanda-do-novo-citroen-c3\/","url":"https:\/\/dana.com.br\/canaldana\/2022\/09\/01\/polo-automotivo-de-porto-real-volta-a-operar-em-dois-turnos-para-atender-a-demanda-do-novo-citroen-c3\/","name":"Polo Automotivo de Porto Real volta a operar em dois turnos para atender \u00e0 demanda do Novo Citro\u00ebn C3 - Canal Dana","isPartOf":{"@id":"https:\/\/dana.com.br\/canaldana\/#website"},"datePublished":"2022-09-01T12:30:34+00:00","author":{"@id":"https:\/\/dana.com.br\/canaldana\/#\/schema\/person\/3c21f22f56fcf3bc46b94bc60ea4fef6"},"breadcrumb":{"@id":"https:\/\/dana.com.br\/canaldana\/2022\/09\/01\/polo-automotivo-de-porto-real-volta-a-operar-em-dois-turnos-para-atender-a-demanda-do-novo-citroen-c3\/#breadcrumb"},"inLanguage":"pt-BR","potentialAction":[{"@type":"ReadAction","target":["https:\/\/dana.com.br\/canaldana\/2022\/09\/01\/polo-automotivo-de-porto-real-volta-a-operar-em-dois-turnos-para-atender-a-demanda-do-novo-citroen-c3\/"]}]},{"@type":"BreadcrumbList","@id":"https:\/\/dana.com.br\/canaldana\/2022\/09\/01\/polo-automotivo-de-porto-real-volta-a-operar-em-dois-turnos-para-atender-a-demanda-do-novo-citroen-c3\/#breadcrumb","itemListElement":[{"@type":"ListItem","position":1,"name":"Home","item":"https:\/\/dana.com.br\/canaldana\/"},{"@type":"ListItem","position":2,"name":"Mercado","item":"https:\/\/dana.com.br\/canaldana\/mercado\/"},{"@type":"ListItem","position":3,"name":"Polo Automotivo de Porto Real volta a operar em dois turnos para atender \u00e0 demanda do Novo Citro\u00ebn C3"}]},{"@type":"WebSite","@id":"https:\/\/dana.com.br\/canaldana\/#website","url":"https:\/\/dana.com.br\/canaldana\/","name":"Canal Dana","description":"Informativo com as principais not\u00edcias da ind\u00fastria automotiva","potentialAction":[{"@type":"SearchAction","target":{"@type":"EntryPoint","urlTemplate":"https:\/\/dana.com.br\/canaldana\/?s={search_term_string}"},"query-input":{"@type":"PropertyValueSpecification","valueRequired":true,"valueName":"search_term_string"}}],"inLanguage":"pt-BR"},{"@type":"Person","@id":"https:\/\/dana.com.br\/canaldana\/#\/schema\/person\/3c21f22f56fcf3bc46b94bc60ea4fef6","name":"Canal Dana","image":{"@type":"ImageObject","inLanguage":"pt-BR","@id":"https:\/\/secure.gravatar.com\/avatar\/420aaf9278582877d9018637c6817617705899d2858d7572ef0fe59a6b6454b4?s=96&d=mm&r=g","url":"https:\/\/secure.gravatar.com\/avatar\/420aaf9278582877d9018637c6817617705899d2858d7572ef0fe59a6b6454b4?s=96&d=mm&r=g","contentUrl":"https:\/\/secure.gravatar.com\/avatar\/420aaf9278582877d9018637c6817617705899d2858d7572ef0fe59a6b6454b4?s=96&d=mm&r=g","caption":"Canal Dana"},"url":"https:\/\/dana.com.br\/canaldana\/author\/cdeditor\/"}]}},"_links":{"self":[{"href":"https:\/\/dana.com.br\/canaldana\/wp-json\/wp\/v2\/posts\/60678","targetHints":{"allow":["GET"]}}],"collection":[{"href":"https:\/\/dana.com.br\/canaldana\/wp-json\/wp\/v2\/posts"}],"about":[{"href":"https:\/\/dana.com.br\/canaldana\/wp-json\/wp\/v2\/types\/post"}],"author":[{"embeddable":true,"href":"https:\/\/dana.com.br\/canaldana\/wp-json\/wp\/v2\/users\/3"}],"replies":[{"embeddable":true,"href":"https:\/\/dana.com.br\/canaldana\/wp-json\/wp\/v2\/comments?post=60678"}],"version-history":[{"count":0,"href":"https:\/\/dana.com.br\/canaldana\/wp-json\/wp\/v2\/posts\/60678\/revisions"}],"wp:attachment":[{"href":"https:\/\/dana.com.br\/canaldana\/wp-json\/wp\/v2\/media?parent=60678"}],"wp:term":[{"taxonomy":"category","embeddable":true,"href":"https:\/\/dana.com.br\/canaldana\/wp-json\/wp\/v2\/categories?post=60678"},{"taxonomy":"post_tag","embeddable":true,"href":"https:\/\/dana.com.br\/canaldana\/wp-json\/wp\/v2\/tags?post=60678"}],"curies":[{"name":"wp","href":"https:\/\/api.w.org\/{rel}","templated":true}]}}