{"id":60591,"date":"2022-08-29T08:56:36","date_gmt":"2022-08-29T11:56:36","guid":{"rendered":"https:\/\/dana.com.br\/canaldana\/?p=60591"},"modified":"2022-08-29T08:56:36","modified_gmt":"2022-08-29T11:56:36","slug":"risco-de-desabastecimento-de-diesel-diminui-aponta-ibp","status":"publish","type":"post","link":"https:\/\/dana.com.br\/canaldana\/2022\/08\/29\/risco-de-desabastecimento-de-diesel-diminui-aponta-ibp\/","title":{"rendered":"Risco de desabastecimento de diesel diminui, aponta IBP"},"content":{"rendered":"<p><em>O Estado de S. Paulo <\/em><\/p>\n<p>&nbsp;<\/p>\n<p>O abastecimento de diesel S10 A (menos poluente, e obrigat\u00f3rio para o transporte rodovi\u00e1rio desde 2012) segue est\u00e1vel no Pa\u00eds, com previs\u00e3o de pequeno d\u00e9ficit em novembro, aponta o Instituto Brasileiro de Petr\u00f3leo (IBP) em boletim divulgado nesta semana. O d\u00e9ficit estimado pelo IBP \u00e9 de 12 mil metros c\u00fabicos do combust\u00edvel.<\/p>\n<p>&nbsp;<\/p>\n<p>Agora em agosto, setembro e dezembro, o IBP prev\u00ea saldo positivo, com volume de combust\u00edvel produzido no Pa\u00eds e importado acima do consumo. Em outubro, esses volumes devem empatar, informa o instituto.<\/p>\n<p>&nbsp;<\/p>\n<p>Trata-se de uma melhora na compara\u00e7\u00e3o com as previs\u00f5es anteriores, publicadas em boletim de 8 de agosto, quando o IBP previa d\u00e9ficits maiores em tr\u00eas meses at\u00e9 o fim do ano (setembro, novembro e dezembro). Ainda naquele cen\u00e1rio, as reservas operacionais de produtores e distribuidores cobririam a falta de combust\u00edvel, defendia o IBP. No cen\u00e1rio atual, portanto, a situa\u00e7\u00e3o \u00e9 ainda mais confort\u00e1vel.<\/p>\n<p>&nbsp;<\/p>\n<p>Essa melhora das estimativas do setor se deve ao aumento das importa\u00e7\u00f5es previstas tanto por empresas associadas ao IBP, principalmente as tr\u00eas grandes distribuidoras do Pa\u00eds (Vibra, Ipiranga, Ra\u00edzen), quanto por empresas representadas pela Associa\u00e7\u00e3o Brasileira de Importadores de Combust\u00edveis (Abicom).<\/p>\n<p>&nbsp;<\/p>\n<p>O movimento se deve ao fato que os pre\u00e7os da Petrobras seguem acima dos pre\u00e7os do diesel no mercado internacional, o que abre uma janela de importa\u00e7\u00e3o e permite a outros produtores nacionais ou importadores praticarem pre\u00e7os mais atraentes, colocando mais produto no mercado nacional.<\/p>\n<p>&nbsp;<\/p>\n<p>O al\u00edvio contraria previs\u00f5es de maior aperto do mercado nacional de diesel neste terceiro trimestre em fun\u00e7\u00e3o do pico da demanda nacional pelo produto \u2013 com a colheita e transporte da safra \u2013 e da menor oferta internacional devido \u00e0 guerra na Ucr\u00e2nia e \u00e0 temporada de furac\u00f5es no Golfo do M\u00e9xico (EUA). Esses alertas subsidiaram, inclusive, iniciativas da Ag\u00eancia Nacional de Petr\u00f3leo, G\u00e1s Natural e Biocombust\u00edveis (ANP) para aumentar os estoques operacionais m\u00ednimos das grandes empresas, o que foi finalmente derrubado em reuni\u00e3o da diretoria colegiada da ag\u00eancia no in\u00edcio do m\u00eas.<\/p>\n<p>&nbsp;<\/p>\n<p>Ainda assim, o IBP afirma que o cen\u00e1rio internacional continua \u201cinst\u00e1vel\u201d e com sinaliza\u00e7\u00f5es \u201cantag\u00f4nicas\u201d, o que exigiria monitoramento cont\u00ednuo da situa\u00e7\u00e3o brasileira.<\/p>\n<p>&nbsp;<\/p>\n<p>Segundo a Ag\u00eancia de Energia dos EUA, o pre\u00e7o m\u00e9dio do diesel no varejo no pa\u00eds caiu, na semana entre 14 e 19 de agosto, 1,6% em rela\u00e7\u00e3o \u00e0 semana anterior, indicando que o mercado n\u00e3o v\u00ea escassez de produto. Por outro lado, no mesmo per\u00edodo os estoques totais de derivados dos EUA ca\u00edram 0,7% em rela\u00e7\u00e3o \u00e0 semana imediatamente anterior, de acordo com o relat\u00f3rio Weekly Statistical Bulletin (WSB) do American Petroleum Institute (API). Com isso, o n\u00edvel de estoque atual segue abaixo do n\u00edvel do ano anterior e abaixo do n\u00edvel m\u00e9dio dos \u00faltimos 5 anos, informam os t\u00e9cnicos do IBP. (O Estado de S. Paulo\/Gabriel Vasconcelos)<\/p>\n","protected":false},"excerpt":{"rendered":"<p>O Estado de S. Paulo &nbsp; O abastecimento de diesel S10 A (menos poluente, e obrigat\u00f3rio para o transporte rodovi\u00e1rio desde 2012) segue est\u00e1vel no Pa\u00eds, com previs\u00e3o de pequeno d\u00e9ficit em novembro, aponta o Instituto Brasileiro de Petr\u00f3leo (IBP) em boletim divulgado nesta semana. O d\u00e9ficit estimado pelo IBP \u00e9 de 12 mil metros\u2026 <a class=\"readmore\" href=\"https:\/\/dana.com.br\/canaldana\/2022\/08\/29\/risco-de-desabastecimento-de-diesel-diminui-aponta-ibp\/\">Leia mais \u00bb<\/a><\/p>\n","protected":false},"author":3,"featured_media":0,"comment_status":"closed","ping_status":"closed","sticky":false,"template":"","format":"standard","meta":{"_acf_changed":false,"footnotes":""},"categories":[79],"tags":[],"class_list":["post-60591","post","type-post","status-publish","format-standard","hentry","category-mercado"],"acf":[],"yoast_head":"<!-- This site is optimized with the Yoast SEO plugin v27.3 - https:\/\/yoast.com\/product\/yoast-seo-wordpress\/ -->\n<title>Risco de desabastecimento de diesel diminui, aponta IBP - Canal Dana<\/title>\n<meta name=\"robots\" content=\"index, follow, max-snippet:-1, max-image-preview:large, max-video-preview:-1\" \/>\n<link rel=\"canonical\" href=\"https:\/\/dana.com.br\/canaldana\/2022\/08\/29\/risco-de-desabastecimento-de-diesel-diminui-aponta-ibp\/\" \/>\n<meta property=\"og:locale\" content=\"pt_BR\" \/>\n<meta property=\"og:type\" content=\"article\" \/>\n<meta property=\"og:title\" content=\"Risco de desabastecimento de diesel diminui, aponta IBP - Canal Dana\" \/>\n<meta property=\"og:description\" content=\"O Estado de S. Paulo &nbsp; O abastecimento de diesel S10 A (menos poluente, e obrigat\u00f3rio para o transporte rodovi\u00e1rio desde 2012) segue est\u00e1vel no Pa\u00eds, com previs\u00e3o de pequeno d\u00e9ficit em novembro, aponta o Instituto Brasileiro de Petr\u00f3leo (IBP) em boletim divulgado nesta semana. O d\u00e9ficit estimado pelo IBP \u00e9 de 12 mil metros\u2026 Leia mais \u00bb\" \/>\n<meta property=\"og:url\" content=\"https:\/\/dana.com.br\/canaldana\/2022\/08\/29\/risco-de-desabastecimento-de-diesel-diminui-aponta-ibp\/\" \/>\n<meta property=\"og:site_name\" content=\"Canal Dana\" \/>\n<meta property=\"article:published_time\" content=\"2022-08-29T11:56:36+00:00\" \/>\n<meta name=\"author\" content=\"Canal Dana\" \/>\n<meta name=\"twitter:card\" content=\"summary_large_image\" \/>\n<meta name=\"twitter:label1\" content=\"Escrito por\" \/>\n\t<meta name=\"twitter:data1\" content=\"Canal Dana\" \/>\n\t<meta name=\"twitter:label2\" content=\"Est. tempo de leitura\" \/>\n\t<meta name=\"twitter:data2\" content=\"3 minutos\" \/>\n<script type=\"application\/ld+json\" class=\"yoast-schema-graph\">{\"@context\":\"https:\\\/\\\/schema.org\",\"@graph\":[{\"@type\":\"Article\",\"@id\":\"https:\\\/\\\/dana.com.br\\\/canaldana\\\/2022\\\/08\\\/29\\\/risco-de-desabastecimento-de-diesel-diminui-aponta-ibp\\\/#article\",\"isPartOf\":{\"@id\":\"https:\\\/\\\/dana.com.br\\\/canaldana\\\/2022\\\/08\\\/29\\\/risco-de-desabastecimento-de-diesel-diminui-aponta-ibp\\\/\"},\"author\":{\"name\":\"Canal Dana\",\"@id\":\"https:\\\/\\\/dana.com.br\\\/canaldana\\\/#\\\/schema\\\/person\\\/3c21f22f56fcf3bc46b94bc60ea4fef6\"},\"headline\":\"Risco de desabastecimento de diesel diminui, aponta IBP\",\"datePublished\":\"2022-08-29T11:56:36+00:00\",\"mainEntityOfPage\":{\"@id\":\"https:\\\/\\\/dana.com.br\\\/canaldana\\\/2022\\\/08\\\/29\\\/risco-de-desabastecimento-de-diesel-diminui-aponta-ibp\\\/\"},\"wordCount\":531,\"articleSection\":[\"Mercado\"],\"inLanguage\":\"pt-BR\"},{\"@type\":\"WebPage\",\"@id\":\"https:\\\/\\\/dana.com.br\\\/canaldana\\\/2022\\\/08\\\/29\\\/risco-de-desabastecimento-de-diesel-diminui-aponta-ibp\\\/\",\"url\":\"https:\\\/\\\/dana.com.br\\\/canaldana\\\/2022\\\/08\\\/29\\\/risco-de-desabastecimento-de-diesel-diminui-aponta-ibp\\\/\",\"name\":\"Risco de desabastecimento de diesel diminui, aponta IBP - Canal Dana\",\"isPartOf\":{\"@id\":\"https:\\\/\\\/dana.com.br\\\/canaldana\\\/#website\"},\"datePublished\":\"2022-08-29T11:56:36+00:00\",\"author\":{\"@id\":\"https:\\\/\\\/dana.com.br\\\/canaldana\\\/#\\\/schema\\\/person\\\/3c21f22f56fcf3bc46b94bc60ea4fef6\"},\"breadcrumb\":{\"@id\":\"https:\\\/\\\/dana.com.br\\\/canaldana\\\/2022\\\/08\\\/29\\\/risco-de-desabastecimento-de-diesel-diminui-aponta-ibp\\\/#breadcrumb\"},\"inLanguage\":\"pt-BR\",\"potentialAction\":[{\"@type\":\"ReadAction\",\"target\":[\"https:\\\/\\\/dana.com.br\\\/canaldana\\\/2022\\\/08\\\/29\\\/risco-de-desabastecimento-de-diesel-diminui-aponta-ibp\\\/\"]}]},{\"@type\":\"BreadcrumbList\",\"@id\":\"https:\\\/\\\/dana.com.br\\\/canaldana\\\/2022\\\/08\\\/29\\\/risco-de-desabastecimento-de-diesel-diminui-aponta-ibp\\\/#breadcrumb\",\"itemListElement\":[{\"@type\":\"ListItem\",\"position\":1,\"name\":\"Home\",\"item\":\"https:\\\/\\\/dana.com.br\\\/canaldana\\\/\"},{\"@type\":\"ListItem\",\"position\":2,\"name\":\"Mercado\",\"item\":\"https:\\\/\\\/dana.com.br\\\/canaldana\\\/mercado\\\/\"},{\"@type\":\"ListItem\",\"position\":3,\"name\":\"Risco de desabastecimento de diesel diminui, aponta IBP\"}]},{\"@type\":\"WebSite\",\"@id\":\"https:\\\/\\\/dana.com.br\\\/canaldana\\\/#website\",\"url\":\"https:\\\/\\\/dana.com.br\\\/canaldana\\\/\",\"name\":\"Canal Dana\",\"description\":\"Informativo com as principais not\u00edcias da ind\u00fastria automotiva\",\"potentialAction\":[{\"@type\":\"SearchAction\",\"target\":{\"@type\":\"EntryPoint\",\"urlTemplate\":\"https:\\\/\\\/dana.com.br\\\/canaldana\\\/?s={search_term_string}\"},\"query-input\":{\"@type\":\"PropertyValueSpecification\",\"valueRequired\":true,\"valueName\":\"search_term_string\"}}],\"inLanguage\":\"pt-BR\"},{\"@type\":\"Person\",\"@id\":\"https:\\\/\\\/dana.com.br\\\/canaldana\\\/#\\\/schema\\\/person\\\/3c21f22f56fcf3bc46b94bc60ea4fef6\",\"name\":\"Canal Dana\",\"image\":{\"@type\":\"ImageObject\",\"inLanguage\":\"pt-BR\",\"@id\":\"https:\\\/\\\/secure.gravatar.com\\\/avatar\\\/420aaf9278582877d9018637c6817617705899d2858d7572ef0fe59a6b6454b4?s=96&d=mm&r=g\",\"url\":\"https:\\\/\\\/secure.gravatar.com\\\/avatar\\\/420aaf9278582877d9018637c6817617705899d2858d7572ef0fe59a6b6454b4?s=96&d=mm&r=g\",\"contentUrl\":\"https:\\\/\\\/secure.gravatar.com\\\/avatar\\\/420aaf9278582877d9018637c6817617705899d2858d7572ef0fe59a6b6454b4?s=96&d=mm&r=g\",\"caption\":\"Canal Dana\"},\"url\":\"https:\\\/\\\/dana.com.br\\\/canaldana\\\/author\\\/cdeditor\\\/\"}]}<\/script>\n<!-- \/ Yoast SEO plugin. -->","yoast_head_json":{"title":"Risco de desabastecimento de diesel diminui, aponta IBP - Canal Dana","robots":{"index":"index","follow":"follow","max-snippet":"max-snippet:-1","max-image-preview":"max-image-preview:large","max-video-preview":"max-video-preview:-1"},"canonical":"https:\/\/dana.com.br\/canaldana\/2022\/08\/29\/risco-de-desabastecimento-de-diesel-diminui-aponta-ibp\/","og_locale":"pt_BR","og_type":"article","og_title":"Risco de desabastecimento de diesel diminui, aponta IBP - Canal Dana","og_description":"O Estado de S. Paulo &nbsp; O abastecimento de diesel S10 A (menos poluente, e obrigat\u00f3rio para o transporte rodovi\u00e1rio desde 2012) segue est\u00e1vel no Pa\u00eds, com previs\u00e3o de pequeno d\u00e9ficit em novembro, aponta o Instituto Brasileiro de Petr\u00f3leo (IBP) em boletim divulgado nesta semana. O d\u00e9ficit estimado pelo IBP \u00e9 de 12 mil metros\u2026 Leia mais \u00bb","og_url":"https:\/\/dana.com.br\/canaldana\/2022\/08\/29\/risco-de-desabastecimento-de-diesel-diminui-aponta-ibp\/","og_site_name":"Canal Dana","article_published_time":"2022-08-29T11:56:36+00:00","author":"Canal Dana","twitter_card":"summary_large_image","twitter_misc":{"Escrito por":"Canal Dana","Est. tempo de leitura":"3 minutos"},"schema":{"@context":"https:\/\/schema.org","@graph":[{"@type":"Article","@id":"https:\/\/dana.com.br\/canaldana\/2022\/08\/29\/risco-de-desabastecimento-de-diesel-diminui-aponta-ibp\/#article","isPartOf":{"@id":"https:\/\/dana.com.br\/canaldana\/2022\/08\/29\/risco-de-desabastecimento-de-diesel-diminui-aponta-ibp\/"},"author":{"name":"Canal Dana","@id":"https:\/\/dana.com.br\/canaldana\/#\/schema\/person\/3c21f22f56fcf3bc46b94bc60ea4fef6"},"headline":"Risco de desabastecimento de diesel diminui, aponta IBP","datePublished":"2022-08-29T11:56:36+00:00","mainEntityOfPage":{"@id":"https:\/\/dana.com.br\/canaldana\/2022\/08\/29\/risco-de-desabastecimento-de-diesel-diminui-aponta-ibp\/"},"wordCount":531,"articleSection":["Mercado"],"inLanguage":"pt-BR"},{"@type":"WebPage","@id":"https:\/\/dana.com.br\/canaldana\/2022\/08\/29\/risco-de-desabastecimento-de-diesel-diminui-aponta-ibp\/","url":"https:\/\/dana.com.br\/canaldana\/2022\/08\/29\/risco-de-desabastecimento-de-diesel-diminui-aponta-ibp\/","name":"Risco de desabastecimento de diesel diminui, aponta IBP - Canal Dana","isPartOf":{"@id":"https:\/\/dana.com.br\/canaldana\/#website"},"datePublished":"2022-08-29T11:56:36+00:00","author":{"@id":"https:\/\/dana.com.br\/canaldana\/#\/schema\/person\/3c21f22f56fcf3bc46b94bc60ea4fef6"},"breadcrumb":{"@id":"https:\/\/dana.com.br\/canaldana\/2022\/08\/29\/risco-de-desabastecimento-de-diesel-diminui-aponta-ibp\/#breadcrumb"},"inLanguage":"pt-BR","potentialAction":[{"@type":"ReadAction","target":["https:\/\/dana.com.br\/canaldana\/2022\/08\/29\/risco-de-desabastecimento-de-diesel-diminui-aponta-ibp\/"]}]},{"@type":"BreadcrumbList","@id":"https:\/\/dana.com.br\/canaldana\/2022\/08\/29\/risco-de-desabastecimento-de-diesel-diminui-aponta-ibp\/#breadcrumb","itemListElement":[{"@type":"ListItem","position":1,"name":"Home","item":"https:\/\/dana.com.br\/canaldana\/"},{"@type":"ListItem","position":2,"name":"Mercado","item":"https:\/\/dana.com.br\/canaldana\/mercado\/"},{"@type":"ListItem","position":3,"name":"Risco de desabastecimento de diesel diminui, aponta IBP"}]},{"@type":"WebSite","@id":"https:\/\/dana.com.br\/canaldana\/#website","url":"https:\/\/dana.com.br\/canaldana\/","name":"Canal Dana","description":"Informativo com as principais not\u00edcias da ind\u00fastria automotiva","potentialAction":[{"@type":"SearchAction","target":{"@type":"EntryPoint","urlTemplate":"https:\/\/dana.com.br\/canaldana\/?s={search_term_string}"},"query-input":{"@type":"PropertyValueSpecification","valueRequired":true,"valueName":"search_term_string"}}],"inLanguage":"pt-BR"},{"@type":"Person","@id":"https:\/\/dana.com.br\/canaldana\/#\/schema\/person\/3c21f22f56fcf3bc46b94bc60ea4fef6","name":"Canal Dana","image":{"@type":"ImageObject","inLanguage":"pt-BR","@id":"https:\/\/secure.gravatar.com\/avatar\/420aaf9278582877d9018637c6817617705899d2858d7572ef0fe59a6b6454b4?s=96&d=mm&r=g","url":"https:\/\/secure.gravatar.com\/avatar\/420aaf9278582877d9018637c6817617705899d2858d7572ef0fe59a6b6454b4?s=96&d=mm&r=g","contentUrl":"https:\/\/secure.gravatar.com\/avatar\/420aaf9278582877d9018637c6817617705899d2858d7572ef0fe59a6b6454b4?s=96&d=mm&r=g","caption":"Canal Dana"},"url":"https:\/\/dana.com.br\/canaldana\/author\/cdeditor\/"}]}},"_links":{"self":[{"href":"https:\/\/dana.com.br\/canaldana\/wp-json\/wp\/v2\/posts\/60591","targetHints":{"allow":["GET"]}}],"collection":[{"href":"https:\/\/dana.com.br\/canaldana\/wp-json\/wp\/v2\/posts"}],"about":[{"href":"https:\/\/dana.com.br\/canaldana\/wp-json\/wp\/v2\/types\/post"}],"author":[{"embeddable":true,"href":"https:\/\/dana.com.br\/canaldana\/wp-json\/wp\/v2\/users\/3"}],"replies":[{"embeddable":true,"href":"https:\/\/dana.com.br\/canaldana\/wp-json\/wp\/v2\/comments?post=60591"}],"version-history":[{"count":0,"href":"https:\/\/dana.com.br\/canaldana\/wp-json\/wp\/v2\/posts\/60591\/revisions"}],"wp:attachment":[{"href":"https:\/\/dana.com.br\/canaldana\/wp-json\/wp\/v2\/media?parent=60591"}],"wp:term":[{"taxonomy":"category","embeddable":true,"href":"https:\/\/dana.com.br\/canaldana\/wp-json\/wp\/v2\/categories?post=60591"},{"taxonomy":"post_tag","embeddable":true,"href":"https:\/\/dana.com.br\/canaldana\/wp-json\/wp\/v2\/tags?post=60591"}],"curies":[{"name":"wp","href":"https:\/\/api.w.org\/{rel}","templated":true}]}}