{"id":60527,"date":"2022-08-25T08:50:16","date_gmt":"2022-08-25T11:50:16","guid":{"rendered":"https:\/\/dana.com.br\/canaldana\/?p=60527"},"modified":"2022-08-25T08:50:16","modified_gmt":"2022-08-25T11:50:16","slug":"laboratorio-de-emissoes-da-vw-pioneiro-no-brasil-completa-45-anos","status":"publish","type":"post","link":"https:\/\/dana.com.br\/canaldana\/2022\/08\/25\/laboratorio-de-emissoes-da-vw-pioneiro-no-brasil-completa-45-anos\/","title":{"rendered":"Laborat\u00f3rio de emiss\u00f5es da VW, pioneiro no Brasil, completa 45 anos"},"content":{"rendered":"<p><em>Coisas de Agora<\/em><\/p>\n<p>&nbsp;<\/p>\n<p>O Laborat\u00f3rio de Emiss\u00f5es Veiculares da Volkswagen do Brasil foi o primeiro do g\u00eanero a ser inaugurado no Pa\u00eds, em 1977. Ele foi desenvolvido com o objetivo de realizar pesquisas com emiss\u00f5es e consumo, al\u00e9m de pesquisas com combust\u00edveis alternativos, e, posteriormente, com a cria\u00e7\u00e3o do Proconve (Programa de Controle da Polui\u00e7\u00e3o do Ar por Ve\u00edculos Automotores) para atender os requisitos das leis de emiss\u00f5es.<\/p>\n<p>&nbsp;<\/p>\n<p>Hoje, o Laborat\u00f3rio de Emiss\u00f5es da Volkswagen do Brasil, localizado em uma \u00e1rea de 3.200 metros quadrados na f\u00e1brica Anchieta, em S\u00e3o Bernardo do Campo\/SP, realiza em m\u00e9dia mais de 10 mil ensaios por ano em suas cinco c\u00e9lulas de medi\u00e7\u00e3o. S\u00e3o cerca de 10 vezes mais quando, h\u00e1 45 anos, a primeira c\u00e9lula com dinam\u00f4metro, na \u00e9poca tra\u00e7\u00e3o 4X2 \u2013 depois atualizada, em 2014, para 4X4 \u2013 capaz de realizar ensaios em motores Otto (gasolina, etanol e GLP e diesel). A equipe \u00e9 formada por cerca de 40 colaboradores que se revezam em dois turnos de opera\u00e7\u00e3o para atender a demanda atual dos ve\u00edculos da marca e Grupo VW.<\/p>\n<p>&nbsp;<\/p>\n<p>\u201cA capacidade de medi\u00e7\u00e3o, a tecnologia aplicada e a qualidade assegurada do Laborat\u00f3rio de Emiss\u00f5es Veiculares da Volkswagen s\u00e3o o motivo de orgulho do papel que desempenhamos aqui. Toda nossa equipe est\u00e1 em constante treinamento e reciclagem di\u00e1ria. Atuamos para garantir que nossos equipamentos estejam calibrados e prontos para atender \u00e0s normas regentes na legisla\u00e7\u00e3o ambiental atual\u201d, destaca Matthias Michniacki, vice-presidente de Desenvolvimento do Produto, Baureihe e Estrat\u00e9gia da Volkswagen do Brasil e Regi\u00e3o SAM.<\/p>\n<p>&nbsp;<\/p>\n<p>O Laborat\u00f3rio de Emiss\u00f5es da Volkswagen \u00e9 tamb\u00e9m certificado na NBR ISO 17025, outorgada pelo INMETRO, norma que atesta a qualidade e a confiabilidade dos ensaios e resultados obtidos. Isso permite que a empresa possa homologar os ve\u00edculos para outros pa\u00edses da Am\u00e9rica do Sul.<\/p>\n<p>&nbsp;<\/p>\n<p>Al\u00e9m dos ensaios recorrentes de desenvolvimento de motores, controle da produ\u00e7\u00e3o e homologa\u00e7\u00e3o do produto, a mais recente atua\u00e7\u00e3o do Laborat\u00f3rio de Emiss\u00f5es foi prover os ensaios necess\u00e1rios para que a Volkswagen atendesse \u00e0 fase 7 do Proconve. Na ocasi\u00e3o, foram adquiridos quatro equipamentos para Real Drive Emission, uma esp\u00e9cie de laborat\u00f3rio m\u00f3vel instalado na traseira do carro para coletar os gases e fazer a medi\u00e7\u00e3o em tempo real rodando na rua.<\/p>\n<p>&nbsp;<\/p>\n<p>A partir desse ano, o laborat\u00f3rio est\u00e1 preparado para realizar ensaios em ve\u00edculos el\u00e9tricos e h\u00edbridos e vem trabalhando em projetos futuros que devem cumprir \u00e0s novas legisla\u00e7\u00f5es vigentes no Pa\u00eds.<\/p>\n<p>&nbsp;<\/p>\n<p><strong>Como funciona o Laborat\u00f3rio de Emiss\u00f5es Veiculares<\/strong><\/p>\n<p>&nbsp;<\/p>\n<p>A equipe analisa diariamente os gases de escape de prot\u00f3tipos e de carros de produ\u00e7\u00e3o em s\u00e9rie. Em suas instala\u00e7\u00f5es, s\u00e3o reproduzidas com fidelidade as condi\u00e7\u00f5es reais de uso do ve\u00edculo na cidade e na estrada.<\/p>\n<p>&nbsp;<\/p>\n<p>Hoje s\u00e3o cinco c\u00e9lulas de medi\u00e7\u00e3o completas para testes, incluindo dinam\u00f4metros de chassi, analisadores de gases, cromat\u00f3grafos e computadores de \u00faltima gera\u00e7\u00e3o.<\/p>\n<p>&nbsp;<\/p>\n<p>Nas horas que antecedem a realiza\u00e7\u00e3o dos ensaios, os ve\u00edculos ficam em repouso absoluto em uma \u00e1rea de condicionamento climatizada a uma temperatura entre 20\u00b0C a 30\u00b0C.<\/p>\n<p>&nbsp;<\/p>\n<p>Completam as depend\u00eancias do laborat\u00f3rio outras tr\u00eas c\u00e2maras SHED (Sealed Housing for Evaporative Determination), herm\u00e9ticas, para medir os vapores de combust\u00edvel provenientes do sistema de combust\u00edvel (tanque, mangueiras, filtros etc).<\/p>\n<p>&nbsp;<\/p>\n<p>No ensaio de emiss\u00f5es, o ve\u00edculo aciona um dinam\u00f4metro de chassi de uma das c\u00e9lulas do laborat\u00f3rio. Por aproximadamente 42 minutos, o teste simula um trecho de aproximadamente 18 km, que inclui acelera\u00e7\u00f5es, frenagens, desacelera\u00e7\u00f5es, al\u00e9m de paradas em marcha lenta (simulando paradas em sem\u00e1foros ou congestionamentos).<\/p>\n<p>&nbsp;<\/p>\n<p>O dinam\u00f4metro de chassi \u00e9 um equipamento sofisticado que simula\/reproduz as for\u00e7as\/resist\u00eancia ao deslocamento do ve\u00edculo em pista.<\/p>\n<p>&nbsp;<\/p>\n<p>Com as rodas de tra\u00e7\u00e3o sobre dois rolos met\u00e1licos do equipamento, o motorista conduz o ve\u00edculo conforme as instru\u00e7\u00f5es de velocidade e de troca de marchas transmitidas por um v\u00eddeo comandado por computador. Cada ve\u00edculo testado no dinam\u00f4metro passa por tr\u00eas fases distintas: 1-fase fria: motor frio; 2-fase transiente e 3-fase quente.<\/p>\n<p>&nbsp;<\/p>\n<p>Durante o ensaio, \u00e9 acoplado na tubula\u00e7\u00e3o de escape do ve\u00edculo uma tubula\u00e7\u00e3o, que \u00e9 ligada ao escapamento do autom\u00f3vel para captar os gases provenientes da queima do combust\u00edvel e, enviando amostras para tr\u00eas bal\u00f5es de pl\u00e1stico, uma para cada fase do teste.<\/p>\n<p>&nbsp;<\/p>\n<p>Ap\u00f3s a coleta dos gases os mesmos s\u00e3o analisados por analisadores que foram ajustados com gases padr\u00f5es. O resultado, final \u00e9 apresentado em miligramas por quil\u00f4metro rodado (mg\/km).<\/p>\n<p>&nbsp;<\/p>\n<p>Durante os ensaios s\u00e3o coletadas amostras que ser\u00e3o analisadas via cromatografia Liquida e gasosa para determina\u00e7\u00e3o da concentra\u00e7\u00e3o de alde\u00eddos e etanol n\u00e3o queimado. Para os ve\u00edculos com inje\u00e7\u00e3o direta (TSI) tamb\u00e9m s\u00e3o coletados o material particulado exig\u00eancia legal.<\/p>\n<p>&nbsp;<\/p>\n<p><strong>Cronologia<\/strong><\/p>\n<p>&nbsp;<\/p>\n<p><strong>1977 \u2013<\/strong> C\u00e9lula I \u2013 dinam\u00f4metro 4X4, ensaios em motores Otto e diesel (atualizada em 2014, antes era 4X2)<\/p>\n<p><strong>\u00a0<\/strong><\/p>\n<p><strong>1986 \u2013 Inaugura\u00e7\u00f5es<\/strong><\/p>\n<ul>\n<li>C\u00e9lula II \u2013 dinam\u00f4metro 4X2, ensaios em motores Otto e diesel<\/li>\n<li>Laborat\u00f3rio Qu\u00edmico (atualizado em 2014)<\/li>\n<li>C\u00e2mara Evaporativas \u2013 SHED I (C\u00e2mara para ensaios de emiss\u00f5es evaporativas)<\/li>\n<\/ul>\n<p>&nbsp;<\/p>\n<p><strong>1987 \u2013<\/strong> C\u00e9lula III e IV \u2013 dinam\u00f4metro 4X2, ensaios em motores Otto e diesel (atualizada em 2012)<\/p>\n<p>&nbsp;<\/p>\n<p><strong>1990 \u2013<\/strong> Inaugura\u00e7\u00f5es<\/p>\n<ul>\n<li>C\u00e9lula V \u2013 dinam\u00f4metro 4X2, ensaios em motores Otto e diesel (atualizada em 2013)<\/li>\n<li>C\u00e2mara Evaporativas \u2013 SHED II<\/li>\n<\/ul>\n<p>&nbsp;<\/p>\n<p><strong>1998 \u2013<\/strong> Acredita\u00e7\u00e3o na norma ISO 17025<\/p>\n<p><strong>2010 \u2013<\/strong> C\u00e2mara Evaporativas \u2013 SHED III<\/p>\n<p><strong>2016 \u2013<\/strong> Expans\u00e3o da \u00e1rea de condicionamento de ve\u00edculos<\/p>\n<p>&nbsp;<\/p>\n<p><strong>2020 e 2021 \u2013<\/strong> Implementa\u00e7\u00e3o de novos equipamentos para atendimento ao PL7 do Proconve:<\/p>\n<ul>\n<li>Aquisi\u00e7\u00e3o de 4 Sistemas Port\u00e1teis de Medi\u00e7\u00e3o de Emiss\u00f5es \u2013 RDE (Real Drive Emissions);<\/li>\n<li>Atualiza\u00e7\u00e3o da c\u00e9lula II (de 4X2 para 4X4, medi\u00e7\u00e3o h\u00edbrida e el\u00e9trica)<\/li>\n<li>C\u00e9lulas I, III, IV e V receberam novos equipamentos para medi\u00e7\u00e3o de material particulado (MP)<\/li>\n<li>Nova sala de medi\u00e7\u00e3o de material particulado (MP)<\/li>\n<li>Novas c\u00e2maras de emiss\u00f5es evaporativas com ORVR (Onbording Refueling Vapor Recovery)<\/li>\n<li>Aquisi\u00e7\u00e3o de equipamentos de filtro de carv\u00e3o ativado (canister) e novos cromat\u00f3grafos para medi\u00e7\u00e3o de alde\u00eddos e etanol n\u00e3o queimado.<\/li>\n<\/ul>\n<p>(Coisas de Agora)<\/p>\n","protected":false},"excerpt":{"rendered":"<p>Coisas de Agora &nbsp; O Laborat\u00f3rio de Emiss\u00f5es Veiculares da Volkswagen do Brasil foi o primeiro do g\u00eanero a ser inaugurado no Pa\u00eds, em 1977. Ele foi desenvolvido com o objetivo de realizar pesquisas com emiss\u00f5es e consumo, al\u00e9m de pesquisas com combust\u00edveis alternativos, e, posteriormente, com a cria\u00e7\u00e3o do Proconve (Programa de Controle da\u2026 <a class=\"readmore\" href=\"https:\/\/dana.com.br\/canaldana\/2022\/08\/25\/laboratorio-de-emissoes-da-vw-pioneiro-no-brasil-completa-45-anos\/\">Leia mais \u00bb<\/a><\/p>\n","protected":false},"author":3,"featured_media":0,"comment_status":"closed","ping_status":"closed","sticky":false,"template":"","format":"standard","meta":{"_acf_changed":false,"footnotes":""},"categories":[79],"tags":[],"class_list":["post-60527","post","type-post","status-publish","format-standard","hentry","category-mercado"],"acf":[],"yoast_head":"<!-- This site is optimized with the Yoast SEO plugin v27.3 - https:\/\/yoast.com\/product\/yoast-seo-wordpress\/ -->\n<title>Laborat\u00f3rio de emiss\u00f5es da VW, pioneiro no Brasil, completa 45 anos - Canal Dana<\/title>\n<meta name=\"robots\" content=\"index, follow, max-snippet:-1, max-image-preview:large, max-video-preview:-1\" \/>\n<link rel=\"canonical\" href=\"https:\/\/dana.com.br\/canaldana\/2022\/08\/25\/laboratorio-de-emissoes-da-vw-pioneiro-no-brasil-completa-45-anos\/\" \/>\n<meta property=\"og:locale\" content=\"pt_BR\" \/>\n<meta property=\"og:type\" content=\"article\" \/>\n<meta property=\"og:title\" content=\"Laborat\u00f3rio de emiss\u00f5es da VW, pioneiro no Brasil, completa 45 anos - Canal Dana\" \/>\n<meta property=\"og:description\" content=\"Coisas de Agora &nbsp; O Laborat\u00f3rio de Emiss\u00f5es Veiculares da Volkswagen do Brasil foi o primeiro do g\u00eanero a ser inaugurado no Pa\u00eds, em 1977. Ele foi desenvolvido com o objetivo de realizar pesquisas com emiss\u00f5es e consumo, al\u00e9m de pesquisas com combust\u00edveis alternativos, e, posteriormente, com a cria\u00e7\u00e3o do Proconve (Programa de Controle da\u2026 Leia mais \u00bb\" \/>\n<meta property=\"og:url\" content=\"https:\/\/dana.com.br\/canaldana\/2022\/08\/25\/laboratorio-de-emissoes-da-vw-pioneiro-no-brasil-completa-45-anos\/\" \/>\n<meta property=\"og:site_name\" content=\"Canal Dana\" \/>\n<meta property=\"article:published_time\" content=\"2022-08-25T11:50:16+00:00\" \/>\n<meta name=\"author\" content=\"Canal Dana\" \/>\n<meta name=\"twitter:card\" content=\"summary_large_image\" \/>\n<meta name=\"twitter:label1\" content=\"Escrito por\" \/>\n\t<meta name=\"twitter:data1\" content=\"Canal Dana\" \/>\n\t<meta name=\"twitter:label2\" content=\"Est. tempo de leitura\" \/>\n\t<meta name=\"twitter:data2\" content=\"6 minutos\" \/>\n<script type=\"application\/ld+json\" class=\"yoast-schema-graph\">{\"@context\":\"https:\\\/\\\/schema.org\",\"@graph\":[{\"@type\":\"Article\",\"@id\":\"https:\\\/\\\/dana.com.br\\\/canaldana\\\/2022\\\/08\\\/25\\\/laboratorio-de-emissoes-da-vw-pioneiro-no-brasil-completa-45-anos\\\/#article\",\"isPartOf\":{\"@id\":\"https:\\\/\\\/dana.com.br\\\/canaldana\\\/2022\\\/08\\\/25\\\/laboratorio-de-emissoes-da-vw-pioneiro-no-brasil-completa-45-anos\\\/\"},\"author\":{\"name\":\"Canal Dana\",\"@id\":\"https:\\\/\\\/dana.com.br\\\/canaldana\\\/#\\\/schema\\\/person\\\/3c21f22f56fcf3bc46b94bc60ea4fef6\"},\"headline\":\"Laborat\u00f3rio de emiss\u00f5es da VW, pioneiro no Brasil, completa 45 anos\",\"datePublished\":\"2022-08-25T11:50:16+00:00\",\"mainEntityOfPage\":{\"@id\":\"https:\\\/\\\/dana.com.br\\\/canaldana\\\/2022\\\/08\\\/25\\\/laboratorio-de-emissoes-da-vw-pioneiro-no-brasil-completa-45-anos\\\/\"},\"wordCount\":1113,\"articleSection\":[\"Mercado\"],\"inLanguage\":\"pt-BR\"},{\"@type\":\"WebPage\",\"@id\":\"https:\\\/\\\/dana.com.br\\\/canaldana\\\/2022\\\/08\\\/25\\\/laboratorio-de-emissoes-da-vw-pioneiro-no-brasil-completa-45-anos\\\/\",\"url\":\"https:\\\/\\\/dana.com.br\\\/canaldana\\\/2022\\\/08\\\/25\\\/laboratorio-de-emissoes-da-vw-pioneiro-no-brasil-completa-45-anos\\\/\",\"name\":\"Laborat\u00f3rio de emiss\u00f5es da VW, pioneiro no Brasil, completa 45 anos - Canal Dana\",\"isPartOf\":{\"@id\":\"https:\\\/\\\/dana.com.br\\\/canaldana\\\/#website\"},\"datePublished\":\"2022-08-25T11:50:16+00:00\",\"author\":{\"@id\":\"https:\\\/\\\/dana.com.br\\\/canaldana\\\/#\\\/schema\\\/person\\\/3c21f22f56fcf3bc46b94bc60ea4fef6\"},\"breadcrumb\":{\"@id\":\"https:\\\/\\\/dana.com.br\\\/canaldana\\\/2022\\\/08\\\/25\\\/laboratorio-de-emissoes-da-vw-pioneiro-no-brasil-completa-45-anos\\\/#breadcrumb\"},\"inLanguage\":\"pt-BR\",\"potentialAction\":[{\"@type\":\"ReadAction\",\"target\":[\"https:\\\/\\\/dana.com.br\\\/canaldana\\\/2022\\\/08\\\/25\\\/laboratorio-de-emissoes-da-vw-pioneiro-no-brasil-completa-45-anos\\\/\"]}]},{\"@type\":\"BreadcrumbList\",\"@id\":\"https:\\\/\\\/dana.com.br\\\/canaldana\\\/2022\\\/08\\\/25\\\/laboratorio-de-emissoes-da-vw-pioneiro-no-brasil-completa-45-anos\\\/#breadcrumb\",\"itemListElement\":[{\"@type\":\"ListItem\",\"position\":1,\"name\":\"Home\",\"item\":\"https:\\\/\\\/dana.com.br\\\/canaldana\\\/\"},{\"@type\":\"ListItem\",\"position\":2,\"name\":\"Mercado\",\"item\":\"https:\\\/\\\/dana.com.br\\\/canaldana\\\/mercado\\\/\"},{\"@type\":\"ListItem\",\"position\":3,\"name\":\"Laborat\u00f3rio de emiss\u00f5es da VW, pioneiro no Brasil, completa 45 anos\"}]},{\"@type\":\"WebSite\",\"@id\":\"https:\\\/\\\/dana.com.br\\\/canaldana\\\/#website\",\"url\":\"https:\\\/\\\/dana.com.br\\\/canaldana\\\/\",\"name\":\"Canal Dana\",\"description\":\"Informativo com as principais not\u00edcias da ind\u00fastria automotiva\",\"potentialAction\":[{\"@type\":\"SearchAction\",\"target\":{\"@type\":\"EntryPoint\",\"urlTemplate\":\"https:\\\/\\\/dana.com.br\\\/canaldana\\\/?s={search_term_string}\"},\"query-input\":{\"@type\":\"PropertyValueSpecification\",\"valueRequired\":true,\"valueName\":\"search_term_string\"}}],\"inLanguage\":\"pt-BR\"},{\"@type\":\"Person\",\"@id\":\"https:\\\/\\\/dana.com.br\\\/canaldana\\\/#\\\/schema\\\/person\\\/3c21f22f56fcf3bc46b94bc60ea4fef6\",\"name\":\"Canal Dana\",\"image\":{\"@type\":\"ImageObject\",\"inLanguage\":\"pt-BR\",\"@id\":\"https:\\\/\\\/secure.gravatar.com\\\/avatar\\\/420aaf9278582877d9018637c6817617705899d2858d7572ef0fe59a6b6454b4?s=96&d=mm&r=g\",\"url\":\"https:\\\/\\\/secure.gravatar.com\\\/avatar\\\/420aaf9278582877d9018637c6817617705899d2858d7572ef0fe59a6b6454b4?s=96&d=mm&r=g\",\"contentUrl\":\"https:\\\/\\\/secure.gravatar.com\\\/avatar\\\/420aaf9278582877d9018637c6817617705899d2858d7572ef0fe59a6b6454b4?s=96&d=mm&r=g\",\"caption\":\"Canal Dana\"},\"url\":\"https:\\\/\\\/dana.com.br\\\/canaldana\\\/author\\\/cdeditor\\\/\"}]}<\/script>\n<!-- \/ Yoast SEO plugin. -->","yoast_head_json":{"title":"Laborat\u00f3rio de emiss\u00f5es da VW, pioneiro no Brasil, completa 45 anos - Canal Dana","robots":{"index":"index","follow":"follow","max-snippet":"max-snippet:-1","max-image-preview":"max-image-preview:large","max-video-preview":"max-video-preview:-1"},"canonical":"https:\/\/dana.com.br\/canaldana\/2022\/08\/25\/laboratorio-de-emissoes-da-vw-pioneiro-no-brasil-completa-45-anos\/","og_locale":"pt_BR","og_type":"article","og_title":"Laborat\u00f3rio de emiss\u00f5es da VW, pioneiro no Brasil, completa 45 anos - Canal Dana","og_description":"Coisas de Agora &nbsp; O Laborat\u00f3rio de Emiss\u00f5es Veiculares da Volkswagen do Brasil foi o primeiro do g\u00eanero a ser inaugurado no Pa\u00eds, em 1977. Ele foi desenvolvido com o objetivo de realizar pesquisas com emiss\u00f5es e consumo, al\u00e9m de pesquisas com combust\u00edveis alternativos, e, posteriormente, com a cria\u00e7\u00e3o do Proconve (Programa de Controle da\u2026 Leia mais \u00bb","og_url":"https:\/\/dana.com.br\/canaldana\/2022\/08\/25\/laboratorio-de-emissoes-da-vw-pioneiro-no-brasil-completa-45-anos\/","og_site_name":"Canal Dana","article_published_time":"2022-08-25T11:50:16+00:00","author":"Canal Dana","twitter_card":"summary_large_image","twitter_misc":{"Escrito por":"Canal Dana","Est. tempo de leitura":"6 minutos"},"schema":{"@context":"https:\/\/schema.org","@graph":[{"@type":"Article","@id":"https:\/\/dana.com.br\/canaldana\/2022\/08\/25\/laboratorio-de-emissoes-da-vw-pioneiro-no-brasil-completa-45-anos\/#article","isPartOf":{"@id":"https:\/\/dana.com.br\/canaldana\/2022\/08\/25\/laboratorio-de-emissoes-da-vw-pioneiro-no-brasil-completa-45-anos\/"},"author":{"name":"Canal Dana","@id":"https:\/\/dana.com.br\/canaldana\/#\/schema\/person\/3c21f22f56fcf3bc46b94bc60ea4fef6"},"headline":"Laborat\u00f3rio de emiss\u00f5es da VW, pioneiro no Brasil, completa 45 anos","datePublished":"2022-08-25T11:50:16+00:00","mainEntityOfPage":{"@id":"https:\/\/dana.com.br\/canaldana\/2022\/08\/25\/laboratorio-de-emissoes-da-vw-pioneiro-no-brasil-completa-45-anos\/"},"wordCount":1113,"articleSection":["Mercado"],"inLanguage":"pt-BR"},{"@type":"WebPage","@id":"https:\/\/dana.com.br\/canaldana\/2022\/08\/25\/laboratorio-de-emissoes-da-vw-pioneiro-no-brasil-completa-45-anos\/","url":"https:\/\/dana.com.br\/canaldana\/2022\/08\/25\/laboratorio-de-emissoes-da-vw-pioneiro-no-brasil-completa-45-anos\/","name":"Laborat\u00f3rio de emiss\u00f5es da VW, pioneiro no Brasil, completa 45 anos - Canal Dana","isPartOf":{"@id":"https:\/\/dana.com.br\/canaldana\/#website"},"datePublished":"2022-08-25T11:50:16+00:00","author":{"@id":"https:\/\/dana.com.br\/canaldana\/#\/schema\/person\/3c21f22f56fcf3bc46b94bc60ea4fef6"},"breadcrumb":{"@id":"https:\/\/dana.com.br\/canaldana\/2022\/08\/25\/laboratorio-de-emissoes-da-vw-pioneiro-no-brasil-completa-45-anos\/#breadcrumb"},"inLanguage":"pt-BR","potentialAction":[{"@type":"ReadAction","target":["https:\/\/dana.com.br\/canaldana\/2022\/08\/25\/laboratorio-de-emissoes-da-vw-pioneiro-no-brasil-completa-45-anos\/"]}]},{"@type":"BreadcrumbList","@id":"https:\/\/dana.com.br\/canaldana\/2022\/08\/25\/laboratorio-de-emissoes-da-vw-pioneiro-no-brasil-completa-45-anos\/#breadcrumb","itemListElement":[{"@type":"ListItem","position":1,"name":"Home","item":"https:\/\/dana.com.br\/canaldana\/"},{"@type":"ListItem","position":2,"name":"Mercado","item":"https:\/\/dana.com.br\/canaldana\/mercado\/"},{"@type":"ListItem","position":3,"name":"Laborat\u00f3rio de emiss\u00f5es da VW, pioneiro no Brasil, completa 45 anos"}]},{"@type":"WebSite","@id":"https:\/\/dana.com.br\/canaldana\/#website","url":"https:\/\/dana.com.br\/canaldana\/","name":"Canal Dana","description":"Informativo com as principais not\u00edcias da ind\u00fastria automotiva","potentialAction":[{"@type":"SearchAction","target":{"@type":"EntryPoint","urlTemplate":"https:\/\/dana.com.br\/canaldana\/?s={search_term_string}"},"query-input":{"@type":"PropertyValueSpecification","valueRequired":true,"valueName":"search_term_string"}}],"inLanguage":"pt-BR"},{"@type":"Person","@id":"https:\/\/dana.com.br\/canaldana\/#\/schema\/person\/3c21f22f56fcf3bc46b94bc60ea4fef6","name":"Canal Dana","image":{"@type":"ImageObject","inLanguage":"pt-BR","@id":"https:\/\/secure.gravatar.com\/avatar\/420aaf9278582877d9018637c6817617705899d2858d7572ef0fe59a6b6454b4?s=96&d=mm&r=g","url":"https:\/\/secure.gravatar.com\/avatar\/420aaf9278582877d9018637c6817617705899d2858d7572ef0fe59a6b6454b4?s=96&d=mm&r=g","contentUrl":"https:\/\/secure.gravatar.com\/avatar\/420aaf9278582877d9018637c6817617705899d2858d7572ef0fe59a6b6454b4?s=96&d=mm&r=g","caption":"Canal Dana"},"url":"https:\/\/dana.com.br\/canaldana\/author\/cdeditor\/"}]}},"_links":{"self":[{"href":"https:\/\/dana.com.br\/canaldana\/wp-json\/wp\/v2\/posts\/60527","targetHints":{"allow":["GET"]}}],"collection":[{"href":"https:\/\/dana.com.br\/canaldana\/wp-json\/wp\/v2\/posts"}],"about":[{"href":"https:\/\/dana.com.br\/canaldana\/wp-json\/wp\/v2\/types\/post"}],"author":[{"embeddable":true,"href":"https:\/\/dana.com.br\/canaldana\/wp-json\/wp\/v2\/users\/3"}],"replies":[{"embeddable":true,"href":"https:\/\/dana.com.br\/canaldana\/wp-json\/wp\/v2\/comments?post=60527"}],"version-history":[{"count":0,"href":"https:\/\/dana.com.br\/canaldana\/wp-json\/wp\/v2\/posts\/60527\/revisions"}],"wp:attachment":[{"href":"https:\/\/dana.com.br\/canaldana\/wp-json\/wp\/v2\/media?parent=60527"}],"wp:term":[{"taxonomy":"category","embeddable":true,"href":"https:\/\/dana.com.br\/canaldana\/wp-json\/wp\/v2\/categories?post=60527"},{"taxonomy":"post_tag","embeddable":true,"href":"https:\/\/dana.com.br\/canaldana\/wp-json\/wp\/v2\/tags?post=60527"}],"curies":[{"name":"wp","href":"https:\/\/api.w.org\/{rel}","templated":true}]}}