{"id":60523,"date":"2022-08-25T08:47:25","date_gmt":"2022-08-25T11:47:25","guid":{"rendered":"https:\/\/dana.com.br\/canaldana\/?p=60523"},"modified":"2022-08-25T08:47:25","modified_gmt":"2022-08-25T11:47:25","slug":"mercedes-benz-axor-deixara-de-ser-produzido-no-brasil-em-2023","status":"publish","type":"post","link":"https:\/\/dana.com.br\/canaldana\/2022\/08\/25\/mercedes-benz-axor-deixara-de-ser-produzido-no-brasil-em-2023\/","title":{"rendered":"Mercedes-Benz Axor deixar\u00e1 de ser produzido no Brasil em 2023"},"content":{"rendered":"<p><em>Estrad\u00e3o <\/em><\/p>\n<p>&nbsp;<\/p>\n<p>O Mercedes-Benz Axor vai ter a produ\u00e7\u00e3o encerrada no Brasil em 2023. O motivo \u00e9 o in\u00edcio da vig\u00eancia da fase 8 do Conama, equivalente ao Euro 6, a partir de 1\u00ba de janeiro. Procurada pelo Estrad\u00e3o, a fabricante n\u00e3o confirmou a informa\u00e7\u00e3o. Por\u00e9m, fontes ligadas \u00e0 empresa disseram que o investimento para atualizar o modelo deixaria seu pre\u00e7o invi\u00e1vel. Assim, o fim da produ\u00e7\u00e3o \u00e9 inevit\u00e1vel.<\/p>\n<p>&nbsp;<\/p>\n<p>Por ora, ainda n\u00e3o h\u00e1 informa\u00e7\u00f5es sobre se a linha Mercedes-Benz Axor ser\u00e1 substitu\u00edda pelo Actros. Nesse caso, a possibilidade seria uma vers\u00e3o mais simples do modelo mais novo. Portanto, esse caminh\u00e3o n\u00e3o teria tecnologias como o ADAS 5, de aux\u00edlio \u00e0 condu\u00e7\u00e3o. Bem como c\u00e2meras no lugar dos espelhos. Por\u00e9m, o Actros de entrada teria o novo motor BlueTec 6.<\/p>\n<p>&nbsp;<\/p>\n<p>Seja como for, essa solu\u00e7\u00e3o n\u00e3o seria in\u00e9dita. Na Europa, h\u00e1 o Mercedes-Benz Actros F com op\u00e7\u00f5es de tra\u00e7\u00e3o 4&#215;2 e 6&#215;2. Trata-se justamente da vers\u00e3o de entrada na linha. Ela tem 17 configura\u00e7\u00f5es diferentes, com varia\u00e7\u00f5es de pot\u00eancia, dist\u00e2ncia entre os eixos e capacidade de carga, por exemplo. O motor \u00e9 o OM-457, de seis cilindros em linha e 12,8 litros.<\/p>\n<p>&nbsp;<\/p>\n<p>O lan\u00e7amento do Mercedes-Benz Axor no Brasil ocorreu em outubro de 2005. Segundo a fabricante, a meta era atender v\u00e1rios segmentos. Assim, no ano seguinte a gama j\u00e1 estava completa. As vers\u00f5es rodovi\u00e1rias s\u00e3o 1933, 2035, 2040, 2540 (6&#215;2), 2640 (6&#215;2), 2044, 2544 (6&#215;2) e 2644 (6&#215;4). No caso da linha fora de estrada, as op\u00e7\u00f5es s\u00e3o 2831 (6&#215;4), 3340 6&#215;4 e 3344 6&#215;4. J\u00e1 o chassi r\u00edgido \u00e9 o 4144 6&#215;4.<\/p>\n<p>&nbsp;<\/p>\n<p>Al\u00e9m disso, os motores de 9 a 13 litros t\u00eam pot\u00eancias entre 330 cv e 440 cv. A transmiss\u00e3o \u00e9 a Powershift, automatizada de 12 velocidades. Essa caixa substitui a semiautomatizada que equipava o modelo na \u00e9poca do lan\u00e7amento. Ali\u00e1s, ao longo dos anos a linha Axor incorporou cerca de 60 inova\u00e7\u00f5es. De acordo com a Mercedes-Benz, o objetivo era atender as demandas dos mercados da Am\u00e9rica Latina.<\/p>\n<p>&nbsp;<\/p>\n<p>Afinal, o Axor produzido no Brasil \u00e9 exportado para v\u00e1rios pa\u00edses da regi\u00e3o. Entre as atualiza\u00e7\u00f5es est\u00e3o retoques no visual, bem como a amplia\u00e7\u00e3o da cabine. Segundo a fabricante, gra\u00e7as \u00e0s inova\u00e7\u00f5es, a produtividade do modelo aumentou em at\u00e9 35%. No mesmo sentido, o caminh\u00e3o ganhou solu\u00e7\u00f5es voltadas \u00e0 seguran\u00e7a, como assistente de partida em rampa, distribui\u00e7\u00e3o das for\u00e7as de frenagem e controle eletr\u00f4nico de tra\u00e7\u00e3o. (Estrad\u00e3o\/Andrea Ramos)<\/p>\n","protected":false},"excerpt":{"rendered":"<p>Estrad\u00e3o &nbsp; O Mercedes-Benz Axor vai ter a produ\u00e7\u00e3o encerrada no Brasil em 2023. O motivo \u00e9 o in\u00edcio da vig\u00eancia da fase 8 do Conama, equivalente ao Euro 6, a partir de 1\u00ba de janeiro. Procurada pelo Estrad\u00e3o, a fabricante n\u00e3o confirmou a informa\u00e7\u00e3o. Por\u00e9m, fontes ligadas \u00e0 empresa disseram que o investimento para\u2026 <a class=\"readmore\" href=\"https:\/\/dana.com.br\/canaldana\/2022\/08\/25\/mercedes-benz-axor-deixara-de-ser-produzido-no-brasil-em-2023\/\">Leia mais \u00bb<\/a><\/p>\n","protected":false},"author":3,"featured_media":0,"comment_status":"closed","ping_status":"closed","sticky":false,"template":"","format":"standard","meta":{"_acf_changed":false,"footnotes":""},"categories":[79],"tags":[],"class_list":["post-60523","post","type-post","status-publish","format-standard","hentry","category-mercado"],"acf":[],"yoast_head":"<!-- This site is optimized with the Yoast SEO plugin v27.3 - https:\/\/yoast.com\/product\/yoast-seo-wordpress\/ -->\n<title>Mercedes-Benz Axor deixar\u00e1 de ser produzido no Brasil em 2023 - Canal Dana<\/title>\n<meta name=\"robots\" content=\"index, follow, max-snippet:-1, max-image-preview:large, max-video-preview:-1\" \/>\n<link rel=\"canonical\" href=\"https:\/\/dana.com.br\/canaldana\/2022\/08\/25\/mercedes-benz-axor-deixara-de-ser-produzido-no-brasil-em-2023\/\" \/>\n<meta property=\"og:locale\" content=\"pt_BR\" \/>\n<meta property=\"og:type\" content=\"article\" \/>\n<meta property=\"og:title\" content=\"Mercedes-Benz Axor deixar\u00e1 de ser produzido no Brasil em 2023 - Canal Dana\" \/>\n<meta property=\"og:description\" content=\"Estrad\u00e3o &nbsp; O Mercedes-Benz Axor vai ter a produ\u00e7\u00e3o encerrada no Brasil em 2023. O motivo \u00e9 o in\u00edcio da vig\u00eancia da fase 8 do Conama, equivalente ao Euro 6, a partir de 1\u00ba de janeiro. Procurada pelo Estrad\u00e3o, a fabricante n\u00e3o confirmou a informa\u00e7\u00e3o. Por\u00e9m, fontes ligadas \u00e0 empresa disseram que o investimento para\u2026 Leia mais \u00bb\" \/>\n<meta property=\"og:url\" content=\"https:\/\/dana.com.br\/canaldana\/2022\/08\/25\/mercedes-benz-axor-deixara-de-ser-produzido-no-brasil-em-2023\/\" \/>\n<meta property=\"og:site_name\" content=\"Canal Dana\" \/>\n<meta property=\"article:published_time\" content=\"2022-08-25T11:47:25+00:00\" \/>\n<meta name=\"author\" content=\"Canal Dana\" \/>\n<meta name=\"twitter:card\" content=\"summary_large_image\" \/>\n<meta name=\"twitter:label1\" content=\"Escrito por\" \/>\n\t<meta name=\"twitter:data1\" content=\"Canal Dana\" \/>\n\t<meta name=\"twitter:label2\" content=\"Est. tempo de leitura\" \/>\n\t<meta name=\"twitter:data2\" content=\"2 minutos\" \/>\n<script type=\"application\/ld+json\" class=\"yoast-schema-graph\">{\"@context\":\"https:\\\/\\\/schema.org\",\"@graph\":[{\"@type\":\"Article\",\"@id\":\"https:\\\/\\\/dana.com.br\\\/canaldana\\\/2022\\\/08\\\/25\\\/mercedes-benz-axor-deixara-de-ser-produzido-no-brasil-em-2023\\\/#article\",\"isPartOf\":{\"@id\":\"https:\\\/\\\/dana.com.br\\\/canaldana\\\/2022\\\/08\\\/25\\\/mercedes-benz-axor-deixara-de-ser-produzido-no-brasil-em-2023\\\/\"},\"author\":{\"name\":\"Canal Dana\",\"@id\":\"https:\\\/\\\/dana.com.br\\\/canaldana\\\/#\\\/schema\\\/person\\\/3c21f22f56fcf3bc46b94bc60ea4fef6\"},\"headline\":\"Mercedes-Benz Axor deixar\u00e1 de ser produzido no Brasil em 2023\",\"datePublished\":\"2022-08-25T11:47:25+00:00\",\"mainEntityOfPage\":{\"@id\":\"https:\\\/\\\/dana.com.br\\\/canaldana\\\/2022\\\/08\\\/25\\\/mercedes-benz-axor-deixara-de-ser-produzido-no-brasil-em-2023\\\/\"},\"wordCount\":442,\"articleSection\":[\"Mercado\"],\"inLanguage\":\"pt-BR\"},{\"@type\":\"WebPage\",\"@id\":\"https:\\\/\\\/dana.com.br\\\/canaldana\\\/2022\\\/08\\\/25\\\/mercedes-benz-axor-deixara-de-ser-produzido-no-brasil-em-2023\\\/\",\"url\":\"https:\\\/\\\/dana.com.br\\\/canaldana\\\/2022\\\/08\\\/25\\\/mercedes-benz-axor-deixara-de-ser-produzido-no-brasil-em-2023\\\/\",\"name\":\"Mercedes-Benz Axor deixar\u00e1 de ser produzido no Brasil em 2023 - Canal Dana\",\"isPartOf\":{\"@id\":\"https:\\\/\\\/dana.com.br\\\/canaldana\\\/#website\"},\"datePublished\":\"2022-08-25T11:47:25+00:00\",\"author\":{\"@id\":\"https:\\\/\\\/dana.com.br\\\/canaldana\\\/#\\\/schema\\\/person\\\/3c21f22f56fcf3bc46b94bc60ea4fef6\"},\"breadcrumb\":{\"@id\":\"https:\\\/\\\/dana.com.br\\\/canaldana\\\/2022\\\/08\\\/25\\\/mercedes-benz-axor-deixara-de-ser-produzido-no-brasil-em-2023\\\/#breadcrumb\"},\"inLanguage\":\"pt-BR\",\"potentialAction\":[{\"@type\":\"ReadAction\",\"target\":[\"https:\\\/\\\/dana.com.br\\\/canaldana\\\/2022\\\/08\\\/25\\\/mercedes-benz-axor-deixara-de-ser-produzido-no-brasil-em-2023\\\/\"]}]},{\"@type\":\"BreadcrumbList\",\"@id\":\"https:\\\/\\\/dana.com.br\\\/canaldana\\\/2022\\\/08\\\/25\\\/mercedes-benz-axor-deixara-de-ser-produzido-no-brasil-em-2023\\\/#breadcrumb\",\"itemListElement\":[{\"@type\":\"ListItem\",\"position\":1,\"name\":\"Home\",\"item\":\"https:\\\/\\\/dana.com.br\\\/canaldana\\\/\"},{\"@type\":\"ListItem\",\"position\":2,\"name\":\"Mercado\",\"item\":\"https:\\\/\\\/dana.com.br\\\/canaldana\\\/mercado\\\/\"},{\"@type\":\"ListItem\",\"position\":3,\"name\":\"Mercedes-Benz Axor deixar\u00e1 de ser produzido no Brasil em 2023\"}]},{\"@type\":\"WebSite\",\"@id\":\"https:\\\/\\\/dana.com.br\\\/canaldana\\\/#website\",\"url\":\"https:\\\/\\\/dana.com.br\\\/canaldana\\\/\",\"name\":\"Canal Dana\",\"description\":\"Informativo com as principais not\u00edcias da ind\u00fastria automotiva\",\"potentialAction\":[{\"@type\":\"SearchAction\",\"target\":{\"@type\":\"EntryPoint\",\"urlTemplate\":\"https:\\\/\\\/dana.com.br\\\/canaldana\\\/?s={search_term_string}\"},\"query-input\":{\"@type\":\"PropertyValueSpecification\",\"valueRequired\":true,\"valueName\":\"search_term_string\"}}],\"inLanguage\":\"pt-BR\"},{\"@type\":\"Person\",\"@id\":\"https:\\\/\\\/dana.com.br\\\/canaldana\\\/#\\\/schema\\\/person\\\/3c21f22f56fcf3bc46b94bc60ea4fef6\",\"name\":\"Canal Dana\",\"image\":{\"@type\":\"ImageObject\",\"inLanguage\":\"pt-BR\",\"@id\":\"https:\\\/\\\/secure.gravatar.com\\\/avatar\\\/420aaf9278582877d9018637c6817617705899d2858d7572ef0fe59a6b6454b4?s=96&d=mm&r=g\",\"url\":\"https:\\\/\\\/secure.gravatar.com\\\/avatar\\\/420aaf9278582877d9018637c6817617705899d2858d7572ef0fe59a6b6454b4?s=96&d=mm&r=g\",\"contentUrl\":\"https:\\\/\\\/secure.gravatar.com\\\/avatar\\\/420aaf9278582877d9018637c6817617705899d2858d7572ef0fe59a6b6454b4?s=96&d=mm&r=g\",\"caption\":\"Canal Dana\"},\"url\":\"https:\\\/\\\/dana.com.br\\\/canaldana\\\/author\\\/cdeditor\\\/\"}]}<\/script>\n<!-- \/ Yoast SEO plugin. -->","yoast_head_json":{"title":"Mercedes-Benz Axor deixar\u00e1 de ser produzido no Brasil em 2023 - Canal Dana","robots":{"index":"index","follow":"follow","max-snippet":"max-snippet:-1","max-image-preview":"max-image-preview:large","max-video-preview":"max-video-preview:-1"},"canonical":"https:\/\/dana.com.br\/canaldana\/2022\/08\/25\/mercedes-benz-axor-deixara-de-ser-produzido-no-brasil-em-2023\/","og_locale":"pt_BR","og_type":"article","og_title":"Mercedes-Benz Axor deixar\u00e1 de ser produzido no Brasil em 2023 - Canal Dana","og_description":"Estrad\u00e3o &nbsp; O Mercedes-Benz Axor vai ter a produ\u00e7\u00e3o encerrada no Brasil em 2023. O motivo \u00e9 o in\u00edcio da vig\u00eancia da fase 8 do Conama, equivalente ao Euro 6, a partir de 1\u00ba de janeiro. Procurada pelo Estrad\u00e3o, a fabricante n\u00e3o confirmou a informa\u00e7\u00e3o. Por\u00e9m, fontes ligadas \u00e0 empresa disseram que o investimento para\u2026 Leia mais \u00bb","og_url":"https:\/\/dana.com.br\/canaldana\/2022\/08\/25\/mercedes-benz-axor-deixara-de-ser-produzido-no-brasil-em-2023\/","og_site_name":"Canal Dana","article_published_time":"2022-08-25T11:47:25+00:00","author":"Canal Dana","twitter_card":"summary_large_image","twitter_misc":{"Escrito por":"Canal Dana","Est. tempo de leitura":"2 minutos"},"schema":{"@context":"https:\/\/schema.org","@graph":[{"@type":"Article","@id":"https:\/\/dana.com.br\/canaldana\/2022\/08\/25\/mercedes-benz-axor-deixara-de-ser-produzido-no-brasil-em-2023\/#article","isPartOf":{"@id":"https:\/\/dana.com.br\/canaldana\/2022\/08\/25\/mercedes-benz-axor-deixara-de-ser-produzido-no-brasil-em-2023\/"},"author":{"name":"Canal Dana","@id":"https:\/\/dana.com.br\/canaldana\/#\/schema\/person\/3c21f22f56fcf3bc46b94bc60ea4fef6"},"headline":"Mercedes-Benz Axor deixar\u00e1 de ser produzido no Brasil em 2023","datePublished":"2022-08-25T11:47:25+00:00","mainEntityOfPage":{"@id":"https:\/\/dana.com.br\/canaldana\/2022\/08\/25\/mercedes-benz-axor-deixara-de-ser-produzido-no-brasil-em-2023\/"},"wordCount":442,"articleSection":["Mercado"],"inLanguage":"pt-BR"},{"@type":"WebPage","@id":"https:\/\/dana.com.br\/canaldana\/2022\/08\/25\/mercedes-benz-axor-deixara-de-ser-produzido-no-brasil-em-2023\/","url":"https:\/\/dana.com.br\/canaldana\/2022\/08\/25\/mercedes-benz-axor-deixara-de-ser-produzido-no-brasil-em-2023\/","name":"Mercedes-Benz Axor deixar\u00e1 de ser produzido no Brasil em 2023 - Canal Dana","isPartOf":{"@id":"https:\/\/dana.com.br\/canaldana\/#website"},"datePublished":"2022-08-25T11:47:25+00:00","author":{"@id":"https:\/\/dana.com.br\/canaldana\/#\/schema\/person\/3c21f22f56fcf3bc46b94bc60ea4fef6"},"breadcrumb":{"@id":"https:\/\/dana.com.br\/canaldana\/2022\/08\/25\/mercedes-benz-axor-deixara-de-ser-produzido-no-brasil-em-2023\/#breadcrumb"},"inLanguage":"pt-BR","potentialAction":[{"@type":"ReadAction","target":["https:\/\/dana.com.br\/canaldana\/2022\/08\/25\/mercedes-benz-axor-deixara-de-ser-produzido-no-brasil-em-2023\/"]}]},{"@type":"BreadcrumbList","@id":"https:\/\/dana.com.br\/canaldana\/2022\/08\/25\/mercedes-benz-axor-deixara-de-ser-produzido-no-brasil-em-2023\/#breadcrumb","itemListElement":[{"@type":"ListItem","position":1,"name":"Home","item":"https:\/\/dana.com.br\/canaldana\/"},{"@type":"ListItem","position":2,"name":"Mercado","item":"https:\/\/dana.com.br\/canaldana\/mercado\/"},{"@type":"ListItem","position":3,"name":"Mercedes-Benz Axor deixar\u00e1 de ser produzido no Brasil em 2023"}]},{"@type":"WebSite","@id":"https:\/\/dana.com.br\/canaldana\/#website","url":"https:\/\/dana.com.br\/canaldana\/","name":"Canal Dana","description":"Informativo com as principais not\u00edcias da ind\u00fastria automotiva","potentialAction":[{"@type":"SearchAction","target":{"@type":"EntryPoint","urlTemplate":"https:\/\/dana.com.br\/canaldana\/?s={search_term_string}"},"query-input":{"@type":"PropertyValueSpecification","valueRequired":true,"valueName":"search_term_string"}}],"inLanguage":"pt-BR"},{"@type":"Person","@id":"https:\/\/dana.com.br\/canaldana\/#\/schema\/person\/3c21f22f56fcf3bc46b94bc60ea4fef6","name":"Canal Dana","image":{"@type":"ImageObject","inLanguage":"pt-BR","@id":"https:\/\/secure.gravatar.com\/avatar\/420aaf9278582877d9018637c6817617705899d2858d7572ef0fe59a6b6454b4?s=96&d=mm&r=g","url":"https:\/\/secure.gravatar.com\/avatar\/420aaf9278582877d9018637c6817617705899d2858d7572ef0fe59a6b6454b4?s=96&d=mm&r=g","contentUrl":"https:\/\/secure.gravatar.com\/avatar\/420aaf9278582877d9018637c6817617705899d2858d7572ef0fe59a6b6454b4?s=96&d=mm&r=g","caption":"Canal Dana"},"url":"https:\/\/dana.com.br\/canaldana\/author\/cdeditor\/"}]}},"_links":{"self":[{"href":"https:\/\/dana.com.br\/canaldana\/wp-json\/wp\/v2\/posts\/60523","targetHints":{"allow":["GET"]}}],"collection":[{"href":"https:\/\/dana.com.br\/canaldana\/wp-json\/wp\/v2\/posts"}],"about":[{"href":"https:\/\/dana.com.br\/canaldana\/wp-json\/wp\/v2\/types\/post"}],"author":[{"embeddable":true,"href":"https:\/\/dana.com.br\/canaldana\/wp-json\/wp\/v2\/users\/3"}],"replies":[{"embeddable":true,"href":"https:\/\/dana.com.br\/canaldana\/wp-json\/wp\/v2\/comments?post=60523"}],"version-history":[{"count":0,"href":"https:\/\/dana.com.br\/canaldana\/wp-json\/wp\/v2\/posts\/60523\/revisions"}],"wp:attachment":[{"href":"https:\/\/dana.com.br\/canaldana\/wp-json\/wp\/v2\/media?parent=60523"}],"wp:term":[{"taxonomy":"category","embeddable":true,"href":"https:\/\/dana.com.br\/canaldana\/wp-json\/wp\/v2\/categories?post=60523"},{"taxonomy":"post_tag","embeddable":true,"href":"https:\/\/dana.com.br\/canaldana\/wp-json\/wp\/v2\/tags?post=60523"}],"curies":[{"name":"wp","href":"https:\/\/api.w.org\/{rel}","templated":true}]}}