{"id":60478,"date":"2022-08-23T09:13:01","date_gmt":"2022-08-23T12:13:01","guid":{"rendered":"https:\/\/dana.com.br\/canaldana\/?p=60478"},"modified":"2022-08-23T09:13:01","modified_gmt":"2022-08-23T12:13:01","slug":"novo-citroen-c3-chega-em-agosto-para-surpreender-o-segmento","status":"publish","type":"post","link":"https:\/\/dana.com.br\/canaldana\/2022\/08\/23\/novo-citroen-c3-chega-em-agosto-para-surpreender-o-segmento\/","title":{"rendered":"Novo Citro\u00ebn C3 chega em agosto para surpreender o segmento"},"content":{"rendered":"<p><em>Blog do Ricardo Ribas<\/em><\/p>\n<p>&nbsp;<\/p>\n<p>O novo Citro\u00ebn C3 j\u00e1 tem data para ser revelado aos consumidores de todo o pa\u00eds. O principal lan\u00e7amento da ind\u00fastria automotiva de 2022 ser\u00e1 apresentado em uma live no canal da Citro\u00ebn no Youtube no pr\u00f3ximo dia 30 de agosto. Nela, os principais executivos da Stellantis e Citro\u00ebn ir\u00e3o contar em detalhes todos os atributos do modelo que prometem surpreender com muita robustez, acessibilidade e atitude SUV.<\/p>\n<p>&nbsp;<\/p>\n<p>Produzido no Polo Automotivo de Porto Real (RJ), o novo Citro\u00ebn C3 chegar\u00e1 ao mercado com diferentes op\u00e7\u00f5es de vers\u00f5es, motores e c\u00e2mbios. O modelo entrega ainda mais versatilidade ao cliente, que poder\u00e1 escolher o modelo que mais o atende, incluindo diferentes op\u00e7\u00f5es de cores, al\u00e9m do teto bitom.<\/p>\n<p>&nbsp;<\/p>\n<p>A atitude SUV ser\u00e1 detalhada por completo, com os m\u00faltiplos atributos de um hatch que entrega espa\u00e7o interno, o maior porta-malas da categoria entre seus principais concorrentes e a exclusiva central multim\u00eddia Citro\u00ebn Connect Touchscreen de 10 polegadas com Android Auto e Apple Carplay sem fio. (Blog do Ricardo Ribas)<\/p>\n","protected":false},"excerpt":{"rendered":"<p>Blog do Ricardo Ribas &nbsp; O novo Citro\u00ebn C3 j\u00e1 tem data para ser revelado aos consumidores de todo o pa\u00eds. O principal lan\u00e7amento da ind\u00fastria automotiva de 2022 ser\u00e1 apresentado em uma live no canal da Citro\u00ebn no Youtube no pr\u00f3ximo dia 30 de agosto. Nela, os principais executivos da Stellantis e Citro\u00ebn ir\u00e3o\u2026 <a class=\"readmore\" href=\"https:\/\/dana.com.br\/canaldana\/2022\/08\/23\/novo-citroen-c3-chega-em-agosto-para-surpreender-o-segmento\/\">Leia mais \u00bb<\/a><\/p>\n","protected":false},"author":3,"featured_media":0,"comment_status":"closed","ping_status":"closed","sticky":false,"template":"","format":"standard","meta":{"_acf_changed":false,"footnotes":""},"categories":[79],"tags":[],"class_list":["post-60478","post","type-post","status-publish","format-standard","hentry","category-mercado"],"acf":[],"yoast_head":"<!-- This site is optimized with the Yoast SEO plugin v27.3 - https:\/\/yoast.com\/product\/yoast-seo-wordpress\/ -->\n<title>Novo Citro\u00ebn C3 chega em agosto para surpreender o segmento - Canal Dana<\/title>\n<meta name=\"robots\" content=\"index, follow, max-snippet:-1, max-image-preview:large, max-video-preview:-1\" \/>\n<link rel=\"canonical\" href=\"https:\/\/dana.com.br\/canaldana\/2022\/08\/23\/novo-citroen-c3-chega-em-agosto-para-surpreender-o-segmento\/\" \/>\n<meta property=\"og:locale\" content=\"pt_BR\" \/>\n<meta property=\"og:type\" content=\"article\" \/>\n<meta property=\"og:title\" content=\"Novo Citro\u00ebn C3 chega em agosto para surpreender o segmento - Canal Dana\" \/>\n<meta property=\"og:description\" content=\"Blog do Ricardo Ribas &nbsp; O novo Citro\u00ebn C3 j\u00e1 tem data para ser revelado aos consumidores de todo o pa\u00eds. O principal lan\u00e7amento da ind\u00fastria automotiva de 2022 ser\u00e1 apresentado em uma live no canal da Citro\u00ebn no Youtube no pr\u00f3ximo dia 30 de agosto. Nela, os principais executivos da Stellantis e Citro\u00ebn ir\u00e3o\u2026 Leia mais \u00bb\" \/>\n<meta property=\"og:url\" content=\"https:\/\/dana.com.br\/canaldana\/2022\/08\/23\/novo-citroen-c3-chega-em-agosto-para-surpreender-o-segmento\/\" \/>\n<meta property=\"og:site_name\" content=\"Canal Dana\" \/>\n<meta property=\"article:published_time\" content=\"2022-08-23T12:13:01+00:00\" \/>\n<meta name=\"author\" content=\"Canal Dana\" \/>\n<meta name=\"twitter:card\" content=\"summary_large_image\" \/>\n<meta name=\"twitter:label1\" content=\"Escrito por\" \/>\n\t<meta name=\"twitter:data1\" content=\"Canal Dana\" \/>\n\t<meta name=\"twitter:label2\" content=\"Est. tempo de leitura\" \/>\n\t<meta name=\"twitter:data2\" content=\"1 minuto\" \/>\n<script type=\"application\/ld+json\" class=\"yoast-schema-graph\">{\"@context\":\"https:\\\/\\\/schema.org\",\"@graph\":[{\"@type\":\"Article\",\"@id\":\"https:\\\/\\\/dana.com.br\\\/canaldana\\\/2022\\\/08\\\/23\\\/novo-citroen-c3-chega-em-agosto-para-surpreender-o-segmento\\\/#article\",\"isPartOf\":{\"@id\":\"https:\\\/\\\/dana.com.br\\\/canaldana\\\/2022\\\/08\\\/23\\\/novo-citroen-c3-chega-em-agosto-para-surpreender-o-segmento\\\/\"},\"author\":{\"name\":\"Canal Dana\",\"@id\":\"https:\\\/\\\/dana.com.br\\\/canaldana\\\/#\\\/schema\\\/person\\\/3c21f22f56fcf3bc46b94bc60ea4fef6\"},\"headline\":\"Novo Citro\u00ebn C3 chega em agosto para surpreender o segmento\",\"datePublished\":\"2022-08-23T12:13:01+00:00\",\"mainEntityOfPage\":{\"@id\":\"https:\\\/\\\/dana.com.br\\\/canaldana\\\/2022\\\/08\\\/23\\\/novo-citroen-c3-chega-em-agosto-para-surpreender-o-segmento\\\/\"},\"wordCount\":200,\"articleSection\":[\"Mercado\"],\"inLanguage\":\"pt-BR\"},{\"@type\":\"WebPage\",\"@id\":\"https:\\\/\\\/dana.com.br\\\/canaldana\\\/2022\\\/08\\\/23\\\/novo-citroen-c3-chega-em-agosto-para-surpreender-o-segmento\\\/\",\"url\":\"https:\\\/\\\/dana.com.br\\\/canaldana\\\/2022\\\/08\\\/23\\\/novo-citroen-c3-chega-em-agosto-para-surpreender-o-segmento\\\/\",\"name\":\"Novo Citro\u00ebn C3 chega em agosto para surpreender o segmento - Canal Dana\",\"isPartOf\":{\"@id\":\"https:\\\/\\\/dana.com.br\\\/canaldana\\\/#website\"},\"datePublished\":\"2022-08-23T12:13:01+00:00\",\"author\":{\"@id\":\"https:\\\/\\\/dana.com.br\\\/canaldana\\\/#\\\/schema\\\/person\\\/3c21f22f56fcf3bc46b94bc60ea4fef6\"},\"breadcrumb\":{\"@id\":\"https:\\\/\\\/dana.com.br\\\/canaldana\\\/2022\\\/08\\\/23\\\/novo-citroen-c3-chega-em-agosto-para-surpreender-o-segmento\\\/#breadcrumb\"},\"inLanguage\":\"pt-BR\",\"potentialAction\":[{\"@type\":\"ReadAction\",\"target\":[\"https:\\\/\\\/dana.com.br\\\/canaldana\\\/2022\\\/08\\\/23\\\/novo-citroen-c3-chega-em-agosto-para-surpreender-o-segmento\\\/\"]}]},{\"@type\":\"BreadcrumbList\",\"@id\":\"https:\\\/\\\/dana.com.br\\\/canaldana\\\/2022\\\/08\\\/23\\\/novo-citroen-c3-chega-em-agosto-para-surpreender-o-segmento\\\/#breadcrumb\",\"itemListElement\":[{\"@type\":\"ListItem\",\"position\":1,\"name\":\"Home\",\"item\":\"https:\\\/\\\/dana.com.br\\\/canaldana\\\/\"},{\"@type\":\"ListItem\",\"position\":2,\"name\":\"Mercado\",\"item\":\"https:\\\/\\\/dana.com.br\\\/canaldana\\\/mercado\\\/\"},{\"@type\":\"ListItem\",\"position\":3,\"name\":\"Novo Citro\u00ebn C3 chega em agosto para surpreender o segmento\"}]},{\"@type\":\"WebSite\",\"@id\":\"https:\\\/\\\/dana.com.br\\\/canaldana\\\/#website\",\"url\":\"https:\\\/\\\/dana.com.br\\\/canaldana\\\/\",\"name\":\"Canal Dana\",\"description\":\"Informativo com as principais not\u00edcias da ind\u00fastria automotiva\",\"potentialAction\":[{\"@type\":\"SearchAction\",\"target\":{\"@type\":\"EntryPoint\",\"urlTemplate\":\"https:\\\/\\\/dana.com.br\\\/canaldana\\\/?s={search_term_string}\"},\"query-input\":{\"@type\":\"PropertyValueSpecification\",\"valueRequired\":true,\"valueName\":\"search_term_string\"}}],\"inLanguage\":\"pt-BR\"},{\"@type\":\"Person\",\"@id\":\"https:\\\/\\\/dana.com.br\\\/canaldana\\\/#\\\/schema\\\/person\\\/3c21f22f56fcf3bc46b94bc60ea4fef6\",\"name\":\"Canal Dana\",\"image\":{\"@type\":\"ImageObject\",\"inLanguage\":\"pt-BR\",\"@id\":\"https:\\\/\\\/secure.gravatar.com\\\/avatar\\\/420aaf9278582877d9018637c6817617705899d2858d7572ef0fe59a6b6454b4?s=96&d=mm&r=g\",\"url\":\"https:\\\/\\\/secure.gravatar.com\\\/avatar\\\/420aaf9278582877d9018637c6817617705899d2858d7572ef0fe59a6b6454b4?s=96&d=mm&r=g\",\"contentUrl\":\"https:\\\/\\\/secure.gravatar.com\\\/avatar\\\/420aaf9278582877d9018637c6817617705899d2858d7572ef0fe59a6b6454b4?s=96&d=mm&r=g\",\"caption\":\"Canal Dana\"},\"url\":\"https:\\\/\\\/dana.com.br\\\/canaldana\\\/author\\\/cdeditor\\\/\"}]}<\/script>\n<!-- \/ Yoast SEO plugin. -->","yoast_head_json":{"title":"Novo Citro\u00ebn C3 chega em agosto para surpreender o segmento - Canal Dana","robots":{"index":"index","follow":"follow","max-snippet":"max-snippet:-1","max-image-preview":"max-image-preview:large","max-video-preview":"max-video-preview:-1"},"canonical":"https:\/\/dana.com.br\/canaldana\/2022\/08\/23\/novo-citroen-c3-chega-em-agosto-para-surpreender-o-segmento\/","og_locale":"pt_BR","og_type":"article","og_title":"Novo Citro\u00ebn C3 chega em agosto para surpreender o segmento - Canal Dana","og_description":"Blog do Ricardo Ribas &nbsp; O novo Citro\u00ebn C3 j\u00e1 tem data para ser revelado aos consumidores de todo o pa\u00eds. O principal lan\u00e7amento da ind\u00fastria automotiva de 2022 ser\u00e1 apresentado em uma live no canal da Citro\u00ebn no Youtube no pr\u00f3ximo dia 30 de agosto. Nela, os principais executivos da Stellantis e Citro\u00ebn ir\u00e3o\u2026 Leia mais \u00bb","og_url":"https:\/\/dana.com.br\/canaldana\/2022\/08\/23\/novo-citroen-c3-chega-em-agosto-para-surpreender-o-segmento\/","og_site_name":"Canal Dana","article_published_time":"2022-08-23T12:13:01+00:00","author":"Canal Dana","twitter_card":"summary_large_image","twitter_misc":{"Escrito por":"Canal Dana","Est. tempo de leitura":"1 minuto"},"schema":{"@context":"https:\/\/schema.org","@graph":[{"@type":"Article","@id":"https:\/\/dana.com.br\/canaldana\/2022\/08\/23\/novo-citroen-c3-chega-em-agosto-para-surpreender-o-segmento\/#article","isPartOf":{"@id":"https:\/\/dana.com.br\/canaldana\/2022\/08\/23\/novo-citroen-c3-chega-em-agosto-para-surpreender-o-segmento\/"},"author":{"name":"Canal Dana","@id":"https:\/\/dana.com.br\/canaldana\/#\/schema\/person\/3c21f22f56fcf3bc46b94bc60ea4fef6"},"headline":"Novo Citro\u00ebn C3 chega em agosto para surpreender o segmento","datePublished":"2022-08-23T12:13:01+00:00","mainEntityOfPage":{"@id":"https:\/\/dana.com.br\/canaldana\/2022\/08\/23\/novo-citroen-c3-chega-em-agosto-para-surpreender-o-segmento\/"},"wordCount":200,"articleSection":["Mercado"],"inLanguage":"pt-BR"},{"@type":"WebPage","@id":"https:\/\/dana.com.br\/canaldana\/2022\/08\/23\/novo-citroen-c3-chega-em-agosto-para-surpreender-o-segmento\/","url":"https:\/\/dana.com.br\/canaldana\/2022\/08\/23\/novo-citroen-c3-chega-em-agosto-para-surpreender-o-segmento\/","name":"Novo Citro\u00ebn C3 chega em agosto para surpreender o segmento - Canal Dana","isPartOf":{"@id":"https:\/\/dana.com.br\/canaldana\/#website"},"datePublished":"2022-08-23T12:13:01+00:00","author":{"@id":"https:\/\/dana.com.br\/canaldana\/#\/schema\/person\/3c21f22f56fcf3bc46b94bc60ea4fef6"},"breadcrumb":{"@id":"https:\/\/dana.com.br\/canaldana\/2022\/08\/23\/novo-citroen-c3-chega-em-agosto-para-surpreender-o-segmento\/#breadcrumb"},"inLanguage":"pt-BR","potentialAction":[{"@type":"ReadAction","target":["https:\/\/dana.com.br\/canaldana\/2022\/08\/23\/novo-citroen-c3-chega-em-agosto-para-surpreender-o-segmento\/"]}]},{"@type":"BreadcrumbList","@id":"https:\/\/dana.com.br\/canaldana\/2022\/08\/23\/novo-citroen-c3-chega-em-agosto-para-surpreender-o-segmento\/#breadcrumb","itemListElement":[{"@type":"ListItem","position":1,"name":"Home","item":"https:\/\/dana.com.br\/canaldana\/"},{"@type":"ListItem","position":2,"name":"Mercado","item":"https:\/\/dana.com.br\/canaldana\/mercado\/"},{"@type":"ListItem","position":3,"name":"Novo Citro\u00ebn C3 chega em agosto para surpreender o segmento"}]},{"@type":"WebSite","@id":"https:\/\/dana.com.br\/canaldana\/#website","url":"https:\/\/dana.com.br\/canaldana\/","name":"Canal Dana","description":"Informativo com as principais not\u00edcias da ind\u00fastria automotiva","potentialAction":[{"@type":"SearchAction","target":{"@type":"EntryPoint","urlTemplate":"https:\/\/dana.com.br\/canaldana\/?s={search_term_string}"},"query-input":{"@type":"PropertyValueSpecification","valueRequired":true,"valueName":"search_term_string"}}],"inLanguage":"pt-BR"},{"@type":"Person","@id":"https:\/\/dana.com.br\/canaldana\/#\/schema\/person\/3c21f22f56fcf3bc46b94bc60ea4fef6","name":"Canal Dana","image":{"@type":"ImageObject","inLanguage":"pt-BR","@id":"https:\/\/secure.gravatar.com\/avatar\/420aaf9278582877d9018637c6817617705899d2858d7572ef0fe59a6b6454b4?s=96&d=mm&r=g","url":"https:\/\/secure.gravatar.com\/avatar\/420aaf9278582877d9018637c6817617705899d2858d7572ef0fe59a6b6454b4?s=96&d=mm&r=g","contentUrl":"https:\/\/secure.gravatar.com\/avatar\/420aaf9278582877d9018637c6817617705899d2858d7572ef0fe59a6b6454b4?s=96&d=mm&r=g","caption":"Canal Dana"},"url":"https:\/\/dana.com.br\/canaldana\/author\/cdeditor\/"}]}},"_links":{"self":[{"href":"https:\/\/dana.com.br\/canaldana\/wp-json\/wp\/v2\/posts\/60478","targetHints":{"allow":["GET"]}}],"collection":[{"href":"https:\/\/dana.com.br\/canaldana\/wp-json\/wp\/v2\/posts"}],"about":[{"href":"https:\/\/dana.com.br\/canaldana\/wp-json\/wp\/v2\/types\/post"}],"author":[{"embeddable":true,"href":"https:\/\/dana.com.br\/canaldana\/wp-json\/wp\/v2\/users\/3"}],"replies":[{"embeddable":true,"href":"https:\/\/dana.com.br\/canaldana\/wp-json\/wp\/v2\/comments?post=60478"}],"version-history":[{"count":0,"href":"https:\/\/dana.com.br\/canaldana\/wp-json\/wp\/v2\/posts\/60478\/revisions"}],"wp:attachment":[{"href":"https:\/\/dana.com.br\/canaldana\/wp-json\/wp\/v2\/media?parent=60478"}],"wp:term":[{"taxonomy":"category","embeddable":true,"href":"https:\/\/dana.com.br\/canaldana\/wp-json\/wp\/v2\/categories?post=60478"},{"taxonomy":"post_tag","embeddable":true,"href":"https:\/\/dana.com.br\/canaldana\/wp-json\/wp\/v2\/tags?post=60478"}],"curies":[{"name":"wp","href":"https:\/\/api.w.org\/{rel}","templated":true}]}}