{"id":60455,"date":"2022-08-22T08:44:15","date_gmt":"2022-08-22T11:44:15","guid":{"rendered":"https:\/\/dana.com.br\/canaldana\/?p=60455"},"modified":"2022-08-22T08:44:15","modified_gmt":"2022-08-22T11:44:15","slug":"com-quarta-fabrica-plascar-consolida-reestruturacao","status":"publish","type":"post","link":"https:\/\/dana.com.br\/canaldana\/2022\/08\/22\/com-quarta-fabrica-plascar-consolida-reestruturacao\/","title":{"rendered":"Com quarta f\u00e1brica, Plascar consolida reestrutura\u00e7\u00e3o"},"content":{"rendered":"<p><em>AutoInd\u00fastria <\/em><\/p>\n<p>&nbsp;<\/p>\n<p>Nesta \u00faltima sexta-feira, 19, a Plascar iniciou oficialmente a produ\u00e7\u00e3o de para-choques para os modelos Volkswagen Polo e Virtus. Mais do que ver seus produtos novamente em ve\u00edculos da montadora que volta \u00e0 carteira de clientes depois de v\u00e1rios anos, o fornecimento simboliza, sobretudo, a consolida\u00e7\u00e3o da recupera\u00e7\u00e3o da cinquenten\u00e1ria empresa brasileira de autope\u00e7as, que esteve \u00e0 beira da liquida\u00e7\u00e3o h\u00e1 menos de uma d\u00e9cada.<\/p>\n<p>&nbsp;<\/p>\n<p>Mesmo com as veteran\u00edssimas unidades de Jundia\u00ed, SP, Varginha e Betim, MG, o novo contrato s\u00f3 se materializou com a constru\u00e7\u00e3o de uma quarta f\u00e1brica, localizada em Ca\u00e7apava, SP, distante a n\u00e3o mais do que 20 minutos da planta da Volkswagen no vizinho munic\u00edpio de Taubat\u00e9 e inaugurada na quinta-feira, 18.<\/p>\n<p>&nbsp;<\/p>\n<p>A nova planta ocupa 22 mil metros quadrados de edifica\u00e7\u00f5es de parque industrial instalado \u00e0 beira da Via Dutra, eixo rodovi\u00e1rio que liga S\u00e3o Paulo ao Rio de Janeiro e que conta com mais quatro montadoras: GM, em S\u00e3o Jos\u00e9 dos Campos, SP, e Stellantis, Jaguar Land Rover e Volkswagen Caminh\u00f5es e \u00d4nibus, no Sul-fluminense.<\/p>\n<p>&nbsp;<\/p>\n<p>A op\u00e7\u00e3o por Ca\u00e7apava, ap\u00f3s sondagens em diversas regi\u00f5es no entorno da Grande S\u00e3o Paulo, implica, portanto, um olhar bem mais adiante do que os contratos estabelecidos com a Volkswagen e que contemplam o fornecimento de para-choques tamb\u00e9m para o Polo Track, futuro ve\u00edculo de entrada da marca que ser\u00e1 fabricado em Taubat\u00e9 a partir de 2023 em substitui\u00e7\u00e3o ao Gol.<\/p>\n<p>&nbsp;<\/p>\n<p><strong>Potencial para muito mais<\/strong><\/p>\n<p>&nbsp;<\/p>\n<p>Paulo Silvestri, presidente da Plascar, reconhece que a inten\u00e7\u00e3o \u00e9 ampliar a carteira de clientes da nova planta o quanto antes poss\u00edvel &#8211; fora os para-choques, a Plascar \u00e9 reconhecida tamb\u00e9m pela fabrica\u00e7\u00e3o de pain\u00e9is, consoles, revestimentos de portas, itens de ilumina\u00e7\u00e3o, al\u00e9m das pequenas pe\u00e7as que comp\u00f5em esses conjuntos.<\/p>\n<p>&nbsp;<\/p>\n<p>Por enquanto, contudo, h\u00e1 apenas negocia\u00e7\u00f5es. \u201cMas Ca\u00e7apava est\u00e1 bem-posicionada para atendermos clientes em outras regi\u00f5es de S\u00e3o Paulo, como o ABC\u201d, sugere o executivo, que descerrou a placa inaugural da planta ainda em meio a uma grande \u00e1rea vazia, ao lado de tr\u00eas injetoras e da gigantesca cabina de pintura automatizada importada da Alemanha e que conta com dezesseis rob\u00f4s capazes de pintar um para-choque em menos de 30 segundos.<\/p>\n<p>&nbsp;<\/p>\n<p>O espa\u00e7o vazio e o porte dos equipamentos j\u00e1 instalados sinalizam as potencialidades da nova unidade. Sem precisar os valores investidos &#8211; \u201cforam algumas dezenas de milh\u00f5es de reais\u201d, diz apenas -, Silvestri ilustra que Ca\u00e7apava, sozinha, quando em plena capacidade, poderia atender \u00e0 produ\u00e7\u00e3o total da Volkswagen no Brasil, por exemplo.<\/p>\n<p>&nbsp;<\/p>\n<p>O ritmo inicial da linha, por\u00e9m, obedecer\u00e1 exclusivamente \u00e0 demanda da Volkswagen, suprida em regime just in time, com os para-choques entregues direto na linha de montagem de Taubat\u00e9 no m\u00e1ximo tr\u00eas horas depois do pedido.<\/p>\n<p>&nbsp;<\/p>\n<p>Para isso, Ca\u00e7apava come\u00e7a a operar em dois turnos de trabalhos com 65 funcion\u00e1rios, quadro que, assegura o presidente, ser\u00e1 ampliado para 90 at\u00e9 o come\u00e7o de 2023 e logo na sequ\u00eancia para 150 colaboradores.<\/p>\n<p>&nbsp;<\/p>\n<p><strong>Aposta alta<\/strong><\/p>\n<p>&nbsp;<\/p>\n<p>Entre a decis\u00e3o final de ter uma nova unidade e a inaugura\u00e7\u00e3o, foram apenas dois anos. Mas bem os dois anos da pandemia, nos quais qualquer proje\u00e7\u00e3o era mero exerc\u00edcio de futurologia. \u201cApostamos na retomada do mercado, no futuro\u201d, enfatiza Silvestri, que assegura que, mesmo com a lenta recupera\u00e7\u00e3o do mercado e da produ\u00e7\u00e3o automotiva, n\u00e3o alterou uma v\u00edrgula do projeto original de Ca\u00e7apava.<\/p>\n<p>&nbsp;<\/p>\n<p>A postura foi a mesma para as demais tr\u00eas f\u00e1bricas do grupo &#8211; \u201cnossa primeira preocupa\u00e7\u00e3o era n\u00e3o demitir\u201d -, tanto que dos 1,8 mil trabalhadores que dispunham h\u00e1 quatro anos, chegaram a 2022 com 2,3 mil e sem um dia de portas integralmente fechadas, mesmo quando as montadoras interromperam a produ\u00e7\u00e3o por conta das restri\u00e7\u00f5es sanit\u00e1rias ou falta de pe\u00e7as. \u201cAproveitamos esses per\u00edodos para melhorias, atualiza\u00e7\u00e3o e at\u00e9 limpeza nas f\u00e1bricas.\u201d<\/p>\n<p>&nbsp;<\/p>\n<p>Silvestri sabe bem os riscos que o novo empreendimento, que desde 2018 integrava os planos da empresa, representaria em meio \u00e0 crise e diz que transpar\u00eancia das tratativas com fornecedores e potenciais clientes dirimiram as nuvens mais pesadas. do horizonte.<\/p>\n<p>&nbsp;<\/p>\n<p>A pr\u00f3pria experi\u00eancia do corpo executivo da empresa representou um lastro para a continuidade do projeto. Silvestri, por exemplo, ingressou na Plascar em 2018 como representante da Mapa Capital, empresa de participa\u00e7\u00f5es e &#8211; como descreve seu perfil nas redes sociais &#8211; especializada em \u201csitua\u00e7\u00f5es especiais, como circunst\u00e2ncias desafiadoras para empresas e seus acionistas, demandando decis\u00f5es \u00e1geis e objetivas\u201d, e que assumiu assumira a Plascar naquele ano.<\/p>\n<p>&nbsp;<\/p>\n<p>Pelo cen\u00e1rio que Ca\u00e7apava descortina agora, parece que os movimentos encaminhados desde ent\u00e3o foram acertados, suficientes para retirar a Plascar do quadro cr\u00edtico de sete anos atr\u00e1s, quando a produ\u00e7\u00e3o automotiva caiu e agravou o quadro das vendas j\u00e1 decrescentes e de dificuldades administrativas e financeiras da tradicional produtora de componentes pl\u00e1sticos, agora de volta aos holofotes. (AutoInd\u00fastria\/George Guimar\u00e3es)<\/p>\n","protected":false},"excerpt":{"rendered":"<p>AutoInd\u00fastria &nbsp; Nesta \u00faltima sexta-feira, 19, a Plascar iniciou oficialmente a produ\u00e7\u00e3o de para-choques para os modelos Volkswagen Polo e Virtus. Mais do que ver seus produtos novamente em ve\u00edculos da montadora que volta \u00e0 carteira de clientes depois de v\u00e1rios anos, o fornecimento simboliza, sobretudo, a consolida\u00e7\u00e3o da recupera\u00e7\u00e3o da cinquenten\u00e1ria empresa brasileira de\u2026 <a class=\"readmore\" href=\"https:\/\/dana.com.br\/canaldana\/2022\/08\/22\/com-quarta-fabrica-plascar-consolida-reestruturacao\/\">Leia mais \u00bb<\/a><\/p>\n","protected":false},"author":3,"featured_media":0,"comment_status":"closed","ping_status":"closed","sticky":false,"template":"","format":"standard","meta":{"_acf_changed":false,"footnotes":""},"categories":[79],"tags":[],"class_list":["post-60455","post","type-post","status-publish","format-standard","hentry","category-mercado"],"acf":[],"yoast_head":"<!-- This site is optimized with the Yoast SEO plugin v27.3 - https:\/\/yoast.com\/product\/yoast-seo-wordpress\/ -->\n<title>Com quarta f\u00e1brica, Plascar consolida reestrutura\u00e7\u00e3o - Canal Dana<\/title>\n<meta name=\"robots\" content=\"index, follow, max-snippet:-1, max-image-preview:large, max-video-preview:-1\" \/>\n<link rel=\"canonical\" href=\"https:\/\/dana.com.br\/canaldana\/2022\/08\/22\/com-quarta-fabrica-plascar-consolida-reestruturacao\/\" \/>\n<meta property=\"og:locale\" content=\"pt_BR\" \/>\n<meta property=\"og:type\" content=\"article\" \/>\n<meta property=\"og:title\" content=\"Com quarta f\u00e1brica, Plascar consolida reestrutura\u00e7\u00e3o - Canal Dana\" \/>\n<meta property=\"og:description\" content=\"AutoInd\u00fastria &nbsp; Nesta \u00faltima sexta-feira, 19, a Plascar iniciou oficialmente a produ\u00e7\u00e3o de para-choques para os modelos Volkswagen Polo e Virtus. Mais do que ver seus produtos novamente em ve\u00edculos da montadora que volta \u00e0 carteira de clientes depois de v\u00e1rios anos, o fornecimento simboliza, sobretudo, a consolida\u00e7\u00e3o da recupera\u00e7\u00e3o da cinquenten\u00e1ria empresa brasileira de\u2026 Leia mais \u00bb\" \/>\n<meta property=\"og:url\" content=\"https:\/\/dana.com.br\/canaldana\/2022\/08\/22\/com-quarta-fabrica-plascar-consolida-reestruturacao\/\" \/>\n<meta property=\"og:site_name\" content=\"Canal Dana\" \/>\n<meta property=\"article:published_time\" content=\"2022-08-22T11:44:15+00:00\" \/>\n<meta name=\"author\" content=\"Canal Dana\" \/>\n<meta name=\"twitter:card\" content=\"summary_large_image\" \/>\n<meta name=\"twitter:label1\" content=\"Escrito por\" \/>\n\t<meta name=\"twitter:data1\" content=\"Canal Dana\" \/>\n\t<meta name=\"twitter:label2\" content=\"Est. tempo de leitura\" \/>\n\t<meta name=\"twitter:data2\" content=\"4 minutos\" \/>\n<script type=\"application\/ld+json\" class=\"yoast-schema-graph\">{\"@context\":\"https:\\\/\\\/schema.org\",\"@graph\":[{\"@type\":\"Article\",\"@id\":\"https:\\\/\\\/dana.com.br\\\/canaldana\\\/2022\\\/08\\\/22\\\/com-quarta-fabrica-plascar-consolida-reestruturacao\\\/#article\",\"isPartOf\":{\"@id\":\"https:\\\/\\\/dana.com.br\\\/canaldana\\\/2022\\\/08\\\/22\\\/com-quarta-fabrica-plascar-consolida-reestruturacao\\\/\"},\"author\":{\"name\":\"Canal Dana\",\"@id\":\"https:\\\/\\\/dana.com.br\\\/canaldana\\\/#\\\/schema\\\/person\\\/3c21f22f56fcf3bc46b94bc60ea4fef6\"},\"headline\":\"Com quarta f\u00e1brica, Plascar consolida reestrutura\u00e7\u00e3o\",\"datePublished\":\"2022-08-22T11:44:15+00:00\",\"mainEntityOfPage\":{\"@id\":\"https:\\\/\\\/dana.com.br\\\/canaldana\\\/2022\\\/08\\\/22\\\/com-quarta-fabrica-plascar-consolida-reestruturacao\\\/\"},\"wordCount\":879,\"articleSection\":[\"Mercado\"],\"inLanguage\":\"pt-BR\"},{\"@type\":\"WebPage\",\"@id\":\"https:\\\/\\\/dana.com.br\\\/canaldana\\\/2022\\\/08\\\/22\\\/com-quarta-fabrica-plascar-consolida-reestruturacao\\\/\",\"url\":\"https:\\\/\\\/dana.com.br\\\/canaldana\\\/2022\\\/08\\\/22\\\/com-quarta-fabrica-plascar-consolida-reestruturacao\\\/\",\"name\":\"Com quarta f\u00e1brica, Plascar consolida reestrutura\u00e7\u00e3o - Canal Dana\",\"isPartOf\":{\"@id\":\"https:\\\/\\\/dana.com.br\\\/canaldana\\\/#website\"},\"datePublished\":\"2022-08-22T11:44:15+00:00\",\"author\":{\"@id\":\"https:\\\/\\\/dana.com.br\\\/canaldana\\\/#\\\/schema\\\/person\\\/3c21f22f56fcf3bc46b94bc60ea4fef6\"},\"breadcrumb\":{\"@id\":\"https:\\\/\\\/dana.com.br\\\/canaldana\\\/2022\\\/08\\\/22\\\/com-quarta-fabrica-plascar-consolida-reestruturacao\\\/#breadcrumb\"},\"inLanguage\":\"pt-BR\",\"potentialAction\":[{\"@type\":\"ReadAction\",\"target\":[\"https:\\\/\\\/dana.com.br\\\/canaldana\\\/2022\\\/08\\\/22\\\/com-quarta-fabrica-plascar-consolida-reestruturacao\\\/\"]}]},{\"@type\":\"BreadcrumbList\",\"@id\":\"https:\\\/\\\/dana.com.br\\\/canaldana\\\/2022\\\/08\\\/22\\\/com-quarta-fabrica-plascar-consolida-reestruturacao\\\/#breadcrumb\",\"itemListElement\":[{\"@type\":\"ListItem\",\"position\":1,\"name\":\"Home\",\"item\":\"https:\\\/\\\/dana.com.br\\\/canaldana\\\/\"},{\"@type\":\"ListItem\",\"position\":2,\"name\":\"Mercado\",\"item\":\"https:\\\/\\\/dana.com.br\\\/canaldana\\\/mercado\\\/\"},{\"@type\":\"ListItem\",\"position\":3,\"name\":\"Com quarta f\u00e1brica, Plascar consolida reestrutura\u00e7\u00e3o\"}]},{\"@type\":\"WebSite\",\"@id\":\"https:\\\/\\\/dana.com.br\\\/canaldana\\\/#website\",\"url\":\"https:\\\/\\\/dana.com.br\\\/canaldana\\\/\",\"name\":\"Canal Dana\",\"description\":\"Informativo com as principais not\u00edcias da ind\u00fastria automotiva\",\"potentialAction\":[{\"@type\":\"SearchAction\",\"target\":{\"@type\":\"EntryPoint\",\"urlTemplate\":\"https:\\\/\\\/dana.com.br\\\/canaldana\\\/?s={search_term_string}\"},\"query-input\":{\"@type\":\"PropertyValueSpecification\",\"valueRequired\":true,\"valueName\":\"search_term_string\"}}],\"inLanguage\":\"pt-BR\"},{\"@type\":\"Person\",\"@id\":\"https:\\\/\\\/dana.com.br\\\/canaldana\\\/#\\\/schema\\\/person\\\/3c21f22f56fcf3bc46b94bc60ea4fef6\",\"name\":\"Canal Dana\",\"image\":{\"@type\":\"ImageObject\",\"inLanguage\":\"pt-BR\",\"@id\":\"https:\\\/\\\/secure.gravatar.com\\\/avatar\\\/420aaf9278582877d9018637c6817617705899d2858d7572ef0fe59a6b6454b4?s=96&d=mm&r=g\",\"url\":\"https:\\\/\\\/secure.gravatar.com\\\/avatar\\\/420aaf9278582877d9018637c6817617705899d2858d7572ef0fe59a6b6454b4?s=96&d=mm&r=g\",\"contentUrl\":\"https:\\\/\\\/secure.gravatar.com\\\/avatar\\\/420aaf9278582877d9018637c6817617705899d2858d7572ef0fe59a6b6454b4?s=96&d=mm&r=g\",\"caption\":\"Canal Dana\"},\"url\":\"https:\\\/\\\/dana.com.br\\\/canaldana\\\/author\\\/cdeditor\\\/\"}]}<\/script>\n<!-- \/ Yoast SEO plugin. -->","yoast_head_json":{"title":"Com quarta f\u00e1brica, Plascar consolida reestrutura\u00e7\u00e3o - Canal Dana","robots":{"index":"index","follow":"follow","max-snippet":"max-snippet:-1","max-image-preview":"max-image-preview:large","max-video-preview":"max-video-preview:-1"},"canonical":"https:\/\/dana.com.br\/canaldana\/2022\/08\/22\/com-quarta-fabrica-plascar-consolida-reestruturacao\/","og_locale":"pt_BR","og_type":"article","og_title":"Com quarta f\u00e1brica, Plascar consolida reestrutura\u00e7\u00e3o - Canal Dana","og_description":"AutoInd\u00fastria &nbsp; Nesta \u00faltima sexta-feira, 19, a Plascar iniciou oficialmente a produ\u00e7\u00e3o de para-choques para os modelos Volkswagen Polo e Virtus. Mais do que ver seus produtos novamente em ve\u00edculos da montadora que volta \u00e0 carteira de clientes depois de v\u00e1rios anos, o fornecimento simboliza, sobretudo, a consolida\u00e7\u00e3o da recupera\u00e7\u00e3o da cinquenten\u00e1ria empresa brasileira de\u2026 Leia mais \u00bb","og_url":"https:\/\/dana.com.br\/canaldana\/2022\/08\/22\/com-quarta-fabrica-plascar-consolida-reestruturacao\/","og_site_name":"Canal Dana","article_published_time":"2022-08-22T11:44:15+00:00","author":"Canal Dana","twitter_card":"summary_large_image","twitter_misc":{"Escrito por":"Canal Dana","Est. tempo de leitura":"4 minutos"},"schema":{"@context":"https:\/\/schema.org","@graph":[{"@type":"Article","@id":"https:\/\/dana.com.br\/canaldana\/2022\/08\/22\/com-quarta-fabrica-plascar-consolida-reestruturacao\/#article","isPartOf":{"@id":"https:\/\/dana.com.br\/canaldana\/2022\/08\/22\/com-quarta-fabrica-plascar-consolida-reestruturacao\/"},"author":{"name":"Canal Dana","@id":"https:\/\/dana.com.br\/canaldana\/#\/schema\/person\/3c21f22f56fcf3bc46b94bc60ea4fef6"},"headline":"Com quarta f\u00e1brica, Plascar consolida reestrutura\u00e7\u00e3o","datePublished":"2022-08-22T11:44:15+00:00","mainEntityOfPage":{"@id":"https:\/\/dana.com.br\/canaldana\/2022\/08\/22\/com-quarta-fabrica-plascar-consolida-reestruturacao\/"},"wordCount":879,"articleSection":["Mercado"],"inLanguage":"pt-BR"},{"@type":"WebPage","@id":"https:\/\/dana.com.br\/canaldana\/2022\/08\/22\/com-quarta-fabrica-plascar-consolida-reestruturacao\/","url":"https:\/\/dana.com.br\/canaldana\/2022\/08\/22\/com-quarta-fabrica-plascar-consolida-reestruturacao\/","name":"Com quarta f\u00e1brica, Plascar consolida reestrutura\u00e7\u00e3o - Canal Dana","isPartOf":{"@id":"https:\/\/dana.com.br\/canaldana\/#website"},"datePublished":"2022-08-22T11:44:15+00:00","author":{"@id":"https:\/\/dana.com.br\/canaldana\/#\/schema\/person\/3c21f22f56fcf3bc46b94bc60ea4fef6"},"breadcrumb":{"@id":"https:\/\/dana.com.br\/canaldana\/2022\/08\/22\/com-quarta-fabrica-plascar-consolida-reestruturacao\/#breadcrumb"},"inLanguage":"pt-BR","potentialAction":[{"@type":"ReadAction","target":["https:\/\/dana.com.br\/canaldana\/2022\/08\/22\/com-quarta-fabrica-plascar-consolida-reestruturacao\/"]}]},{"@type":"BreadcrumbList","@id":"https:\/\/dana.com.br\/canaldana\/2022\/08\/22\/com-quarta-fabrica-plascar-consolida-reestruturacao\/#breadcrumb","itemListElement":[{"@type":"ListItem","position":1,"name":"Home","item":"https:\/\/dana.com.br\/canaldana\/"},{"@type":"ListItem","position":2,"name":"Mercado","item":"https:\/\/dana.com.br\/canaldana\/mercado\/"},{"@type":"ListItem","position":3,"name":"Com quarta f\u00e1brica, Plascar consolida reestrutura\u00e7\u00e3o"}]},{"@type":"WebSite","@id":"https:\/\/dana.com.br\/canaldana\/#website","url":"https:\/\/dana.com.br\/canaldana\/","name":"Canal Dana","description":"Informativo com as principais not\u00edcias da ind\u00fastria automotiva","potentialAction":[{"@type":"SearchAction","target":{"@type":"EntryPoint","urlTemplate":"https:\/\/dana.com.br\/canaldana\/?s={search_term_string}"},"query-input":{"@type":"PropertyValueSpecification","valueRequired":true,"valueName":"search_term_string"}}],"inLanguage":"pt-BR"},{"@type":"Person","@id":"https:\/\/dana.com.br\/canaldana\/#\/schema\/person\/3c21f22f56fcf3bc46b94bc60ea4fef6","name":"Canal Dana","image":{"@type":"ImageObject","inLanguage":"pt-BR","@id":"https:\/\/secure.gravatar.com\/avatar\/420aaf9278582877d9018637c6817617705899d2858d7572ef0fe59a6b6454b4?s=96&d=mm&r=g","url":"https:\/\/secure.gravatar.com\/avatar\/420aaf9278582877d9018637c6817617705899d2858d7572ef0fe59a6b6454b4?s=96&d=mm&r=g","contentUrl":"https:\/\/secure.gravatar.com\/avatar\/420aaf9278582877d9018637c6817617705899d2858d7572ef0fe59a6b6454b4?s=96&d=mm&r=g","caption":"Canal Dana"},"url":"https:\/\/dana.com.br\/canaldana\/author\/cdeditor\/"}]}},"_links":{"self":[{"href":"https:\/\/dana.com.br\/canaldana\/wp-json\/wp\/v2\/posts\/60455","targetHints":{"allow":["GET"]}}],"collection":[{"href":"https:\/\/dana.com.br\/canaldana\/wp-json\/wp\/v2\/posts"}],"about":[{"href":"https:\/\/dana.com.br\/canaldana\/wp-json\/wp\/v2\/types\/post"}],"author":[{"embeddable":true,"href":"https:\/\/dana.com.br\/canaldana\/wp-json\/wp\/v2\/users\/3"}],"replies":[{"embeddable":true,"href":"https:\/\/dana.com.br\/canaldana\/wp-json\/wp\/v2\/comments?post=60455"}],"version-history":[{"count":0,"href":"https:\/\/dana.com.br\/canaldana\/wp-json\/wp\/v2\/posts\/60455\/revisions"}],"wp:attachment":[{"href":"https:\/\/dana.com.br\/canaldana\/wp-json\/wp\/v2\/media?parent=60455"}],"wp:term":[{"taxonomy":"category","embeddable":true,"href":"https:\/\/dana.com.br\/canaldana\/wp-json\/wp\/v2\/categories?post=60455"},{"taxonomy":"post_tag","embeddable":true,"href":"https:\/\/dana.com.br\/canaldana\/wp-json\/wp\/v2\/tags?post=60455"}],"curies":[{"name":"wp","href":"https:\/\/api.w.org\/{rel}","templated":true}]}}