{"id":60453,"date":"2022-08-22T08:43:39","date_gmt":"2022-08-22T11:43:39","guid":{"rendered":"https:\/\/dana.com.br\/canaldana\/?p=60453"},"modified":"2022-08-22T08:43:39","modified_gmt":"2022-08-22T11:43:39","slug":"nissan-kicks-tem-oferta-com-taxa-zero-e-valorizacao-de-usado","status":"publish","type":"post","link":"https:\/\/dana.com.br\/canaldana\/2022\/08\/22\/nissan-kicks-tem-oferta-com-taxa-zero-e-valorizacao-de-usado\/","title":{"rendered":"Nissan Kicks tem oferta com taxa zero e valoriza\u00e7\u00e3o de usado"},"content":{"rendered":"<p><em>Motor 1<\/em><\/p>\n<p>&nbsp;<\/p>\n<p>Enquanto as montadoras ainda sofrem com a restri\u00e7\u00e3o na produ\u00e7\u00e3o por falta de componentes e as filas de espera aumentam, os pre\u00e7os seguem pressionados, mesmo ap\u00f3s a amplia\u00e7\u00e3o da redu\u00e7\u00e3o do IPI para autom\u00f3veis. Dessa forma, est\u00e1 cada vez mais dif\u00edcil encontrar promo\u00e7\u00f5es enquanto a demanda \u00e9 maior que a oferta, mas n\u00e3o imposs\u00edvel.<\/p>\n<p>&nbsp;<\/p>\n<p>O site de ofertas da Nissan est\u00e1 divulgando para o mercado nacional condi\u00e7\u00f5es especiais de compra e financiamento para interessados em comprar o SUV compacto Kicks. Especificamente na vers\u00e3o topo de linha Exclusive 2022, o modelo est\u00e1 sendo oferecido com taxa zero de juros no financiamento. A promo\u00e7\u00e3o \u00e9 v\u00e1lida at\u00e9 6 de setembro para aquisi\u00e7\u00f5es por meio de vendas diretas e para carros da vers\u00e3o acima com pintura s\u00f3lida.<\/p>\n<p>&nbsp;<\/p>\n<p>Segundo a marca, o Kicks Exclusive pode sair \u00e0 vista R$ 138.510, ou por meio de financiamento especial com 71% de entrada (R$ 98.342,10) e saldo financiado em 24 parcelas fixas sem juros de R$ 1.799. Vale lembrar que existem tamb\u00e9m despesas contratuais e outros impostos envolvidos. Durante o per\u00edodo de promo\u00e7\u00e3o, esta configura\u00e7\u00e3o do Nissan Kicks Exclusive 2022 ainda oferece b\u00f4nus de at\u00e9 R$ 6.500 na valoriza\u00e7\u00e3o do ve\u00edculo usado dado como entrada no financiamento.<\/p>\n<p>&nbsp;<\/p>\n<p>Carro-chefe da Nissan no Brasil, o Kicks foi reestilizado h\u00e1 cerca de um ano e passou a ficar alinhado esteticamente aos mais recentes lan\u00e7amentos da marca. Ganhou grade ampla e desenhada dentro do conceito V-Motion, para-choque com novas entradas de ar e nichos in\u00e9ditos para as luzes de neblina. Atr\u00e1s, as lanternas receberam novo arranjo interno e passaram a ser interligadas por uma barra vermelha reflexiva com o logo da Nissan no centro.<\/p>\n<p>&nbsp;<\/p>\n<p>Mecanicamente, o modelo \u00e9 um dos poucos entre os principais concorrentes a n\u00e3o contar com motor turbinado. Segue sob o cap\u00f4 o propulsor 1.6 aspirado de at\u00e9 114 cv e 15,5 kgfm de torque, que ainda perdeu um pouco de pot\u00eancia com a entrada em vigor de novas regras de emiss\u00f5es recentemente. Todas as vers\u00f5es do Kicks, exceto o mais barato, saem de f\u00e1brica com um c\u00e2mbio autom\u00e1tico do tipo CVT.<\/p>\n<p>&nbsp;<\/p>\n<p>A vers\u00e3o de topo Exclusive, anunciada na a\u00e7\u00e3o promocional, diferencia-se das demais por oferecer equipamentos extras como c\u00e2meras que fornecem vis\u00e3o 360\u00ba, sistema som BOSE Personal Plus com 2 alto-falantes instalados no encosto de cabe\u00e7a do motorista, far\u00f3is Full LED, entre outros. (Motor 1\/Thiago Moreno)<\/p>\n","protected":false},"excerpt":{"rendered":"<p>Motor 1 &nbsp; Enquanto as montadoras ainda sofrem com a restri\u00e7\u00e3o na produ\u00e7\u00e3o por falta de componentes e as filas de espera aumentam, os pre\u00e7os seguem pressionados, mesmo ap\u00f3s a amplia\u00e7\u00e3o da redu\u00e7\u00e3o do IPI para autom\u00f3veis. Dessa forma, est\u00e1 cada vez mais dif\u00edcil encontrar promo\u00e7\u00f5es enquanto a demanda \u00e9 maior que a oferta, mas\u2026 <a class=\"readmore\" href=\"https:\/\/dana.com.br\/canaldana\/2022\/08\/22\/nissan-kicks-tem-oferta-com-taxa-zero-e-valorizacao-de-usado\/\">Leia mais \u00bb<\/a><\/p>\n","protected":false},"author":3,"featured_media":0,"comment_status":"closed","ping_status":"closed","sticky":false,"template":"","format":"standard","meta":{"_acf_changed":false,"footnotes":""},"categories":[79],"tags":[],"class_list":["post-60453","post","type-post","status-publish","format-standard","hentry","category-mercado"],"acf":[],"yoast_head":"<!-- This site is optimized with the Yoast SEO plugin v27.3 - https:\/\/yoast.com\/product\/yoast-seo-wordpress\/ -->\n<title>Nissan Kicks tem oferta com taxa zero e valoriza\u00e7\u00e3o de usado - Canal Dana<\/title>\n<meta name=\"robots\" content=\"index, follow, max-snippet:-1, max-image-preview:large, max-video-preview:-1\" \/>\n<link rel=\"canonical\" href=\"https:\/\/dana.com.br\/canaldana\/2022\/08\/22\/nissan-kicks-tem-oferta-com-taxa-zero-e-valorizacao-de-usado\/\" \/>\n<meta property=\"og:locale\" content=\"pt_BR\" \/>\n<meta property=\"og:type\" content=\"article\" \/>\n<meta property=\"og:title\" content=\"Nissan Kicks tem oferta com taxa zero e valoriza\u00e7\u00e3o de usado - Canal Dana\" \/>\n<meta property=\"og:description\" content=\"Motor 1 &nbsp; Enquanto as montadoras ainda sofrem com a restri\u00e7\u00e3o na produ\u00e7\u00e3o por falta de componentes e as filas de espera aumentam, os pre\u00e7os seguem pressionados, mesmo ap\u00f3s a amplia\u00e7\u00e3o da redu\u00e7\u00e3o do IPI para autom\u00f3veis. Dessa forma, est\u00e1 cada vez mais dif\u00edcil encontrar promo\u00e7\u00f5es enquanto a demanda \u00e9 maior que a oferta, mas\u2026 Leia mais \u00bb\" \/>\n<meta property=\"og:url\" content=\"https:\/\/dana.com.br\/canaldana\/2022\/08\/22\/nissan-kicks-tem-oferta-com-taxa-zero-e-valorizacao-de-usado\/\" \/>\n<meta property=\"og:site_name\" content=\"Canal Dana\" \/>\n<meta property=\"article:published_time\" content=\"2022-08-22T11:43:39+00:00\" \/>\n<meta name=\"author\" content=\"Canal Dana\" \/>\n<meta name=\"twitter:card\" content=\"summary_large_image\" \/>\n<meta name=\"twitter:label1\" content=\"Escrito por\" \/>\n\t<meta name=\"twitter:data1\" content=\"Canal Dana\" \/>\n\t<meta name=\"twitter:label2\" content=\"Est. tempo de leitura\" \/>\n\t<meta name=\"twitter:data2\" content=\"2 minutos\" \/>\n<script type=\"application\/ld+json\" class=\"yoast-schema-graph\">{\"@context\":\"https:\\\/\\\/schema.org\",\"@graph\":[{\"@type\":\"Article\",\"@id\":\"https:\\\/\\\/dana.com.br\\\/canaldana\\\/2022\\\/08\\\/22\\\/nissan-kicks-tem-oferta-com-taxa-zero-e-valorizacao-de-usado\\\/#article\",\"isPartOf\":{\"@id\":\"https:\\\/\\\/dana.com.br\\\/canaldana\\\/2022\\\/08\\\/22\\\/nissan-kicks-tem-oferta-com-taxa-zero-e-valorizacao-de-usado\\\/\"},\"author\":{\"name\":\"Canal Dana\",\"@id\":\"https:\\\/\\\/dana.com.br\\\/canaldana\\\/#\\\/schema\\\/person\\\/3c21f22f56fcf3bc46b94bc60ea4fef6\"},\"headline\":\"Nissan Kicks tem oferta com taxa zero e valoriza\u00e7\u00e3o de usado\",\"datePublished\":\"2022-08-22T11:43:39+00:00\",\"mainEntityOfPage\":{\"@id\":\"https:\\\/\\\/dana.com.br\\\/canaldana\\\/2022\\\/08\\\/22\\\/nissan-kicks-tem-oferta-com-taxa-zero-e-valorizacao-de-usado\\\/\"},\"wordCount\":431,\"articleSection\":[\"Mercado\"],\"inLanguage\":\"pt-BR\"},{\"@type\":\"WebPage\",\"@id\":\"https:\\\/\\\/dana.com.br\\\/canaldana\\\/2022\\\/08\\\/22\\\/nissan-kicks-tem-oferta-com-taxa-zero-e-valorizacao-de-usado\\\/\",\"url\":\"https:\\\/\\\/dana.com.br\\\/canaldana\\\/2022\\\/08\\\/22\\\/nissan-kicks-tem-oferta-com-taxa-zero-e-valorizacao-de-usado\\\/\",\"name\":\"Nissan Kicks tem oferta com taxa zero e valoriza\u00e7\u00e3o de usado - Canal Dana\",\"isPartOf\":{\"@id\":\"https:\\\/\\\/dana.com.br\\\/canaldana\\\/#website\"},\"datePublished\":\"2022-08-22T11:43:39+00:00\",\"author\":{\"@id\":\"https:\\\/\\\/dana.com.br\\\/canaldana\\\/#\\\/schema\\\/person\\\/3c21f22f56fcf3bc46b94bc60ea4fef6\"},\"breadcrumb\":{\"@id\":\"https:\\\/\\\/dana.com.br\\\/canaldana\\\/2022\\\/08\\\/22\\\/nissan-kicks-tem-oferta-com-taxa-zero-e-valorizacao-de-usado\\\/#breadcrumb\"},\"inLanguage\":\"pt-BR\",\"potentialAction\":[{\"@type\":\"ReadAction\",\"target\":[\"https:\\\/\\\/dana.com.br\\\/canaldana\\\/2022\\\/08\\\/22\\\/nissan-kicks-tem-oferta-com-taxa-zero-e-valorizacao-de-usado\\\/\"]}]},{\"@type\":\"BreadcrumbList\",\"@id\":\"https:\\\/\\\/dana.com.br\\\/canaldana\\\/2022\\\/08\\\/22\\\/nissan-kicks-tem-oferta-com-taxa-zero-e-valorizacao-de-usado\\\/#breadcrumb\",\"itemListElement\":[{\"@type\":\"ListItem\",\"position\":1,\"name\":\"Home\",\"item\":\"https:\\\/\\\/dana.com.br\\\/canaldana\\\/\"},{\"@type\":\"ListItem\",\"position\":2,\"name\":\"Mercado\",\"item\":\"https:\\\/\\\/dana.com.br\\\/canaldana\\\/mercado\\\/\"},{\"@type\":\"ListItem\",\"position\":3,\"name\":\"Nissan Kicks tem oferta com taxa zero e valoriza\u00e7\u00e3o de usado\"}]},{\"@type\":\"WebSite\",\"@id\":\"https:\\\/\\\/dana.com.br\\\/canaldana\\\/#website\",\"url\":\"https:\\\/\\\/dana.com.br\\\/canaldana\\\/\",\"name\":\"Canal Dana\",\"description\":\"Informativo com as principais not\u00edcias da ind\u00fastria automotiva\",\"potentialAction\":[{\"@type\":\"SearchAction\",\"target\":{\"@type\":\"EntryPoint\",\"urlTemplate\":\"https:\\\/\\\/dana.com.br\\\/canaldana\\\/?s={search_term_string}\"},\"query-input\":{\"@type\":\"PropertyValueSpecification\",\"valueRequired\":true,\"valueName\":\"search_term_string\"}}],\"inLanguage\":\"pt-BR\"},{\"@type\":\"Person\",\"@id\":\"https:\\\/\\\/dana.com.br\\\/canaldana\\\/#\\\/schema\\\/person\\\/3c21f22f56fcf3bc46b94bc60ea4fef6\",\"name\":\"Canal Dana\",\"image\":{\"@type\":\"ImageObject\",\"inLanguage\":\"pt-BR\",\"@id\":\"https:\\\/\\\/secure.gravatar.com\\\/avatar\\\/420aaf9278582877d9018637c6817617705899d2858d7572ef0fe59a6b6454b4?s=96&d=mm&r=g\",\"url\":\"https:\\\/\\\/secure.gravatar.com\\\/avatar\\\/420aaf9278582877d9018637c6817617705899d2858d7572ef0fe59a6b6454b4?s=96&d=mm&r=g\",\"contentUrl\":\"https:\\\/\\\/secure.gravatar.com\\\/avatar\\\/420aaf9278582877d9018637c6817617705899d2858d7572ef0fe59a6b6454b4?s=96&d=mm&r=g\",\"caption\":\"Canal Dana\"},\"url\":\"https:\\\/\\\/dana.com.br\\\/canaldana\\\/author\\\/cdeditor\\\/\"}]}<\/script>\n<!-- \/ Yoast SEO plugin. -->","yoast_head_json":{"title":"Nissan Kicks tem oferta com taxa zero e valoriza\u00e7\u00e3o de usado - Canal Dana","robots":{"index":"index","follow":"follow","max-snippet":"max-snippet:-1","max-image-preview":"max-image-preview:large","max-video-preview":"max-video-preview:-1"},"canonical":"https:\/\/dana.com.br\/canaldana\/2022\/08\/22\/nissan-kicks-tem-oferta-com-taxa-zero-e-valorizacao-de-usado\/","og_locale":"pt_BR","og_type":"article","og_title":"Nissan Kicks tem oferta com taxa zero e valoriza\u00e7\u00e3o de usado - Canal Dana","og_description":"Motor 1 &nbsp; Enquanto as montadoras ainda sofrem com a restri\u00e7\u00e3o na produ\u00e7\u00e3o por falta de componentes e as filas de espera aumentam, os pre\u00e7os seguem pressionados, mesmo ap\u00f3s a amplia\u00e7\u00e3o da redu\u00e7\u00e3o do IPI para autom\u00f3veis. Dessa forma, est\u00e1 cada vez mais dif\u00edcil encontrar promo\u00e7\u00f5es enquanto a demanda \u00e9 maior que a oferta, mas\u2026 Leia mais \u00bb","og_url":"https:\/\/dana.com.br\/canaldana\/2022\/08\/22\/nissan-kicks-tem-oferta-com-taxa-zero-e-valorizacao-de-usado\/","og_site_name":"Canal Dana","article_published_time":"2022-08-22T11:43:39+00:00","author":"Canal Dana","twitter_card":"summary_large_image","twitter_misc":{"Escrito por":"Canal Dana","Est. tempo de leitura":"2 minutos"},"schema":{"@context":"https:\/\/schema.org","@graph":[{"@type":"Article","@id":"https:\/\/dana.com.br\/canaldana\/2022\/08\/22\/nissan-kicks-tem-oferta-com-taxa-zero-e-valorizacao-de-usado\/#article","isPartOf":{"@id":"https:\/\/dana.com.br\/canaldana\/2022\/08\/22\/nissan-kicks-tem-oferta-com-taxa-zero-e-valorizacao-de-usado\/"},"author":{"name":"Canal Dana","@id":"https:\/\/dana.com.br\/canaldana\/#\/schema\/person\/3c21f22f56fcf3bc46b94bc60ea4fef6"},"headline":"Nissan Kicks tem oferta com taxa zero e valoriza\u00e7\u00e3o de usado","datePublished":"2022-08-22T11:43:39+00:00","mainEntityOfPage":{"@id":"https:\/\/dana.com.br\/canaldana\/2022\/08\/22\/nissan-kicks-tem-oferta-com-taxa-zero-e-valorizacao-de-usado\/"},"wordCount":431,"articleSection":["Mercado"],"inLanguage":"pt-BR"},{"@type":"WebPage","@id":"https:\/\/dana.com.br\/canaldana\/2022\/08\/22\/nissan-kicks-tem-oferta-com-taxa-zero-e-valorizacao-de-usado\/","url":"https:\/\/dana.com.br\/canaldana\/2022\/08\/22\/nissan-kicks-tem-oferta-com-taxa-zero-e-valorizacao-de-usado\/","name":"Nissan Kicks tem oferta com taxa zero e valoriza\u00e7\u00e3o de usado - Canal Dana","isPartOf":{"@id":"https:\/\/dana.com.br\/canaldana\/#website"},"datePublished":"2022-08-22T11:43:39+00:00","author":{"@id":"https:\/\/dana.com.br\/canaldana\/#\/schema\/person\/3c21f22f56fcf3bc46b94bc60ea4fef6"},"breadcrumb":{"@id":"https:\/\/dana.com.br\/canaldana\/2022\/08\/22\/nissan-kicks-tem-oferta-com-taxa-zero-e-valorizacao-de-usado\/#breadcrumb"},"inLanguage":"pt-BR","potentialAction":[{"@type":"ReadAction","target":["https:\/\/dana.com.br\/canaldana\/2022\/08\/22\/nissan-kicks-tem-oferta-com-taxa-zero-e-valorizacao-de-usado\/"]}]},{"@type":"BreadcrumbList","@id":"https:\/\/dana.com.br\/canaldana\/2022\/08\/22\/nissan-kicks-tem-oferta-com-taxa-zero-e-valorizacao-de-usado\/#breadcrumb","itemListElement":[{"@type":"ListItem","position":1,"name":"Home","item":"https:\/\/dana.com.br\/canaldana\/"},{"@type":"ListItem","position":2,"name":"Mercado","item":"https:\/\/dana.com.br\/canaldana\/mercado\/"},{"@type":"ListItem","position":3,"name":"Nissan Kicks tem oferta com taxa zero e valoriza\u00e7\u00e3o de usado"}]},{"@type":"WebSite","@id":"https:\/\/dana.com.br\/canaldana\/#website","url":"https:\/\/dana.com.br\/canaldana\/","name":"Canal Dana","description":"Informativo com as principais not\u00edcias da ind\u00fastria automotiva","potentialAction":[{"@type":"SearchAction","target":{"@type":"EntryPoint","urlTemplate":"https:\/\/dana.com.br\/canaldana\/?s={search_term_string}"},"query-input":{"@type":"PropertyValueSpecification","valueRequired":true,"valueName":"search_term_string"}}],"inLanguage":"pt-BR"},{"@type":"Person","@id":"https:\/\/dana.com.br\/canaldana\/#\/schema\/person\/3c21f22f56fcf3bc46b94bc60ea4fef6","name":"Canal Dana","image":{"@type":"ImageObject","inLanguage":"pt-BR","@id":"https:\/\/secure.gravatar.com\/avatar\/420aaf9278582877d9018637c6817617705899d2858d7572ef0fe59a6b6454b4?s=96&d=mm&r=g","url":"https:\/\/secure.gravatar.com\/avatar\/420aaf9278582877d9018637c6817617705899d2858d7572ef0fe59a6b6454b4?s=96&d=mm&r=g","contentUrl":"https:\/\/secure.gravatar.com\/avatar\/420aaf9278582877d9018637c6817617705899d2858d7572ef0fe59a6b6454b4?s=96&d=mm&r=g","caption":"Canal Dana"},"url":"https:\/\/dana.com.br\/canaldana\/author\/cdeditor\/"}]}},"_links":{"self":[{"href":"https:\/\/dana.com.br\/canaldana\/wp-json\/wp\/v2\/posts\/60453","targetHints":{"allow":["GET"]}}],"collection":[{"href":"https:\/\/dana.com.br\/canaldana\/wp-json\/wp\/v2\/posts"}],"about":[{"href":"https:\/\/dana.com.br\/canaldana\/wp-json\/wp\/v2\/types\/post"}],"author":[{"embeddable":true,"href":"https:\/\/dana.com.br\/canaldana\/wp-json\/wp\/v2\/users\/3"}],"replies":[{"embeddable":true,"href":"https:\/\/dana.com.br\/canaldana\/wp-json\/wp\/v2\/comments?post=60453"}],"version-history":[{"count":0,"href":"https:\/\/dana.com.br\/canaldana\/wp-json\/wp\/v2\/posts\/60453\/revisions"}],"wp:attachment":[{"href":"https:\/\/dana.com.br\/canaldana\/wp-json\/wp\/v2\/media?parent=60453"}],"wp:term":[{"taxonomy":"category","embeddable":true,"href":"https:\/\/dana.com.br\/canaldana\/wp-json\/wp\/v2\/categories?post=60453"},{"taxonomy":"post_tag","embeddable":true,"href":"https:\/\/dana.com.br\/canaldana\/wp-json\/wp\/v2\/tags?post=60453"}],"curies":[{"name":"wp","href":"https:\/\/api.w.org\/{rel}","templated":true}]}}