{"id":60449,"date":"2022-08-22T08:42:22","date_gmt":"2022-08-22T11:42:22","guid":{"rendered":"https:\/\/dana.com.br\/canaldana\/?p=60449"},"modified":"2022-08-22T08:42:22","modified_gmt":"2022-08-22T11:42:22","slug":"iveco-group-celebra-a-forca-das-diferencas-durante-a-semana-da-diversidade-e-inclusao","status":"publish","type":"post","link":"https:\/\/dana.com.br\/canaldana\/2022\/08\/22\/iveco-group-celebra-a-forca-das-diferencas-durante-a-semana-da-diversidade-e-inclusao\/","title":{"rendered":"Iveco Group celebra a for\u00e7a das diferen\u00e7as durante a Semana da Diversidade e Inclus\u00e3o"},"content":{"rendered":"<p><em>Coisas de Agora<\/em><\/p>\n<p>&nbsp;<\/p>\n<p>Abra\u00e7ar a diversidade para promover um ambiente mais inclusivo \u00e9 responsabilidade de todos. Ao abrir espa\u00e7o para diferentes olhares agregamos experi\u00eancias que ajudam a melhorar a conviv\u00eancia e permitem troca de aprendizado, essencial em quaisquer ambientes, incluindo os corporativos. Foi pensando nisso e por acreditar na for\u00e7a das diferen\u00e7as que o Iveco Group realizou, entre os dias 16 e 19 de agosto, a primeira edi\u00e7\u00e3o da Semana da Diversidade e Inclus\u00e3o. O evento, realizado em formato on-line, foi aberto a todos os colaboradores e contou com a participa\u00e7\u00e3o de consultores especialistas em diferentes tem\u00e1ticas relacionadas a D&amp;I.<\/p>\n<p>&nbsp;<\/p>\n<p>As palestras, que possibilitaram trocas de experi\u00eancias e bate-papos entre os participantes, abordaram os seguintes temas: capacitismo \u2013 tipo de discrimina\u00e7\u00e3o e preconceito social contra pessoas com alguma defici\u00eancia \u2013, equidade de g\u00eanero e vi\u00e9s inconsciente ou preconceito impl\u00edcito \u2013 pressuposto, cren\u00e7a ou atitude que parte do subconsciente e que, na vida profissional, pode afetar as contrata\u00e7\u00f5es, intera\u00e7\u00f5es e decis\u00f5es.<\/p>\n<p>&nbsp;<\/p>\n<p>Adriana Valle, l\u00edder do Comit\u00ea de Diversidade e Inclus\u00e3o do Iveco Group, refor\u00e7ou a import\u00e2ncia da a\u00e7\u00e3o como ferramenta para a promo\u00e7\u00e3o das diferen\u00e7as no ambiente de trabalho. \u201cSinto orgulho de ajudar a promover um tema cuja discuss\u00e3o \u00e9 t\u00e3o necess\u00e1ria nos dias de hoje. Ter acesso a diferentes pontos de vista e ouvir opini\u00f5es diversas ajuda a \u2018pensar fora da caixa\u2019 e ampliar a criatividade\u201d, pontoou, acrescentando que diversidade e inclus\u00e3o s\u00e3o valores fundamentais para o Iveco Group. \u201cPor isso, promover comportamentos que ajudam a criar um espa\u00e7o onde todos se sintam inclu\u00eddos e respeitados, independentemente de ra\u00e7a, g\u00eanero, idade, cren\u00e7a, habilidade, etnia ou orienta\u00e7\u00e3o sexual \u00e9 imprescind\u00edvel para nossa empresa\u201d.<\/p>\n<p>&nbsp;<\/p>\n<p>Participaram do \u201cPapo aberto\u201d, como foram chamados cada um dos quatro dias do evento, especialistas convidadas: a consultora e palestrante Katya Hemelrijk, coach e especialista em Diversidade e Inclus\u00e3o, coautora do livro \u201cMaria de Rodas\u201d, e Margareth Goldenberg, CEO na Goldenberg Diversidade, gestora executiva do Movimento Mulher 360 e consultora em responsabilidade social, educa\u00e7\u00e3o e comunica\u00e7\u00e3o de causas, diversidade e equidade de g\u00eanero.<\/p>\n<p>&nbsp;<\/p>\n<p><strong>Lideran\u00e7a inclusiva<\/strong><\/p>\n<p>&nbsp;<\/p>\n<p>Um dos pontos altos da Semana da Diversidade e Inclus\u00e3o do Iveco Group foi um bate-papo sobre pr\u00e1tica da lideran\u00e7a inclusiva. A palestrante convidada para abordar o tema foi Cris Kerr, vencedora, em 2019, do pr\u00eamio \u201cPrinc\u00edpios de Empoderamento das Mulheres\u201d, conferido pela ONU Mulheres pelo trabalho em prol da equidade de g\u00eanero. A consultora \u00e9 autora do livro \u201cVi\u00e9s Inconsciente \u2013 Como identificar nossos vieses inconscientes e abrir caminho para a diversidade e a inclus\u00e3o nas empresas\u201d e co-autora do livro: \u201cDiversidade e Inclus\u00e3o \u2013 em todas as dimens\u00f5es\u201d.<\/p>\n<p>&nbsp;<\/p>\n<p>O momento, moderado por Eduardo L\u00f3pez, diretor de Recursos Humanos do Iveco Group para a Am\u00e9rica Latina, e Fl\u00e1via Fran\u00e7a, gerente de Aquisi\u00e7\u00e3o, Treinamento e Desenvolvimento de Talentos do grupo na regi\u00e3o, abordou o papel da lideran\u00e7a no exerc\u00edcio da diversidade dentro das corpora\u00e7\u00f5es e a import\u00e2ncia do acolhimento das diferen\u00e7as na promo\u00e7\u00e3o de ambientes mais inclusivos e produtivos.<\/p>\n<p>&nbsp;<\/p>\n<p>\u201cEstou, particularmente, feliz e orgulhoso de participar desta a\u00e7\u00e3o, que espero ser um marco para nossa empresa. Estamos vivenciando um momento de muito sucesso das nossas marcas, fruto, sem d\u00favida, de um trabalho coletivo que se tornar\u00e1 cada vez mais forte quanto mais diversos for. N\u00e3o aceitamos qualquer forma de discrimina\u00e7\u00e3o e estamos totalmente determinados em proporcionar oportunidades iguais baseadas somente nas habilidades e compet\u00eancias individuais\u201d, enfatizou Eduardo L\u00f3pez.<\/p>\n<p>&nbsp;<\/p>\n<p>Marco Rangel, presidente da FPT Industrial para a Am\u00e9rica Latina, participou do encerramento da Semana, refor\u00e7ando o papel das lideran\u00e7as na dissemina\u00e7\u00e3o de ideias mais inclusivas, capazes de difundir a diversidade e a inclus\u00e3o na empresa.<\/p>\n<p>&nbsp;<\/p>\n<p>\u201cA Semana da Diversidade e Inclus\u00e3o nos serviu com um convite para reflex\u00f5es sobre preconceitos impl\u00edcitos e atitudes inconscientes. Ao abordar temas de fundamental import\u00e2ncia nas sociedades atuais, como a necessidade de incluir pessoas com defici\u00eancia e de garantir que as mulheres tenham as mesmas oportunidades dos homens, exercitamos nossa consci\u00eancia cr\u00edtica e nosso papel de cidad\u00e3os. Onde h\u00e1 diferen\u00e7as h\u00e1 melhorias\u201d, concluiu. (Coisas de Agora)<\/p>\n","protected":false},"excerpt":{"rendered":"<p>Coisas de Agora &nbsp; Abra\u00e7ar a diversidade para promover um ambiente mais inclusivo \u00e9 responsabilidade de todos. Ao abrir espa\u00e7o para diferentes olhares agregamos experi\u00eancias que ajudam a melhorar a conviv\u00eancia e permitem troca de aprendizado, essencial em quaisquer ambientes, incluindo os corporativos. Foi pensando nisso e por acreditar na for\u00e7a das diferen\u00e7as que o\u2026 <a class=\"readmore\" href=\"https:\/\/dana.com.br\/canaldana\/2022\/08\/22\/iveco-group-celebra-a-forca-das-diferencas-durante-a-semana-da-diversidade-e-inclusao\/\">Leia mais \u00bb<\/a><\/p>\n","protected":false},"author":3,"featured_media":0,"comment_status":"closed","ping_status":"closed","sticky":false,"template":"","format":"standard","meta":{"_acf_changed":false,"footnotes":""},"categories":[79],"tags":[],"class_list":["post-60449","post","type-post","status-publish","format-standard","hentry","category-mercado"],"acf":[],"yoast_head":"<!-- This site is optimized with the Yoast SEO plugin v27.3 - https:\/\/yoast.com\/product\/yoast-seo-wordpress\/ -->\n<title>Iveco Group celebra a for\u00e7a das diferen\u00e7as durante a Semana da Diversidade e Inclus\u00e3o - Canal Dana<\/title>\n<meta name=\"robots\" content=\"index, follow, max-snippet:-1, max-image-preview:large, max-video-preview:-1\" \/>\n<link rel=\"canonical\" href=\"https:\/\/dana.com.br\/canaldana\/2022\/08\/22\/iveco-group-celebra-a-forca-das-diferencas-durante-a-semana-da-diversidade-e-inclusao\/\" \/>\n<meta property=\"og:locale\" content=\"pt_BR\" \/>\n<meta property=\"og:type\" content=\"article\" \/>\n<meta property=\"og:title\" content=\"Iveco Group celebra a for\u00e7a das diferen\u00e7as durante a Semana da Diversidade e Inclus\u00e3o - Canal Dana\" \/>\n<meta property=\"og:description\" content=\"Coisas de Agora &nbsp; Abra\u00e7ar a diversidade para promover um ambiente mais inclusivo \u00e9 responsabilidade de todos. Ao abrir espa\u00e7o para diferentes olhares agregamos experi\u00eancias que ajudam a melhorar a conviv\u00eancia e permitem troca de aprendizado, essencial em quaisquer ambientes, incluindo os corporativos. Foi pensando nisso e por acreditar na for\u00e7a das diferen\u00e7as que o\u2026 Leia mais \u00bb\" \/>\n<meta property=\"og:url\" content=\"https:\/\/dana.com.br\/canaldana\/2022\/08\/22\/iveco-group-celebra-a-forca-das-diferencas-durante-a-semana-da-diversidade-e-inclusao\/\" \/>\n<meta property=\"og:site_name\" content=\"Canal Dana\" \/>\n<meta property=\"article:published_time\" content=\"2022-08-22T11:42:22+00:00\" \/>\n<meta name=\"author\" content=\"Canal Dana\" \/>\n<meta name=\"twitter:card\" content=\"summary_large_image\" \/>\n<meta name=\"twitter:label1\" content=\"Escrito por\" \/>\n\t<meta name=\"twitter:data1\" content=\"Canal Dana\" \/>\n\t<meta name=\"twitter:label2\" content=\"Est. tempo de leitura\" \/>\n\t<meta name=\"twitter:data2\" content=\"4 minutos\" \/>\n<script type=\"application\/ld+json\" class=\"yoast-schema-graph\">{\"@context\":\"https:\\\/\\\/schema.org\",\"@graph\":[{\"@type\":\"Article\",\"@id\":\"https:\\\/\\\/dana.com.br\\\/canaldana\\\/2022\\\/08\\\/22\\\/iveco-group-celebra-a-forca-das-diferencas-durante-a-semana-da-diversidade-e-inclusao\\\/#article\",\"isPartOf\":{\"@id\":\"https:\\\/\\\/dana.com.br\\\/canaldana\\\/2022\\\/08\\\/22\\\/iveco-group-celebra-a-forca-das-diferencas-durante-a-semana-da-diversidade-e-inclusao\\\/\"},\"author\":{\"name\":\"Canal Dana\",\"@id\":\"https:\\\/\\\/dana.com.br\\\/canaldana\\\/#\\\/schema\\\/person\\\/3c21f22f56fcf3bc46b94bc60ea4fef6\"},\"headline\":\"Iveco Group celebra a for\u00e7a das diferen\u00e7as durante a Semana da Diversidade e Inclus\u00e3o\",\"datePublished\":\"2022-08-22T11:42:22+00:00\",\"mainEntityOfPage\":{\"@id\":\"https:\\\/\\\/dana.com.br\\\/canaldana\\\/2022\\\/08\\\/22\\\/iveco-group-celebra-a-forca-das-diferencas-durante-a-semana-da-diversidade-e-inclusao\\\/\"},\"wordCount\":760,\"articleSection\":[\"Mercado\"],\"inLanguage\":\"pt-BR\"},{\"@type\":\"WebPage\",\"@id\":\"https:\\\/\\\/dana.com.br\\\/canaldana\\\/2022\\\/08\\\/22\\\/iveco-group-celebra-a-forca-das-diferencas-durante-a-semana-da-diversidade-e-inclusao\\\/\",\"url\":\"https:\\\/\\\/dana.com.br\\\/canaldana\\\/2022\\\/08\\\/22\\\/iveco-group-celebra-a-forca-das-diferencas-durante-a-semana-da-diversidade-e-inclusao\\\/\",\"name\":\"Iveco Group celebra a for\u00e7a das diferen\u00e7as durante a Semana da Diversidade e Inclus\u00e3o - Canal Dana\",\"isPartOf\":{\"@id\":\"https:\\\/\\\/dana.com.br\\\/canaldana\\\/#website\"},\"datePublished\":\"2022-08-22T11:42:22+00:00\",\"author\":{\"@id\":\"https:\\\/\\\/dana.com.br\\\/canaldana\\\/#\\\/schema\\\/person\\\/3c21f22f56fcf3bc46b94bc60ea4fef6\"},\"breadcrumb\":{\"@id\":\"https:\\\/\\\/dana.com.br\\\/canaldana\\\/2022\\\/08\\\/22\\\/iveco-group-celebra-a-forca-das-diferencas-durante-a-semana-da-diversidade-e-inclusao\\\/#breadcrumb\"},\"inLanguage\":\"pt-BR\",\"potentialAction\":[{\"@type\":\"ReadAction\",\"target\":[\"https:\\\/\\\/dana.com.br\\\/canaldana\\\/2022\\\/08\\\/22\\\/iveco-group-celebra-a-forca-das-diferencas-durante-a-semana-da-diversidade-e-inclusao\\\/\"]}]},{\"@type\":\"BreadcrumbList\",\"@id\":\"https:\\\/\\\/dana.com.br\\\/canaldana\\\/2022\\\/08\\\/22\\\/iveco-group-celebra-a-forca-das-diferencas-durante-a-semana-da-diversidade-e-inclusao\\\/#breadcrumb\",\"itemListElement\":[{\"@type\":\"ListItem\",\"position\":1,\"name\":\"Home\",\"item\":\"https:\\\/\\\/dana.com.br\\\/canaldana\\\/\"},{\"@type\":\"ListItem\",\"position\":2,\"name\":\"Mercado\",\"item\":\"https:\\\/\\\/dana.com.br\\\/canaldana\\\/mercado\\\/\"},{\"@type\":\"ListItem\",\"position\":3,\"name\":\"Iveco Group celebra a for\u00e7a das diferen\u00e7as durante a Semana da Diversidade e Inclus\u00e3o\"}]},{\"@type\":\"WebSite\",\"@id\":\"https:\\\/\\\/dana.com.br\\\/canaldana\\\/#website\",\"url\":\"https:\\\/\\\/dana.com.br\\\/canaldana\\\/\",\"name\":\"Canal Dana\",\"description\":\"Informativo com as principais not\u00edcias da ind\u00fastria automotiva\",\"potentialAction\":[{\"@type\":\"SearchAction\",\"target\":{\"@type\":\"EntryPoint\",\"urlTemplate\":\"https:\\\/\\\/dana.com.br\\\/canaldana\\\/?s={search_term_string}\"},\"query-input\":{\"@type\":\"PropertyValueSpecification\",\"valueRequired\":true,\"valueName\":\"search_term_string\"}}],\"inLanguage\":\"pt-BR\"},{\"@type\":\"Person\",\"@id\":\"https:\\\/\\\/dana.com.br\\\/canaldana\\\/#\\\/schema\\\/person\\\/3c21f22f56fcf3bc46b94bc60ea4fef6\",\"name\":\"Canal Dana\",\"image\":{\"@type\":\"ImageObject\",\"inLanguage\":\"pt-BR\",\"@id\":\"https:\\\/\\\/secure.gravatar.com\\\/avatar\\\/420aaf9278582877d9018637c6817617705899d2858d7572ef0fe59a6b6454b4?s=96&d=mm&r=g\",\"url\":\"https:\\\/\\\/secure.gravatar.com\\\/avatar\\\/420aaf9278582877d9018637c6817617705899d2858d7572ef0fe59a6b6454b4?s=96&d=mm&r=g\",\"contentUrl\":\"https:\\\/\\\/secure.gravatar.com\\\/avatar\\\/420aaf9278582877d9018637c6817617705899d2858d7572ef0fe59a6b6454b4?s=96&d=mm&r=g\",\"caption\":\"Canal Dana\"},\"url\":\"https:\\\/\\\/dana.com.br\\\/canaldana\\\/author\\\/cdeditor\\\/\"}]}<\/script>\n<!-- \/ Yoast SEO plugin. -->","yoast_head_json":{"title":"Iveco Group celebra a for\u00e7a das diferen\u00e7as durante a Semana da Diversidade e Inclus\u00e3o - Canal Dana","robots":{"index":"index","follow":"follow","max-snippet":"max-snippet:-1","max-image-preview":"max-image-preview:large","max-video-preview":"max-video-preview:-1"},"canonical":"https:\/\/dana.com.br\/canaldana\/2022\/08\/22\/iveco-group-celebra-a-forca-das-diferencas-durante-a-semana-da-diversidade-e-inclusao\/","og_locale":"pt_BR","og_type":"article","og_title":"Iveco Group celebra a for\u00e7a das diferen\u00e7as durante a Semana da Diversidade e Inclus\u00e3o - Canal Dana","og_description":"Coisas de Agora &nbsp; Abra\u00e7ar a diversidade para promover um ambiente mais inclusivo \u00e9 responsabilidade de todos. Ao abrir espa\u00e7o para diferentes olhares agregamos experi\u00eancias que ajudam a melhorar a conviv\u00eancia e permitem troca de aprendizado, essencial em quaisquer ambientes, incluindo os corporativos. Foi pensando nisso e por acreditar na for\u00e7a das diferen\u00e7as que o\u2026 Leia mais \u00bb","og_url":"https:\/\/dana.com.br\/canaldana\/2022\/08\/22\/iveco-group-celebra-a-forca-das-diferencas-durante-a-semana-da-diversidade-e-inclusao\/","og_site_name":"Canal Dana","article_published_time":"2022-08-22T11:42:22+00:00","author":"Canal Dana","twitter_card":"summary_large_image","twitter_misc":{"Escrito por":"Canal Dana","Est. tempo de leitura":"4 minutos"},"schema":{"@context":"https:\/\/schema.org","@graph":[{"@type":"Article","@id":"https:\/\/dana.com.br\/canaldana\/2022\/08\/22\/iveco-group-celebra-a-forca-das-diferencas-durante-a-semana-da-diversidade-e-inclusao\/#article","isPartOf":{"@id":"https:\/\/dana.com.br\/canaldana\/2022\/08\/22\/iveco-group-celebra-a-forca-das-diferencas-durante-a-semana-da-diversidade-e-inclusao\/"},"author":{"name":"Canal Dana","@id":"https:\/\/dana.com.br\/canaldana\/#\/schema\/person\/3c21f22f56fcf3bc46b94bc60ea4fef6"},"headline":"Iveco Group celebra a for\u00e7a das diferen\u00e7as durante a Semana da Diversidade e Inclus\u00e3o","datePublished":"2022-08-22T11:42:22+00:00","mainEntityOfPage":{"@id":"https:\/\/dana.com.br\/canaldana\/2022\/08\/22\/iveco-group-celebra-a-forca-das-diferencas-durante-a-semana-da-diversidade-e-inclusao\/"},"wordCount":760,"articleSection":["Mercado"],"inLanguage":"pt-BR"},{"@type":"WebPage","@id":"https:\/\/dana.com.br\/canaldana\/2022\/08\/22\/iveco-group-celebra-a-forca-das-diferencas-durante-a-semana-da-diversidade-e-inclusao\/","url":"https:\/\/dana.com.br\/canaldana\/2022\/08\/22\/iveco-group-celebra-a-forca-das-diferencas-durante-a-semana-da-diversidade-e-inclusao\/","name":"Iveco Group celebra a for\u00e7a das diferen\u00e7as durante a Semana da Diversidade e Inclus\u00e3o - Canal Dana","isPartOf":{"@id":"https:\/\/dana.com.br\/canaldana\/#website"},"datePublished":"2022-08-22T11:42:22+00:00","author":{"@id":"https:\/\/dana.com.br\/canaldana\/#\/schema\/person\/3c21f22f56fcf3bc46b94bc60ea4fef6"},"breadcrumb":{"@id":"https:\/\/dana.com.br\/canaldana\/2022\/08\/22\/iveco-group-celebra-a-forca-das-diferencas-durante-a-semana-da-diversidade-e-inclusao\/#breadcrumb"},"inLanguage":"pt-BR","potentialAction":[{"@type":"ReadAction","target":["https:\/\/dana.com.br\/canaldana\/2022\/08\/22\/iveco-group-celebra-a-forca-das-diferencas-durante-a-semana-da-diversidade-e-inclusao\/"]}]},{"@type":"BreadcrumbList","@id":"https:\/\/dana.com.br\/canaldana\/2022\/08\/22\/iveco-group-celebra-a-forca-das-diferencas-durante-a-semana-da-diversidade-e-inclusao\/#breadcrumb","itemListElement":[{"@type":"ListItem","position":1,"name":"Home","item":"https:\/\/dana.com.br\/canaldana\/"},{"@type":"ListItem","position":2,"name":"Mercado","item":"https:\/\/dana.com.br\/canaldana\/mercado\/"},{"@type":"ListItem","position":3,"name":"Iveco Group celebra a for\u00e7a das diferen\u00e7as durante a Semana da Diversidade e Inclus\u00e3o"}]},{"@type":"WebSite","@id":"https:\/\/dana.com.br\/canaldana\/#website","url":"https:\/\/dana.com.br\/canaldana\/","name":"Canal Dana","description":"Informativo com as principais not\u00edcias da ind\u00fastria automotiva","potentialAction":[{"@type":"SearchAction","target":{"@type":"EntryPoint","urlTemplate":"https:\/\/dana.com.br\/canaldana\/?s={search_term_string}"},"query-input":{"@type":"PropertyValueSpecification","valueRequired":true,"valueName":"search_term_string"}}],"inLanguage":"pt-BR"},{"@type":"Person","@id":"https:\/\/dana.com.br\/canaldana\/#\/schema\/person\/3c21f22f56fcf3bc46b94bc60ea4fef6","name":"Canal Dana","image":{"@type":"ImageObject","inLanguage":"pt-BR","@id":"https:\/\/secure.gravatar.com\/avatar\/420aaf9278582877d9018637c6817617705899d2858d7572ef0fe59a6b6454b4?s=96&d=mm&r=g","url":"https:\/\/secure.gravatar.com\/avatar\/420aaf9278582877d9018637c6817617705899d2858d7572ef0fe59a6b6454b4?s=96&d=mm&r=g","contentUrl":"https:\/\/secure.gravatar.com\/avatar\/420aaf9278582877d9018637c6817617705899d2858d7572ef0fe59a6b6454b4?s=96&d=mm&r=g","caption":"Canal Dana"},"url":"https:\/\/dana.com.br\/canaldana\/author\/cdeditor\/"}]}},"_links":{"self":[{"href":"https:\/\/dana.com.br\/canaldana\/wp-json\/wp\/v2\/posts\/60449","targetHints":{"allow":["GET"]}}],"collection":[{"href":"https:\/\/dana.com.br\/canaldana\/wp-json\/wp\/v2\/posts"}],"about":[{"href":"https:\/\/dana.com.br\/canaldana\/wp-json\/wp\/v2\/types\/post"}],"author":[{"embeddable":true,"href":"https:\/\/dana.com.br\/canaldana\/wp-json\/wp\/v2\/users\/3"}],"replies":[{"embeddable":true,"href":"https:\/\/dana.com.br\/canaldana\/wp-json\/wp\/v2\/comments?post=60449"}],"version-history":[{"count":0,"href":"https:\/\/dana.com.br\/canaldana\/wp-json\/wp\/v2\/posts\/60449\/revisions"}],"wp:attachment":[{"href":"https:\/\/dana.com.br\/canaldana\/wp-json\/wp\/v2\/media?parent=60449"}],"wp:term":[{"taxonomy":"category","embeddable":true,"href":"https:\/\/dana.com.br\/canaldana\/wp-json\/wp\/v2\/categories?post=60449"},{"taxonomy":"post_tag","embeddable":true,"href":"https:\/\/dana.com.br\/canaldana\/wp-json\/wp\/v2\/tags?post=60449"}],"curies":[{"name":"wp","href":"https:\/\/api.w.org\/{rel}","templated":true}]}}