{"id":60447,"date":"2022-08-22T08:41:37","date_gmt":"2022-08-22T11:41:37","guid":{"rendered":"https:\/\/dana.com.br\/canaldana\/?p=60447"},"modified":"2022-08-22T08:41:37","modified_gmt":"2022-08-22T11:41:37","slug":"volkswagen-inicia-vendas-do-eletrico-e-up-na-america-latina","status":"publish","type":"post","link":"https:\/\/dana.com.br\/canaldana\/2022\/08\/22\/volkswagen-inicia-vendas-do-eletrico-e-up-na-america-latina\/","title":{"rendered":"Volkswagen inicia vendas do el\u00e9trico e-up! na Am\u00e9rica Latina"},"content":{"rendered":"<p><em>Coisas de Agora<\/em><\/p>\n<p>&nbsp;<\/p>\n<p>A Volkswagen iniciou oficialmente as vendas do e-up!, o primeiro modelo 100% el\u00e9trico da marca a chegar \u00e0 Am\u00e9rica do Sul. O Uruguai foi o pa\u00eds escolhido para iniciar o caminho da eletrifica\u00e7\u00e3o, fazendo parte da estrat\u00e9gia global da marca, que prev\u00ea a neutralidade de carbono at\u00e9 2050.<\/p>\n<p>&nbsp;<\/p>\n<p>\u201cO Uruguai \u00e9 hoje o palco em que a Volkswagen faz hist\u00f3ria pela eletrifica\u00e7\u00e3o de nossa marca na Am\u00e9rica do Sul. Ap\u00f3s um ano de rigorosos estudos e testes, iniciamos as vendas do e-up! em um pa\u00eds que tem infraestrutura para garantir o sucesso de nossa estrat\u00e9gia\u201d, disse Thomas Owsianski, vice-presidente de vendas e marketing da regi\u00e3o SAM.<\/p>\n<p>&nbsp;<\/p>\n<p>A equipe Volkswagen para a regi\u00e3o, juntamente com Julio C\u00e9sar Lestido S.A., importador da marca no Uruguai, lan\u00e7ou o e-up! no pa\u00eds. Este \u00e9 mais um marco para a marca, que no Uruguai tem tido uma posi\u00e7\u00e3o de destaque em vendas, relacionada \u00e0 sua participa\u00e7\u00e3o no mercado automotivo, que agora inclui ve\u00edculos el\u00e9tricos.<\/p>\n<p>&nbsp;<\/p>\n<p>O e-up! que chega ao Uruguai \u00e9 produzido na f\u00e1brica da Volkswagen em Zwickau, na Alemanha. O modelo tem uma autonomia aproximada de 260 km, ideal para as necessidades de um ve\u00edculo urbano. Parte da excelente efici\u00eancia do e-up! se deve ao baixo peso do ve\u00edculo, que \u00e9 de apenas 1.160kg.<\/p>\n<p>&nbsp;<\/p>\n<p>O sistema de propuls\u00e3o do compacto \u00e9 100% el\u00e9trico e entrega at\u00e9 61 kW (83 cv) de pot\u00eancia, com torque instant\u00e2neo de 212 Nm (21,7 kgfm). O e-up! atinge uma velocidade m\u00e1xima de 130 km\/h e em 11,9 segundos atinge a acelera\u00e7\u00e3o de 0 a 100 km\/h. Na mesma ocasi\u00e3o do lan\u00e7amento do e-up!, a marca apresentou os modelos ID.3 e ID.4. O hatch e o SUV el\u00e9tricos tamb\u00e9m fazem parte da estrat\u00e9gia de eletrifica\u00e7\u00e3o da Volkswagen e j\u00e1 fazem enorme sucesso em pa\u00edses da Europa, nos Estados Unidos e na China. (Coisas de Agora)<\/p>\n","protected":false},"excerpt":{"rendered":"<p>Coisas de Agora &nbsp; A Volkswagen iniciou oficialmente as vendas do e-up!, o primeiro modelo 100% el\u00e9trico da marca a chegar \u00e0 Am\u00e9rica do Sul. O Uruguai foi o pa\u00eds escolhido para iniciar o caminho da eletrifica\u00e7\u00e3o, fazendo parte da estrat\u00e9gia global da marca, que prev\u00ea a neutralidade de carbono at\u00e9 2050. &nbsp; \u201cO Uruguai\u2026 <a class=\"readmore\" href=\"https:\/\/dana.com.br\/canaldana\/2022\/08\/22\/volkswagen-inicia-vendas-do-eletrico-e-up-na-america-latina\/\">Leia mais \u00bb<\/a><\/p>\n","protected":false},"author":3,"featured_media":0,"comment_status":"closed","ping_status":"closed","sticky":false,"template":"","format":"standard","meta":{"_acf_changed":false,"footnotes":""},"categories":[110],"tags":[],"class_list":["post-60447","post","type-post","status-publish","format-standard","hentry","category-eletricos"],"acf":[],"yoast_head":"<!-- This site is optimized with the Yoast SEO plugin v27.3 - https:\/\/yoast.com\/product\/yoast-seo-wordpress\/ -->\n<title>Volkswagen inicia vendas do el\u00e9trico e-up! na Am\u00e9rica Latina - Canal Dana<\/title>\n<meta name=\"robots\" content=\"index, follow, max-snippet:-1, max-image-preview:large, max-video-preview:-1\" \/>\n<link rel=\"canonical\" href=\"https:\/\/dana.com.br\/canaldana\/2022\/08\/22\/volkswagen-inicia-vendas-do-eletrico-e-up-na-america-latina\/\" \/>\n<meta property=\"og:locale\" content=\"pt_BR\" \/>\n<meta property=\"og:type\" content=\"article\" \/>\n<meta property=\"og:title\" content=\"Volkswagen inicia vendas do el\u00e9trico e-up! na Am\u00e9rica Latina - Canal Dana\" \/>\n<meta property=\"og:description\" content=\"Coisas de Agora &nbsp; A Volkswagen iniciou oficialmente as vendas do e-up!, o primeiro modelo 100% el\u00e9trico da marca a chegar \u00e0 Am\u00e9rica do Sul. O Uruguai foi o pa\u00eds escolhido para iniciar o caminho da eletrifica\u00e7\u00e3o, fazendo parte da estrat\u00e9gia global da marca, que prev\u00ea a neutralidade de carbono at\u00e9 2050. &nbsp; \u201cO Uruguai\u2026 Leia mais \u00bb\" \/>\n<meta property=\"og:url\" content=\"https:\/\/dana.com.br\/canaldana\/2022\/08\/22\/volkswagen-inicia-vendas-do-eletrico-e-up-na-america-latina\/\" \/>\n<meta property=\"og:site_name\" content=\"Canal Dana\" \/>\n<meta property=\"article:published_time\" content=\"2022-08-22T11:41:37+00:00\" \/>\n<meta name=\"author\" content=\"Canal Dana\" \/>\n<meta name=\"twitter:card\" content=\"summary_large_image\" \/>\n<meta name=\"twitter:label1\" content=\"Escrito por\" \/>\n\t<meta name=\"twitter:data1\" content=\"Canal Dana\" \/>\n\t<meta name=\"twitter:label2\" content=\"Est. tempo de leitura\" \/>\n\t<meta name=\"twitter:data2\" content=\"2 minutos\" \/>\n<script type=\"application\/ld+json\" class=\"yoast-schema-graph\">{\"@context\":\"https:\\\/\\\/schema.org\",\"@graph\":[{\"@type\":\"Article\",\"@id\":\"https:\\\/\\\/dana.com.br\\\/canaldana\\\/2022\\\/08\\\/22\\\/volkswagen-inicia-vendas-do-eletrico-e-up-na-america-latina\\\/#article\",\"isPartOf\":{\"@id\":\"https:\\\/\\\/dana.com.br\\\/canaldana\\\/2022\\\/08\\\/22\\\/volkswagen-inicia-vendas-do-eletrico-e-up-na-america-latina\\\/\"},\"author\":{\"name\":\"Canal Dana\",\"@id\":\"https:\\\/\\\/dana.com.br\\\/canaldana\\\/#\\\/schema\\\/person\\\/3c21f22f56fcf3bc46b94bc60ea4fef6\"},\"headline\":\"Volkswagen inicia vendas do el\u00e9trico e-up! na Am\u00e9rica Latina\",\"datePublished\":\"2022-08-22T11:41:37+00:00\",\"mainEntityOfPage\":{\"@id\":\"https:\\\/\\\/dana.com.br\\\/canaldana\\\/2022\\\/08\\\/22\\\/volkswagen-inicia-vendas-do-eletrico-e-up-na-america-latina\\\/\"},\"wordCount\":345,\"articleSection\":[\"El\u00e9tricos\"],\"inLanguage\":\"pt-BR\"},{\"@type\":\"WebPage\",\"@id\":\"https:\\\/\\\/dana.com.br\\\/canaldana\\\/2022\\\/08\\\/22\\\/volkswagen-inicia-vendas-do-eletrico-e-up-na-america-latina\\\/\",\"url\":\"https:\\\/\\\/dana.com.br\\\/canaldana\\\/2022\\\/08\\\/22\\\/volkswagen-inicia-vendas-do-eletrico-e-up-na-america-latina\\\/\",\"name\":\"Volkswagen inicia vendas do el\u00e9trico e-up! na Am\u00e9rica Latina - Canal Dana\",\"isPartOf\":{\"@id\":\"https:\\\/\\\/dana.com.br\\\/canaldana\\\/#website\"},\"datePublished\":\"2022-08-22T11:41:37+00:00\",\"author\":{\"@id\":\"https:\\\/\\\/dana.com.br\\\/canaldana\\\/#\\\/schema\\\/person\\\/3c21f22f56fcf3bc46b94bc60ea4fef6\"},\"breadcrumb\":{\"@id\":\"https:\\\/\\\/dana.com.br\\\/canaldana\\\/2022\\\/08\\\/22\\\/volkswagen-inicia-vendas-do-eletrico-e-up-na-america-latina\\\/#breadcrumb\"},\"inLanguage\":\"pt-BR\",\"potentialAction\":[{\"@type\":\"ReadAction\",\"target\":[\"https:\\\/\\\/dana.com.br\\\/canaldana\\\/2022\\\/08\\\/22\\\/volkswagen-inicia-vendas-do-eletrico-e-up-na-america-latina\\\/\"]}]},{\"@type\":\"BreadcrumbList\",\"@id\":\"https:\\\/\\\/dana.com.br\\\/canaldana\\\/2022\\\/08\\\/22\\\/volkswagen-inicia-vendas-do-eletrico-e-up-na-america-latina\\\/#breadcrumb\",\"itemListElement\":[{\"@type\":\"ListItem\",\"position\":1,\"name\":\"Home\",\"item\":\"https:\\\/\\\/dana.com.br\\\/canaldana\\\/\"},{\"@type\":\"ListItem\",\"position\":2,\"name\":\"El\u00e9tricos\",\"item\":\"https:\\\/\\\/dana.com.br\\\/canaldana\\\/eletricos\\\/\"},{\"@type\":\"ListItem\",\"position\":3,\"name\":\"Volkswagen inicia vendas do el\u00e9trico e-up! na Am\u00e9rica Latina\"}]},{\"@type\":\"WebSite\",\"@id\":\"https:\\\/\\\/dana.com.br\\\/canaldana\\\/#website\",\"url\":\"https:\\\/\\\/dana.com.br\\\/canaldana\\\/\",\"name\":\"Canal Dana\",\"description\":\"Informativo com as principais not\u00edcias da ind\u00fastria automotiva\",\"potentialAction\":[{\"@type\":\"SearchAction\",\"target\":{\"@type\":\"EntryPoint\",\"urlTemplate\":\"https:\\\/\\\/dana.com.br\\\/canaldana\\\/?s={search_term_string}\"},\"query-input\":{\"@type\":\"PropertyValueSpecification\",\"valueRequired\":true,\"valueName\":\"search_term_string\"}}],\"inLanguage\":\"pt-BR\"},{\"@type\":\"Person\",\"@id\":\"https:\\\/\\\/dana.com.br\\\/canaldana\\\/#\\\/schema\\\/person\\\/3c21f22f56fcf3bc46b94bc60ea4fef6\",\"name\":\"Canal Dana\",\"image\":{\"@type\":\"ImageObject\",\"inLanguage\":\"pt-BR\",\"@id\":\"https:\\\/\\\/secure.gravatar.com\\\/avatar\\\/420aaf9278582877d9018637c6817617705899d2858d7572ef0fe59a6b6454b4?s=96&d=mm&r=g\",\"url\":\"https:\\\/\\\/secure.gravatar.com\\\/avatar\\\/420aaf9278582877d9018637c6817617705899d2858d7572ef0fe59a6b6454b4?s=96&d=mm&r=g\",\"contentUrl\":\"https:\\\/\\\/secure.gravatar.com\\\/avatar\\\/420aaf9278582877d9018637c6817617705899d2858d7572ef0fe59a6b6454b4?s=96&d=mm&r=g\",\"caption\":\"Canal Dana\"},\"url\":\"https:\\\/\\\/dana.com.br\\\/canaldana\\\/author\\\/cdeditor\\\/\"}]}<\/script>\n<!-- \/ Yoast SEO plugin. -->","yoast_head_json":{"title":"Volkswagen inicia vendas do el\u00e9trico e-up! na Am\u00e9rica Latina - Canal Dana","robots":{"index":"index","follow":"follow","max-snippet":"max-snippet:-1","max-image-preview":"max-image-preview:large","max-video-preview":"max-video-preview:-1"},"canonical":"https:\/\/dana.com.br\/canaldana\/2022\/08\/22\/volkswagen-inicia-vendas-do-eletrico-e-up-na-america-latina\/","og_locale":"pt_BR","og_type":"article","og_title":"Volkswagen inicia vendas do el\u00e9trico e-up! na Am\u00e9rica Latina - Canal Dana","og_description":"Coisas de Agora &nbsp; A Volkswagen iniciou oficialmente as vendas do e-up!, o primeiro modelo 100% el\u00e9trico da marca a chegar \u00e0 Am\u00e9rica do Sul. O Uruguai foi o pa\u00eds escolhido para iniciar o caminho da eletrifica\u00e7\u00e3o, fazendo parte da estrat\u00e9gia global da marca, que prev\u00ea a neutralidade de carbono at\u00e9 2050. &nbsp; \u201cO Uruguai\u2026 Leia mais \u00bb","og_url":"https:\/\/dana.com.br\/canaldana\/2022\/08\/22\/volkswagen-inicia-vendas-do-eletrico-e-up-na-america-latina\/","og_site_name":"Canal Dana","article_published_time":"2022-08-22T11:41:37+00:00","author":"Canal Dana","twitter_card":"summary_large_image","twitter_misc":{"Escrito por":"Canal Dana","Est. tempo de leitura":"2 minutos"},"schema":{"@context":"https:\/\/schema.org","@graph":[{"@type":"Article","@id":"https:\/\/dana.com.br\/canaldana\/2022\/08\/22\/volkswagen-inicia-vendas-do-eletrico-e-up-na-america-latina\/#article","isPartOf":{"@id":"https:\/\/dana.com.br\/canaldana\/2022\/08\/22\/volkswagen-inicia-vendas-do-eletrico-e-up-na-america-latina\/"},"author":{"name":"Canal Dana","@id":"https:\/\/dana.com.br\/canaldana\/#\/schema\/person\/3c21f22f56fcf3bc46b94bc60ea4fef6"},"headline":"Volkswagen inicia vendas do el\u00e9trico e-up! na Am\u00e9rica Latina","datePublished":"2022-08-22T11:41:37+00:00","mainEntityOfPage":{"@id":"https:\/\/dana.com.br\/canaldana\/2022\/08\/22\/volkswagen-inicia-vendas-do-eletrico-e-up-na-america-latina\/"},"wordCount":345,"articleSection":["El\u00e9tricos"],"inLanguage":"pt-BR"},{"@type":"WebPage","@id":"https:\/\/dana.com.br\/canaldana\/2022\/08\/22\/volkswagen-inicia-vendas-do-eletrico-e-up-na-america-latina\/","url":"https:\/\/dana.com.br\/canaldana\/2022\/08\/22\/volkswagen-inicia-vendas-do-eletrico-e-up-na-america-latina\/","name":"Volkswagen inicia vendas do el\u00e9trico e-up! na Am\u00e9rica Latina - Canal Dana","isPartOf":{"@id":"https:\/\/dana.com.br\/canaldana\/#website"},"datePublished":"2022-08-22T11:41:37+00:00","author":{"@id":"https:\/\/dana.com.br\/canaldana\/#\/schema\/person\/3c21f22f56fcf3bc46b94bc60ea4fef6"},"breadcrumb":{"@id":"https:\/\/dana.com.br\/canaldana\/2022\/08\/22\/volkswagen-inicia-vendas-do-eletrico-e-up-na-america-latina\/#breadcrumb"},"inLanguage":"pt-BR","potentialAction":[{"@type":"ReadAction","target":["https:\/\/dana.com.br\/canaldana\/2022\/08\/22\/volkswagen-inicia-vendas-do-eletrico-e-up-na-america-latina\/"]}]},{"@type":"BreadcrumbList","@id":"https:\/\/dana.com.br\/canaldana\/2022\/08\/22\/volkswagen-inicia-vendas-do-eletrico-e-up-na-america-latina\/#breadcrumb","itemListElement":[{"@type":"ListItem","position":1,"name":"Home","item":"https:\/\/dana.com.br\/canaldana\/"},{"@type":"ListItem","position":2,"name":"El\u00e9tricos","item":"https:\/\/dana.com.br\/canaldana\/eletricos\/"},{"@type":"ListItem","position":3,"name":"Volkswagen inicia vendas do el\u00e9trico e-up! na Am\u00e9rica Latina"}]},{"@type":"WebSite","@id":"https:\/\/dana.com.br\/canaldana\/#website","url":"https:\/\/dana.com.br\/canaldana\/","name":"Canal Dana","description":"Informativo com as principais not\u00edcias da ind\u00fastria automotiva","potentialAction":[{"@type":"SearchAction","target":{"@type":"EntryPoint","urlTemplate":"https:\/\/dana.com.br\/canaldana\/?s={search_term_string}"},"query-input":{"@type":"PropertyValueSpecification","valueRequired":true,"valueName":"search_term_string"}}],"inLanguage":"pt-BR"},{"@type":"Person","@id":"https:\/\/dana.com.br\/canaldana\/#\/schema\/person\/3c21f22f56fcf3bc46b94bc60ea4fef6","name":"Canal Dana","image":{"@type":"ImageObject","inLanguage":"pt-BR","@id":"https:\/\/secure.gravatar.com\/avatar\/420aaf9278582877d9018637c6817617705899d2858d7572ef0fe59a6b6454b4?s=96&d=mm&r=g","url":"https:\/\/secure.gravatar.com\/avatar\/420aaf9278582877d9018637c6817617705899d2858d7572ef0fe59a6b6454b4?s=96&d=mm&r=g","contentUrl":"https:\/\/secure.gravatar.com\/avatar\/420aaf9278582877d9018637c6817617705899d2858d7572ef0fe59a6b6454b4?s=96&d=mm&r=g","caption":"Canal Dana"},"url":"https:\/\/dana.com.br\/canaldana\/author\/cdeditor\/"}]}},"_links":{"self":[{"href":"https:\/\/dana.com.br\/canaldana\/wp-json\/wp\/v2\/posts\/60447","targetHints":{"allow":["GET"]}}],"collection":[{"href":"https:\/\/dana.com.br\/canaldana\/wp-json\/wp\/v2\/posts"}],"about":[{"href":"https:\/\/dana.com.br\/canaldana\/wp-json\/wp\/v2\/types\/post"}],"author":[{"embeddable":true,"href":"https:\/\/dana.com.br\/canaldana\/wp-json\/wp\/v2\/users\/3"}],"replies":[{"embeddable":true,"href":"https:\/\/dana.com.br\/canaldana\/wp-json\/wp\/v2\/comments?post=60447"}],"version-history":[{"count":0,"href":"https:\/\/dana.com.br\/canaldana\/wp-json\/wp\/v2\/posts\/60447\/revisions"}],"wp:attachment":[{"href":"https:\/\/dana.com.br\/canaldana\/wp-json\/wp\/v2\/media?parent=60447"}],"wp:term":[{"taxonomy":"category","embeddable":true,"href":"https:\/\/dana.com.br\/canaldana\/wp-json\/wp\/v2\/categories?post=60447"},{"taxonomy":"post_tag","embeddable":true,"href":"https:\/\/dana.com.br\/canaldana\/wp-json\/wp\/v2\/tags?post=60447"}],"curies":[{"name":"wp","href":"https:\/\/api.w.org\/{rel}","templated":true}]}}