{"id":60425,"date":"2022-08-19T09:05:02","date_gmt":"2022-08-19T12:05:02","guid":{"rendered":"https:\/\/dana.com.br\/canaldana\/?p=60425"},"modified":"2022-08-19T09:05:02","modified_gmt":"2022-08-19T12:05:02","slug":"crise-dos-semicondutores-ja-provoca-desabastecimento-de-carros-novos","status":"publish","type":"post","link":"https:\/\/dana.com.br\/canaldana\/2022\/08\/19\/crise-dos-semicondutores-ja-provoca-desabastecimento-de-carros-novos\/","title":{"rendered":"Crise dos semicondutores j\u00e1 provoca desabastecimento de carros novos"},"content":{"rendered":"<p><em>Motor Mais<\/em><\/p>\n<p>&nbsp;<\/p>\n<p>Com a estima de serem o quarto produto mais comercializado no mundo, os semicondutores enfrentam uma crise global que afetou diretamente os mais diferentes setores da ind\u00fastria, fen\u00f4meno que segue provocando um problema geral, pois diversas empresas precisaram alterar suas programa\u00e7\u00f5es ou at\u00e9 paralisar as linhas de produ\u00e7\u00e3o por conta da escassez da oferta dos componentes.<\/p>\n<p>&nbsp;<\/p>\n<p>De acordo com a Associa\u00e7\u00e3o Brasileira da Ind\u00fastria El\u00e9trica e Eletr\u00f4nica (Abinee), 12% dos fabricantes de diversos setores tiveram que parar parte da produ\u00e7\u00e3o em julho de 2021 por falta de componentes eletr\u00f4nicos. No setor automotivo, \u00f3rg\u00e3os veem cada vez mais pr\u00f3ximo o desabastecimento, ou seja, a falta de ve\u00edculos para serem entregues.<\/p>\n<p>&nbsp;<\/p>\n<p>Olavo Ehmke, s\u00f3cio-diretor do grupo empresarial Autobunkers Defense, refer\u00eancia nacional em blindagem automotiva, j\u00e1 detecta tal realidade. Ele lembra que semicondutores s\u00e3o componentes fundamentais para a fabrica\u00e7\u00e3o de ve\u00edculos, por isso, a crise segue afetando o setor com for\u00e7a a \u00e1rea automotiva. \u201cFoi afetada por desabastecimento de toda a cadeia de fornecedores\u201d, explica. \u201cE uma das raz\u00f5es para o momento ruim est\u00e1 na paralisa\u00e7\u00e3o de diversas f\u00e1bricas em 2020\u201d, complementa.<\/p>\n<p>&nbsp;<\/p>\n<p>Olavo diz que, diante disso, o tempo m\u00e9dio de espera entre a compra de um carro zero quil\u00f4metro no Brasil e a entrega do modelo ao cliente est\u00e1 em tr\u00eas meses. \u201cMas h\u00e1 casos do comprador aguarda por dois anos\u201d, afirma.<\/p>\n<p>&nbsp;<\/p>\n<p>N\u00e3o \u00e9 por acaso que o especialista v\u00ea a falta de carros novos como uma realidade presente. \u201cJ\u00e1 estamos enfrentando neste momento\u201d. Tanto que, segundo Olavo, n\u00e3o h\u00e1 nenhuma marca que esteja entregando ve\u00edculos normalmente. \u201cO que ocorre \u00e9 a entrega lenta ou a de modelos com menos recursos e equipamentos\u201d.<\/p>\n<p>&nbsp;<\/p>\n<p>Outra consequ\u00eancia apontada por Olavo \u00e9 a migra\u00e7\u00e3o de clientes para os ve\u00edculos seminovos, pois este segmento independe da oferta de componentes e atende ao p\u00fablico que n\u00e3o tem disponibilidade para aguardar. \u201cEst\u00e1 ocorrendo este fato e um consequente envelhecimento da frota nacional\u201d.<\/p>\n<p>&nbsp;<\/p>\n<p>Olavo acredita que a estabilidade do setor deve acontecer em cerca de um ano. \u201cPor\u00e9m depende, para tanto, de uma estabilidade em todos os fatores externos\/internacionais\u201d. (Motor Mais)<\/p>\n","protected":false},"excerpt":{"rendered":"<p>Motor Mais &nbsp; Com a estima de serem o quarto produto mais comercializado no mundo, os semicondutores enfrentam uma crise global que afetou diretamente os mais diferentes setores da ind\u00fastria, fen\u00f4meno que segue provocando um problema geral, pois diversas empresas precisaram alterar suas programa\u00e7\u00f5es ou at\u00e9 paralisar as linhas de produ\u00e7\u00e3o por conta da escassez\u2026 <a class=\"readmore\" href=\"https:\/\/dana.com.br\/canaldana\/2022\/08\/19\/crise-dos-semicondutores-ja-provoca-desabastecimento-de-carros-novos\/\">Leia mais \u00bb<\/a><\/p>\n","protected":false},"author":3,"featured_media":0,"comment_status":"closed","ping_status":"closed","sticky":false,"template":"","format":"standard","meta":{"_acf_changed":false,"footnotes":""},"categories":[79],"tags":[],"class_list":["post-60425","post","type-post","status-publish","format-standard","hentry","category-mercado"],"acf":[],"yoast_head":"<!-- This site is optimized with the Yoast SEO plugin v27.3 - https:\/\/yoast.com\/product\/yoast-seo-wordpress\/ -->\n<title>Crise dos semicondutores j\u00e1 provoca desabastecimento de carros novos - Canal Dana<\/title>\n<meta name=\"robots\" content=\"index, follow, max-snippet:-1, max-image-preview:large, max-video-preview:-1\" \/>\n<link rel=\"canonical\" href=\"https:\/\/dana.com.br\/canaldana\/2022\/08\/19\/crise-dos-semicondutores-ja-provoca-desabastecimento-de-carros-novos\/\" \/>\n<meta property=\"og:locale\" content=\"pt_BR\" \/>\n<meta property=\"og:type\" content=\"article\" \/>\n<meta property=\"og:title\" content=\"Crise dos semicondutores j\u00e1 provoca desabastecimento de carros novos - Canal Dana\" \/>\n<meta property=\"og:description\" content=\"Motor Mais &nbsp; Com a estima de serem o quarto produto mais comercializado no mundo, os semicondutores enfrentam uma crise global que afetou diretamente os mais diferentes setores da ind\u00fastria, fen\u00f4meno que segue provocando um problema geral, pois diversas empresas precisaram alterar suas programa\u00e7\u00f5es ou at\u00e9 paralisar as linhas de produ\u00e7\u00e3o por conta da escassez\u2026 Leia mais \u00bb\" \/>\n<meta property=\"og:url\" content=\"https:\/\/dana.com.br\/canaldana\/2022\/08\/19\/crise-dos-semicondutores-ja-provoca-desabastecimento-de-carros-novos\/\" \/>\n<meta property=\"og:site_name\" content=\"Canal Dana\" \/>\n<meta property=\"article:published_time\" content=\"2022-08-19T12:05:02+00:00\" \/>\n<meta name=\"author\" content=\"Canal Dana\" \/>\n<meta name=\"twitter:card\" content=\"summary_large_image\" \/>\n<meta name=\"twitter:label1\" content=\"Escrito por\" \/>\n\t<meta name=\"twitter:data1\" content=\"Canal Dana\" \/>\n\t<meta name=\"twitter:label2\" content=\"Est. tempo de leitura\" \/>\n\t<meta name=\"twitter:data2\" content=\"2 minutos\" \/>\n<script type=\"application\/ld+json\" class=\"yoast-schema-graph\">{\"@context\":\"https:\\\/\\\/schema.org\",\"@graph\":[{\"@type\":\"Article\",\"@id\":\"https:\\\/\\\/dana.com.br\\\/canaldana\\\/2022\\\/08\\\/19\\\/crise-dos-semicondutores-ja-provoca-desabastecimento-de-carros-novos\\\/#article\",\"isPartOf\":{\"@id\":\"https:\\\/\\\/dana.com.br\\\/canaldana\\\/2022\\\/08\\\/19\\\/crise-dos-semicondutores-ja-provoca-desabastecimento-de-carros-novos\\\/\"},\"author\":{\"name\":\"Canal Dana\",\"@id\":\"https:\\\/\\\/dana.com.br\\\/canaldana\\\/#\\\/schema\\\/person\\\/3c21f22f56fcf3bc46b94bc60ea4fef6\"},\"headline\":\"Crise dos semicondutores j\u00e1 provoca desabastecimento de carros novos\",\"datePublished\":\"2022-08-19T12:05:02+00:00\",\"mainEntityOfPage\":{\"@id\":\"https:\\\/\\\/dana.com.br\\\/canaldana\\\/2022\\\/08\\\/19\\\/crise-dos-semicondutores-ja-provoca-desabastecimento-de-carros-novos\\\/\"},\"wordCount\":389,\"articleSection\":[\"Mercado\"],\"inLanguage\":\"pt-BR\"},{\"@type\":\"WebPage\",\"@id\":\"https:\\\/\\\/dana.com.br\\\/canaldana\\\/2022\\\/08\\\/19\\\/crise-dos-semicondutores-ja-provoca-desabastecimento-de-carros-novos\\\/\",\"url\":\"https:\\\/\\\/dana.com.br\\\/canaldana\\\/2022\\\/08\\\/19\\\/crise-dos-semicondutores-ja-provoca-desabastecimento-de-carros-novos\\\/\",\"name\":\"Crise dos semicondutores j\u00e1 provoca desabastecimento de carros novos - Canal Dana\",\"isPartOf\":{\"@id\":\"https:\\\/\\\/dana.com.br\\\/canaldana\\\/#website\"},\"datePublished\":\"2022-08-19T12:05:02+00:00\",\"author\":{\"@id\":\"https:\\\/\\\/dana.com.br\\\/canaldana\\\/#\\\/schema\\\/person\\\/3c21f22f56fcf3bc46b94bc60ea4fef6\"},\"breadcrumb\":{\"@id\":\"https:\\\/\\\/dana.com.br\\\/canaldana\\\/2022\\\/08\\\/19\\\/crise-dos-semicondutores-ja-provoca-desabastecimento-de-carros-novos\\\/#breadcrumb\"},\"inLanguage\":\"pt-BR\",\"potentialAction\":[{\"@type\":\"ReadAction\",\"target\":[\"https:\\\/\\\/dana.com.br\\\/canaldana\\\/2022\\\/08\\\/19\\\/crise-dos-semicondutores-ja-provoca-desabastecimento-de-carros-novos\\\/\"]}]},{\"@type\":\"BreadcrumbList\",\"@id\":\"https:\\\/\\\/dana.com.br\\\/canaldana\\\/2022\\\/08\\\/19\\\/crise-dos-semicondutores-ja-provoca-desabastecimento-de-carros-novos\\\/#breadcrumb\",\"itemListElement\":[{\"@type\":\"ListItem\",\"position\":1,\"name\":\"Home\",\"item\":\"https:\\\/\\\/dana.com.br\\\/canaldana\\\/\"},{\"@type\":\"ListItem\",\"position\":2,\"name\":\"Mercado\",\"item\":\"https:\\\/\\\/dana.com.br\\\/canaldana\\\/mercado\\\/\"},{\"@type\":\"ListItem\",\"position\":3,\"name\":\"Crise dos semicondutores j\u00e1 provoca desabastecimento de carros novos\"}]},{\"@type\":\"WebSite\",\"@id\":\"https:\\\/\\\/dana.com.br\\\/canaldana\\\/#website\",\"url\":\"https:\\\/\\\/dana.com.br\\\/canaldana\\\/\",\"name\":\"Canal Dana\",\"description\":\"Informativo com as principais not\u00edcias da ind\u00fastria automotiva\",\"potentialAction\":[{\"@type\":\"SearchAction\",\"target\":{\"@type\":\"EntryPoint\",\"urlTemplate\":\"https:\\\/\\\/dana.com.br\\\/canaldana\\\/?s={search_term_string}\"},\"query-input\":{\"@type\":\"PropertyValueSpecification\",\"valueRequired\":true,\"valueName\":\"search_term_string\"}}],\"inLanguage\":\"pt-BR\"},{\"@type\":\"Person\",\"@id\":\"https:\\\/\\\/dana.com.br\\\/canaldana\\\/#\\\/schema\\\/person\\\/3c21f22f56fcf3bc46b94bc60ea4fef6\",\"name\":\"Canal Dana\",\"image\":{\"@type\":\"ImageObject\",\"inLanguage\":\"pt-BR\",\"@id\":\"https:\\\/\\\/secure.gravatar.com\\\/avatar\\\/420aaf9278582877d9018637c6817617705899d2858d7572ef0fe59a6b6454b4?s=96&d=mm&r=g\",\"url\":\"https:\\\/\\\/secure.gravatar.com\\\/avatar\\\/420aaf9278582877d9018637c6817617705899d2858d7572ef0fe59a6b6454b4?s=96&d=mm&r=g\",\"contentUrl\":\"https:\\\/\\\/secure.gravatar.com\\\/avatar\\\/420aaf9278582877d9018637c6817617705899d2858d7572ef0fe59a6b6454b4?s=96&d=mm&r=g\",\"caption\":\"Canal Dana\"},\"url\":\"https:\\\/\\\/dana.com.br\\\/canaldana\\\/author\\\/cdeditor\\\/\"}]}<\/script>\n<!-- \/ Yoast SEO plugin. -->","yoast_head_json":{"title":"Crise dos semicondutores j\u00e1 provoca desabastecimento de carros novos - Canal Dana","robots":{"index":"index","follow":"follow","max-snippet":"max-snippet:-1","max-image-preview":"max-image-preview:large","max-video-preview":"max-video-preview:-1"},"canonical":"https:\/\/dana.com.br\/canaldana\/2022\/08\/19\/crise-dos-semicondutores-ja-provoca-desabastecimento-de-carros-novos\/","og_locale":"pt_BR","og_type":"article","og_title":"Crise dos semicondutores j\u00e1 provoca desabastecimento de carros novos - Canal Dana","og_description":"Motor Mais &nbsp; Com a estima de serem o quarto produto mais comercializado no mundo, os semicondutores enfrentam uma crise global que afetou diretamente os mais diferentes setores da ind\u00fastria, fen\u00f4meno que segue provocando um problema geral, pois diversas empresas precisaram alterar suas programa\u00e7\u00f5es ou at\u00e9 paralisar as linhas de produ\u00e7\u00e3o por conta da escassez\u2026 Leia mais \u00bb","og_url":"https:\/\/dana.com.br\/canaldana\/2022\/08\/19\/crise-dos-semicondutores-ja-provoca-desabastecimento-de-carros-novos\/","og_site_name":"Canal Dana","article_published_time":"2022-08-19T12:05:02+00:00","author":"Canal Dana","twitter_card":"summary_large_image","twitter_misc":{"Escrito por":"Canal Dana","Est. tempo de leitura":"2 minutos"},"schema":{"@context":"https:\/\/schema.org","@graph":[{"@type":"Article","@id":"https:\/\/dana.com.br\/canaldana\/2022\/08\/19\/crise-dos-semicondutores-ja-provoca-desabastecimento-de-carros-novos\/#article","isPartOf":{"@id":"https:\/\/dana.com.br\/canaldana\/2022\/08\/19\/crise-dos-semicondutores-ja-provoca-desabastecimento-de-carros-novos\/"},"author":{"name":"Canal Dana","@id":"https:\/\/dana.com.br\/canaldana\/#\/schema\/person\/3c21f22f56fcf3bc46b94bc60ea4fef6"},"headline":"Crise dos semicondutores j\u00e1 provoca desabastecimento de carros novos","datePublished":"2022-08-19T12:05:02+00:00","mainEntityOfPage":{"@id":"https:\/\/dana.com.br\/canaldana\/2022\/08\/19\/crise-dos-semicondutores-ja-provoca-desabastecimento-de-carros-novos\/"},"wordCount":389,"articleSection":["Mercado"],"inLanguage":"pt-BR"},{"@type":"WebPage","@id":"https:\/\/dana.com.br\/canaldana\/2022\/08\/19\/crise-dos-semicondutores-ja-provoca-desabastecimento-de-carros-novos\/","url":"https:\/\/dana.com.br\/canaldana\/2022\/08\/19\/crise-dos-semicondutores-ja-provoca-desabastecimento-de-carros-novos\/","name":"Crise dos semicondutores j\u00e1 provoca desabastecimento de carros novos - Canal Dana","isPartOf":{"@id":"https:\/\/dana.com.br\/canaldana\/#website"},"datePublished":"2022-08-19T12:05:02+00:00","author":{"@id":"https:\/\/dana.com.br\/canaldana\/#\/schema\/person\/3c21f22f56fcf3bc46b94bc60ea4fef6"},"breadcrumb":{"@id":"https:\/\/dana.com.br\/canaldana\/2022\/08\/19\/crise-dos-semicondutores-ja-provoca-desabastecimento-de-carros-novos\/#breadcrumb"},"inLanguage":"pt-BR","potentialAction":[{"@type":"ReadAction","target":["https:\/\/dana.com.br\/canaldana\/2022\/08\/19\/crise-dos-semicondutores-ja-provoca-desabastecimento-de-carros-novos\/"]}]},{"@type":"BreadcrumbList","@id":"https:\/\/dana.com.br\/canaldana\/2022\/08\/19\/crise-dos-semicondutores-ja-provoca-desabastecimento-de-carros-novos\/#breadcrumb","itemListElement":[{"@type":"ListItem","position":1,"name":"Home","item":"https:\/\/dana.com.br\/canaldana\/"},{"@type":"ListItem","position":2,"name":"Mercado","item":"https:\/\/dana.com.br\/canaldana\/mercado\/"},{"@type":"ListItem","position":3,"name":"Crise dos semicondutores j\u00e1 provoca desabastecimento de carros novos"}]},{"@type":"WebSite","@id":"https:\/\/dana.com.br\/canaldana\/#website","url":"https:\/\/dana.com.br\/canaldana\/","name":"Canal Dana","description":"Informativo com as principais not\u00edcias da ind\u00fastria automotiva","potentialAction":[{"@type":"SearchAction","target":{"@type":"EntryPoint","urlTemplate":"https:\/\/dana.com.br\/canaldana\/?s={search_term_string}"},"query-input":{"@type":"PropertyValueSpecification","valueRequired":true,"valueName":"search_term_string"}}],"inLanguage":"pt-BR"},{"@type":"Person","@id":"https:\/\/dana.com.br\/canaldana\/#\/schema\/person\/3c21f22f56fcf3bc46b94bc60ea4fef6","name":"Canal Dana","image":{"@type":"ImageObject","inLanguage":"pt-BR","@id":"https:\/\/secure.gravatar.com\/avatar\/420aaf9278582877d9018637c6817617705899d2858d7572ef0fe59a6b6454b4?s=96&d=mm&r=g","url":"https:\/\/secure.gravatar.com\/avatar\/420aaf9278582877d9018637c6817617705899d2858d7572ef0fe59a6b6454b4?s=96&d=mm&r=g","contentUrl":"https:\/\/secure.gravatar.com\/avatar\/420aaf9278582877d9018637c6817617705899d2858d7572ef0fe59a6b6454b4?s=96&d=mm&r=g","caption":"Canal Dana"},"url":"https:\/\/dana.com.br\/canaldana\/author\/cdeditor\/"}]}},"_links":{"self":[{"href":"https:\/\/dana.com.br\/canaldana\/wp-json\/wp\/v2\/posts\/60425","targetHints":{"allow":["GET"]}}],"collection":[{"href":"https:\/\/dana.com.br\/canaldana\/wp-json\/wp\/v2\/posts"}],"about":[{"href":"https:\/\/dana.com.br\/canaldana\/wp-json\/wp\/v2\/types\/post"}],"author":[{"embeddable":true,"href":"https:\/\/dana.com.br\/canaldana\/wp-json\/wp\/v2\/users\/3"}],"replies":[{"embeddable":true,"href":"https:\/\/dana.com.br\/canaldana\/wp-json\/wp\/v2\/comments?post=60425"}],"version-history":[{"count":0,"href":"https:\/\/dana.com.br\/canaldana\/wp-json\/wp\/v2\/posts\/60425\/revisions"}],"wp:attachment":[{"href":"https:\/\/dana.com.br\/canaldana\/wp-json\/wp\/v2\/media?parent=60425"}],"wp:term":[{"taxonomy":"category","embeddable":true,"href":"https:\/\/dana.com.br\/canaldana\/wp-json\/wp\/v2\/categories?post=60425"},{"taxonomy":"post_tag","embeddable":true,"href":"https:\/\/dana.com.br\/canaldana\/wp-json\/wp\/v2\/tags?post=60425"}],"curies":[{"name":"wp","href":"https:\/\/api.w.org\/{rel}","templated":true}]}}