{"id":60419,"date":"2022-08-19T09:00:17","date_gmt":"2022-08-19T12:00:17","guid":{"rendered":"https:\/\/dana.com.br\/canaldana\/?p=60419"},"modified":"2022-08-19T09:00:17","modified_gmt":"2022-08-19T12:00:17","slug":"volare-a-linha-de-micros-ideal-para-o-transporte-coletivo-urbano","status":"publish","type":"post","link":"https:\/\/dana.com.br\/canaldana\/2022\/08\/19\/volare-a-linha-de-micros-ideal-para-o-transporte-coletivo-urbano\/","title":{"rendered":"Volare, a linha de micros ideal para o transporte coletivo urbano"},"content":{"rendered":"<p><em>Truck &amp; Bus Builder Am\u00e9rica do Sul<\/em><\/p>\n<p>&nbsp;<\/p>\n<p>Sempre pensando \u00e0 frente do seu tempo, a Volare, marca l\u00edder brasileira no segmento de micro-\u00f4nibus e pertencente \u00e0 Marcopolo S.A, vem desenvolvendo ve\u00edculos que se encaixam a essa nova realidade para oferecer completa linha de modelos que atendem com efici\u00eancia, agilidade e robustez as necessidades e caracter\u00edsticas do transporte coletivo urbano de passageiros e oferecer ao operador um ve\u00edculo mais adaptado \u00e0 demanda, tanto para uma linha regular como complementar de transporte.<\/p>\n<p>&nbsp;<\/p>\n<p>\u201cO grande diferencial da Volare, e o que a tornou marca l\u00edder no transporte em grandes mercados, \u00e9 que temos como um de nossos pilares a capacidade e rapidez de diversifica\u00e7\u00e3o do portf\u00f3lio de produtos para antecipar transforma\u00e7\u00f5es de mercado. Estamos sempre atentos \u00e0s necessidades dos clientes e o nosso objetivo \u00e9 colaborar para a mobilidade das cidades brasileiras e oferecer produtos e servi\u00e7os adequados \u00e0s caracter\u00edsticas de cada regi\u00e3o do Pa\u00eds\u201d, salienta Sidnei Vargas, gerente comercial da Volare.<\/p>\n<p>&nbsp;<\/p>\n<p>Com amplo portf\u00f3lio de ve\u00edculos em outros segmentos, a marca oferece configura\u00e7\u00f5es, com capacidade de transportar at\u00e9 50 passageiros, que contribuem para o uso otimizado da frota. Os modelos Attack 8, Attack 9, Fly 9 e Fly 10 foram lan\u00e7ados para consolidar ainda mais o posicionamento e vanguarda da Volare na oferta de ve\u00edculos diferenciados e sob medida para as necessidades e demandas das aplica\u00e7\u00f5es dos clientes. Apresentam melhor rela\u00e7\u00e3o custo\/benef\u00edcio se comparados aos ve\u00edculos com PBT acima de 15 toneladas, tradicionalmente utilizados neste tipo de aplica\u00e7\u00e3o.<\/p>\n<p>&nbsp;<\/p>\n<p>Os modelos urbanos das linhas Attack e Fly possuem design arrojado e moderno que acompanham as principais tend\u00eancias no segmento automotivo e mant\u00e9m diferenciais competitivos j\u00e1 consagrados, como efici\u00eancia, robustez e seguran\u00e7a.<\/p>\n<p>&nbsp;<\/p>\n<p>\u201cOs modelos t\u00eam caracter\u00edsticas que os fazem ideais para as opera\u00e7\u00f5es urbanas e podem ser utilizados tanto no transporte regular, complementar e alternativo\u201d, acrescenta Vargas.<\/p>\n<p>&nbsp;<\/p>\n<p><strong>Solu\u00e7\u00f5es sob medida para um mundo em movimento<\/strong><\/p>\n<p>&nbsp;<\/p>\n<p>Nas suas diferentes vers\u00f5es, a linha Attack \u00e9 recomendada para linhas mais perif\u00e9ricas, por contar com \u00e2ngulo de entrada e sa\u00edda da carroceria mais pronunciados, j\u00e1 a linha Fly, para linhas centrais que priorizam o design externo.<\/p>\n<p>&nbsp;<\/p>\n<p>As configura\u00e7\u00f5es do Attack 8, Attack 9, Fly 9 e Fly 10, que podem contar com duas ou tr\u00eas portas, s\u00e3o diversas. \u00c9 poss\u00edvel escolher entre diferentes comprimentos, dist\u00e2ncia entre-eixos, motoriza\u00e7\u00e3o, tanque de combust\u00edvel, configura\u00e7\u00e3o interna (2\u00d72 ou 2\u00d71), modelos de poltronas, acessibilidade na porta dianteira ou traseira, com ou sem cobrador, tomadas USB, al\u00e9m de outros tipos de opcionais dispon\u00edveis.<\/p>\n<p>&nbsp;<\/p>\n<p>Com largura e altura ideais para melhor agilidade urbana, as configura\u00e7\u00f5es come\u00e7am com comprimentos de 6.535 mm e podem chegar a 10.145mm, com varia\u00e7\u00e3o de entre-eixos de 3.350 mm at\u00e9 5.500 mm.<\/p>\n<p>&nbsp;<\/p>\n<p>Outro aspecto bastante importante \u00e9 o powertrain que conta com motoriza\u00e7\u00f5es Cummins ISF 3.8, de 152 e 162 cv de pot\u00eancia, caixa Eaton de 5 ou 6 marchas e eixos Dana ou Meritor, dependendo do modelo escolhido. Al\u00e9m disso, os ve\u00edculos contam com PBT que variam entre 8,7 e 10,7 toneladas, sendo projetados e montados com componentes amplamente utilizados no mercado, mantendo baixo custo de manuten\u00e7\u00e3o e de reposi\u00e7\u00e3o de pe\u00e7as, al\u00e9m de manter o alto valor de revenda.<\/p>\n<p>&nbsp;<\/p>\n<p>Os ve\u00edculos podem ser homologados em qualquer \u00f3rg\u00e3o gestor, de acordo com seu tipo e aplica\u00e7\u00e3o. S\u00e3o projetados e fabricados atendendo crit\u00e9rios estabelecidos pelo Contran, certifica\u00e7\u00f5es do Inmetro e demais regulamenta\u00e7\u00f5es brasileiras vigentes, sendo classificados segundo a norma ABNT NBR 15570 \u2013 Fabrica\u00e7\u00e3o de ve\u00edculos acess\u00edveis de categoria M3 com caracter\u00edsticas urbanas para transporte coletivo de passageiros, como micro-\u00f4nibus, mini\u00f4nibus e midi\u00f4nibus, com capacidade de passageiros que variam entre 20 passageiros (exclusivamente sentados) at\u00e9 50 passageiros (sentados e em p\u00e9), dependendo da configura\u00e7\u00e3o do layout interno escolhido e utilizam o tipo de acessibilidade conforme especificada na ABNT NBR 14022.<\/p>\n<p>&nbsp;<\/p>\n<p><strong>Fly 10, o \u201cMidi\u00f4nibus\u201d de maior capacidade do mercado<\/strong><\/p>\n<p>&nbsp;<\/p>\n<p>O Volare Fly 10, modelo com a maior capacidade de passageiros do mercado nacional em seu segmento, possui amplo espa\u00e7o interno, melhor circula\u00e7\u00e3o no corredor e capacidade para 30 passageiros sentados e 20 em p\u00e9, o que faz o modelo ideal para o servi\u00e7o de transporte urbano, pois proporciona ainda mais o conforto e a seguran\u00e7a para os usu\u00e1rios e efici\u00eancia e baixo custo operacional para os operadores, com grande economia de combust\u00edvel, cerca de 35% menor se comparado a um \u00f4nibus convencional.<\/p>\n<p>&nbsp;<\/p>\n<p><strong>Sobre a Volare<\/strong><\/p>\n<p>&nbsp;<\/p>\n<p>Criada em 1998, a Volare possui a mais completa linha de modelos do mercado, com configura\u00e7\u00f5es de 6 a 10 toneladas, produzidos conforme as demandas de cada cliente, entendendo suas necessidades e desenvolvendo solu\u00e7\u00f5es ideais para os seus neg\u00f3cios. Conta com duas unidades fabris, uma em Caxias do Sul, no Rio Grande do Sul, e outra em S\u00e3o Mateus, no Esp\u00edrito Santo, e tem atua\u00e7\u00e3o em mais de 30 pa\u00edses na Am\u00e9rica Latina, Oriente M\u00e9dio e \u00c1frica.<\/p>\n<p>&nbsp;<\/p>\n<p>Conta com mais de 45 pontos de atendimento no Brasil e mais de 20 no exterior. Encontre o concession\u00e1rio mais pr\u00f3ximo em: https:\/\/www.volare.com.br\/pontos-de-atendimento (Truck &amp; Bus Builder Am\u00e9rica do Sul)<\/p>\n","protected":false},"excerpt":{"rendered":"<p>Truck &amp; Bus Builder Am\u00e9rica do Sul &nbsp; Sempre pensando \u00e0 frente do seu tempo, a Volare, marca l\u00edder brasileira no segmento de micro-\u00f4nibus e pertencente \u00e0 Marcopolo S.A, vem desenvolvendo ve\u00edculos que se encaixam a essa nova realidade para oferecer completa linha de modelos que atendem com efici\u00eancia, agilidade e robustez as necessidades e\u2026 <a class=\"readmore\" href=\"https:\/\/dana.com.br\/canaldana\/2022\/08\/19\/volare-a-linha-de-micros-ideal-para-o-transporte-coletivo-urbano\/\">Leia mais \u00bb<\/a><\/p>\n","protected":false},"author":3,"featured_media":0,"comment_status":"closed","ping_status":"closed","sticky":false,"template":"","format":"standard","meta":{"_acf_changed":false,"footnotes":""},"categories":[79],"tags":[],"class_list":["post-60419","post","type-post","status-publish","format-standard","hentry","category-mercado"],"acf":[],"yoast_head":"<!-- This site is optimized with the Yoast SEO plugin v27.3 - https:\/\/yoast.com\/product\/yoast-seo-wordpress\/ -->\n<title>Volare, a linha de micros ideal para o transporte coletivo urbano - Canal Dana<\/title>\n<meta name=\"robots\" content=\"index, follow, max-snippet:-1, max-image-preview:large, max-video-preview:-1\" \/>\n<link rel=\"canonical\" href=\"https:\/\/dana.com.br\/canaldana\/2022\/08\/19\/volare-a-linha-de-micros-ideal-para-o-transporte-coletivo-urbano\/\" \/>\n<meta property=\"og:locale\" content=\"pt_BR\" \/>\n<meta property=\"og:type\" content=\"article\" \/>\n<meta property=\"og:title\" content=\"Volare, a linha de micros ideal para o transporte coletivo urbano - Canal Dana\" \/>\n<meta property=\"og:description\" content=\"Truck &amp; Bus Builder Am\u00e9rica do Sul &nbsp; Sempre pensando \u00e0 frente do seu tempo, a Volare, marca l\u00edder brasileira no segmento de micro-\u00f4nibus e pertencente \u00e0 Marcopolo S.A, vem desenvolvendo ve\u00edculos que se encaixam a essa nova realidade para oferecer completa linha de modelos que atendem com efici\u00eancia, agilidade e robustez as necessidades e\u2026 Leia mais \u00bb\" \/>\n<meta property=\"og:url\" content=\"https:\/\/dana.com.br\/canaldana\/2022\/08\/19\/volare-a-linha-de-micros-ideal-para-o-transporte-coletivo-urbano\/\" \/>\n<meta property=\"og:site_name\" content=\"Canal Dana\" \/>\n<meta property=\"article:published_time\" content=\"2022-08-19T12:00:17+00:00\" \/>\n<meta name=\"author\" content=\"Canal Dana\" \/>\n<meta name=\"twitter:card\" content=\"summary_large_image\" \/>\n<meta name=\"twitter:label1\" content=\"Escrito por\" \/>\n\t<meta name=\"twitter:data1\" content=\"Canal Dana\" \/>\n\t<meta name=\"twitter:label2\" content=\"Est. tempo de leitura\" \/>\n\t<meta name=\"twitter:data2\" content=\"4 minutos\" \/>\n<script type=\"application\/ld+json\" class=\"yoast-schema-graph\">{\"@context\":\"https:\\\/\\\/schema.org\",\"@graph\":[{\"@type\":\"Article\",\"@id\":\"https:\\\/\\\/dana.com.br\\\/canaldana\\\/2022\\\/08\\\/19\\\/volare-a-linha-de-micros-ideal-para-o-transporte-coletivo-urbano\\\/#article\",\"isPartOf\":{\"@id\":\"https:\\\/\\\/dana.com.br\\\/canaldana\\\/2022\\\/08\\\/19\\\/volare-a-linha-de-micros-ideal-para-o-transporte-coletivo-urbano\\\/\"},\"author\":{\"name\":\"Canal Dana\",\"@id\":\"https:\\\/\\\/dana.com.br\\\/canaldana\\\/#\\\/schema\\\/person\\\/3c21f22f56fcf3bc46b94bc60ea4fef6\"},\"headline\":\"Volare, a linha de micros ideal para o transporte coletivo urbano\",\"datePublished\":\"2022-08-19T12:00:17+00:00\",\"mainEntityOfPage\":{\"@id\":\"https:\\\/\\\/dana.com.br\\\/canaldana\\\/2022\\\/08\\\/19\\\/volare-a-linha-de-micros-ideal-para-o-transporte-coletivo-urbano\\\/\"},\"wordCount\":901,\"articleSection\":[\"Mercado\"],\"inLanguage\":\"pt-BR\"},{\"@type\":\"WebPage\",\"@id\":\"https:\\\/\\\/dana.com.br\\\/canaldana\\\/2022\\\/08\\\/19\\\/volare-a-linha-de-micros-ideal-para-o-transporte-coletivo-urbano\\\/\",\"url\":\"https:\\\/\\\/dana.com.br\\\/canaldana\\\/2022\\\/08\\\/19\\\/volare-a-linha-de-micros-ideal-para-o-transporte-coletivo-urbano\\\/\",\"name\":\"Volare, a linha de micros ideal para o transporte coletivo urbano - Canal Dana\",\"isPartOf\":{\"@id\":\"https:\\\/\\\/dana.com.br\\\/canaldana\\\/#website\"},\"datePublished\":\"2022-08-19T12:00:17+00:00\",\"author\":{\"@id\":\"https:\\\/\\\/dana.com.br\\\/canaldana\\\/#\\\/schema\\\/person\\\/3c21f22f56fcf3bc46b94bc60ea4fef6\"},\"breadcrumb\":{\"@id\":\"https:\\\/\\\/dana.com.br\\\/canaldana\\\/2022\\\/08\\\/19\\\/volare-a-linha-de-micros-ideal-para-o-transporte-coletivo-urbano\\\/#breadcrumb\"},\"inLanguage\":\"pt-BR\",\"potentialAction\":[{\"@type\":\"ReadAction\",\"target\":[\"https:\\\/\\\/dana.com.br\\\/canaldana\\\/2022\\\/08\\\/19\\\/volare-a-linha-de-micros-ideal-para-o-transporte-coletivo-urbano\\\/\"]}]},{\"@type\":\"BreadcrumbList\",\"@id\":\"https:\\\/\\\/dana.com.br\\\/canaldana\\\/2022\\\/08\\\/19\\\/volare-a-linha-de-micros-ideal-para-o-transporte-coletivo-urbano\\\/#breadcrumb\",\"itemListElement\":[{\"@type\":\"ListItem\",\"position\":1,\"name\":\"Home\",\"item\":\"https:\\\/\\\/dana.com.br\\\/canaldana\\\/\"},{\"@type\":\"ListItem\",\"position\":2,\"name\":\"Mercado\",\"item\":\"https:\\\/\\\/dana.com.br\\\/canaldana\\\/mercado\\\/\"},{\"@type\":\"ListItem\",\"position\":3,\"name\":\"Volare, a linha de micros ideal para o transporte coletivo urbano\"}]},{\"@type\":\"WebSite\",\"@id\":\"https:\\\/\\\/dana.com.br\\\/canaldana\\\/#website\",\"url\":\"https:\\\/\\\/dana.com.br\\\/canaldana\\\/\",\"name\":\"Canal Dana\",\"description\":\"Informativo com as principais not\u00edcias da ind\u00fastria automotiva\",\"potentialAction\":[{\"@type\":\"SearchAction\",\"target\":{\"@type\":\"EntryPoint\",\"urlTemplate\":\"https:\\\/\\\/dana.com.br\\\/canaldana\\\/?s={search_term_string}\"},\"query-input\":{\"@type\":\"PropertyValueSpecification\",\"valueRequired\":true,\"valueName\":\"search_term_string\"}}],\"inLanguage\":\"pt-BR\"},{\"@type\":\"Person\",\"@id\":\"https:\\\/\\\/dana.com.br\\\/canaldana\\\/#\\\/schema\\\/person\\\/3c21f22f56fcf3bc46b94bc60ea4fef6\",\"name\":\"Canal Dana\",\"image\":{\"@type\":\"ImageObject\",\"inLanguage\":\"pt-BR\",\"@id\":\"https:\\\/\\\/secure.gravatar.com\\\/avatar\\\/420aaf9278582877d9018637c6817617705899d2858d7572ef0fe59a6b6454b4?s=96&d=mm&r=g\",\"url\":\"https:\\\/\\\/secure.gravatar.com\\\/avatar\\\/420aaf9278582877d9018637c6817617705899d2858d7572ef0fe59a6b6454b4?s=96&d=mm&r=g\",\"contentUrl\":\"https:\\\/\\\/secure.gravatar.com\\\/avatar\\\/420aaf9278582877d9018637c6817617705899d2858d7572ef0fe59a6b6454b4?s=96&d=mm&r=g\",\"caption\":\"Canal Dana\"},\"url\":\"https:\\\/\\\/dana.com.br\\\/canaldana\\\/author\\\/cdeditor\\\/\"}]}<\/script>\n<!-- \/ Yoast SEO plugin. -->","yoast_head_json":{"title":"Volare, a linha de micros ideal para o transporte coletivo urbano - Canal Dana","robots":{"index":"index","follow":"follow","max-snippet":"max-snippet:-1","max-image-preview":"max-image-preview:large","max-video-preview":"max-video-preview:-1"},"canonical":"https:\/\/dana.com.br\/canaldana\/2022\/08\/19\/volare-a-linha-de-micros-ideal-para-o-transporte-coletivo-urbano\/","og_locale":"pt_BR","og_type":"article","og_title":"Volare, a linha de micros ideal para o transporte coletivo urbano - Canal Dana","og_description":"Truck &amp; Bus Builder Am\u00e9rica do Sul &nbsp; Sempre pensando \u00e0 frente do seu tempo, a Volare, marca l\u00edder brasileira no segmento de micro-\u00f4nibus e pertencente \u00e0 Marcopolo S.A, vem desenvolvendo ve\u00edculos que se encaixam a essa nova realidade para oferecer completa linha de modelos que atendem com efici\u00eancia, agilidade e robustez as necessidades e\u2026 Leia mais \u00bb","og_url":"https:\/\/dana.com.br\/canaldana\/2022\/08\/19\/volare-a-linha-de-micros-ideal-para-o-transporte-coletivo-urbano\/","og_site_name":"Canal Dana","article_published_time":"2022-08-19T12:00:17+00:00","author":"Canal Dana","twitter_card":"summary_large_image","twitter_misc":{"Escrito por":"Canal Dana","Est. tempo de leitura":"4 minutos"},"schema":{"@context":"https:\/\/schema.org","@graph":[{"@type":"Article","@id":"https:\/\/dana.com.br\/canaldana\/2022\/08\/19\/volare-a-linha-de-micros-ideal-para-o-transporte-coletivo-urbano\/#article","isPartOf":{"@id":"https:\/\/dana.com.br\/canaldana\/2022\/08\/19\/volare-a-linha-de-micros-ideal-para-o-transporte-coletivo-urbano\/"},"author":{"name":"Canal Dana","@id":"https:\/\/dana.com.br\/canaldana\/#\/schema\/person\/3c21f22f56fcf3bc46b94bc60ea4fef6"},"headline":"Volare, a linha de micros ideal para o transporte coletivo urbano","datePublished":"2022-08-19T12:00:17+00:00","mainEntityOfPage":{"@id":"https:\/\/dana.com.br\/canaldana\/2022\/08\/19\/volare-a-linha-de-micros-ideal-para-o-transporte-coletivo-urbano\/"},"wordCount":901,"articleSection":["Mercado"],"inLanguage":"pt-BR"},{"@type":"WebPage","@id":"https:\/\/dana.com.br\/canaldana\/2022\/08\/19\/volare-a-linha-de-micros-ideal-para-o-transporte-coletivo-urbano\/","url":"https:\/\/dana.com.br\/canaldana\/2022\/08\/19\/volare-a-linha-de-micros-ideal-para-o-transporte-coletivo-urbano\/","name":"Volare, a linha de micros ideal para o transporte coletivo urbano - Canal Dana","isPartOf":{"@id":"https:\/\/dana.com.br\/canaldana\/#website"},"datePublished":"2022-08-19T12:00:17+00:00","author":{"@id":"https:\/\/dana.com.br\/canaldana\/#\/schema\/person\/3c21f22f56fcf3bc46b94bc60ea4fef6"},"breadcrumb":{"@id":"https:\/\/dana.com.br\/canaldana\/2022\/08\/19\/volare-a-linha-de-micros-ideal-para-o-transporte-coletivo-urbano\/#breadcrumb"},"inLanguage":"pt-BR","potentialAction":[{"@type":"ReadAction","target":["https:\/\/dana.com.br\/canaldana\/2022\/08\/19\/volare-a-linha-de-micros-ideal-para-o-transporte-coletivo-urbano\/"]}]},{"@type":"BreadcrumbList","@id":"https:\/\/dana.com.br\/canaldana\/2022\/08\/19\/volare-a-linha-de-micros-ideal-para-o-transporte-coletivo-urbano\/#breadcrumb","itemListElement":[{"@type":"ListItem","position":1,"name":"Home","item":"https:\/\/dana.com.br\/canaldana\/"},{"@type":"ListItem","position":2,"name":"Mercado","item":"https:\/\/dana.com.br\/canaldana\/mercado\/"},{"@type":"ListItem","position":3,"name":"Volare, a linha de micros ideal para o transporte coletivo urbano"}]},{"@type":"WebSite","@id":"https:\/\/dana.com.br\/canaldana\/#website","url":"https:\/\/dana.com.br\/canaldana\/","name":"Canal Dana","description":"Informativo com as principais not\u00edcias da ind\u00fastria automotiva","potentialAction":[{"@type":"SearchAction","target":{"@type":"EntryPoint","urlTemplate":"https:\/\/dana.com.br\/canaldana\/?s={search_term_string}"},"query-input":{"@type":"PropertyValueSpecification","valueRequired":true,"valueName":"search_term_string"}}],"inLanguage":"pt-BR"},{"@type":"Person","@id":"https:\/\/dana.com.br\/canaldana\/#\/schema\/person\/3c21f22f56fcf3bc46b94bc60ea4fef6","name":"Canal Dana","image":{"@type":"ImageObject","inLanguage":"pt-BR","@id":"https:\/\/secure.gravatar.com\/avatar\/420aaf9278582877d9018637c6817617705899d2858d7572ef0fe59a6b6454b4?s=96&d=mm&r=g","url":"https:\/\/secure.gravatar.com\/avatar\/420aaf9278582877d9018637c6817617705899d2858d7572ef0fe59a6b6454b4?s=96&d=mm&r=g","contentUrl":"https:\/\/secure.gravatar.com\/avatar\/420aaf9278582877d9018637c6817617705899d2858d7572ef0fe59a6b6454b4?s=96&d=mm&r=g","caption":"Canal Dana"},"url":"https:\/\/dana.com.br\/canaldana\/author\/cdeditor\/"}]}},"_links":{"self":[{"href":"https:\/\/dana.com.br\/canaldana\/wp-json\/wp\/v2\/posts\/60419","targetHints":{"allow":["GET"]}}],"collection":[{"href":"https:\/\/dana.com.br\/canaldana\/wp-json\/wp\/v2\/posts"}],"about":[{"href":"https:\/\/dana.com.br\/canaldana\/wp-json\/wp\/v2\/types\/post"}],"author":[{"embeddable":true,"href":"https:\/\/dana.com.br\/canaldana\/wp-json\/wp\/v2\/users\/3"}],"replies":[{"embeddable":true,"href":"https:\/\/dana.com.br\/canaldana\/wp-json\/wp\/v2\/comments?post=60419"}],"version-history":[{"count":0,"href":"https:\/\/dana.com.br\/canaldana\/wp-json\/wp\/v2\/posts\/60419\/revisions"}],"wp:attachment":[{"href":"https:\/\/dana.com.br\/canaldana\/wp-json\/wp\/v2\/media?parent=60419"}],"wp:term":[{"taxonomy":"category","embeddable":true,"href":"https:\/\/dana.com.br\/canaldana\/wp-json\/wp\/v2\/categories?post=60419"},{"taxonomy":"post_tag","embeddable":true,"href":"https:\/\/dana.com.br\/canaldana\/wp-json\/wp\/v2\/tags?post=60419"}],"curies":[{"name":"wp","href":"https:\/\/api.w.org\/{rel}","templated":true}]}}